{"id":44130,"date":"2024-09-22T17:30:27","date_gmt":"2024-09-22T20:30:27","guid":{"rendered":"https:\/\/www.legistdf.gob.ar\/?p=44130"},"modified":"2024-09-23T15:24:50","modified_gmt":"2024-09-23T18:24:50","slug":"sesion-es-una-herramienta-novedosa-que-propone-reactivar-la-economia-local-dijo-greve","status":"publish","type":"post","link":"https:\/\/www.legistdf.gob.ar\/index.php\/2024\/09\/22\/sesion-es-una-herramienta-novedosa-que-propone-reactivar-la-economia-local-dijo-greve\/","title":{"rendered":"SESI\u00d3N: \u201cEs una herramienta novedosa que propone reactivar la econom\u00eda local\u201d, dijo Greve"},"content":{"rendered":"<p><span style=\"font-family: arial, helvetica, sans-serif;font-size: 14pt\"><strong><a href=\"https:\/\/www.legistdf.gob.ar\/wp-content\/uploads\/2024\/09\/IMG_5797.jpg\"><img loading=\"lazy\" decoding=\"async\" data-attachment-id=\"44029\" data-permalink=\"https:\/\/www.legistdf.gob.ar\/index.php\/2024\/09\/19\/galeria-imagenes-de-la-5a-sesion-ordinaria\/img_5797-5\/\" data-orig-file=\"https:\/\/www.legistdf.gob.ar\/wp-content\/uploads\/2024\/09\/IMG_5797.jpg\" data-orig-size=\"1500,1000\" data-comments-opened=\"0\" data-image-meta=\"{&quot;aperture&quot;:&quot;5.6&quot;,&quot;credit&quot;:&quot;&quot;,&quot;camera&quot;:&quot;Canon EOS 6D&quot;,&quot;caption&quot;:&quot;&quot;,&quot;created_timestamp&quot;:&quot;1726746311&quot;,&quot;copyright&quot;:&quot;&quot;,&quot;focal_length&quot;:&quot;45&quot;,&quot;iso&quot;:&quot;1000&quot;,&quot;shutter_speed&quot;:&quot;0.0055555555555556&quot;,&quot;title&quot;:&quot;&quot;,&quot;orientation&quot;:&quot;0&quot;}\" data-image-title=\"IMG_5797\" data-image-description=\"\" data-image-caption=\"\" data-medium-file=\"https:\/\/www.legistdf.gob.ar\/wp-content\/uploads\/2024\/09\/IMG_5797-300x200.jpg\" data-large-file=\"https:\/\/www.legistdf.gob.ar\/wp-content\/uploads\/2024\/09\/IMG_5797-1024x683.jpg\" class=\"alignleft wp-image-44029 size-medium\" src=\"https:\/\/www.legistdf.gob.ar\/wp-content\/uploads\/2024\/09\/IMG_5797-300x200.jpg\" alt=\"\" width=\"300\" height=\"200\" srcset=\"https:\/\/www.legistdf.gob.ar\/wp-content\/uploads\/2024\/09\/IMG_5797-300x200.jpg 300w, https:\/\/www.legistdf.gob.ar\/wp-content\/uploads\/2024\/09\/IMG_5797-1024x683.jpg 1024w, https:\/\/www.legistdf.gob.ar\/wp-content\/uploads\/2024\/09\/IMG_5797-768x512.jpg 768w, https:\/\/www.legistdf.gob.ar\/wp-content\/uploads\/2024\/09\/IMG_5797-160x107.jpg 160w, https:\/\/www.legistdf.gob.ar\/wp-content\/uploads\/2024\/09\/IMG_5797.jpg 1500w\" sizes=\"(max-width: 300px) 100vw, 300px\" \/><\/a>Ushuaia, domingo 22 de septiembre de 2024.- Tras la sanci\u00f3n del proyecto de Ley que se aprob\u00f3 en la sesi\u00f3n del jueves, sobre la creaci\u00f3n del R\u00e9gimen Provincial de Iniciativa Privada en todo el \u00e1mbito de Tierra del Fuego, el legislador Federico Greve referente de FORJA, sostuvo que \u201cquiero aclarar que esta norma, no es el R\u00e9gimen de Incentivo para Grandes Inversiones (RIGI)\u201d. <\/strong><\/span><\/p>\n<p>&nbsp;<\/p>\n<p><span style=\"font-family: arial, helvetica, sans-serif;font-size: 12pt\">\u201cEste proyecto fue trabajado con todos las y los Legisladores en Comisi\u00f3n y luego de debatirlo logramos llegar a los consensos necesarios para traerlo a la sesi\u00f3n. Entendemos que es una herramienta novedosa que busca promover y estimular la participaci\u00f3n de la inversi\u00f3n privada para la realizaci\u00f3n de proyectos de infraestructura, tanto en materia de obras como de servicios p\u00fablicos\u201d, explic\u00f3 Greve.<\/span><\/p>\n<p>&nbsp;<\/p>\n<p><span style=\"font-family: arial, helvetica, sans-serif;font-size: 12pt\">En este sentido, agreg\u00f3 que \u201cpara ser claro y que nuestros vecinos puedan entender de qu\u00e9 se trata, es una figura a trav\u00e9s de un sistema de concesiones por parte del Estado en la que cualquier particular o empresa puede presentar un proyecto para la explotaci\u00f3n o realizaci\u00f3n de un plan de bien com\u00fan, es decir, de algo que es de todos y todas\u201d.<\/span><\/p>\n<p>&nbsp;<\/p>\n<p><span style=\"font-family: arial, helvetica, sans-serif;font-size: 12pt\"><a href=\"https:\/\/www.legistdf.gob.ar\/wp-content\/uploads\/2024\/09\/IMG_8247.jpg\"><img loading=\"lazy\" decoding=\"async\" data-attachment-id=\"44053\" data-permalink=\"https:\/\/www.legistdf.gob.ar\/index.php\/2024\/09\/19\/galeria-imagenes-de-la-5a-sesion-ordinaria\/img_8247-2\/\" data-orig-file=\"https:\/\/www.legistdf.gob.ar\/wp-content\/uploads\/2024\/09\/IMG_8247.jpg\" data-orig-size=\"1500,1000\" data-comments-opened=\"0\" data-image-meta=\"{&quot;aperture&quot;:&quot;5.6&quot;,&quot;credit&quot;:&quot;&quot;,&quot;camera&quot;:&quot;Canon EOS Rebel T6i&quot;,&quot;caption&quot;:&quot;&quot;,&quot;created_timestamp&quot;:&quot;1726750488&quot;,&quot;copyright&quot;:&quot;&quot;,&quot;focal_length&quot;:&quot;10&quot;,&quot;iso&quot;:&quot;1600&quot;,&quot;shutter_speed&quot;:&quot;0.005&quot;,&quot;title&quot;:&quot;&quot;,&quot;orientation&quot;:&quot;0&quot;}\" data-image-title=\"IMG_8247\" data-image-description=\"\" data-image-caption=\"\" data-medium-file=\"https:\/\/www.legistdf.gob.ar\/wp-content\/uploads\/2024\/09\/IMG_8247-300x200.jpg\" data-large-file=\"https:\/\/www.legistdf.gob.ar\/wp-content\/uploads\/2024\/09\/IMG_8247-1024x683.jpg\" class=\"alignleft wp-image-44053 size-medium\" src=\"https:\/\/www.legistdf.gob.ar\/wp-content\/uploads\/2024\/09\/IMG_8247-300x200.jpg\" alt=\"\" width=\"300\" height=\"200\" srcset=\"https:\/\/www.legistdf.gob.ar\/wp-content\/uploads\/2024\/09\/IMG_8247-300x200.jpg 300w, https:\/\/www.legistdf.gob.ar\/wp-content\/uploads\/2024\/09\/IMG_8247-1024x683.jpg 1024w, https:\/\/www.legistdf.gob.ar\/wp-content\/uploads\/2024\/09\/IMG_8247-768x512.jpg 768w, https:\/\/www.legistdf.gob.ar\/wp-content\/uploads\/2024\/09\/IMG_8247-160x107.jpg 160w, https:\/\/www.legistdf.gob.ar\/wp-content\/uploads\/2024\/09\/IMG_8247.jpg 1500w\" sizes=\"(max-width: 300px) 100vw, 300px\" \/><\/a>\u00abLa\u00a0iniciativa privada\u00a0propone una suerte de motor para la reactivaci\u00f3n econ\u00f3mica, trayendo aparejado la generaci\u00f3n de empleo generando las condiciones id\u00f3neas para la reactivaci\u00f3n en la Provincia\u201d, sintetiz\u00f3 el Legislador.<\/span><\/p>\n<p>&nbsp;<\/p>\n<p><span style=\"font-family: arial, helvetica, sans-serif;font-size: 12pt\">Finalmente, Greve agreg\u00f3 que \u201cquiero aclarar que la norma que aprobamos no es el RIGI, son dos cosas diferentes. Lo aclaro porque s\u00e9 que puede ser confuso. Aprobamos el R\u00e9gimen Provincial de iniciativa Privada, no es el RIGI\u201d.<\/span><\/p>\n<p>&nbsp;<\/p>\n<p style=\"text-align: right\"><em><span style=\"font-family: arial, helvetica, sans-serif;font-size: 12pt\">NEGM<\/span><\/em><\/p>\n","protected":false},"excerpt":{"rendered":"<p>Ushuaia, domingo 22 de septiembre de 2024.- Tras la sanci\u00f3n del proyecto de Ley que se aprob\u00f3 en la sesi\u00f3n del jueves, sobre la creaci\u00f3n del R\u00e9gimen Provincial de Iniciativa Privada en todo el \u00e1mbito de Tierra del Fuego, el legislador Federico Greve referente de FORJA, sostuvo que \u201cquiero aclarar que esta norma, no es [&hellip;]<\/p>\n","protected":false},"author":352,"featured_media":44029,"comment_status":"closed","ping_status":"closed","sticky":false,"template":"","format":"standard","meta":{"jetpack_post_was_ever_published":false,"_jetpack_newsletter_access":"","_jetpack_dont_email_post_to_subs":false,"_jetpack_newsletter_tier_id":0,"footnotes":"","jetpack_publicize_message":"","jetpack_publicize_feature_enabled":true,"jetpack_social_post_already_shared":true,"jetpack_social_options":{"image_generator_settings":{"template":"highway","enabled":false}}},"categories":[1],"tags":[341,1816,3390],"jetpack_publicize_connections":[],"jetpack_sharing_enabled":true,"jetpack_featured_media_url":"https:\/\/www.legistdf.gob.ar\/wp-content\/uploads\/2024\/09\/IMG_5797.jpg","jetpack-related-posts":[],"_links":{"self":[{"href":"https:\/\/www.legistdf.gob.ar\/index.php\/wp-json\/wp\/v2\/posts\/44130"}],"collection":[{"href":"https:\/\/www.legistdf.gob.ar\/index.php\/wp-json\/wp\/v2\/posts"}],"about":[{"href":"https:\/\/www.legistdf.gob.ar\/index.php\/wp-json\/wp\/v2\/types\/post"}],"author":[{"embeddable":true,"href":"https:\/\/www.legistdf.gob.ar\/index.php\/wp-json\/wp\/v2\/users\/352"}],"replies":[{"embeddable":true,"href":"https:\/\/www.legistdf.gob.ar\/index.php\/wp-json\/wp\/v2\/comments?post=44130"}],"version-history":[{"count":3,"href":"https:\/\/www.legistdf.gob.ar\/index.php\/wp-json\/wp\/v2\/posts\/44130\/revisions"}],"predecessor-version":[{"id":44133,"href":"https:\/\/www.legistdf.gob.ar\/index.php\/wp-json\/wp\/v2\/posts\/44130\/revisions\/44133"}],"wp:featuredmedia":[{"embeddable":true,"href":"https:\/\/www.legistdf.gob.ar\/index.php\/wp-json\/wp\/v2\/media\/44029"}],"wp:attachment":[{"href":"https:\/\/www.legistdf.gob.ar\/index.php\/wp-json\/wp\/v2\/media?parent=44130"}],"wp:term":[{"taxonomy":"category","embeddable":true,"href":"https:\/\/www.legistdf.gob.ar\/index.php\/wp-json\/wp\/v2\/categories?post=44130"},{"taxonomy":"post_tag","embeddable":true,"href":"https:\/\/www.legistdf.gob.ar\/index.php\/wp-json\/wp\/v2\/tags?post=44130"}],"curies":[{"name":"wp","href":"https:\/\/api.w.org\/{rel}","templated":true}]}}