{"id":44182,"date":"2024-09-30T09:55:16","date_gmt":"2024-09-30T12:55:16","guid":{"rendered":"https:\/\/www.legistdf.gob.ar\/?p=44182"},"modified":"2024-09-30T09:55:16","modified_gmt":"2024-09-30T12:55:16","slug":"legislatura-sciurano-convoco-a-integrantes-de-la-comision-de-educacion-para-manana-martes","status":"publish","type":"post","link":"https:\/\/www.legistdf.gob.ar\/index.php\/2024\/09\/30\/legislatura-sciurano-convoco-a-integrantes-de-la-comision-de-educacion-para-manana-martes\/","title":{"rendered":"LEGISLATURA: Sciurano convoc\u00f3 a integrantes de la Comisi\u00f3n de Educaci\u00f3n para ma\u00f1ana martes"},"content":{"rendered":"<p><span style=\"font-family: arial, helvetica, sans-serif;font-size: 14pt\"><strong>Ushuaia, lunes 30 de septiembre de 2024.- El titular de la Comisi\u00f3n de Educaci\u00f3n\u00a0 N\u00b0 4 en la Legislatura, convoc\u00f3 a la composici\u00f3n de ese espacio, a reuni\u00f3n para el ma\u00f1ana martes 1\u00b0 desde las 12 h. El encuentro que se llevar\u00e1 a cabo en el sal\u00f3n de reuniones del edificio de los bloques pol\u00edticos de Ushuaia.<a href=\"https:\/\/www.legistdf.gob.ar\/wp-content\/uploads\/2024\/09\/IMG_8118.jpg\"><img loading=\"lazy\" decoding=\"async\" data-attachment-id=\"43911\" data-permalink=\"https:\/\/www.legistdf.gob.ar\/index.php\/2024\/09\/05\/economia-avanzan-los-consensos-para-el-regimen-especial-de-presentacion-espontanea-y-regularizacion-de-deudas\/img_8118\/\" data-orig-file=\"https:\/\/www.legistdf.gob.ar\/wp-content\/uploads\/2024\/09\/IMG_8118.jpg\" data-orig-size=\"1500,1000\" data-comments-opened=\"0\" data-image-meta=\"{&quot;aperture&quot;:&quot;5.6&quot;,&quot;credit&quot;:&quot;&quot;,&quot;camera&quot;:&quot;Canon EOS Rebel T6i&quot;,&quot;caption&quot;:&quot;&quot;,&quot;created_timestamp&quot;:&quot;1725467104&quot;,&quot;copyright&quot;:&quot;&quot;,&quot;focal_length&quot;:&quot;53&quot;,&quot;iso&quot;:&quot;800&quot;,&quot;shutter_speed&quot;:&quot;0.005&quot;,&quot;title&quot;:&quot;&quot;,&quot;orientation&quot;:&quot;0&quot;}\" data-image-title=\"IMG_8118\" data-image-description=\"\" data-image-caption=\"\" data-medium-file=\"https:\/\/www.legistdf.gob.ar\/wp-content\/uploads\/2024\/09\/IMG_8118-300x200.jpg\" data-large-file=\"https:\/\/www.legistdf.gob.ar\/wp-content\/uploads\/2024\/09\/IMG_8118-1024x683.jpg\" class=\"alignright wp-image-43911 size-medium\" src=\"https:\/\/www.legistdf.gob.ar\/wp-content\/uploads\/2024\/09\/IMG_8118-300x200.jpg\" alt=\"\" width=\"300\" height=\"200\" srcset=\"https:\/\/www.legistdf.gob.ar\/wp-content\/uploads\/2024\/09\/IMG_8118-300x200.jpg 300w, https:\/\/www.legistdf.gob.ar\/wp-content\/uploads\/2024\/09\/IMG_8118-1024x683.jpg 1024w, https:\/\/www.legistdf.gob.ar\/wp-content\/uploads\/2024\/09\/IMG_8118-768x512.jpg 768w, https:\/\/www.legistdf.gob.ar\/wp-content\/uploads\/2024\/09\/IMG_8118-160x107.jpg 160w, https:\/\/www.legistdf.gob.ar\/wp-content\/uploads\/2024\/09\/IMG_8118.jpg 1500w\" sizes=\"(max-width: 300px) 100vw, 300px\" \/><\/a> <\/strong><\/span><\/p>\n<p>&nbsp;<\/p>\n<p><span style=\"font-family: arial, helvetica, sans-serif;font-size: 12pt\">El memorando interno N\u00b0 045\/24 de la Direcci\u00f3n de Comisiones, detalla que las y los Parlamentarios recibir\u00e1n a integrantes del Sindicato Unificado de Trabajadoras y Trabajadores de la Educaci\u00f3n Fueguina (SUTEF).<\/span><\/p>\n<p>&nbsp;<\/p>\n<p>&nbsp;<\/p>\n<p>&nbsp;<\/p>\n<p style=\"text-align: right\"><em><span style=\"font-family: arial, helvetica, sans-serif;font-size: 12pt\">NEGM<\/span><\/em><\/p>\n","protected":false},"excerpt":{"rendered":"<p>Ushuaia, lunes 30 de septiembre de 2024.- El titular de la Comisi\u00f3n de Educaci\u00f3n\u00a0 N\u00b0 4 en la Legislatura, convoc\u00f3 a la composici\u00f3n de ese espacio, a reuni\u00f3n para el ma\u00f1ana martes 1\u00b0 desde las 12 h. El encuentro que se llevar\u00e1 a cabo en el sal\u00f3n de reuniones del edificio de los bloques pol\u00edticos [&hellip;]<\/p>\n","protected":false},"author":352,"featured_media":43902,"comment_status":"closed","ping_status":"closed","sticky":false,"template":"","format":"standard","meta":{"jetpack_post_was_ever_published":false,"_jetpack_newsletter_access":"","_jetpack_dont_email_post_to_subs":false,"_jetpack_newsletter_tier_id":0,"footnotes":"","jetpack_publicize_message":"","jetpack_publicize_feature_enabled":true,"jetpack_social_post_already_shared":true,"jetpack_social_options":{"image_generator_settings":{"template":"highway","enabled":false}}},"categories":[1],"tags":[1711,1824,2081],"jetpack_publicize_connections":[],"jetpack_sharing_enabled":true,"jetpack_featured_media_url":"https:\/\/www.legistdf.gob.ar\/wp-content\/uploads\/2024\/09\/IMG_8115.jpg","jetpack-related-posts":[],"_links":{"self":[{"href":"https:\/\/www.legistdf.gob.ar\/index.php\/wp-json\/wp\/v2\/posts\/44182"}],"collection":[{"href":"https:\/\/www.legistdf.gob.ar\/index.php\/wp-json\/wp\/v2\/posts"}],"about":[{"href":"https:\/\/www.legistdf.gob.ar\/index.php\/wp-json\/wp\/v2\/types\/post"}],"author":[{"embeddable":true,"href":"https:\/\/www.legistdf.gob.ar\/index.php\/wp-json\/wp\/v2\/users\/352"}],"replies":[{"embeddable":true,"href":"https:\/\/www.legistdf.gob.ar\/index.php\/wp-json\/wp\/v2\/comments?post=44182"}],"version-history":[{"count":1,"href":"https:\/\/www.legistdf.gob.ar\/index.php\/wp-json\/wp\/v2\/posts\/44182\/revisions"}],"predecessor-version":[{"id":44183,"href":"https:\/\/www.legistdf.gob.ar\/index.php\/wp-json\/wp\/v2\/posts\/44182\/revisions\/44183"}],"wp:featuredmedia":[{"embeddable":true,"href":"https:\/\/www.legistdf.gob.ar\/index.php\/wp-json\/wp\/v2\/media\/43902"}],"wp:attachment":[{"href":"https:\/\/www.legistdf.gob.ar\/index.php\/wp-json\/wp\/v2\/media?parent=44182"}],"wp:term":[{"taxonomy":"category","embeddable":true,"href":"https:\/\/www.legistdf.gob.ar\/index.php\/wp-json\/wp\/v2\/categories?post=44182"},{"taxonomy":"post_tag","embeddable":true,"href":"https:\/\/www.legistdf.gob.ar\/index.php\/wp-json\/wp\/v2\/tags?post=44182"}],"curies":[{"name":"wp","href":"https:\/\/api.w.org\/{rel}","templated":true}]}}