{"id":44368,"date":"2024-10-21T12:38:02","date_gmt":"2024-10-21T15:38:02","guid":{"rendered":"https:\/\/www.legistdf.gob.ar\/?p=44368"},"modified":"2024-10-28T10:32:54","modified_gmt":"2024-10-28T13:32:54","slug":"comisiones-colazo-propone-normativa-que-suma-proteccion-en-materia-de-incendios-forestales","status":"publish","type":"post","link":"https:\/\/www.legistdf.gob.ar\/index.php\/2024\/10\/21\/comisiones-colazo-propone-normativa-que-suma-proteccion-en-materia-de-incendios-forestales\/","title":{"rendered":"COMISIONES: Colazo propone normativa que suma protecci\u00f3n en materia de incendios forestales"},"content":{"rendered":"<p><strong><span style=\"font-family: arial, helvetica, sans-serif;font-size: 14pt\"><a href=\"https:\/\/www.legistdf.gob.ar\/wp-content\/uploads\/2024\/10\/IMG_6194.jpg\"><img loading=\"lazy\" decoding=\"async\" data-attachment-id=\"44219\" data-permalink=\"https:\/\/www.legistdf.gob.ar\/index.php\/2024\/10\/06\/seguridad-analizaron-la-educacion-y-la-infraestructura-del-sistema-penitenciario\/img_6194-2\/\" data-orig-file=\"https:\/\/www.legistdf.gob.ar\/wp-content\/uploads\/2024\/10\/IMG_6194.jpg\" data-orig-size=\"1500,1000\" data-comments-opened=\"0\" data-image-meta=\"{&quot;aperture&quot;:&quot;6.3&quot;,&quot;credit&quot;:&quot;&quot;,&quot;camera&quot;:&quot;Canon EOS 6D&quot;,&quot;caption&quot;:&quot;&quot;,&quot;created_timestamp&quot;:&quot;1727873507&quot;,&quot;copyright&quot;:&quot;&quot;,&quot;focal_length&quot;:&quot;70&quot;,&quot;iso&quot;:&quot;800&quot;,&quot;shutter_speed&quot;:&quot;0.0055555555555556&quot;,&quot;title&quot;:&quot;&quot;,&quot;orientation&quot;:&quot;0&quot;}\" data-image-title=\"IMG_6194\" data-image-description=\"\" data-image-caption=\"\" data-medium-file=\"https:\/\/www.legistdf.gob.ar\/wp-content\/uploads\/2024\/10\/IMG_6194-300x200.jpg\" data-large-file=\"https:\/\/www.legistdf.gob.ar\/wp-content\/uploads\/2024\/10\/IMG_6194-1024x683.jpg\" class=\"alignleft wp-image-44219 size-medium\" src=\"https:\/\/www.legistdf.gob.ar\/wp-content\/uploads\/2024\/10\/IMG_6194-300x200.jpg\" alt=\"\" width=\"300\" height=\"200\" srcset=\"https:\/\/www.legistdf.gob.ar\/wp-content\/uploads\/2024\/10\/IMG_6194-300x200.jpg 300w, https:\/\/www.legistdf.gob.ar\/wp-content\/uploads\/2024\/10\/IMG_6194-1024x683.jpg 1024w, https:\/\/www.legistdf.gob.ar\/wp-content\/uploads\/2024\/10\/IMG_6194-768x512.jpg 768w, https:\/\/www.legistdf.gob.ar\/wp-content\/uploads\/2024\/10\/IMG_6194-160x107.jpg 160w, https:\/\/www.legistdf.gob.ar\/wp-content\/uploads\/2024\/10\/IMG_6194.jpg 1500w\" sizes=\"(max-width: 300px) 100vw, 300px\" \/><\/a>Ushuaia, lunes 28 de octubre de 2024.- Con el objetivo de abonar a la legislaci\u00f3n en resguardo del ambiente fueguino, la legisladora del Partido Verde, Mar\u00eda Laura Colazo present\u00f3 un proyecto de Ley que propone crear un marco normativo complementario a la <a href=\"https:\/\/servicios.infoleg.gob.ar\/infolegInternet\/anexos\/205000-209999\/207401\/texact.htm\" target=\"_blank\" rel=\"noopener\">Ley Nacional N\u00ba 26.815<\/a> de protecci\u00f3n en materia de incendios forestales y rurales.\u00a0 La iniciativa se tratar\u00e1 en la Comisi\u00f3n de Recursos Naturales N\u00ba 3, reuni\u00f3n prevista para ma\u00f1ana a las 11 h.<\/span><\/strong><\/p>\n<p>&nbsp;<\/p>\n<p><span style=\"font-family: arial, helvetica, sans-serif;font-size: 12pt\">En los fundamentos del <a href=\"https:\/\/www.legistdf.gob.ar\/lp\/novedadesip\/Asuntos%20Entrados%202024\/As.%20N%BA%20138-24.pdf\" target=\"_blank\" rel=\"noopener\">asunto N\u00ba 138\/2<\/a>4 especifica que se trata una norma local que atiende a la consecuci\u00f3n de los objetivos y acciones previstas en la Ley nacional relacionada a distintos aspectos sobre el manejo del fuego que no tuvieron su correlato local.<\/span><\/p>\n<p>&nbsp;<\/p>\n<p><span style=\"font-family: arial, helvetica, sans-serif;font-size: 12pt\">Cabe mencionar que se trata de un proyecto de Ley presentado por el exlegislador Daniel Harrington en 2019, y en ese sentido la Parlamentaria insisti\u00f3 en la necesidad de contar con una normativa que sume acciones que minimicen el riesgo de incendios.<\/span><\/p>\n<p>&nbsp;<\/p>\n<p><span style=\"font-family: arial, helvetica, sans-serif;font-size: 12pt\">El proyecto de Ley posee 26 art\u00edculos y un anexo; hay que mencionar que se crea el Servicio Provincial de Manejo de Fuego, que depender\u00e1 de la secretar\u00eda de Ambiente del ministerio de Producci\u00f3n\u00a0 y Ambiente.<br \/>\n<\/span><\/p>\n<p>&nbsp;<\/p>\n<p style=\"text-align: right\"><em><span style=\"font-family: arial, helvetica, sans-serif;font-size: 12pt\">ZV<\/span><\/em><\/p>\n","protected":false},"excerpt":{"rendered":"<p>Ushuaia, lunes 28 de octubre de 2024.- Con el objetivo de abonar a la legislaci\u00f3n en resguardo del ambiente fueguino, la legisladora del Partido Verde, Mar\u00eda Laura Colazo present\u00f3 un proyecto de Ley que propone crear un marco normativo complementario a la Ley Nacional N\u00ba 26.815 de protecci\u00f3n en materia de incendios forestales y rurales.\u00a0 [&hellip;]<\/p>\n","protected":false},"author":352,"featured_media":44219,"comment_status":"closed","ping_status":"closed","sticky":false,"template":"","format":"standard","meta":{"jetpack_post_was_ever_published":false,"_jetpack_newsletter_access":"","_jetpack_dont_email_post_to_subs":false,"_jetpack_newsletter_tier_id":0,"footnotes":"","jetpack_publicize_message":"","jetpack_publicize_feature_enabled":true,"jetpack_social_post_already_shared":true,"jetpack_social_options":{"image_generator_settings":{"template":"highway","enabled":false}}},"categories":[1],"tags":[433,2834,78,1876,448,79,87],"jetpack_publicize_connections":[],"jetpack_sharing_enabled":true,"jetpack_featured_media_url":"https:\/\/www.legistdf.gob.ar\/wp-content\/uploads\/2024\/10\/IMG_6194.jpg","jetpack-related-posts":[],"_links":{"self":[{"href":"https:\/\/www.legistdf.gob.ar\/index.php\/wp-json\/wp\/v2\/posts\/44368"}],"collection":[{"href":"https:\/\/www.legistdf.gob.ar\/index.php\/wp-json\/wp\/v2\/posts"}],"about":[{"href":"https:\/\/www.legistdf.gob.ar\/index.php\/wp-json\/wp\/v2\/types\/post"}],"author":[{"embeddable":true,"href":"https:\/\/www.legistdf.gob.ar\/index.php\/wp-json\/wp\/v2\/users\/352"}],"replies":[{"embeddable":true,"href":"https:\/\/www.legistdf.gob.ar\/index.php\/wp-json\/wp\/v2\/comments?post=44368"}],"version-history":[{"count":2,"href":"https:\/\/www.legistdf.gob.ar\/index.php\/wp-json\/wp\/v2\/posts\/44368\/revisions"}],"predecessor-version":[{"id":44420,"href":"https:\/\/www.legistdf.gob.ar\/index.php\/wp-json\/wp\/v2\/posts\/44368\/revisions\/44420"}],"wp:featuredmedia":[{"embeddable":true,"href":"https:\/\/www.legistdf.gob.ar\/index.php\/wp-json\/wp\/v2\/media\/44219"}],"wp:attachment":[{"href":"https:\/\/www.legistdf.gob.ar\/index.php\/wp-json\/wp\/v2\/media?parent=44368"}],"wp:term":[{"taxonomy":"category","embeddable":true,"href":"https:\/\/www.legistdf.gob.ar\/index.php\/wp-json\/wp\/v2\/categories?post=44368"},{"taxonomy":"post_tag","embeddable":true,"href":"https:\/\/www.legistdf.gob.ar\/index.php\/wp-json\/wp\/v2\/tags?post=44368"}],"curies":[{"name":"wp","href":"https:\/\/api.w.org\/{rel}","templated":true}]}}