{"id":45045,"date":"2024-12-05T11:27:31","date_gmt":"2024-12-05T14:27:31","guid":{"rendered":"https:\/\/www.legistdf.gob.ar\/?p=45045"},"modified":"2024-12-05T11:27:31","modified_gmt":"2024-12-05T14:27:31","slug":"legislatura-llamaron-a-sesion-ordinaria-para-el-miercoles-11","status":"publish","type":"post","link":"https:\/\/www.legistdf.gob.ar\/index.php\/2024\/12\/05\/legislatura-llamaron-a-sesion-ordinaria-para-el-miercoles-11\/","title":{"rendered":"LEGISLATURA: Llamaron a sesi\u00f3n ordinaria para el mi\u00e9rcoles 11"},"content":{"rendered":"<p><strong><span style=\"font-family: arial, helvetica, sans-serif;font-size: 14pt\"><a href=\"https:\/\/www.legistdf.gob.ar\/wp-content\/uploads\/2024\/10\/IMG_7429.jpg\"><img loading=\"lazy\" decoding=\"async\" data-attachment-id=\"44501\" data-permalink=\"https:\/\/www.legistdf.gob.ar\/index.php\/2024\/10\/31\/galeria-imagenes-de-la-6a-sesion-ordinaria\/img_7429-2\/\" data-orig-file=\"https:\/\/www.legistdf.gob.ar\/wp-content\/uploads\/2024\/10\/IMG_7429.jpg\" data-orig-size=\"1500,1000\" data-comments-opened=\"0\" data-image-meta=\"{&quot;aperture&quot;:&quot;5.6&quot;,&quot;credit&quot;:&quot;&quot;,&quot;camera&quot;:&quot;Canon EOS 6D&quot;,&quot;caption&quot;:&quot;&quot;,&quot;created_timestamp&quot;:&quot;1730372840&quot;,&quot;copyright&quot;:&quot;&quot;,&quot;focal_length&quot;:&quot;55&quot;,&quot;iso&quot;:&quot;800&quot;,&quot;shutter_speed&quot;:&quot;0.00625&quot;,&quot;title&quot;:&quot;&quot;,&quot;orientation&quot;:&quot;0&quot;}\" data-image-title=\"IMG_7429\" data-image-description=\"\" data-image-caption=\"\" data-medium-file=\"https:\/\/www.legistdf.gob.ar\/wp-content\/uploads\/2024\/10\/IMG_7429-300x200.jpg\" data-large-file=\"https:\/\/www.legistdf.gob.ar\/wp-content\/uploads\/2024\/10\/IMG_7429-1024x683.jpg\" class=\"alignleft wp-image-44501 size-medium\" src=\"https:\/\/www.legistdf.gob.ar\/wp-content\/uploads\/2024\/10\/IMG_7429-300x200.jpg\" alt=\"\" width=\"300\" height=\"200\" srcset=\"https:\/\/www.legistdf.gob.ar\/wp-content\/uploads\/2024\/10\/IMG_7429-300x200.jpg 300w, https:\/\/www.legistdf.gob.ar\/wp-content\/uploads\/2024\/10\/IMG_7429-1024x683.jpg 1024w, https:\/\/www.legistdf.gob.ar\/wp-content\/uploads\/2024\/10\/IMG_7429-768x512.jpg 768w, https:\/\/www.legistdf.gob.ar\/wp-content\/uploads\/2024\/10\/IMG_7429-160x107.jpg 160w, https:\/\/www.legistdf.gob.ar\/wp-content\/uploads\/2024\/10\/IMG_7429.jpg 1500w\" sizes=\"(max-width: 300px) 100vw, 300px\" \/><\/a>Ushuaia, jueves 5 de diciembre de 2024.- El Presidente de la Comisi\u00f3n de Legislaci\u00f3n General N\u00ba 1 a cargo del Poder Legislativo, Federico Greve convoc\u00f3 a las y los Legisladores a sesi\u00f3n ordinaria el mi\u00e9rcoles 11 de diciembre desde las 10 h en el Recinto de Sesiones. Asimismo, determin\u00f3 que el cierre de asuntos ser\u00e1 el viernes 6 desde las 16 h. Finalmente inform\u00f3, mediante Resoluci\u00f3n de Presidencia N\u00ba 413\/24, que se reunir\u00e1n en el marco de la Comisi\u00f3n de Labor Parlamentaria, el martes 10 desde las 10 h en el sal\u00f3n de reuniones de la Presidencia.<\/span><\/strong><\/p>\n","protected":false},"excerpt":{"rendered":"<p>Ushuaia, jueves 5 de diciembre de 2024.- El Presidente de la Comisi\u00f3n de Legislaci\u00f3n General N\u00ba 1 a cargo del Poder Legislativo, Federico Greve convoc\u00f3 a las y los Legisladores a sesi\u00f3n ordinaria el mi\u00e9rcoles 11 de diciembre desde las 10 h en el Recinto de Sesiones. Asimismo, determin\u00f3 que el cierre de asuntos ser\u00e1 [&hellip;]<\/p>\n","protected":false},"author":352,"featured_media":44501,"comment_status":"closed","ping_status":"closed","sticky":false,"template":"","format":"standard","meta":{"jetpack_post_was_ever_published":false,"_jetpack_newsletter_access":"","_jetpack_dont_email_post_to_subs":false,"_jetpack_newsletter_tier_id":0,"footnotes":"","jetpack_publicize_message":"","jetpack_publicize_feature_enabled":true,"jetpack_social_post_already_shared":true,"jetpack_social_options":{"image_generator_settings":{"template":"highway","enabled":false}}},"categories":[1],"tags":[1816,78,117,79,87],"jetpack_publicize_connections":[],"jetpack_sharing_enabled":true,"jetpack_featured_media_url":"https:\/\/www.legistdf.gob.ar\/wp-content\/uploads\/2024\/10\/IMG_7429.jpg","jetpack-related-posts":[],"_links":{"self":[{"href":"https:\/\/www.legistdf.gob.ar\/index.php\/wp-json\/wp\/v2\/posts\/45045"}],"collection":[{"href":"https:\/\/www.legistdf.gob.ar\/index.php\/wp-json\/wp\/v2\/posts"}],"about":[{"href":"https:\/\/www.legistdf.gob.ar\/index.php\/wp-json\/wp\/v2\/types\/post"}],"author":[{"embeddable":true,"href":"https:\/\/www.legistdf.gob.ar\/index.php\/wp-json\/wp\/v2\/users\/352"}],"replies":[{"embeddable":true,"href":"https:\/\/www.legistdf.gob.ar\/index.php\/wp-json\/wp\/v2\/comments?post=45045"}],"version-history":[{"count":1,"href":"https:\/\/www.legistdf.gob.ar\/index.php\/wp-json\/wp\/v2\/posts\/45045\/revisions"}],"predecessor-version":[{"id":45046,"href":"https:\/\/www.legistdf.gob.ar\/index.php\/wp-json\/wp\/v2\/posts\/45045\/revisions\/45046"}],"wp:featuredmedia":[{"embeddable":true,"href":"https:\/\/www.legistdf.gob.ar\/index.php\/wp-json\/wp\/v2\/media\/44501"}],"wp:attachment":[{"href":"https:\/\/www.legistdf.gob.ar\/index.php\/wp-json\/wp\/v2\/media?parent=45045"}],"wp:term":[{"taxonomy":"category","embeddable":true,"href":"https:\/\/www.legistdf.gob.ar\/index.php\/wp-json\/wp\/v2\/categories?post=45045"},{"taxonomy":"post_tag","embeddable":true,"href":"https:\/\/www.legistdf.gob.ar\/index.php\/wp-json\/wp\/v2\/tags?post=45045"}],"curies":[{"name":"wp","href":"https:\/\/api.w.org\/{rel}","templated":true}]}}