{"id":45590,"date":"2025-03-01T15:56:54","date_gmt":"2025-03-01T18:56:54","guid":{"rendered":"https:\/\/www.legistdf.gob.ar\/?p=45590"},"modified":"2025-03-01T15:56:54","modified_gmt":"2025-03-01T18:56:54","slug":"legislatura-en-asamblea-legislativa-el-gobernador-inauguro-el-42-periodo-de-sesiones-ordinarias","status":"publish","type":"post","link":"https:\/\/www.legistdf.gob.ar\/index.php\/2025\/03\/01\/legislatura-en-asamblea-legislativa-el-gobernador-inauguro-el-42-periodo-de-sesiones-ordinarias\/","title":{"rendered":"LEGISLATURA: En Asamblea Legislativa el Gobernador inaugur\u00f3 el 42\u00b0 per\u00edodo de sesiones ordinarias"},"content":{"rendered":"<p><span style=\"font-family: arial, helvetica, sans-serif;font-size: 14pt\"><strong>Ushuaia, s\u00e1bado 1\u00b0 de marzo de 2025.- El Gobernador de Tierra del Fuego, Ant\u00e1rtida e Islas del Atl\u00e1ntico Sur, prof. Gustavo Melella inaugur\u00f3 el 42\u00b0 per\u00edodo de sesiones ordinarias de la Legislatura provincial. Con la presidencia de la vicegobernadora M\u00f3nica Urquiza; la presencia de la titular del Superior Tribunal de Justica, Dra. Mar\u00eda del Carmen Battaini, participaron la totalidad de las representaciones pol\u00edticas del Parlamento fueguino.<a href=\"https:\/\/www.legistdf.gob.ar\/wp-content\/uploads\/2025\/03\/IMG_0584.jpg\"><img loading=\"lazy\" decoding=\"async\" data-attachment-id=\"45595\" data-permalink=\"https:\/\/www.legistdf.gob.ar\/index.php\/2025\/03\/01\/legislatura-en-asamblea-legislativa-el-gobernador-inauguro-el-42-periodo-de-sesiones-ordinarias\/img_0584-2\/\" data-orig-file=\"https:\/\/www.legistdf.gob.ar\/wp-content\/uploads\/2025\/03\/IMG_0584.jpg\" data-orig-size=\"1500,1000\" data-comments-opened=\"0\" data-image-meta=\"{&quot;aperture&quot;:&quot;5&quot;,&quot;credit&quot;:&quot;&quot;,&quot;camera&quot;:&quot;Canon EOS 6D&quot;,&quot;caption&quot;:&quot;&quot;,&quot;created_timestamp&quot;:&quot;1740826076&quot;,&quot;copyright&quot;:&quot;&quot;,&quot;focal_length&quot;:&quot;33&quot;,&quot;iso&quot;:&quot;1000&quot;,&quot;shutter_speed&quot;:&quot;0.0055555555555556&quot;,&quot;title&quot;:&quot;&quot;,&quot;orientation&quot;:&quot;0&quot;}\" data-image-title=\"IMG_0584\" data-image-description=\"\" data-image-caption=\"\" data-medium-file=\"https:\/\/www.legistdf.gob.ar\/wp-content\/uploads\/2025\/03\/IMG_0584-300x200.jpg\" data-large-file=\"https:\/\/www.legistdf.gob.ar\/wp-content\/uploads\/2025\/03\/IMG_0584-1024x683.jpg\" class=\"alignright wp-image-45595 size-medium\" src=\"https:\/\/www.legistdf.gob.ar\/wp-content\/uploads\/2025\/03\/IMG_0584-300x200.jpg\" alt=\"\" width=\"300\" height=\"200\" srcset=\"https:\/\/www.legistdf.gob.ar\/wp-content\/uploads\/2025\/03\/IMG_0584-300x200.jpg 300w, https:\/\/www.legistdf.gob.ar\/wp-content\/uploads\/2025\/03\/IMG_0584-1024x683.jpg 1024w, https:\/\/www.legistdf.gob.ar\/wp-content\/uploads\/2025\/03\/IMG_0584-768x512.jpg 768w, https:\/\/www.legistdf.gob.ar\/wp-content\/uploads\/2025\/03\/IMG_0584-160x107.jpg 160w, https:\/\/www.legistdf.gob.ar\/wp-content\/uploads\/2025\/03\/IMG_0584.jpg 1500w\" sizes=\"(max-width: 300px) 100vw, 300px\" \/><\/a> <\/strong><\/span><\/p>\n<p>&nbsp;<\/p>\n<p><span style=\"font-family: arial, helvetica, sans-serif;font-size: 12pt\">En su alocuci\u00f3n puso en valor el trabajo mancomunado con el Poder Legislativo, que posibilita dotar de herramientas normativas para la implementaci\u00f3n de pol\u00edticas p\u00fablicas. Repas\u00f3 guarismos porcentuales en t\u00e9rminos de \u00edndices de trabajo registrado y pobreza. Adem\u00e1s, enumer\u00f3 diversos programas que fueron aplicados en \u00e1mbitos como vulnerabilidad, pensiones RUPE, acompa\u00f1amiento a mujeres y diversidades.<\/span><\/p>\n<p>&nbsp;<\/p>\n<p><span style=\"font-family: arial, helvetica, sans-serif;font-size: 12pt\">En el Recinto de Sesiones autoridades ministeriales, secretarios de Estado y funcionarios del Gabinete provincial acompa\u00f1aron el discurso del Primer Mandatario, que resumi\u00f3 las gestiones p\u00fablicas y las previsiones respecto a 2025. En este sentido, refiri\u00f3 a la necesidad de dar continuidad a las obras p\u00fablicas, motor del trabajo, la entrega de soluciones habitacionales y de lotes con servicios. Asimismo, manifest\u00f3 ante la Asamblea Legislativa que \u201cduele\u201d que el Estado nacional no se haga eco de esas pol\u00edticas.<\/span><\/p>\n<p>&nbsp;<\/p>\n<p><span style=\"font-family: arial, helvetica, sans-serif;font-size: 12pt\"><a href=\"https:\/\/www.legistdf.gob.ar\/wp-content\/uploads\/2025\/03\/IMG_0578.jpg\"><img loading=\"lazy\" decoding=\"async\" data-attachment-id=\"45594\" data-permalink=\"https:\/\/www.legistdf.gob.ar\/index.php\/2025\/03\/01\/legislatura-en-asamblea-legislativa-el-gobernador-inauguro-el-42-periodo-de-sesiones-ordinarias\/img_0578-4\/\" data-orig-file=\"https:\/\/www.legistdf.gob.ar\/wp-content\/uploads\/2025\/03\/IMG_0578.jpg\" data-orig-size=\"1500,1000\" data-comments-opened=\"0\" data-image-meta=\"{&quot;aperture&quot;:&quot;5&quot;,&quot;credit&quot;:&quot;&quot;,&quot;camera&quot;:&quot;Canon EOS 6D&quot;,&quot;caption&quot;:&quot;&quot;,&quot;created_timestamp&quot;:&quot;1740826034&quot;,&quot;copyright&quot;:&quot;&quot;,&quot;focal_length&quot;:&quot;50&quot;,&quot;iso&quot;:&quot;1000&quot;,&quot;shutter_speed&quot;:&quot;0.0055555555555556&quot;,&quot;title&quot;:&quot;&quot;,&quot;orientation&quot;:&quot;0&quot;}\" data-image-title=\"IMG_0578\" data-image-description=\"\" data-image-caption=\"\" data-medium-file=\"https:\/\/www.legistdf.gob.ar\/wp-content\/uploads\/2025\/03\/IMG_0578-300x200.jpg\" data-large-file=\"https:\/\/www.legistdf.gob.ar\/wp-content\/uploads\/2025\/03\/IMG_0578-1024x683.jpg\" class=\"alignleft wp-image-45594 size-medium\" src=\"https:\/\/www.legistdf.gob.ar\/wp-content\/uploads\/2025\/03\/IMG_0578-300x200.jpg\" alt=\"\" width=\"300\" height=\"200\" srcset=\"https:\/\/www.legistdf.gob.ar\/wp-content\/uploads\/2025\/03\/IMG_0578-300x200.jpg 300w, https:\/\/www.legistdf.gob.ar\/wp-content\/uploads\/2025\/03\/IMG_0578-1024x683.jpg 1024w, https:\/\/www.legistdf.gob.ar\/wp-content\/uploads\/2025\/03\/IMG_0578-768x512.jpg 768w, https:\/\/www.legistdf.gob.ar\/wp-content\/uploads\/2025\/03\/IMG_0578-160x107.jpg 160w, https:\/\/www.legistdf.gob.ar\/wp-content\/uploads\/2025\/03\/IMG_0578.jpg 1500w\" sizes=\"(max-width: 300px) 100vw, 300px\" \/><\/a>La educaci\u00f3n, la salud p\u00fablica y la seguridad como as\u00ed tambi\u00e9n la capacitaci\u00f3n permanente de los servidores p\u00fablicos, fueron ejes donde Melella ahond\u00f3 sus expectativas. Tambi\u00e9n acentu\u00f3 en las paritarias libres como en el mejoramiento de los salarios del sector p\u00fablico. Adelant\u00f3 la presentaci\u00f3n de un proyecto de Ley en derecho esencial \u201cpara que nuestros pibes reciban educaci\u00f3n de calidad, que nuestros adultos mayores reciban la mejor salud p\u00fablica\u201d. La iniciativa establecer\u00e1, de ser sancionada un piso m\u00ednimo en salarios para ambos sectores.<\/span><\/p>\n<p>&nbsp;<\/p>\n<p><span style=\"font-family: arial, helvetica, sans-serif;font-size: 12pt\">Tambi\u00e9n profundiz\u00f3 en la situaci\u00f3n de la obra social del Estado Fueguino (OSEF) y anunci\u00f3 que en breve conocer\u00e1n un informe que detalla la coyuntura del sistema asistencial. Visualiz\u00f3 las acciones que llevan adelante, como el pago a prestadores y la concreci\u00f3n de nuevos contratos y convenios. \u201cTodo el que reciba los servicios de la OSEF tiene que pagar. Es justo\u201d, manifest\u00f3 ante la Asamblea Legislativa.<\/span><\/p>\n<p>&nbsp;<\/p>\n<p><span style=\"font-family: arial, helvetica, sans-serif;font-size: 12pt\">Destacada presencia y acompa\u00f1amiento de Veteranos de Guerra de Malvinas. Adem\u00e1s, particip\u00f3 el intendente de Tolhuin, Daniel Harrington; las diputadas Nacionales Andrea Freites y Carolina Yutrovic; la senadora nacional, Cristina L\u00f3pez y el senador nacional Pablo Blanco. Tambi\u00e9n, autoridades de los Concejos Deliberantes de las tres ciudades fueguinas.<\/span><\/p>\n<p>&nbsp;<\/p>\n<p><span style=\"font-family: arial, helvetica, sans-serif;font-size: 12pt\">Puede acceder al texto del mensaje gubernamental, <a href=\"https:\/\/www.tierradelfuego.gob.ar\/informe-de-gestion-2024\/\" target=\"_blank\" rel=\"noopener\">a trav\u00e9s de este enlace.<\/a><\/span><\/p>\n<p>&nbsp;<\/p>\n\n\t\t<style type=\"text\/css\">\n\t\t\t#gallery-1 {\n\t\t\t\tmargin: auto;\n\t\t\t}\n\t\t\t#gallery-1 .gallery-item {\n\t\t\t\tfloat: left;\n\t\t\t\tmargin-top: 10px;\n\t\t\t\ttext-align: center;\n\t\t\t\twidth: 25%;\n\t\t\t}\n\t\t\t#gallery-1 img {\n\t\t\t\tborder: 2px solid #cfcfcf;\n\t\t\t}\n\t\t\t#gallery-1 .gallery-caption {\n\t\t\t\tmargin-left: 0;\n\t\t\t}\n\t\t\t\/* see gallery_shortcode() in wp-includes\/media.php *\/\n\t\t<\/style>\n\t\t<div data-carousel-extra='{\"blog_id\":1,\"permalink\":\"https:\\\/\\\/www.legistdf.gob.ar\\\/index.php\\\/2025\\\/03\\\/01\\\/legislatura-en-asamblea-legislativa-el-gobernador-inauguro-el-42-periodo-de-sesiones-ordinarias\\\/\"}' id='gallery-1' class='gallery galleryid-45590 gallery-columns-4 gallery-size-thumbnail'><dl class='gallery-item'>\n\t\t\t<dt class='gallery-icon landscape'>\n\t\t\t\t<a href='https:\/\/www.legistdf.gob.ar\/index.php\/2025\/03\/01\/legislatura-en-asamblea-legislativa-el-gobernador-inauguro-el-42-periodo-de-sesiones-ordinarias\/img_0541-5\/'><img loading=\"lazy\" decoding=\"async\" width=\"150\" height=\"150\" src=\"https:\/\/www.legistdf.gob.ar\/wp-content\/uploads\/2025\/03\/IMG_0541-150x150.jpg\" class=\"attachment-thumbnail size-thumbnail\" alt=\"\" srcset=\"https:\/\/www.legistdf.gob.ar\/wp-content\/uploads\/2025\/03\/IMG_0541-150x150.jpg 150w, https:\/\/www.legistdf.gob.ar\/wp-content\/uploads\/2025\/03\/IMG_0541-64x64.jpg 64w\" sizes=\"(max-width: 150px) 100vw, 150px\" data-attachment-id=\"45591\" data-permalink=\"https:\/\/www.legistdf.gob.ar\/index.php\/2025\/03\/01\/legislatura-en-asamblea-legislativa-el-gobernador-inauguro-el-42-periodo-de-sesiones-ordinarias\/img_0541-5\/\" data-orig-file=\"https:\/\/www.legistdf.gob.ar\/wp-content\/uploads\/2025\/03\/IMG_0541.jpg\" data-orig-size=\"1500,1000\" data-comments-opened=\"0\" data-image-meta=\"{&quot;aperture&quot;:&quot;5&quot;,&quot;credit&quot;:&quot;&quot;,&quot;camera&quot;:&quot;Canon EOS 6D&quot;,&quot;caption&quot;:&quot;&quot;,&quot;created_timestamp&quot;:&quot;1740825676&quot;,&quot;copyright&quot;:&quot;&quot;,&quot;focal_length&quot;:&quot;24&quot;,&quot;iso&quot;:&quot;200&quot;,&quot;shutter_speed&quot;:&quot;0.0055555555555556&quot;,&quot;title&quot;:&quot;&quot;,&quot;orientation&quot;:&quot;0&quot;}\" data-image-title=\"IMG_0541\" data-image-description=\"\" data-image-caption=\"\" data-medium-file=\"https:\/\/www.legistdf.gob.ar\/wp-content\/uploads\/2025\/03\/IMG_0541-300x200.jpg\" data-large-file=\"https:\/\/www.legistdf.gob.ar\/wp-content\/uploads\/2025\/03\/IMG_0541-1024x683.jpg\" \/><\/a>\n\t\t\t<\/dt><\/dl><dl class='gallery-item'>\n\t\t\t<dt class='gallery-icon landscape'>\n\t\t\t\t<a href='https:\/\/www.legistdf.gob.ar\/index.php\/2025\/03\/01\/legislatura-en-asamblea-legislativa-el-gobernador-inauguro-el-42-periodo-de-sesiones-ordinarias\/img_0557-4\/'><img loading=\"lazy\" decoding=\"async\" width=\"150\" height=\"150\" src=\"https:\/\/www.legistdf.gob.ar\/wp-content\/uploads\/2025\/03\/IMG_0557-150x150.jpg\" class=\"attachment-thumbnail size-thumbnail\" alt=\"\" srcset=\"https:\/\/www.legistdf.gob.ar\/wp-content\/uploads\/2025\/03\/IMG_0557-150x150.jpg 150w, https:\/\/www.legistdf.gob.ar\/wp-content\/uploads\/2025\/03\/IMG_0557-64x64.jpg 64w\" sizes=\"(max-width: 150px) 100vw, 150px\" data-attachment-id=\"45592\" data-permalink=\"https:\/\/www.legistdf.gob.ar\/index.php\/2025\/03\/01\/legislatura-en-asamblea-legislativa-el-gobernador-inauguro-el-42-periodo-de-sesiones-ordinarias\/img_0557-4\/\" data-orig-file=\"https:\/\/www.legistdf.gob.ar\/wp-content\/uploads\/2025\/03\/IMG_0557.jpg\" data-orig-size=\"1500,1000\" data-comments-opened=\"0\" data-image-meta=\"{&quot;aperture&quot;:&quot;5&quot;,&quot;credit&quot;:&quot;&quot;,&quot;camera&quot;:&quot;Canon EOS 6D&quot;,&quot;caption&quot;:&quot;&quot;,&quot;created_timestamp&quot;:&quot;1740825797&quot;,&quot;copyright&quot;:&quot;&quot;,&quot;focal_length&quot;:&quot;61&quot;,&quot;iso&quot;:&quot;1000&quot;,&quot;shutter_speed&quot;:&quot;0.0055555555555556&quot;,&quot;title&quot;:&quot;&quot;,&quot;orientation&quot;:&quot;0&quot;}\" data-image-title=\"IMG_0557\" data-image-description=\"\" data-image-caption=\"\" data-medium-file=\"https:\/\/www.legistdf.gob.ar\/wp-content\/uploads\/2025\/03\/IMG_0557-300x200.jpg\" data-large-file=\"https:\/\/www.legistdf.gob.ar\/wp-content\/uploads\/2025\/03\/IMG_0557-1024x683.jpg\" \/><\/a>\n\t\t\t<\/dt><\/dl><dl class='gallery-item'>\n\t\t\t<dt class='gallery-icon landscape'>\n\t\t\t\t<a href='https:\/\/www.legistdf.gob.ar\/index.php\/2025\/03\/01\/legislatura-en-asamblea-legislativa-el-gobernador-inauguro-el-42-periodo-de-sesiones-ordinarias\/img_0559-4\/'><img loading=\"lazy\" decoding=\"async\" width=\"150\" height=\"150\" src=\"https:\/\/www.legistdf.gob.ar\/wp-content\/uploads\/2025\/03\/IMG_0559-150x150.jpg\" class=\"attachment-thumbnail size-thumbnail\" alt=\"\" srcset=\"https:\/\/www.legistdf.gob.ar\/wp-content\/uploads\/2025\/03\/IMG_0559-150x150.jpg 150w, https:\/\/www.legistdf.gob.ar\/wp-content\/uploads\/2025\/03\/IMG_0559-64x64.jpg 64w\" sizes=\"(max-width: 150px) 100vw, 150px\" data-attachment-id=\"45593\" data-permalink=\"https:\/\/www.legistdf.gob.ar\/index.php\/2025\/03\/01\/legislatura-en-asamblea-legislativa-el-gobernador-inauguro-el-42-periodo-de-sesiones-ordinarias\/img_0559-4\/\" data-orig-file=\"https:\/\/www.legistdf.gob.ar\/wp-content\/uploads\/2025\/03\/IMG_0559.jpg\" data-orig-size=\"1500,1000\" data-comments-opened=\"0\" data-image-meta=\"{&quot;aperture&quot;:&quot;5&quot;,&quot;credit&quot;:&quot;&quot;,&quot;camera&quot;:&quot;Canon EOS 6D&quot;,&quot;caption&quot;:&quot;&quot;,&quot;created_timestamp&quot;:&quot;1740825809&quot;,&quot;copyright&quot;:&quot;&quot;,&quot;focal_length&quot;:&quot;24&quot;,&quot;iso&quot;:&quot;1000&quot;,&quot;shutter_speed&quot;:&quot;0.0055555555555556&quot;,&quot;title&quot;:&quot;&quot;,&quot;orientation&quot;:&quot;0&quot;}\" data-image-title=\"IMG_0559\" data-image-description=\"\" data-image-caption=\"\" data-medium-file=\"https:\/\/www.legistdf.gob.ar\/wp-content\/uploads\/2025\/03\/IMG_0559-300x200.jpg\" data-large-file=\"https:\/\/www.legistdf.gob.ar\/wp-content\/uploads\/2025\/03\/IMG_0559-1024x683.jpg\" \/><\/a>\n\t\t\t<\/dt><\/dl><dl class='gallery-item'>\n\t\t\t<dt class='gallery-icon landscape'>\n\t\t\t\t<a href='https:\/\/www.legistdf.gob.ar\/index.php\/2025\/03\/01\/legislatura-en-asamblea-legislativa-el-gobernador-inauguro-el-42-periodo-de-sesiones-ordinarias\/img_0578-4\/'><img loading=\"lazy\" decoding=\"async\" width=\"150\" height=\"150\" src=\"https:\/\/www.legistdf.gob.ar\/wp-content\/uploads\/2025\/03\/IMG_0578-150x150.jpg\" class=\"attachment-thumbnail size-thumbnail\" alt=\"\" srcset=\"https:\/\/www.legistdf.gob.ar\/wp-content\/uploads\/2025\/03\/IMG_0578-150x150.jpg 150w, https:\/\/www.legistdf.gob.ar\/wp-content\/uploads\/2025\/03\/IMG_0578-64x64.jpg 64w\" sizes=\"(max-width: 150px) 100vw, 150px\" data-attachment-id=\"45594\" data-permalink=\"https:\/\/www.legistdf.gob.ar\/index.php\/2025\/03\/01\/legislatura-en-asamblea-legislativa-el-gobernador-inauguro-el-42-periodo-de-sesiones-ordinarias\/img_0578-4\/\" data-orig-file=\"https:\/\/www.legistdf.gob.ar\/wp-content\/uploads\/2025\/03\/IMG_0578.jpg\" data-orig-size=\"1500,1000\" data-comments-opened=\"0\" data-image-meta=\"{&quot;aperture&quot;:&quot;5&quot;,&quot;credit&quot;:&quot;&quot;,&quot;camera&quot;:&quot;Canon EOS 6D&quot;,&quot;caption&quot;:&quot;&quot;,&quot;created_timestamp&quot;:&quot;1740826034&quot;,&quot;copyright&quot;:&quot;&quot;,&quot;focal_length&quot;:&quot;50&quot;,&quot;iso&quot;:&quot;1000&quot;,&quot;shutter_speed&quot;:&quot;0.0055555555555556&quot;,&quot;title&quot;:&quot;&quot;,&quot;orientation&quot;:&quot;0&quot;}\" data-image-title=\"IMG_0578\" data-image-description=\"\" data-image-caption=\"\" data-medium-file=\"https:\/\/www.legistdf.gob.ar\/wp-content\/uploads\/2025\/03\/IMG_0578-300x200.jpg\" data-large-file=\"https:\/\/www.legistdf.gob.ar\/wp-content\/uploads\/2025\/03\/IMG_0578-1024x683.jpg\" \/><\/a>\n\t\t\t<\/dt><\/dl><br style=\"clear: both\" \/><dl class='gallery-item'>\n\t\t\t<dt class='gallery-icon landscape'>\n\t\t\t\t<a href='https:\/\/www.legistdf.gob.ar\/index.php\/2025\/03\/01\/legislatura-en-asamblea-legislativa-el-gobernador-inauguro-el-42-periodo-de-sesiones-ordinarias\/img_0584-2\/'><img loading=\"lazy\" decoding=\"async\" width=\"150\" height=\"150\" src=\"https:\/\/www.legistdf.gob.ar\/wp-content\/uploads\/2025\/03\/IMG_0584-150x150.jpg\" class=\"attachment-thumbnail size-thumbnail\" alt=\"\" srcset=\"https:\/\/www.legistdf.gob.ar\/wp-content\/uploads\/2025\/03\/IMG_0584-150x150.jpg 150w, https:\/\/www.legistdf.gob.ar\/wp-content\/uploads\/2025\/03\/IMG_0584-64x64.jpg 64w\" sizes=\"(max-width: 150px) 100vw, 150px\" data-attachment-id=\"45595\" data-permalink=\"https:\/\/www.legistdf.gob.ar\/index.php\/2025\/03\/01\/legislatura-en-asamblea-legislativa-el-gobernador-inauguro-el-42-periodo-de-sesiones-ordinarias\/img_0584-2\/\" data-orig-file=\"https:\/\/www.legistdf.gob.ar\/wp-content\/uploads\/2025\/03\/IMG_0584.jpg\" data-orig-size=\"1500,1000\" data-comments-opened=\"0\" data-image-meta=\"{&quot;aperture&quot;:&quot;5&quot;,&quot;credit&quot;:&quot;&quot;,&quot;camera&quot;:&quot;Canon EOS 6D&quot;,&quot;caption&quot;:&quot;&quot;,&quot;created_timestamp&quot;:&quot;1740826076&quot;,&quot;copyright&quot;:&quot;&quot;,&quot;focal_length&quot;:&quot;33&quot;,&quot;iso&quot;:&quot;1000&quot;,&quot;shutter_speed&quot;:&quot;0.0055555555555556&quot;,&quot;title&quot;:&quot;&quot;,&quot;orientation&quot;:&quot;0&quot;}\" data-image-title=\"IMG_0584\" data-image-description=\"\" data-image-caption=\"\" data-medium-file=\"https:\/\/www.legistdf.gob.ar\/wp-content\/uploads\/2025\/03\/IMG_0584-300x200.jpg\" data-large-file=\"https:\/\/www.legistdf.gob.ar\/wp-content\/uploads\/2025\/03\/IMG_0584-1024x683.jpg\" \/><\/a>\n\t\t\t<\/dt><\/dl><dl class='gallery-item'>\n\t\t\t<dt class='gallery-icon landscape'>\n\t\t\t\t<a href='https:\/\/www.legistdf.gob.ar\/index.php\/2025\/03\/01\/legislatura-en-asamblea-legislativa-el-gobernador-inauguro-el-42-periodo-de-sesiones-ordinarias\/img_0614-2\/'><img loading=\"lazy\" decoding=\"async\" width=\"150\" height=\"150\" src=\"https:\/\/www.legistdf.gob.ar\/wp-content\/uploads\/2025\/03\/IMG_0614-150x150.jpg\" class=\"attachment-thumbnail size-thumbnail\" alt=\"\" srcset=\"https:\/\/www.legistdf.gob.ar\/wp-content\/uploads\/2025\/03\/IMG_0614-150x150.jpg 150w, https:\/\/www.legistdf.gob.ar\/wp-content\/uploads\/2025\/03\/IMG_0614-64x64.jpg 64w\" sizes=\"(max-width: 150px) 100vw, 150px\" data-attachment-id=\"45596\" data-permalink=\"https:\/\/www.legistdf.gob.ar\/index.php\/2025\/03\/01\/legislatura-en-asamblea-legislativa-el-gobernador-inauguro-el-42-periodo-de-sesiones-ordinarias\/img_0614-2\/\" data-orig-file=\"https:\/\/www.legistdf.gob.ar\/wp-content\/uploads\/2025\/03\/IMG_0614.jpg\" data-orig-size=\"1500,1000\" data-comments-opened=\"0\" data-image-meta=\"{&quot;aperture&quot;:&quot;5&quot;,&quot;credit&quot;:&quot;&quot;,&quot;camera&quot;:&quot;Canon EOS 6D&quot;,&quot;caption&quot;:&quot;&quot;,&quot;created_timestamp&quot;:&quot;1740826338&quot;,&quot;copyright&quot;:&quot;&quot;,&quot;focal_length&quot;:&quot;24&quot;,&quot;iso&quot;:&quot;1000&quot;,&quot;shutter_speed&quot;:&quot;0.0055555555555556&quot;,&quot;title&quot;:&quot;&quot;,&quot;orientation&quot;:&quot;0&quot;}\" data-image-title=\"IMG_0614\" data-image-description=\"\" data-image-caption=\"\" data-medium-file=\"https:\/\/www.legistdf.gob.ar\/wp-content\/uploads\/2025\/03\/IMG_0614-300x200.jpg\" data-large-file=\"https:\/\/www.legistdf.gob.ar\/wp-content\/uploads\/2025\/03\/IMG_0614-1024x683.jpg\" \/><\/a>\n\t\t\t<\/dt><\/dl><dl class='gallery-item'>\n\t\t\t<dt class='gallery-icon landscape'>\n\t\t\t\t<a href='https:\/\/www.legistdf.gob.ar\/index.php\/2025\/03\/01\/legislatura-en-asamblea-legislativa-el-gobernador-inauguro-el-42-periodo-de-sesiones-ordinarias\/img_0623-3\/'><img loading=\"lazy\" decoding=\"async\" width=\"150\" height=\"150\" src=\"https:\/\/www.legistdf.gob.ar\/wp-content\/uploads\/2025\/03\/IMG_0623-150x150.jpg\" class=\"attachment-thumbnail size-thumbnail\" alt=\"\" srcset=\"https:\/\/www.legistdf.gob.ar\/wp-content\/uploads\/2025\/03\/IMG_0623-150x150.jpg 150w, https:\/\/www.legistdf.gob.ar\/wp-content\/uploads\/2025\/03\/IMG_0623-64x64.jpg 64w\" sizes=\"(max-width: 150px) 100vw, 150px\" data-attachment-id=\"45597\" data-permalink=\"https:\/\/www.legistdf.gob.ar\/index.php\/2025\/03\/01\/legislatura-en-asamblea-legislativa-el-gobernador-inauguro-el-42-periodo-de-sesiones-ordinarias\/img_0623-3\/\" data-orig-file=\"https:\/\/www.legistdf.gob.ar\/wp-content\/uploads\/2025\/03\/IMG_0623.jpg\" data-orig-size=\"1500,1000\" data-comments-opened=\"0\" data-image-meta=\"{&quot;aperture&quot;:&quot;5&quot;,&quot;credit&quot;:&quot;&quot;,&quot;camera&quot;:&quot;Canon EOS 6D&quot;,&quot;caption&quot;:&quot;&quot;,&quot;created_timestamp&quot;:&quot;1740826427&quot;,&quot;copyright&quot;:&quot;&quot;,&quot;focal_length&quot;:&quot;61&quot;,&quot;iso&quot;:&quot;1000&quot;,&quot;shutter_speed&quot;:&quot;0.0055555555555556&quot;,&quot;title&quot;:&quot;&quot;,&quot;orientation&quot;:&quot;0&quot;}\" data-image-title=\"IMG_0623\" data-image-description=\"\" data-image-caption=\"\" data-medium-file=\"https:\/\/www.legistdf.gob.ar\/wp-content\/uploads\/2025\/03\/IMG_0623-300x200.jpg\" data-large-file=\"https:\/\/www.legistdf.gob.ar\/wp-content\/uploads\/2025\/03\/IMG_0623-1024x683.jpg\" \/><\/a>\n\t\t\t<\/dt><\/dl>\n\t\t\t<br style='clear: both' \/>\n\t\t<\/div>\n\n<p>&nbsp;<\/p>\n<p style=\"text-align: right\"><em><span style=\"font-family: arial, helvetica, sans-serif;font-size: 12pt\">ZV-AT-NEGM<\/span><\/em><\/p>\n<p style=\"text-align: right\"><a href=\"https:\/\/drive.google.com\/drive\/folders\/11uiNmbiN9KjeJmJWYfiQnfTw61aAy4n_?usp=drive_link\" target=\"_blank\" rel=\"noopener\"><em><span style=\"font-family: arial, helvetica, sans-serif;font-size: 12pt\">Galer\u00eda de im\u00e1genes<\/span><\/em><\/a><\/p>\n","protected":false},"excerpt":{"rendered":"<p>Ushuaia, s\u00e1bado 1\u00b0 de marzo de 2025.- El Gobernador de Tierra del Fuego, Ant\u00e1rtida e Islas del Atl\u00e1ntico Sur, prof. Gustavo Melella inaugur\u00f3 el 42\u00b0 per\u00edodo de sesiones ordinarias de la Legislatura provincial. Con la presidencia de la vicegobernadora M\u00f3nica Urquiza; la presencia de la titular del Superior Tribunal de Justica, Dra. Mar\u00eda del Carmen [&hellip;]<\/p>\n","protected":false},"author":352,"featured_media":45591,"comment_status":"closed","ping_status":"closed","sticky":false,"template":"","format":"standard","meta":{"jetpack_post_was_ever_published":false,"_jetpack_newsletter_access":"","_jetpack_dont_email_post_to_subs":false,"_jetpack_newsletter_tier_id":0,"footnotes":"","jetpack_publicize_message":"","jetpack_publicize_feature_enabled":true,"jetpack_social_post_already_shared":true,"jetpack_social_options":{"image_generator_settings":{"template":"highway","enabled":false}}},"categories":[1],"tags":[3518,959,144,2115],"jetpack_publicize_connections":[],"jetpack_sharing_enabled":true,"jetpack_featured_media_url":"https:\/\/www.legistdf.gob.ar\/wp-content\/uploads\/2025\/03\/IMG_0541.jpg","jetpack-related-posts":[],"_links":{"self":[{"href":"https:\/\/www.legistdf.gob.ar\/index.php\/wp-json\/wp\/v2\/posts\/45590"}],"collection":[{"href":"https:\/\/www.legistdf.gob.ar\/index.php\/wp-json\/wp\/v2\/posts"}],"about":[{"href":"https:\/\/www.legistdf.gob.ar\/index.php\/wp-json\/wp\/v2\/types\/post"}],"author":[{"embeddable":true,"href":"https:\/\/www.legistdf.gob.ar\/index.php\/wp-json\/wp\/v2\/users\/352"}],"replies":[{"embeddable":true,"href":"https:\/\/www.legistdf.gob.ar\/index.php\/wp-json\/wp\/v2\/comments?post=45590"}],"version-history":[{"count":2,"href":"https:\/\/www.legistdf.gob.ar\/index.php\/wp-json\/wp\/v2\/posts\/45590\/revisions"}],"predecessor-version":[{"id":45603,"href":"https:\/\/www.legistdf.gob.ar\/index.php\/wp-json\/wp\/v2\/posts\/45590\/revisions\/45603"}],"wp:featuredmedia":[{"embeddable":true,"href":"https:\/\/www.legistdf.gob.ar\/index.php\/wp-json\/wp\/v2\/media\/45591"}],"wp:attachment":[{"href":"https:\/\/www.legistdf.gob.ar\/index.php\/wp-json\/wp\/v2\/media?parent=45590"}],"wp:term":[{"taxonomy":"category","embeddable":true,"href":"https:\/\/www.legistdf.gob.ar\/index.php\/wp-json\/wp\/v2\/categories?post=45590"},{"taxonomy":"post_tag","embeddable":true,"href":"https:\/\/www.legistdf.gob.ar\/index.php\/wp-json\/wp\/v2\/tags?post=45590"}],"curies":[{"name":"wp","href":"https:\/\/api.w.org\/{rel}","templated":true}]}}