{"id":45606,"date":"2025-03-01T16:21:46","date_gmt":"2025-03-01T19:21:46","guid":{"rendered":"https:\/\/www.legistdf.gob.ar\/?p=45606"},"modified":"2025-03-01T16:21:46","modified_gmt":"2025-03-01T19:21:46","slug":"legislatura-vuoto-destaco-el-anuncio-del-trabajo-en-conjunto-del-gobierno-con-los-municipios","status":"publish","type":"post","link":"https:\/\/www.legistdf.gob.ar\/index.php\/2025\/03\/01\/legislatura-vuoto-destaco-el-anuncio-del-trabajo-en-conjunto-del-gobierno-con-los-municipios\/","title":{"rendered":"LEGISLATURA: Vuoto destac\u00f3 el anuncio del trabajo en conjunto del Gobierno con los municipios"},"content":{"rendered":"<p><span style=\"font-family: arial, helvetica, sans-serif;font-size: 14pt\"><strong><a href=\"https:\/\/www.legistdf.gob.ar\/wp-content\/uploads\/2025\/03\/3-1.jpg\"><img loading=\"lazy\" decoding=\"async\" data-attachment-id=\"45609\" data-permalink=\"https:\/\/www.legistdf.gob.ar\/index.php\/2025\/03\/01\/legislatura-vuoto-destaco-el-anuncio-del-trabajo-en-conjunto-del-gobierno-con-los-municipios\/3-285\/\" data-orig-file=\"https:\/\/www.legistdf.gob.ar\/wp-content\/uploads\/2025\/03\/3-1.jpg\" data-orig-size=\"1500,1000\" data-comments-opened=\"0\" data-image-meta=\"{&quot;aperture&quot;:&quot;5&quot;,&quot;credit&quot;:&quot;&quot;,&quot;camera&quot;:&quot;Canon EOS 6D&quot;,&quot;caption&quot;:&quot;&quot;,&quot;created_timestamp&quot;:&quot;1740825425&quot;,&quot;copyright&quot;:&quot;&quot;,&quot;focal_length&quot;:&quot;33&quot;,&quot;iso&quot;:&quot;1000&quot;,&quot;shutter_speed&quot;:&quot;0.0055555555555556&quot;,&quot;title&quot;:&quot;&quot;,&quot;orientation&quot;:&quot;0&quot;}\" data-image-title=\"3\" data-image-description=\"\" data-image-caption=\"\" data-medium-file=\"https:\/\/www.legistdf.gob.ar\/wp-content\/uploads\/2025\/03\/3-1-300x200.jpg\" data-large-file=\"https:\/\/www.legistdf.gob.ar\/wp-content\/uploads\/2025\/03\/3-1-1024x683.jpg\" class=\"alignleft wp-image-45609 size-medium\" src=\"https:\/\/www.legistdf.gob.ar\/wp-content\/uploads\/2025\/03\/3-1-300x200.jpg\" alt=\"\" width=\"300\" height=\"200\" srcset=\"https:\/\/www.legistdf.gob.ar\/wp-content\/uploads\/2025\/03\/3-1-300x200.jpg 300w, https:\/\/www.legistdf.gob.ar\/wp-content\/uploads\/2025\/03\/3-1-1024x683.jpg 1024w, https:\/\/www.legistdf.gob.ar\/wp-content\/uploads\/2025\/03\/3-1-768x512.jpg 768w, https:\/\/www.legistdf.gob.ar\/wp-content\/uploads\/2025\/03\/3-1-160x107.jpg 160w, https:\/\/www.legistdf.gob.ar\/wp-content\/uploads\/2025\/03\/3-1.jpg 1500w\" sizes=\"(max-width: 300px) 100vw, 300px\" \/><\/a>Ushuaia, s\u00e1bado 1\u00ba de marzo de 2025.- <a href=\"https:\/\/www.legistdf.gob.ar\/index.php\/2025\/03\/01\/legislatura-en-asamblea-legislativa-el-gobernador-inauguro-el-42-periodo-de-sesiones-ordinarias\/\" target=\"_blank\" rel=\"noopener\">Una vez finalizado el discurso<\/a> del Gobernador, prof. Gustavo Melella ante la Asamblea Legislativa, Prensa Legislativa dialog\u00f3 con la legisladora Mar\u00eda Victoria Vuoto, espacio en el que la integrante de la bancada del PJ destac\u00f3 el anuncio del Primer Mandatario acerca del trabajo en conjunto con los tres municipios fueguinos. \u201cSe brindar\u00e1 apoyo y asistencia en temas relacionados a la salud mental, ni\u00f1os y ni\u00f1as, generaci\u00f3n de empleo, formaci\u00f3n t\u00e9cnica y en la atenci\u00f3n integral a las familias, que incluye la detecci\u00f3n de situaciones de violencia de g\u00e9nero\u201d, resalt\u00f3 la Parlamentaria.<\/strong><\/span><\/p>\n<p>&nbsp;<\/p>\n<p><span style=\"font-family: arial, helvetica, sans-serif;font-size: 12pt\"><a href=\"https:\/\/www.legistdf.gob.ar\/wp-content\/uploads\/2025\/03\/2-1.jpg\"><img loading=\"lazy\" decoding=\"async\" data-attachment-id=\"45608\" data-permalink=\"https:\/\/www.legistdf.gob.ar\/index.php\/2025\/03\/01\/legislatura-vuoto-destaco-el-anuncio-del-trabajo-en-conjunto-del-gobierno-con-los-municipios\/2-320\/\" data-orig-file=\"https:\/\/www.legistdf.gob.ar\/wp-content\/uploads\/2025\/03\/2-1.jpg\" data-orig-size=\"1500,1000\" data-comments-opened=\"0\" data-image-meta=\"{&quot;aperture&quot;:&quot;5&quot;,&quot;credit&quot;:&quot;&quot;,&quot;camera&quot;:&quot;Canon EOS 6D&quot;,&quot;caption&quot;:&quot;&quot;,&quot;created_timestamp&quot;:&quot;1740826427&quot;,&quot;copyright&quot;:&quot;&quot;,&quot;focal_length&quot;:&quot;61&quot;,&quot;iso&quot;:&quot;1000&quot;,&quot;shutter_speed&quot;:&quot;0.0055555555555556&quot;,&quot;title&quot;:&quot;&quot;,&quot;orientation&quot;:&quot;0&quot;}\" data-image-title=\"2\" data-image-description=\"\" data-image-caption=\"\" data-medium-file=\"https:\/\/www.legistdf.gob.ar\/wp-content\/uploads\/2025\/03\/2-1-300x200.jpg\" data-large-file=\"https:\/\/www.legistdf.gob.ar\/wp-content\/uploads\/2025\/03\/2-1-1024x683.jpg\" class=\"alignright wp-image-45608 size-medium\" src=\"https:\/\/www.legistdf.gob.ar\/wp-content\/uploads\/2025\/03\/2-1-300x200.jpg\" alt=\"\" width=\"300\" height=\"200\" srcset=\"https:\/\/www.legistdf.gob.ar\/wp-content\/uploads\/2025\/03\/2-1-300x200.jpg 300w, https:\/\/www.legistdf.gob.ar\/wp-content\/uploads\/2025\/03\/2-1-1024x683.jpg 1024w, https:\/\/www.legistdf.gob.ar\/wp-content\/uploads\/2025\/03\/2-1-768x512.jpg 768w, https:\/\/www.legistdf.gob.ar\/wp-content\/uploads\/2025\/03\/2-1-160x107.jpg 160w, https:\/\/www.legistdf.gob.ar\/wp-content\/uploads\/2025\/03\/2-1.jpg 1500w\" sizes=\"(max-width: 300px) 100vw, 300px\" \/><\/a>\u201cEl Gobierno provincial posee desaf\u00edos ante este contexto nacional que no dista del escenario que atraviesan los municipios, hecho que lo marc\u00f3 el propio Mandatario. El Ejecutivo nacional decidi\u00f3 cortar las obras p\u00fablicas y tambi\u00e9n los programas sociales\u201d, cuestion\u00f3 ante <a href=\"https:\/\/fb.watch\/y35VJFSTrY\/\" target=\"_blank\" rel=\"noopener\">Prensa Legislativa<\/a>.<\/span><\/p>\n<p>&nbsp;<\/p>\n<p><span style=\"font-family: arial, helvetica, sans-serif;font-size: 12pt\">Indic\u00f3 que esas acciones causan perjuicio a las provincias y a los municipios. \u201cEl Gobernador mencion\u00f3 las obras p\u00fablicas y los recursos que se pierden producto de esta decisi\u00f3n\u201d, lament\u00f3.<\/span><\/p>\n<p>&nbsp;<\/p>\n<p><span style=\"font-family: arial, helvetica, sans-serif;font-size: 12pt\"><a href=\"https:\/\/www.legistdf.gob.ar\/wp-content\/uploads\/2025\/03\/1-1.jpg\"><img loading=\"lazy\" decoding=\"async\" data-attachment-id=\"45607\" data-permalink=\"https:\/\/www.legistdf.gob.ar\/index.php\/2025\/03\/01\/legislatura-vuoto-destaco-el-anuncio-del-trabajo-en-conjunto-del-gobierno-con-los-municipios\/1-330\/\" data-orig-file=\"https:\/\/www.legistdf.gob.ar\/wp-content\/uploads\/2025\/03\/1-1.jpg\" data-orig-size=\"1500,1000\" data-comments-opened=\"0\" data-image-meta=\"{&quot;aperture&quot;:&quot;5&quot;,&quot;credit&quot;:&quot;&quot;,&quot;camera&quot;:&quot;Canon EOS 6D&quot;,&quot;caption&quot;:&quot;&quot;,&quot;created_timestamp&quot;:&quot;1740825965&quot;,&quot;copyright&quot;:&quot;&quot;,&quot;focal_length&quot;:&quot;50&quot;,&quot;iso&quot;:&quot;1000&quot;,&quot;shutter_speed&quot;:&quot;0.0055555555555556&quot;,&quot;title&quot;:&quot;&quot;,&quot;orientation&quot;:&quot;0&quot;}\" data-image-title=\"1\" data-image-description=\"\" data-image-caption=\"\" data-medium-file=\"https:\/\/www.legistdf.gob.ar\/wp-content\/uploads\/2025\/03\/1-1-300x200.jpg\" data-large-file=\"https:\/\/www.legistdf.gob.ar\/wp-content\/uploads\/2025\/03\/1-1-1024x683.jpg\" class=\"alignleft wp-image-45607 size-medium\" src=\"https:\/\/www.legistdf.gob.ar\/wp-content\/uploads\/2025\/03\/1-1-300x200.jpg\" alt=\"\" width=\"300\" height=\"200\" srcset=\"https:\/\/www.legistdf.gob.ar\/wp-content\/uploads\/2025\/03\/1-1-300x200.jpg 300w, https:\/\/www.legistdf.gob.ar\/wp-content\/uploads\/2025\/03\/1-1-1024x683.jpg 1024w, https:\/\/www.legistdf.gob.ar\/wp-content\/uploads\/2025\/03\/1-1-768x512.jpg 768w, https:\/\/www.legistdf.gob.ar\/wp-content\/uploads\/2025\/03\/1-1-160x107.jpg 160w, https:\/\/www.legistdf.gob.ar\/wp-content\/uploads\/2025\/03\/1-1.jpg 1500w\" sizes=\"(max-width: 300px) 100vw, 300px\" \/><\/a>Para graficarlo, Vuoto mencion\u00f3 que se trata de escuelas, comisar\u00edas y obras p\u00fablicas que se \u201cperdieron para la Provincia y todo eso, lo tiene que afrontar la administraci\u00f3n central con recursos propios. Por lo tanto la situaci\u00f3n financiera y econ\u00f3mica est\u00e1 muy comprometida para este a\u00f1o\u201d, avizor\u00f3 la Parlamentaria del PJ. \u00a0\u00a0\u00a0<\/span><\/p>\n<p>&nbsp;<\/p>\n<p><span style=\"font-family: arial, helvetica, sans-serif;font-size: 12pt\">Para finalizar destac\u00f3 el anuncio sobre las prioridades que tendr\u00e1 la gesti\u00f3n durante 2025. \u201cEs interesante, porque se brindar\u00e1 apoyo y asistencia en temas relacionados a la salud mental, ni\u00f1os y ni\u00f1as, generaci\u00f3n de empleo, formaci\u00f3n t\u00e9cnica y en la atenci\u00f3n integral a las familias, que incluye la detecci\u00f3n de situaciones de violencia de g\u00e9nero\u201d, cerr\u00f3.<\/span><\/p>\n<p style=\"text-align: right\">\n<em>ZV-EGM-AT<\/em><\/p>\n<p style=\"text-align: right\"><a href=\"https:\/\/drive.google.com\/drive\/folders\/1pF3n3qcdPF5vsBjfO6O6lvgHg6xjrMVv?usp=drive_link\" target=\"_blank\" rel=\"noopener\"><em>Galer\u00eda de im\u00e1genes<\/em><\/a><\/p>\n\n\t\t<style type=\"text\/css\">\n\t\t\t#gallery-1 {\n\t\t\t\tmargin: auto;\n\t\t\t}\n\t\t\t#gallery-1 .gallery-item {\n\t\t\t\tfloat: left;\n\t\t\t\tmargin-top: 10px;\n\t\t\t\ttext-align: center;\n\t\t\t\twidth: 33%;\n\t\t\t}\n\t\t\t#gallery-1 img {\n\t\t\t\tborder: 2px solid #cfcfcf;\n\t\t\t}\n\t\t\t#gallery-1 .gallery-caption {\n\t\t\t\tmargin-left: 0;\n\t\t\t}\n\t\t\t\/* see gallery_shortcode() in wp-includes\/media.php *\/\n\t\t<\/style>\n\t\t<div data-carousel-extra='{\"blog_id\":1,\"permalink\":\"https:\\\/\\\/www.legistdf.gob.ar\\\/index.php\\\/2025\\\/03\\\/01\\\/legislatura-vuoto-destaco-el-anuncio-del-trabajo-en-conjunto-del-gobierno-con-los-municipios\\\/\"}' id='gallery-1' class='gallery galleryid-45606 gallery-columns-3 gallery-size-thumbnail'><dl class='gallery-item'>\n\t\t\t<dt class='gallery-icon landscape'>\n\t\t\t\t<a href='https:\/\/www.legistdf.gob.ar\/index.php\/2025\/03\/01\/legislatura-vuoto-destaco-el-anuncio-del-trabajo-en-conjunto-del-gobierno-con-los-municipios\/1-330\/'><img loading=\"lazy\" decoding=\"async\" width=\"150\" height=\"150\" src=\"https:\/\/www.legistdf.gob.ar\/wp-content\/uploads\/2025\/03\/1-1-150x150.jpg\" class=\"attachment-thumbnail size-thumbnail\" alt=\"\" srcset=\"https:\/\/www.legistdf.gob.ar\/wp-content\/uploads\/2025\/03\/1-1-150x150.jpg 150w, https:\/\/www.legistdf.gob.ar\/wp-content\/uploads\/2025\/03\/1-1-64x64.jpg 64w\" sizes=\"(max-width: 150px) 100vw, 150px\" data-attachment-id=\"45607\" data-permalink=\"https:\/\/www.legistdf.gob.ar\/index.php\/2025\/03\/01\/legislatura-vuoto-destaco-el-anuncio-del-trabajo-en-conjunto-del-gobierno-con-los-municipios\/1-330\/\" data-orig-file=\"https:\/\/www.legistdf.gob.ar\/wp-content\/uploads\/2025\/03\/1-1.jpg\" data-orig-size=\"1500,1000\" data-comments-opened=\"0\" data-image-meta=\"{&quot;aperture&quot;:&quot;5&quot;,&quot;credit&quot;:&quot;&quot;,&quot;camera&quot;:&quot;Canon EOS 6D&quot;,&quot;caption&quot;:&quot;&quot;,&quot;created_timestamp&quot;:&quot;1740825965&quot;,&quot;copyright&quot;:&quot;&quot;,&quot;focal_length&quot;:&quot;50&quot;,&quot;iso&quot;:&quot;1000&quot;,&quot;shutter_speed&quot;:&quot;0.0055555555555556&quot;,&quot;title&quot;:&quot;&quot;,&quot;orientation&quot;:&quot;0&quot;}\" data-image-title=\"1\" data-image-description=\"\" data-image-caption=\"\" data-medium-file=\"https:\/\/www.legistdf.gob.ar\/wp-content\/uploads\/2025\/03\/1-1-300x200.jpg\" data-large-file=\"https:\/\/www.legistdf.gob.ar\/wp-content\/uploads\/2025\/03\/1-1-1024x683.jpg\" \/><\/a>\n\t\t\t<\/dt><\/dl><dl class='gallery-item'>\n\t\t\t<dt class='gallery-icon landscape'>\n\t\t\t\t<a href='https:\/\/www.legistdf.gob.ar\/index.php\/2025\/03\/01\/legislatura-vuoto-destaco-el-anuncio-del-trabajo-en-conjunto-del-gobierno-con-los-municipios\/2-320\/'><img loading=\"lazy\" decoding=\"async\" width=\"150\" height=\"150\" src=\"https:\/\/www.legistdf.gob.ar\/wp-content\/uploads\/2025\/03\/2-1-150x150.jpg\" class=\"attachment-thumbnail size-thumbnail\" alt=\"\" srcset=\"https:\/\/www.legistdf.gob.ar\/wp-content\/uploads\/2025\/03\/2-1-150x150.jpg 150w, https:\/\/www.legistdf.gob.ar\/wp-content\/uploads\/2025\/03\/2-1-64x64.jpg 64w\" sizes=\"(max-width: 150px) 100vw, 150px\" data-attachment-id=\"45608\" data-permalink=\"https:\/\/www.legistdf.gob.ar\/index.php\/2025\/03\/01\/legislatura-vuoto-destaco-el-anuncio-del-trabajo-en-conjunto-del-gobierno-con-los-municipios\/2-320\/\" data-orig-file=\"https:\/\/www.legistdf.gob.ar\/wp-content\/uploads\/2025\/03\/2-1.jpg\" data-orig-size=\"1500,1000\" data-comments-opened=\"0\" data-image-meta=\"{&quot;aperture&quot;:&quot;5&quot;,&quot;credit&quot;:&quot;&quot;,&quot;camera&quot;:&quot;Canon EOS 6D&quot;,&quot;caption&quot;:&quot;&quot;,&quot;created_timestamp&quot;:&quot;1740826427&quot;,&quot;copyright&quot;:&quot;&quot;,&quot;focal_length&quot;:&quot;61&quot;,&quot;iso&quot;:&quot;1000&quot;,&quot;shutter_speed&quot;:&quot;0.0055555555555556&quot;,&quot;title&quot;:&quot;&quot;,&quot;orientation&quot;:&quot;0&quot;}\" data-image-title=\"2\" data-image-description=\"\" data-image-caption=\"\" data-medium-file=\"https:\/\/www.legistdf.gob.ar\/wp-content\/uploads\/2025\/03\/2-1-300x200.jpg\" data-large-file=\"https:\/\/www.legistdf.gob.ar\/wp-content\/uploads\/2025\/03\/2-1-1024x683.jpg\" \/><\/a>\n\t\t\t<\/dt><\/dl><dl class='gallery-item'>\n\t\t\t<dt class='gallery-icon landscape'>\n\t\t\t\t<a href='https:\/\/www.legistdf.gob.ar\/index.php\/2025\/03\/01\/legislatura-vuoto-destaco-el-anuncio-del-trabajo-en-conjunto-del-gobierno-con-los-municipios\/3-285\/'><img loading=\"lazy\" decoding=\"async\" width=\"150\" height=\"150\" src=\"https:\/\/www.legistdf.gob.ar\/wp-content\/uploads\/2025\/03\/3-1-150x150.jpg\" class=\"attachment-thumbnail size-thumbnail\" alt=\"\" srcset=\"https:\/\/www.legistdf.gob.ar\/wp-content\/uploads\/2025\/03\/3-1-150x150.jpg 150w, https:\/\/www.legistdf.gob.ar\/wp-content\/uploads\/2025\/03\/3-1-64x64.jpg 64w\" sizes=\"(max-width: 150px) 100vw, 150px\" data-attachment-id=\"45609\" data-permalink=\"https:\/\/www.legistdf.gob.ar\/index.php\/2025\/03\/01\/legislatura-vuoto-destaco-el-anuncio-del-trabajo-en-conjunto-del-gobierno-con-los-municipios\/3-285\/\" data-orig-file=\"https:\/\/www.legistdf.gob.ar\/wp-content\/uploads\/2025\/03\/3-1.jpg\" data-orig-size=\"1500,1000\" data-comments-opened=\"0\" data-image-meta=\"{&quot;aperture&quot;:&quot;5&quot;,&quot;credit&quot;:&quot;&quot;,&quot;camera&quot;:&quot;Canon EOS 6D&quot;,&quot;caption&quot;:&quot;&quot;,&quot;created_timestamp&quot;:&quot;1740825425&quot;,&quot;copyright&quot;:&quot;&quot;,&quot;focal_length&quot;:&quot;33&quot;,&quot;iso&quot;:&quot;1000&quot;,&quot;shutter_speed&quot;:&quot;0.0055555555555556&quot;,&quot;title&quot;:&quot;&quot;,&quot;orientation&quot;:&quot;0&quot;}\" data-image-title=\"3\" data-image-description=\"\" data-image-caption=\"\" data-medium-file=\"https:\/\/www.legistdf.gob.ar\/wp-content\/uploads\/2025\/03\/3-1-300x200.jpg\" data-large-file=\"https:\/\/www.legistdf.gob.ar\/wp-content\/uploads\/2025\/03\/3-1-1024x683.jpg\" \/><\/a>\n\t\t\t<\/dt><\/dl><br style=\"clear: both\" \/>\n\t\t<\/div>\n\n","protected":false},"excerpt":{"rendered":"<p>Ushuaia, s\u00e1bado 1\u00ba de marzo de 2025.- Una vez finalizado el discurso del Gobernador, prof. Gustavo Melella ante la Asamblea Legislativa, Prensa Legislativa dialog\u00f3 con la legisladora Mar\u00eda Victoria Vuoto, espacio en el que la integrante de la bancada del PJ destac\u00f3 el anuncio del Primer Mandatario acerca del trabajo en conjunto con los tres [&hellip;]<\/p>\n","protected":false},"author":352,"featured_media":45607,"comment_status":"closed","ping_status":"closed","sticky":false,"template":"","format":"standard","meta":{"jetpack_post_was_ever_published":false,"_jetpack_newsletter_access":"","_jetpack_dont_email_post_to_subs":false,"_jetpack_newsletter_tier_id":0,"footnotes":"","jetpack_publicize_message":"","jetpack_publicize_feature_enabled":true,"jetpack_social_post_already_shared":true,"jetpack_social_options":{"image_generator_settings":{"template":"highway","enabled":false}}},"categories":[1],"tags":[3519,959,2168,117,79,87],"jetpack_publicize_connections":[],"jetpack_sharing_enabled":true,"jetpack_featured_media_url":"https:\/\/www.legistdf.gob.ar\/wp-content\/uploads\/2025\/03\/1-1.jpg","jetpack-related-posts":[],"_links":{"self":[{"href":"https:\/\/www.legistdf.gob.ar\/index.php\/wp-json\/wp\/v2\/posts\/45606"}],"collection":[{"href":"https:\/\/www.legistdf.gob.ar\/index.php\/wp-json\/wp\/v2\/posts"}],"about":[{"href":"https:\/\/www.legistdf.gob.ar\/index.php\/wp-json\/wp\/v2\/types\/post"}],"author":[{"embeddable":true,"href":"https:\/\/www.legistdf.gob.ar\/index.php\/wp-json\/wp\/v2\/users\/352"}],"replies":[{"embeddable":true,"href":"https:\/\/www.legistdf.gob.ar\/index.php\/wp-json\/wp\/v2\/comments?post=45606"}],"version-history":[{"count":1,"href":"https:\/\/www.legistdf.gob.ar\/index.php\/wp-json\/wp\/v2\/posts\/45606\/revisions"}],"predecessor-version":[{"id":45610,"href":"https:\/\/www.legistdf.gob.ar\/index.php\/wp-json\/wp\/v2\/posts\/45606\/revisions\/45610"}],"wp:featuredmedia":[{"embeddable":true,"href":"https:\/\/www.legistdf.gob.ar\/index.php\/wp-json\/wp\/v2\/media\/45607"}],"wp:attachment":[{"href":"https:\/\/www.legistdf.gob.ar\/index.php\/wp-json\/wp\/v2\/media?parent=45606"}],"wp:term":[{"taxonomy":"category","embeddable":true,"href":"https:\/\/www.legistdf.gob.ar\/index.php\/wp-json\/wp\/v2\/categories?post=45606"},{"taxonomy":"post_tag","embeddable":true,"href":"https:\/\/www.legistdf.gob.ar\/index.php\/wp-json\/wp\/v2\/tags?post=45606"}],"curies":[{"name":"wp","href":"https:\/\/api.w.org\/{rel}","templated":true}]}}