{"id":45655,"date":"2025-03-05T15:40:50","date_gmt":"2025-03-05T18:40:50","guid":{"rendered":"https:\/\/www.legistdf.gob.ar\/?p=45655"},"modified":"2025-03-05T15:40:50","modified_gmt":"2025-03-05T18:40:50","slug":"legislatura-es-necesario-trabajar-seriamente-en-una-ley-de-promocion-de-la-acuicultura-dijo-lapadula","status":"publish","type":"post","link":"https:\/\/www.legistdf.gob.ar\/index.php\/2025\/03\/05\/legislatura-es-necesario-trabajar-seriamente-en-una-ley-de-promocion-de-la-acuicultura-dijo-lapadula\/","title":{"rendered":"LEGISLATURA: \u201cEs necesario  trabajar seriamente en una Ley de promoci\u00f3n de la acuicultura\u201d, dijo Lapadula"},"content":{"rendered":"<p><strong><span style=\"font-size: 14pt;font-family: arial, helvetica, sans-serif\"><a href=\"https:\/\/www.legistdf.gob.ar\/wp-content\/uploads\/2025\/03\/IMG_0568.jpg\"><img loading=\"lazy\" decoding=\"async\" data-attachment-id=\"45656\" data-permalink=\"https:\/\/www.legistdf.gob.ar\/index.php\/2025\/03\/05\/legislatura-es-necesario-trabajar-seriamente-en-una-ley-de-promocion-de-la-acuicultura-dijo-lapadula\/img_0568-3\/\" data-orig-file=\"https:\/\/www.legistdf.gob.ar\/wp-content\/uploads\/2025\/03\/IMG_0568.jpg\" data-orig-size=\"1500,1000\" data-comments-opened=\"0\" data-image-meta=\"{&quot;aperture&quot;:&quot;5&quot;,&quot;credit&quot;:&quot;&quot;,&quot;camera&quot;:&quot;Canon EOS 6D&quot;,&quot;caption&quot;:&quot;&quot;,&quot;created_timestamp&quot;:&quot;1740825876&quot;,&quot;copyright&quot;:&quot;&quot;,&quot;focal_length&quot;:&quot;50&quot;,&quot;iso&quot;:&quot;1000&quot;,&quot;shutter_speed&quot;:&quot;0.0055555555555556&quot;,&quot;title&quot;:&quot;&quot;,&quot;orientation&quot;:&quot;0&quot;}\" data-image-title=\"IMG_0568\" data-image-description=\"\" data-image-caption=\"\" data-medium-file=\"https:\/\/www.legistdf.gob.ar\/wp-content\/uploads\/2025\/03\/IMG_0568-300x200.jpg\" data-large-file=\"https:\/\/www.legistdf.gob.ar\/wp-content\/uploads\/2025\/03\/IMG_0568-1024x683.jpg\" class=\"alignleft wp-image-45656 size-medium\" src=\"https:\/\/www.legistdf.gob.ar\/wp-content\/uploads\/2025\/03\/IMG_0568-300x200.jpg\" alt=\"\" width=\"300\" height=\"200\" srcset=\"https:\/\/www.legistdf.gob.ar\/wp-content\/uploads\/2025\/03\/IMG_0568-300x200.jpg 300w, https:\/\/www.legistdf.gob.ar\/wp-content\/uploads\/2025\/03\/IMG_0568-1024x683.jpg 1024w, https:\/\/www.legistdf.gob.ar\/wp-content\/uploads\/2025\/03\/IMG_0568-768x512.jpg 768w, https:\/\/www.legistdf.gob.ar\/wp-content\/uploads\/2025\/03\/IMG_0568-160x107.jpg 160w, https:\/\/www.legistdf.gob.ar\/wp-content\/uploads\/2025\/03\/IMG_0568.jpg 1500w\" sizes=\"(max-width: 300px) 100vw, 300px\" \/><\/a>Ushuaia, mi\u00e9rcoles 5 de marzo de 2025.- El referente del bloque de Provincia Grande, legislador Mat\u00edas Lapadula, marc\u00f3 sus coincidencias con el Gobernador \u00a0Gustavo Melella, respecto a las expresiones\u00a0 vertidas el s\u00e1bado pasado, ocasi\u00f3n en la que el Mandatario fueguino dej\u00f3 inaugurado el per\u00edodo de sesiones ordinarias del Parlamento. \u201cDestaco alguna cuestiones con las que coincidimos, respecto a la pol\u00edtica nacional y como est\u00e1 afectado a la industria de nuestra Provincia\u00bb. Adem\u00e1s sostuvo que \u00abes necesario\u00a0 trabajar seriamente en una Ley de promoci\u00f3n de la acuicultura que va m\u00e1s all\u00e1 de la salmoneras, tema que por supuesto est\u00e1 cerrado en defensa del Canal Beagle\u201d, afirm\u00f3.<\/span><\/strong><\/p>\n<p>&nbsp;<\/p>\n<p><span style=\"font-family: arial, helvetica, sans-serif\">\u201cOtro de los puntos que me parece importante, es la situaci\u00f3n de OSEF, que tambi\u00e9n fue puesto en agenda. El Gobernador anticip\u00f3 que enviar\u00e1 al Parlamento un proyecto de Ley, es lo que ven\u00edamos pidiendo para\u00a0 dar soluci\u00f3n a las y los afiliados\u201d, opin\u00f3.<\/span><\/p>\n<p>&nbsp;<\/p>\n<p><span style=\"font-family: arial, helvetica, sans-serif\">Adem\u00e1s consider\u00f3 que dado el escenario que se transita, \u201chay que trabajar mucho, y todos debemos aportar para sacar a la Provincia adelante, cada uno desde su lugar\u201d, indic\u00f3 el legislador de Provincia Grande.<\/span><\/p>\n<p>&nbsp;<\/p>\n<p><span style=\"font-family: arial, helvetica, sans-serif\">En cuanto a los temas de trascendencia para el periodo 2025, se\u00f1al\u00f3 que uno de ellos es el desarrollo de la acuicultura, \u201cme parece importante que m\u00e1s all\u00e1 de lo que anunci\u00f3 el Gobernador, es necesario\u00a0 trabajar seriamente en una Ley de promoci\u00f3n de la acuicultura que va m\u00e1s all\u00e1 de la salmoneras, tema que por supuesto est\u00e1 cerrado en defensa del Canal Beagle\u201d, afirm\u00f3.<\/span><\/p>\n<p>&nbsp;<\/p>\n<p><span style=\"font-family: arial, helvetica, sans-serif\">Y sum\u00f3 que existen un numero importantes de oportunidades para el desarrollo del sector \u201cque tiene que gestionar el Gobierno, y tambi\u00e9n podemos aportar desde la Legislatura\u201d, concluy\u00f3 Lapadula.<\/span><\/p>\n<p>&nbsp;<\/p>\n<p style=\"text-align: right\"><em>ZV-AT-EGM<\/em><\/p>\n","protected":false},"excerpt":{"rendered":"<p>Ushuaia, mi\u00e9rcoles 5 de marzo de 2025.- El referente del bloque de Provincia Grande, legislador Mat\u00edas Lapadula, marc\u00f3 sus coincidencias con el Gobernador \u00a0Gustavo Melella, respecto a las expresiones\u00a0 vertidas el s\u00e1bado pasado, ocasi\u00f3n en la que el Mandatario fueguino dej\u00f3 inaugurado el per\u00edodo de sesiones ordinarias del Parlamento. \u201cDestaco alguna cuestiones con las que [&hellip;]<\/p>\n","protected":false},"author":352,"featured_media":45657,"comment_status":"closed","ping_status":"closed","sticky":false,"template":"","format":"standard","meta":{"jetpack_post_was_ever_published":false,"_jetpack_newsletter_access":"","_jetpack_dont_email_post_to_subs":false,"_jetpack_newsletter_tier_id":0,"footnotes":"","jetpack_publicize_message":"","jetpack_publicize_feature_enabled":true,"jetpack_social_post_already_shared":true,"jetpack_social_options":{"image_generator_settings":{"template":"highway","enabled":false}}},"categories":[1],"tags":[3518,3523,959,3234],"jetpack_publicize_connections":[],"jetpack_sharing_enabled":true,"jetpack_featured_media_url":"https:\/\/www.legistdf.gob.ar\/wp-content\/uploads\/2025\/03\/IMG_0612.jpg","jetpack-related-posts":[],"_links":{"self":[{"href":"https:\/\/www.legistdf.gob.ar\/index.php\/wp-json\/wp\/v2\/posts\/45655"}],"collection":[{"href":"https:\/\/www.legistdf.gob.ar\/index.php\/wp-json\/wp\/v2\/posts"}],"about":[{"href":"https:\/\/www.legistdf.gob.ar\/index.php\/wp-json\/wp\/v2\/types\/post"}],"author":[{"embeddable":true,"href":"https:\/\/www.legistdf.gob.ar\/index.php\/wp-json\/wp\/v2\/users\/352"}],"replies":[{"embeddable":true,"href":"https:\/\/www.legistdf.gob.ar\/index.php\/wp-json\/wp\/v2\/comments?post=45655"}],"version-history":[{"count":1,"href":"https:\/\/www.legistdf.gob.ar\/index.php\/wp-json\/wp\/v2\/posts\/45655\/revisions"}],"predecessor-version":[{"id":45658,"href":"https:\/\/www.legistdf.gob.ar\/index.php\/wp-json\/wp\/v2\/posts\/45655\/revisions\/45658"}],"wp:featuredmedia":[{"embeddable":true,"href":"https:\/\/www.legistdf.gob.ar\/index.php\/wp-json\/wp\/v2\/media\/45657"}],"wp:attachment":[{"href":"https:\/\/www.legistdf.gob.ar\/index.php\/wp-json\/wp\/v2\/media?parent=45655"}],"wp:term":[{"taxonomy":"category","embeddable":true,"href":"https:\/\/www.legistdf.gob.ar\/index.php\/wp-json\/wp\/v2\/categories?post=45655"},{"taxonomy":"post_tag","embeddable":true,"href":"https:\/\/www.legistdf.gob.ar\/index.php\/wp-json\/wp\/v2\/tags?post=45655"}],"curies":[{"name":"wp","href":"https:\/\/api.w.org\/{rel}","templated":true}]}}