{"id":45732,"date":"2025-03-17T14:47:16","date_gmt":"2025-03-17T17:47:16","guid":{"rendered":"https:\/\/www.legistdf.gob.ar\/?p=45732"},"modified":"2025-03-17T14:47:16","modified_gmt":"2025-03-17T17:47:16","slug":"legislatura-convocan-a-la-primera-sesion-ordinaria-del-ano","status":"publish","type":"post","link":"https:\/\/www.legistdf.gob.ar\/index.php\/2025\/03\/17\/legislatura-convocan-a-la-primera-sesion-ordinaria-del-ano\/","title":{"rendered":"LEGISLATURA: Convocan a la primera sesi\u00f3n ordinaria del a\u00f1o"},"content":{"rendered":"<p><strong><span style=\"font-family: arial, helvetica, sans-serif;font-size: 14pt\"><a href=\"https:\/\/www.legistdf.gob.ar\/wp-content\/uploads\/2025\/02\/IMG_2268-1.jpg\"><img loading=\"lazy\" decoding=\"async\" data-attachment-id=\"45558\" data-permalink=\"https:\/\/www.legistdf.gob.ar\/index.php\/2025\/02\/27\/legislatura-inicia-el-42o-periodo-ordinario-de-sesiones-legislativas-fueguinas\/img_2268-3\/\" data-orig-file=\"https:\/\/www.legistdf.gob.ar\/wp-content\/uploads\/2025\/02\/IMG_2268-1.jpg\" data-orig-size=\"1500,1000\" data-comments-opened=\"0\" data-image-meta=\"{&quot;aperture&quot;:&quot;3.5&quot;,&quot;credit&quot;:&quot;&quot;,&quot;camera&quot;:&quot;Canon EOS 6D&quot;,&quot;caption&quot;:&quot;&quot;,&quot;created_timestamp&quot;:&quot;1709313366&quot;,&quot;copyright&quot;:&quot;&quot;,&quot;focal_length&quot;:&quot;38&quot;,&quot;iso&quot;:&quot;640&quot;,&quot;shutter_speed&quot;:&quot;0.0125&quot;,&quot;title&quot;:&quot;&quot;,&quot;orientation&quot;:&quot;0&quot;}\" data-image-title=\"IMG_2268\" data-image-description=\"\" data-image-caption=\"\" data-medium-file=\"https:\/\/www.legistdf.gob.ar\/wp-content\/uploads\/2025\/02\/IMG_2268-1-300x200.jpg\" data-large-file=\"https:\/\/www.legistdf.gob.ar\/wp-content\/uploads\/2025\/02\/IMG_2268-1-1024x683.jpg\" class=\"alignleft wp-image-45558 size-medium\" src=\"https:\/\/www.legistdf.gob.ar\/wp-content\/uploads\/2025\/02\/IMG_2268-1-300x200.jpg\" alt=\"\" width=\"300\" height=\"200\" srcset=\"https:\/\/www.legistdf.gob.ar\/wp-content\/uploads\/2025\/02\/IMG_2268-1-300x200.jpg 300w, https:\/\/www.legistdf.gob.ar\/wp-content\/uploads\/2025\/02\/IMG_2268-1-1024x683.jpg 1024w, https:\/\/www.legistdf.gob.ar\/wp-content\/uploads\/2025\/02\/IMG_2268-1-768x512.jpg 768w, https:\/\/www.legistdf.gob.ar\/wp-content\/uploads\/2025\/02\/IMG_2268-1-160x107.jpg 160w, https:\/\/www.legistdf.gob.ar\/wp-content\/uploads\/2025\/02\/IMG_2268-1.jpg 1500w\" sizes=\"(max-width: 300px) 100vw, 300px\" \/><\/a>Ushuaia, lunes 17 de marzo de 2025.- El Parlamento fueguino se reunir\u00e1 el pr\u00f3ximo viernes 28 de marzo a las 10 h para celebrar la primera sesi\u00f3n ordinaria del a\u00f1o. As\u00ed lo dispuso mediante resoluci\u00f3n de Presidencia N\u00b0 057\/25 la Vicegobernadora y Presidenta del Poder Legislativo de la Provincia, M\u00f3nica Urquiza.<\/span><\/strong><\/p>\n<p>&nbsp;<\/p>\n<p><span style=\"font-family: arial, helvetica, sans-serif;font-size: 12pt\">Cabe agregar que estableci\u00f3 el cierre de asuntos para el martes 25 de marzo a las 12 h y la reuni\u00f3n de la Comisi\u00f3n de Labor Parlamentaria ser\u00e1 el mi\u00e9rcoles 26 a las 14 h.<\/span><\/p>\n<p>&nbsp;<\/p>\n<p><span style=\"font-family: arial, helvetica, sans-serif;font-size: 12pt\">El encuentro parlamentario se realizar\u00e1 en el Recinto de Sesiones de la Legislatura, en Yaganes 683 de Ushuaia.<\/span><\/p>\n<p>&nbsp;<\/p>\n<p style=\"text-align: right\"><em>MC<\/em><\/p>\n<p>&nbsp;<\/p>\n","protected":false},"excerpt":{"rendered":"<p>Ushuaia, lunes 17 de marzo de 2025.- El Parlamento fueguino se reunir\u00e1 el pr\u00f3ximo viernes 28 de marzo a las 10 h para celebrar la primera sesi\u00f3n ordinaria del a\u00f1o. As\u00ed lo dispuso mediante resoluci\u00f3n de Presidencia N\u00b0 057\/25 la Vicegobernadora y Presidenta del Poder Legislativo de la Provincia, M\u00f3nica Urquiza. &nbsp; Cabe agregar que [&hellip;]<\/p>\n","protected":false},"author":352,"featured_media":45558,"comment_status":"closed","ping_status":"closed","sticky":false,"template":"","format":"standard","meta":{"jetpack_post_was_ever_published":false,"_jetpack_newsletter_access":"","_jetpack_dont_email_post_to_subs":false,"_jetpack_newsletter_tier_id":0,"footnotes":"","jetpack_publicize_message":"","jetpack_publicize_feature_enabled":true,"jetpack_social_post_already_shared":true,"jetpack_social_options":{"image_generator_settings":{"template":"highway","enabled":false}}},"categories":[1],"tags":[78,144,117,79,87],"jetpack_publicize_connections":[],"jetpack_sharing_enabled":true,"jetpack_featured_media_url":"https:\/\/www.legistdf.gob.ar\/wp-content\/uploads\/2025\/02\/IMG_2268-1.jpg","jetpack-related-posts":[],"_links":{"self":[{"href":"https:\/\/www.legistdf.gob.ar\/index.php\/wp-json\/wp\/v2\/posts\/45732"}],"collection":[{"href":"https:\/\/www.legistdf.gob.ar\/index.php\/wp-json\/wp\/v2\/posts"}],"about":[{"href":"https:\/\/www.legistdf.gob.ar\/index.php\/wp-json\/wp\/v2\/types\/post"}],"author":[{"embeddable":true,"href":"https:\/\/www.legistdf.gob.ar\/index.php\/wp-json\/wp\/v2\/users\/352"}],"replies":[{"embeddable":true,"href":"https:\/\/www.legistdf.gob.ar\/index.php\/wp-json\/wp\/v2\/comments?post=45732"}],"version-history":[{"count":1,"href":"https:\/\/www.legistdf.gob.ar\/index.php\/wp-json\/wp\/v2\/posts\/45732\/revisions"}],"predecessor-version":[{"id":45733,"href":"https:\/\/www.legistdf.gob.ar\/index.php\/wp-json\/wp\/v2\/posts\/45732\/revisions\/45733"}],"wp:featuredmedia":[{"embeddable":true,"href":"https:\/\/www.legistdf.gob.ar\/index.php\/wp-json\/wp\/v2\/media\/45558"}],"wp:attachment":[{"href":"https:\/\/www.legistdf.gob.ar\/index.php\/wp-json\/wp\/v2\/media?parent=45732"}],"wp:term":[{"taxonomy":"category","embeddable":true,"href":"https:\/\/www.legistdf.gob.ar\/index.php\/wp-json\/wp\/v2\/categories?post=45732"},{"taxonomy":"post_tag","embeddable":true,"href":"https:\/\/www.legistdf.gob.ar\/index.php\/wp-json\/wp\/v2\/tags?post=45732"}],"curies":[{"name":"wp","href":"https:\/\/api.w.org\/{rel}","templated":true}]}}