{"id":45734,"date":"2025-03-18T10:57:34","date_gmt":"2025-03-18T13:57:34","guid":{"rendered":"https:\/\/www.legistdf.gob.ar\/?p=45734"},"modified":"2025-03-18T10:57:34","modified_gmt":"2025-03-18T13:57:34","slug":"legislatura-nueva-conformacion-para-las-comisiones-de-asesoramiento-legislativo-2025","status":"publish","type":"post","link":"https:\/\/www.legistdf.gob.ar\/index.php\/2025\/03\/18\/legislatura-nueva-conformacion-para-las-comisiones-de-asesoramiento-legislativo-2025\/","title":{"rendered":"LEGISLATURA: Nueva conformaci\u00f3n para las Comisiones de Asesoramiento legislativo 2025"},"content":{"rendered":"<p><strong><span style=\"font-family: arial, helvetica, sans-serif;font-size: 14pt\"><a href=\"https:\/\/www.legistdf.gob.ar\/wp-content\/uploads\/2024\/12\/IMG_9404.jpg\"><img loading=\"lazy\" decoding=\"async\" data-attachment-id=\"45087\" data-permalink=\"https:\/\/www.legistdf.gob.ar\/index.php\/2024\/12\/10\/comisiones-las-y-los-legisladores-dictaminaron-sobre-temas-de-salud-conservacion-del-ambiente-y-problematicas-sociales\/img_9404-4\/\" data-orig-file=\"https:\/\/www.legistdf.gob.ar\/wp-content\/uploads\/2024\/12\/IMG_9404.jpg\" data-orig-size=\"1500,1000\" data-comments-opened=\"0\" data-image-meta=\"{&quot;aperture&quot;:&quot;0&quot;,&quot;credit&quot;:&quot;&quot;,&quot;camera&quot;:&quot;&quot;,&quot;caption&quot;:&quot;&quot;,&quot;created_timestamp&quot;:&quot;0&quot;,&quot;copyright&quot;:&quot;&quot;,&quot;focal_length&quot;:&quot;0&quot;,&quot;iso&quot;:&quot;0&quot;,&quot;shutter_speed&quot;:&quot;0&quot;,&quot;title&quot;:&quot;&quot;,&quot;orientation&quot;:&quot;0&quot;}\" data-image-title=\"IMG_9404\" data-image-description=\"\" data-image-caption=\"\" data-medium-file=\"https:\/\/www.legistdf.gob.ar\/wp-content\/uploads\/2024\/12\/IMG_9404-300x200.jpg\" data-large-file=\"https:\/\/www.legistdf.gob.ar\/wp-content\/uploads\/2024\/12\/IMG_9404-1024x683.jpg\" class=\"alignleft wp-image-45087 size-medium\" src=\"https:\/\/www.legistdf.gob.ar\/wp-content\/uploads\/2024\/12\/IMG_9404-300x200.jpg\" alt=\"\" width=\"300\" height=\"200\" srcset=\"https:\/\/www.legistdf.gob.ar\/wp-content\/uploads\/2024\/12\/IMG_9404-300x200.jpg 300w, https:\/\/www.legistdf.gob.ar\/wp-content\/uploads\/2024\/12\/IMG_9404-1024x683.jpg 1024w, https:\/\/www.legistdf.gob.ar\/wp-content\/uploads\/2024\/12\/IMG_9404-768x512.jpg 768w, https:\/\/www.legistdf.gob.ar\/wp-content\/uploads\/2024\/12\/IMG_9404-160x107.jpg 160w, https:\/\/www.legistdf.gob.ar\/wp-content\/uploads\/2024\/12\/IMG_9404.jpg 1500w\" sizes=\"(max-width: 300px) 100vw, 300px\" \/><\/a>Ushuaia, martes 18 de marzo de 2025.- La Legislatura fueguina encara el a\u00f1o parlamentario con la integraci\u00f3n de las comisiones permanentes de asesoramiento legislativo. Asi lo hizo saber la Presidencia mediante la Resoluci\u00f3n N\u00ba 033\/25 del 5 de marzo pr\u00f3ximo pasado, con la suscripci\u00f3n de la Presidenta de la C\u00e1mara legislativa, M\u00f3nica Urquiza.<\/span><\/strong><\/p>\n<p>&nbsp;<\/p>\n<p><span style=\"font-family: arial, helvetica, sans-serif;font-size: 12pt\">La integraci\u00f3n result\u00f3 del siguiente modo:<\/span><\/p>\n<p>&nbsp;<\/p>\n<p><span style=\"font-family: arial, helvetica, sans-serif;font-size: 12pt\"><strong>COMISI\u00d3N\u00a0 N\u00b0\u00a0 1: Legislaci\u00f3n\u00a0 General.\u00a0 Peticiones.\u00a0 Poderes\u00a0 y\u00a0 Reglamentos.\u00a0 Asuntos Constitucionales, Municipales y Comunales. <\/strong><\/span><\/p>\n<p>&nbsp;<\/p>\n<p><span style=\"font-family: arial, helvetica, sans-serif;font-size: 12pt\">Presidente: Federico Greve<\/span><\/p>\n<p><span style=\"font-family: arial, helvetica, sans-serif;font-size: 12pt\">Vicepresidenta: Myriam Mart\u00ednez<\/span><\/p>\n<p><span style=\"font-family: arial, helvetica, sans-serif;font-size: 12pt\">Secretario: Agust\u00edn Coto<\/span><\/p>\n<p>&nbsp;<\/p>\n<p><span style=\"font-family: arial, helvetica, sans-serif;font-size: 12pt\">Legisladoras Mar\u00eda Victoria Vuoto, Mar\u00eda Laura Colazo y Gisela Dos Santos y \u00a0los legisladores Mat\u00edas Lapadula; Juan Carlos Pino, Pablo Villegas y Ra\u00fal Von Der Thusen, en calidad de vocales.<\/span><\/p>\n<p>&nbsp;<\/p>\n<p><span style=\"font-family: arial, helvetica, sans-serif;font-size: 12pt\"><strong>COMISI\u00d3N N\u00b0 2: Econom\u00eda. Presupuesto y Hacienda. Finanzas y Pol\u00edtica Fiscal. <\/strong><\/span><\/p>\n<p>&nbsp;<\/p>\n<p><span style=\"font-family: arial, helvetica, sans-serif;font-size: 12pt\">Presidente: Federico Sciurano<\/span><\/p>\n<p><span style=\"font-family: arial, helvetica, sans-serif;font-size: 12pt\">Vicepresidenta: Mar\u00eda Victoria Vuoto<\/span><\/p>\n<p><span style=\"font-family: arial, helvetica, sans-serif;font-size: 12pt\">Secretario: Agust\u00edn Coto<\/span><\/p>\n<p>&nbsp;<\/p>\n<p><span style=\"font-family: arial, helvetica, sans-serif;font-size: 12pt\">Integrada por las legisladoras Mar\u00eda Laura Colazo, Gisela Dos Santos y Myriam Mart\u00ednez y los legisladores Dami\u00e1n L\u00f6ffler, Mat\u00edas Lapadula, Juan Carlos Pino y Ra\u00fal Von Der Thusen<\/span><\/p>\n<p>&nbsp;<\/p>\n<p><span style=\"font-family: arial, helvetica, sans-serif;font-size: 12pt\"><strong>COMISI\u00d3N N\u00b0 3: Obra\u00a0 P\u00fablica. Servicios P\u00fablicos. Transportes.\u00a0 Comunicaciones. Agricultura y Ganader\u00eda. Industria. Comercio.\u00a0 Recursos Naturales (Pesca,\u00a0 Bosques, Miner\u00eda, Aguas, Flora y Fauna). Turismo. Energ\u00eda y Combustibles. <\/strong><\/span><\/p>\n<p>&nbsp;<\/p>\n<p><span style=\"font-family: arial, helvetica, sans-serif;font-size: 12pt\">Presidenta: Mar\u00eda Laura Colazo<\/span><\/p>\n<p><span style=\"font-family: arial, helvetica, sans-serif;font-size: 12pt\">Vicepresidenta: Myriam Mart\u00ednez<\/span><\/p>\n<p><span style=\"font-family: arial, helvetica, sans-serif;font-size: 12pt\">Secretario: Federico Sciurano<\/span><\/p>\n<p>&nbsp;<\/p>\n<p><span style=\"font-family: arial, helvetica, sans-serif;font-size: 12pt\">Legisladora Gisela Dos Santos y legisladores Agust\u00edn Coto, Tom\u00e1s Garc\u00eda, Jorge Lechman, Juan Carlos Pino, Mat\u00edas Lapadula y Dami\u00e1n L\u00f6ffler.<\/span><\/p>\n<p>&nbsp;<\/p>\n<p><span style=\"font-family: arial, helvetica, sans-serif;font-size: 12pt\"><strong>COMISI\u00d3N N\u00b0 4: Educaci\u00f3n. Cultura. Medio Ambiente. Ciencia y Tecnolog\u00eda. <\/strong><\/span><\/p>\n<p>&nbsp;<\/p>\n<p><span style=\"font-family: arial, helvetica, sans-serif;font-size: 12pt\">Presidente: Federico Sciurano<\/span><\/p>\n<p><span style=\"font-family: arial, helvetica, sans-serif;font-size: 12pt\">Vicepresidenta: Mar\u00eda Laura Colazo<\/span><\/p>\n<p><span style=\"font-family: arial, helvetica, sans-serif;font-size: 12pt\">Secretaria: Natalia Gracian\u00eda<\/span><\/p>\n<p>&nbsp;<\/p>\n<p><span style=\"font-family: arial, helvetica, sans-serif;font-size: 12pt\">Forman parte la legisladora Gisela Dos Santos y los legisladores Tom\u00e1s Garc\u00eda, Pablo Villegas, Mat\u00edas Lapadula y Ra\u00fal Von Der Thusen, como vocales.<\/span><\/p>\n<p>&nbsp;<\/p>\n<p>&nbsp;<\/p>\n<p><span style=\"font-family: arial, helvetica, sans-serif;font-size: 12pt\"><strong>COMISI\u00d3N\u00a0\u00a0 N\u00b0\u00a0\u00a0 5:\u00a0\u00a0 Acci\u00f3n\u00a0\u00a0 Social.\u00a0\u00a0 Familia\u00a0\u00a0 y\u00a0\u00a0 Minoridad.\u00a0\u00a0 Salud\u00a0\u00a0 P\u00fablica.\u00a0\u00a0 Deportes\u00a0\u00a0 y Recreaci\u00f3n. Vivienda. Tierras Fiscales. Asistencia. Previsi\u00f3n Social y Trabajo. <\/strong><\/span><\/p>\n<p>&nbsp;<\/p>\n<p><span style=\"font-family: arial, helvetica, sans-serif;font-size: 12pt\">Presidenta: Myriam Mart\u00ednez<\/span><\/p>\n<p><span style=\"font-family: arial, helvetica, sans-serif;font-size: 12pt\">Vicepresidente: Juan Carlos Pino<\/span><\/p>\n<p><span style=\"font-family: arial, helvetica, sans-serif;font-size: 12pt\">Secretario: Dami\u00e1n L\u00f6ffler<\/span><\/p>\n<p>&nbsp;<\/p>\n<p><span style=\"font-family: arial, helvetica, sans-serif;font-size: 12pt\">Integrada por las legisladoras Gisela Dos Santos, Mar\u00eda Laura Colazo y Natalia Gracian\u00eda y los legisladores Ra\u00fal Von Der Thusen y Mat\u00edas Lapadula.<\/span><\/p>\n<p>&nbsp;<\/p>\n<p><span style=\"font-family: arial, helvetica, sans-serif;font-size: 12pt\"><strong>COMISI\u00d3N N\u00b0 6: Justicia y Seguridad. Relaciones Institucionales. Seguimiento Legislativo y Derechos Humanos.<\/strong><\/span><\/p>\n<p>&nbsp;<\/p>\n<p><span style=\"font-family: arial, helvetica, sans-serif;font-size: 12pt\">Presidenta: Natalia Gracian\u00eda<\/span><\/p>\n<p><span style=\"font-family: arial, helvetica, sans-serif;font-size: 12pt\">Vicepresidente: Federico Greve<\/span><\/p>\n<p><span style=\"font-family: arial, helvetica, sans-serif;font-size: 12pt\">Secretaria: Mar\u00eda Laura Colazo<\/span><\/p>\n<p>&nbsp;<\/p>\n<p><span style=\"font-family: arial, helvetica, sans-serif;font-size: 12pt\">Como vocales las legisladoras Gisela Dos Santos y Mar\u00eda Victoria Vuoto, y los legisladores Pablo Villegas, Mat\u00edas Lapadula y Ra\u00fal Von Der Thusen.<\/span><\/p>\n<p>&nbsp;<\/p>\n<p><span style=\"font-family: arial, helvetica, sans-serif;font-size: 12pt\"><strong>COMISI\u00d3N N\u00b0 7: Malvinas, Atl\u00e1ntico Sur y Ant\u00e1rtida. <\/strong><\/span><\/p>\n<p>&nbsp;<\/p>\n<p><span style=\"font-family: arial, helvetica, sans-serif;font-size: 12pt\">Presidente: Agust\u00edn Coto<\/span><\/p>\n<p><span style=\"font-family: arial, helvetica, sans-serif;font-size: 12pt\">Vicepresidente: Federico Sciurano<\/span><\/p>\n<p><span style=\"font-family: arial, helvetica, sans-serif;font-size: 12pt\">Secretaria: Mar\u00eda Laura Colazo<\/span><\/p>\n<p>&nbsp;<\/p>\n<p><span style=\"font-family: arial, helvetica, sans-serif;font-size: 12pt\">Integrada por las legisladoras Gisela Dos Santos, Natalia Gracian\u00eda, Myriam Mart\u00ednez y Mar\u00eda Victoria Vuoto y los legisladores Tom\u00e1s Garc\u00eda, Federico Greve, Mat\u00edas Lapadula, Jorge Lechman, Dami\u00e1n L\u00f6ffler, Juan Carlos Pino, Pablo Villegas y Ra\u00fal Von Der Thusen.<\/span><\/p>\n<p>&nbsp;<\/p>\n<p><span style=\"font-family: arial, helvetica, sans-serif;font-size: 12pt\"><strong>COMISI\u00d3N N\u00b0 8: Parlamento Patag\u00f3nico, MERCOSUR, Integraci\u00f3n Regional y Asuntos Internacionales. <\/strong><\/span><\/p>\n<p>&nbsp;<\/p>\n<p><span style=\"font-family: arial, helvetica, sans-serif;font-size: 12pt\">Presidenta: Gisela Dos Santos<\/span><\/p>\n<p><span style=\"font-family: arial, helvetica, sans-serif;font-size: 12pt\">Vicepresidenta: Myriam Mart\u00ednez<\/span><\/p>\n<p><span style=\"font-family: arial, helvetica, sans-serif;font-size: 12pt\">Secretario: Mat\u00edas Lapadula<\/span><\/p>\n<p>&nbsp;<\/p>\n<p><span style=\"font-family: arial, helvetica, sans-serif;font-size: 12pt\">Compuesta por las legisladoras Mar\u00eda Laura Colazo, Natalia Gracian\u00eda y Mar\u00eda Victoria Vuoto y los legisladores Dami\u00e1n L\u00f6ffler y Ra\u00fal Von Der Thusen, como vocales titulares y los legisladores Agust\u00edn Coto, Federico Greve, Jorge Lechman, Juan Carlos Pino, Federico Sciurano, Pablo Villegas y Tomas Garc\u00eda, como vocales suplentes.<\/span><\/p>\n<p>&nbsp;<\/p>\n<p style=\"text-align: right\"><em>ZV-AT<\/em><\/p>\n","protected":false},"excerpt":{"rendered":"<p>Ushuaia, martes 18 de marzo de 2025.- La Legislatura fueguina encara el a\u00f1o parlamentario con la integraci\u00f3n de las comisiones permanentes de asesoramiento legislativo. Asi lo hizo saber la Presidencia mediante la Resoluci\u00f3n N\u00ba 033\/25 del 5 de marzo pr\u00f3ximo pasado, con la suscripci\u00f3n de la Presidenta de la C\u00e1mara legislativa, M\u00f3nica Urquiza. &nbsp; La [&hellip;]<\/p>\n","protected":false},"author":352,"featured_media":45068,"comment_status":"closed","ping_status":"closed","sticky":false,"template":"","format":"standard","meta":{"jetpack_post_was_ever_published":false,"_jetpack_newsletter_access":"","_jetpack_dont_email_post_to_subs":false,"_jetpack_newsletter_tier_id":0,"footnotes":"","jetpack_publicize_message":"","jetpack_publicize_feature_enabled":true,"jetpack_social_post_already_shared":true,"jetpack_social_options":{"image_generator_settings":{"template":"highway","enabled":false}}},"categories":[1],"tags":[84,78,79,87],"jetpack_publicize_connections":[],"jetpack_sharing_enabled":true,"jetpack_featured_media_url":"https:\/\/www.legistdf.gob.ar\/wp-content\/uploads\/2024\/12\/02.jpg","jetpack-related-posts":[],"_links":{"self":[{"href":"https:\/\/www.legistdf.gob.ar\/index.php\/wp-json\/wp\/v2\/posts\/45734"}],"collection":[{"href":"https:\/\/www.legistdf.gob.ar\/index.php\/wp-json\/wp\/v2\/posts"}],"about":[{"href":"https:\/\/www.legistdf.gob.ar\/index.php\/wp-json\/wp\/v2\/types\/post"}],"author":[{"embeddable":true,"href":"https:\/\/www.legistdf.gob.ar\/index.php\/wp-json\/wp\/v2\/users\/352"}],"replies":[{"embeddable":true,"href":"https:\/\/www.legistdf.gob.ar\/index.php\/wp-json\/wp\/v2\/comments?post=45734"}],"version-history":[{"count":1,"href":"https:\/\/www.legistdf.gob.ar\/index.php\/wp-json\/wp\/v2\/posts\/45734\/revisions"}],"predecessor-version":[{"id":45735,"href":"https:\/\/www.legistdf.gob.ar\/index.php\/wp-json\/wp\/v2\/posts\/45734\/revisions\/45735"}],"wp:featuredmedia":[{"embeddable":true,"href":"https:\/\/www.legistdf.gob.ar\/index.php\/wp-json\/wp\/v2\/media\/45068"}],"wp:attachment":[{"href":"https:\/\/www.legistdf.gob.ar\/index.php\/wp-json\/wp\/v2\/media?parent=45734"}],"wp:term":[{"taxonomy":"category","embeddable":true,"href":"https:\/\/www.legistdf.gob.ar\/index.php\/wp-json\/wp\/v2\/categories?post=45734"},{"taxonomy":"post_tag","embeddable":true,"href":"https:\/\/www.legistdf.gob.ar\/index.php\/wp-json\/wp\/v2\/tags?post=45734"}],"curies":[{"name":"wp","href":"https:\/\/api.w.org\/{rel}","templated":true}]}}