{"id":45961,"date":"2025-04-04T11:27:20","date_gmt":"2025-04-04T14:27:20","guid":{"rendered":"https:\/\/www.legistdf.gob.ar\/?p=45961"},"modified":"2025-04-04T11:27:20","modified_gmt":"2025-04-04T14:27:20","slug":"legislatura-la-comision-de-seguridad-no-6-convoco-al-ministro-jefe-de-gabinete","status":"publish","type":"post","link":"https:\/\/www.legistdf.gob.ar\/index.php\/2025\/04\/04\/legislatura-la-comision-de-seguridad-no-6-convoco-al-ministro-jefe-de-gabinete\/","title":{"rendered":"LEGISLATURA: La Comisi\u00f3n de Seguridad N\u00ba 6 convoc\u00f3 al Ministro Jefe de Gabinete"},"content":{"rendered":"<p><strong><span style=\"font-family: arial, helvetica, sans-serif;font-size: 14pt\"><img loading=\"lazy\" decoding=\"async\" data-attachment-id=\"45962\" data-permalink=\"https:\/\/www.legistdf.gob.ar\/index.php\/2025\/04\/04\/legislatura-la-comision-de-seguridad-no-6-convoco-al-ministro-jefe-de-gabinete\/img_1403-2\/\" data-orig-file=\"https:\/\/www.legistdf.gob.ar\/wp-content\/uploads\/2025\/04\/IMG_1403.jpg\" data-orig-size=\"1500,1000\" data-comments-opened=\"0\" data-image-meta=\"{&quot;aperture&quot;:&quot;0&quot;,&quot;credit&quot;:&quot;&quot;,&quot;camera&quot;:&quot;&quot;,&quot;caption&quot;:&quot;&quot;,&quot;created_timestamp&quot;:&quot;0&quot;,&quot;copyright&quot;:&quot;&quot;,&quot;focal_length&quot;:&quot;0&quot;,&quot;iso&quot;:&quot;0&quot;,&quot;shutter_speed&quot;:&quot;0&quot;,&quot;title&quot;:&quot;&quot;,&quot;orientation&quot;:&quot;0&quot;}\" data-image-title=\"IMG_1403\" data-image-description=\"\" data-image-caption=\"\" data-medium-file=\"https:\/\/www.legistdf.gob.ar\/wp-content\/uploads\/2025\/04\/IMG_1403-300x200.jpg\" data-large-file=\"https:\/\/www.legistdf.gob.ar\/wp-content\/uploads\/2025\/04\/IMG_1403-1024x683.jpg\" class=\"size-medium wp-image-45962 alignleft\" src=\"https:\/\/www.legistdf.gob.ar\/wp-content\/uploads\/2025\/04\/IMG_1403-300x200.jpg\" alt=\"\" width=\"300\" height=\"200\" srcset=\"https:\/\/www.legistdf.gob.ar\/wp-content\/uploads\/2025\/04\/IMG_1403-300x200.jpg 300w, https:\/\/www.legistdf.gob.ar\/wp-content\/uploads\/2025\/04\/IMG_1403-1024x683.jpg 1024w, https:\/\/www.legistdf.gob.ar\/wp-content\/uploads\/2025\/04\/IMG_1403-768x512.jpg 768w, https:\/\/www.legistdf.gob.ar\/wp-content\/uploads\/2025\/04\/IMG_1403-160x107.jpg 160w, https:\/\/www.legistdf.gob.ar\/wp-content\/uploads\/2025\/04\/IMG_1403.jpg 1500w\" sizes=\"(max-width: 300px) 100vw, 300px\" \/>Ushuaia, viernes 4 de abril de 2025.- La legisladora del bloque de La Libertad Avanza (LLA) y presidenta de la Comisi\u00f3n de Seguridad N\u00ba 6, Natalia Gracian\u00eda convoc\u00f3 a una reuni\u00f3n de ese espacio a realizarse el martes 8 de abril a las 12. Del encuentro participar\u00e1 el ministro Jefe de Gabinete, Lic. Agust\u00edn Tita al que se lo consultar\u00e1 sobre los alcances de la Ley provincial N\u00ba 1573 de Seguridad P\u00fablica: Emergencia del sistema integral de la Provincia.<\/span><\/strong><\/p>\n<p>&nbsp;<\/p>\n<p><span style=\"font-family: arial, helvetica, sans-serif;font-size: 12pt\">Tambi\u00e9n se indica en el memorando N\u00ba 07\/25, emitido por la Direcci\u00f3n de Comisiones, que se analizar\u00e1n tres asuntos impulsados por el bloque de LLA. El primero de ellos es el <a href=\"https:\/\/www.legistdf.gob.ar\/lp\/novedadesip\/Asuntos%20Entrados%202025\/As.%20072-25.pdf\" target=\"_blank\" rel=\"noopener\">asunto N\u00ba 072\/25<\/a>, se trata de un proyecto de Resoluci\u00f3n a trav\u00e9s del cual se solicita a la Jefatura de Gabinete informe sobre \u201crefacciones para el anexo N\u00ba 4 del Servicio Penitenciario\u201d.<\/span><\/p>\n<p>&nbsp;<\/p>\n<p><span style=\"font-family: arial, helvetica, sans-serif;font-size: 12pt\">El segundo de los temas sobre el que se requerir\u00e1 informaci\u00f3n al funcionario de Gobierno ser\u00e1 acerca del <a href=\"https:\/\/www.legistdf.gob.ar\/lp\/novedadesip\/Asuntos%20Entrados%202025\/As.%20073-25.pdf\" target=\"_blank\" rel=\"noopener\">asunto N\u00ba 073\/25<\/a> sobre los agentes de la Polic\u00eda provincial y los del Servicio Penitenciario. Puntualmente se consultar\u00e1 en relaci\u00f3n a la asistencia psicol\u00f3gica de los uniformados.<\/span><\/p>\n<p>&nbsp;<\/p>\n<p><span style=\"font-family: arial, helvetica, sans-serif;font-size: 12pt\">Finalmente, la agenda de la Comisi\u00f3n prev\u00e9 abordar el <a href=\"https:\/\/www.legistdf.gob.ar\/lp\/novedadesip\/Asuntos%20Entrados%202025\/As.%20076-25.pdf\" target=\"_blank\" rel=\"noopener\">asunto N\u00ba 076\/25<\/a>\u00a0 en el que se solicita dar cuenta de los motivos y vulnerabilidades de la seguridad de la alcaid\u00eda central que permitieron la fuga de dos internos, recientemente.<\/span><\/p>\n<p>&nbsp;<\/p>\n<p style=\"text-align: right\"><em>ZV-AT<\/em><\/p>\n","protected":false},"excerpt":{"rendered":"<p>Ushuaia, viernes 4 de abril de 2025.- La legisladora del bloque de La Libertad Avanza (LLA) y presidenta de la Comisi\u00f3n de Seguridad N\u00ba 6, Natalia Gracian\u00eda convoc\u00f3 a una reuni\u00f3n de ese espacio a realizarse el martes 8 de abril a las 12. Del encuentro participar\u00e1 el ministro Jefe de Gabinete, Lic. Agust\u00edn Tita [&hellip;]<\/p>\n","protected":false},"author":352,"featured_media":45963,"comment_status":"closed","ping_status":"closed","sticky":false,"template":"","format":"standard","meta":{"jetpack_post_was_ever_published":false,"_jetpack_newsletter_access":"","_jetpack_dont_email_post_to_subs":false,"_jetpack_newsletter_tier_id":0,"footnotes":"","jetpack_publicize_message":"","jetpack_publicize_feature_enabled":true,"jetpack_social_post_already_shared":true,"jetpack_social_options":{"image_generator_settings":{"template":"highway","enabled":false}}},"categories":[1],"tags":[2027,84,78,3221,230,87],"jetpack_publicize_connections":[],"jetpack_sharing_enabled":true,"jetpack_featured_media_url":"https:\/\/www.legistdf.gob.ar\/wp-content\/uploads\/2025\/04\/IMG_1356.jpg","jetpack-related-posts":[],"_links":{"self":[{"href":"https:\/\/www.legistdf.gob.ar\/index.php\/wp-json\/wp\/v2\/posts\/45961"}],"collection":[{"href":"https:\/\/www.legistdf.gob.ar\/index.php\/wp-json\/wp\/v2\/posts"}],"about":[{"href":"https:\/\/www.legistdf.gob.ar\/index.php\/wp-json\/wp\/v2\/types\/post"}],"author":[{"embeddable":true,"href":"https:\/\/www.legistdf.gob.ar\/index.php\/wp-json\/wp\/v2\/users\/352"}],"replies":[{"embeddable":true,"href":"https:\/\/www.legistdf.gob.ar\/index.php\/wp-json\/wp\/v2\/comments?post=45961"}],"version-history":[{"count":1,"href":"https:\/\/www.legistdf.gob.ar\/index.php\/wp-json\/wp\/v2\/posts\/45961\/revisions"}],"predecessor-version":[{"id":45964,"href":"https:\/\/www.legistdf.gob.ar\/index.php\/wp-json\/wp\/v2\/posts\/45961\/revisions\/45964"}],"wp:featuredmedia":[{"embeddable":true,"href":"https:\/\/www.legistdf.gob.ar\/index.php\/wp-json\/wp\/v2\/media\/45963"}],"wp:attachment":[{"href":"https:\/\/www.legistdf.gob.ar\/index.php\/wp-json\/wp\/v2\/media?parent=45961"}],"wp:term":[{"taxonomy":"category","embeddable":true,"href":"https:\/\/www.legistdf.gob.ar\/index.php\/wp-json\/wp\/v2\/categories?post=45961"},{"taxonomy":"post_tag","embeddable":true,"href":"https:\/\/www.legistdf.gob.ar\/index.php\/wp-json\/wp\/v2\/tags?post=45961"}],"curies":[{"name":"wp","href":"https:\/\/api.w.org\/{rel}","templated":true}]}}