{"id":45966,"date":"2025-04-04T14:22:35","date_gmt":"2025-04-04T17:22:35","guid":{"rendered":"https:\/\/www.legistdf.gob.ar\/?p=45966"},"modified":"2025-04-04T14:22:35","modified_gmt":"2025-04-04T17:22:35","slug":"vialidad-esperan-aperturar-la-ruta-provincial-no-7-en-mayo-proximo","status":"publish","type":"post","link":"https:\/\/www.legistdf.gob.ar\/index.php\/2025\/04\/04\/vialidad-esperan-aperturar-la-ruta-provincial-no-7-en-mayo-proximo\/","title":{"rendered":"VIALIDAD: Esperan aperturar la ruta provincial N\u00ba 7 en mayo pr\u00f3ximo"},"content":{"rendered":"<p><span style=\"font-family: arial, helvetica, sans-serif;font-size: 12pt\"><strong><span style=\"font-size: 14pt\"><img loading=\"lazy\" decoding=\"async\" data-attachment-id=\"45967\" data-permalink=\"https:\/\/www.legistdf.gob.ar\/index.php\/2025\/04\/04\/vialidad-esperan-aperturar-la-ruta-provincial-no-7-en-mayo-proximo\/img_1425-3\/\" data-orig-file=\"https:\/\/www.legistdf.gob.ar\/wp-content\/uploads\/2025\/04\/IMG_1425.jpg\" data-orig-size=\"1500,1000\" data-comments-opened=\"0\" data-image-meta=\"{&quot;aperture&quot;:&quot;0&quot;,&quot;credit&quot;:&quot;&quot;,&quot;camera&quot;:&quot;&quot;,&quot;caption&quot;:&quot;&quot;,&quot;created_timestamp&quot;:&quot;0&quot;,&quot;copyright&quot;:&quot;&quot;,&quot;focal_length&quot;:&quot;0&quot;,&quot;iso&quot;:&quot;0&quot;,&quot;shutter_speed&quot;:&quot;0&quot;,&quot;title&quot;:&quot;&quot;,&quot;orientation&quot;:&quot;0&quot;}\" data-image-title=\"IMG_1425\" data-image-description=\"\" data-image-caption=\"\" data-medium-file=\"https:\/\/www.legistdf.gob.ar\/wp-content\/uploads\/2025\/04\/IMG_1425-300x200.jpg\" data-large-file=\"https:\/\/www.legistdf.gob.ar\/wp-content\/uploads\/2025\/04\/IMG_1425-1024x683.jpg\" class=\"size-medium wp-image-45967 alignleft\" src=\"https:\/\/www.legistdf.gob.ar\/wp-content\/uploads\/2025\/04\/IMG_1425-300x200.jpg\" alt=\"\" width=\"300\" height=\"200\" srcset=\"https:\/\/www.legistdf.gob.ar\/wp-content\/uploads\/2025\/04\/IMG_1425-300x200.jpg 300w, https:\/\/www.legistdf.gob.ar\/wp-content\/uploads\/2025\/04\/IMG_1425-1024x683.jpg 1024w, https:\/\/www.legistdf.gob.ar\/wp-content\/uploads\/2025\/04\/IMG_1425-768x512.jpg 768w, https:\/\/www.legistdf.gob.ar\/wp-content\/uploads\/2025\/04\/IMG_1425-160x107.jpg 160w, https:\/\/www.legistdf.gob.ar\/wp-content\/uploads\/2025\/04\/IMG_1425.jpg 1500w\" sizes=\"(max-width: 300px) 100vw, 300px\" \/>Ushuaia, viernes 4 de abril de 2025.- La Legislatura recibi\u00f3 a la titular de la Direcci\u00f3n Provincial de Vialidad (DPV), Ileana Zarantonello y su equipo t\u00e9cnico quienes dieron detalles sobre la puesta en funciones de la ruta provincial N\u00ba 7 ARA San Blas. En base a dos pedidos de informes \u2013del PJ y del BPG-, la legisladora Mar\u00eda Victoria Vuoto se\u00f1al\u00f3 que \u201cla fecha de finalizaci\u00f3n de la obra\u201d se espera para el pr\u00f3ximo 6 de mayo. Se trata de \u201cuna apertura sumamente necesaria para R\u00edo Grande\u201d, afirmaron desde la DPV.<\/span> <\/strong><\/span><\/p>\n<p>&nbsp;<\/p>\n<p><span style=\"font-family: arial, helvetica, sans-serif;font-size: 12pt\"><img loading=\"lazy\" decoding=\"async\" data-attachment-id=\"45968\" data-permalink=\"https:\/\/www.legistdf.gob.ar\/index.php\/2025\/04\/04\/vialidad-esperan-aperturar-la-ruta-provincial-no-7-en-mayo-proximo\/img_1436-3\/\" data-orig-file=\"https:\/\/www.legistdf.gob.ar\/wp-content\/uploads\/2025\/04\/IMG_1436.jpg\" data-orig-size=\"1500,1000\" data-comments-opened=\"0\" data-image-meta=\"{&quot;aperture&quot;:&quot;0&quot;,&quot;credit&quot;:&quot;&quot;,&quot;camera&quot;:&quot;&quot;,&quot;caption&quot;:&quot;&quot;,&quot;created_timestamp&quot;:&quot;0&quot;,&quot;copyright&quot;:&quot;&quot;,&quot;focal_length&quot;:&quot;0&quot;,&quot;iso&quot;:&quot;0&quot;,&quot;shutter_speed&quot;:&quot;0&quot;,&quot;title&quot;:&quot;&quot;,&quot;orientation&quot;:&quot;0&quot;}\" data-image-title=\"IMG_1436\" data-image-description=\"\" data-image-caption=\"\" data-medium-file=\"https:\/\/www.legistdf.gob.ar\/wp-content\/uploads\/2025\/04\/IMG_1436-300x200.jpg\" data-large-file=\"https:\/\/www.legistdf.gob.ar\/wp-content\/uploads\/2025\/04\/IMG_1436-1024x683.jpg\" class=\"size-medium wp-image-45968 alignright\" src=\"https:\/\/www.legistdf.gob.ar\/wp-content\/uploads\/2025\/04\/IMG_1436-300x200.jpg\" alt=\"\" width=\"300\" height=\"200\" srcset=\"https:\/\/www.legistdf.gob.ar\/wp-content\/uploads\/2025\/04\/IMG_1436-300x200.jpg 300w, https:\/\/www.legistdf.gob.ar\/wp-content\/uploads\/2025\/04\/IMG_1436-1024x683.jpg 1024w, https:\/\/www.legistdf.gob.ar\/wp-content\/uploads\/2025\/04\/IMG_1436-768x512.jpg 768w, https:\/\/www.legistdf.gob.ar\/wp-content\/uploads\/2025\/04\/IMG_1436-160x107.jpg 160w, https:\/\/www.legistdf.gob.ar\/wp-content\/uploads\/2025\/04\/IMG_1436.jpg 1500w\" sizes=\"(max-width: 300px) 100vw, 300px\" \/>Durante el encuentro, que presidi\u00f3 el legislador Federico Greve (FORJA), la Comisi\u00f3n de Legislaci\u00f3n General ahond\u00f3 sobre aspectos vinculados a la instalaci\u00f3n de postes de quebracho; estacas; alambrado de 10,5 km \u201cespec\u00edfico\u201d de 7 hilos; la puesta en condiciones de la calzada y aspectos t\u00e9cnicos como la firma del convenio con el propietario de las tierras. Informaron que a la actualidad, se lleva adelante el 30% de avance de la obra.<\/span><\/p>\n<p>&nbsp;<\/p>\n<p><span style=\"font-family: arial, helvetica, sans-serif;font-size: 12pt\">La funcionaria se\u00f1al\u00f3 que la conclusi\u00f3n de la obra es prioritaria para la gesti\u00f3n. \u201cPudimos establecer un buen di\u00e1logo con el propietario para avanzar\u201d con los trabajos. En este sentido afirm\u00f3 que se trata de \u201cuna apertura sumamente necesaria para R\u00edo Grande, no solo para el sector de la margen sur, que bien sabemos que va a ser una salida alternativa m\u00e1s alla del puente\u201d General Mosconi y entendi\u00f3 que beneficiar\u00e1 a la flota pesada que ingresar\u00e1 por ese camino desde el sur.<\/span><\/p>\n<p>&nbsp;<\/p>\n<p><span style=\"font-family: arial, helvetica, sans-serif;font-size: 12pt\"><img loading=\"lazy\" decoding=\"async\" data-attachment-id=\"45970\" data-permalink=\"https:\/\/www.legistdf.gob.ar\/index.php\/2025\/04\/04\/vialidad-esperan-aperturar-la-ruta-provincial-no-7-en-mayo-proximo\/img_1449-2\/\" data-orig-file=\"https:\/\/www.legistdf.gob.ar\/wp-content\/uploads\/2025\/04\/IMG_1449.jpg\" data-orig-size=\"1500,1000\" data-comments-opened=\"0\" data-image-meta=\"{&quot;aperture&quot;:&quot;0&quot;,&quot;credit&quot;:&quot;&quot;,&quot;camera&quot;:&quot;&quot;,&quot;caption&quot;:&quot;&quot;,&quot;created_timestamp&quot;:&quot;0&quot;,&quot;copyright&quot;:&quot;&quot;,&quot;focal_length&quot;:&quot;0&quot;,&quot;iso&quot;:&quot;0&quot;,&quot;shutter_speed&quot;:&quot;0&quot;,&quot;title&quot;:&quot;&quot;,&quot;orientation&quot;:&quot;0&quot;}\" data-image-title=\"IMG_1449\" data-image-description=\"\" data-image-caption=\"\" data-medium-file=\"https:\/\/www.legistdf.gob.ar\/wp-content\/uploads\/2025\/04\/IMG_1449-300x200.jpg\" data-large-file=\"https:\/\/www.legistdf.gob.ar\/wp-content\/uploads\/2025\/04\/IMG_1449-1024x683.jpg\" class=\"size-medium wp-image-45970 alignleft\" src=\"https:\/\/www.legistdf.gob.ar\/wp-content\/uploads\/2025\/04\/IMG_1449-300x200.jpg\" alt=\"\" width=\"300\" height=\"200\" srcset=\"https:\/\/www.legistdf.gob.ar\/wp-content\/uploads\/2025\/04\/IMG_1449-300x200.jpg 300w, https:\/\/www.legistdf.gob.ar\/wp-content\/uploads\/2025\/04\/IMG_1449-1024x683.jpg 1024w, https:\/\/www.legistdf.gob.ar\/wp-content\/uploads\/2025\/04\/IMG_1449-768x512.jpg 768w, https:\/\/www.legistdf.gob.ar\/wp-content\/uploads\/2025\/04\/IMG_1449-160x107.jpg 160w, https:\/\/www.legistdf.gob.ar\/wp-content\/uploads\/2025\/04\/IMG_1449.jpg 1500w\" sizes=\"(max-width: 300px) 100vw, 300px\" \/>El legislador Mat\u00edas Lapadula, del bloque Provincia Grande, agradeci\u00f3 la presencia de la funcionaria y consult\u00f3 acerca de la participaci\u00f3n de la repartici\u00f3n provincial en la suscripci\u00f3n del convenio. Al respecto, lament\u00f3 que ese documento no se haya remitido a la Legislatura y resalt\u00f3 que se solicita la derogaci\u00f3n de una Ley provincial. En este sentido, desde el \u00e1ea de Gobieno, aclararon que la participaci\u00f3n de la DPV es de \u00edndole t\u00e9cnica: \u201cNosostros fuimos llamados para ejecutar la obra\u201d, sostuvo Zarantonello.<\/span><\/p>\n<p>&nbsp;<\/p>\n<p><span style=\"font-family: arial, helvetica, sans-serif;font-size: 12pt\">En tanto, Vuoto se\u00f1al\u00f3 que la apertura depende de las condiciones del tiempo, \u201csi llueve mucho o hay mucho viento se demoran los trabajos\u201d y aclar\u00f3 que se trata de un hecho superlativo en el que insisten junto al legislador Juan Carlos Pino: \u201cEs muy importante y tiene que ser una realidad\u201d, dijo a Prensa Legislativa.<\/span><\/p>\n<p>&nbsp;<\/p>\n<p><span style=\"font-family: arial, helvetica, sans-serif;font-size: 12pt\"><img loading=\"lazy\" decoding=\"async\" data-attachment-id=\"45971\" data-permalink=\"https:\/\/www.legistdf.gob.ar\/index.php\/2025\/04\/04\/vialidad-esperan-aperturar-la-ruta-provincial-no-7-en-mayo-proximo\/img_1313-3\/\" data-orig-file=\"https:\/\/www.legistdf.gob.ar\/wp-content\/uploads\/2025\/04\/IMG_1313.jpg\" data-orig-size=\"1500,1000\" data-comments-opened=\"0\" data-image-meta=\"{&quot;aperture&quot;:&quot;0&quot;,&quot;credit&quot;:&quot;&quot;,&quot;camera&quot;:&quot;&quot;,&quot;caption&quot;:&quot;&quot;,&quot;created_timestamp&quot;:&quot;0&quot;,&quot;copyright&quot;:&quot;&quot;,&quot;focal_length&quot;:&quot;0&quot;,&quot;iso&quot;:&quot;0&quot;,&quot;shutter_speed&quot;:&quot;0&quot;,&quot;title&quot;:&quot;&quot;,&quot;orientation&quot;:&quot;0&quot;}\" data-image-title=\"IMG_1313\" data-image-description=\"\" data-image-caption=\"\" data-medium-file=\"https:\/\/www.legistdf.gob.ar\/wp-content\/uploads\/2025\/04\/IMG_1313-300x200.jpg\" data-large-file=\"https:\/\/www.legistdf.gob.ar\/wp-content\/uploads\/2025\/04\/IMG_1313-1024x683.jpg\" class=\"size-medium wp-image-45971 alignright\" src=\"https:\/\/www.legistdf.gob.ar\/wp-content\/uploads\/2025\/04\/IMG_1313-300x200.jpg\" alt=\"\" width=\"300\" height=\"200\" srcset=\"https:\/\/www.legistdf.gob.ar\/wp-content\/uploads\/2025\/04\/IMG_1313-300x200.jpg 300w, https:\/\/www.legistdf.gob.ar\/wp-content\/uploads\/2025\/04\/IMG_1313-1024x683.jpg 1024w, https:\/\/www.legistdf.gob.ar\/wp-content\/uploads\/2025\/04\/IMG_1313-768x512.jpg 768w, https:\/\/www.legistdf.gob.ar\/wp-content\/uploads\/2025\/04\/IMG_1313-160x107.jpg 160w, https:\/\/www.legistdf.gob.ar\/wp-content\/uploads\/2025\/04\/IMG_1313.jpg 1500w\" sizes=\"(max-width: 300px) 100vw, 300px\" \/>En otro orden, la Parlamentaria manifest\u00f3 la preocupaci\u00f3n de la Legislatura ante la \u201csituaci\u00f3n jur\u00eddica de la ruta, que es a resolver a posteriori\u201d y describi\u00f3 que se hab\u00eda dictado una expropiaci\u00f3n, judicializada y agreg\u00f3: \u201cHay que pensar hacia adelante, es importante que se concrete para que haya seguridad para todos. Para el privado, para el Estado y para los vecinos que van a transitar por esa ruta\u201d, cerr\u00f3.<\/span><\/p>\n<p>&nbsp;<\/p>\n<p>&nbsp;<\/p>\n<blockquote class=\"wp-embedded-content\" data-secret=\"AsWbmUJmV5\"><p><a href=\"https:\/\/www.legistdf.gob.ar\/index.php\/2025\/03\/31\/comisiones-anuncian-encuentro-para-abordar-situacion-de-la-ruta-provincial-no-7-ara-san-blas\/\">COMISIONES: Anuncian encuentro para abordar situaci\u00f3n de la ruta provincial N\u00ba 7 &#8211; ARA San Blas<\/a><\/p><\/blockquote>\n<p><iframe class=\"wp-embedded-content\" sandbox=\"allow-scripts\" security=\"restricted\" style=\"position: absolute; clip: rect(1px, 1px, 1px, 1px);\" title=\"\u00abCOMISIONES: Anuncian encuentro para abordar situaci\u00f3n de la ruta provincial N\u00ba 7 &#8211; ARA San Blas\u00bb \u2014 Legislatura TDF A.I.A.S.\" src=\"https:\/\/www.legistdf.gob.ar\/index.php\/2025\/03\/31\/comisiones-anuncian-encuentro-para-abordar-situacion-de-la-ruta-provincial-no-7-ara-san-blas\/embed\/#?secret=XdyDb2kJ9C#?secret=AsWbmUJmV5\" data-secret=\"AsWbmUJmV5\" width=\"600\" height=\"338\" frameborder=\"0\" marginwidth=\"0\" marginheight=\"0\" scrolling=\"no\"><\/iframe><\/p>\n<p style=\"text-align: right\"><em>AT<\/em><\/p>\n\n\t\t<style type=\"text\/css\">\n\t\t\t#gallery-1 {\n\t\t\t\tmargin: auto;\n\t\t\t}\n\t\t\t#gallery-1 .gallery-item {\n\t\t\t\tfloat: left;\n\t\t\t\tmargin-top: 10px;\n\t\t\t\ttext-align: center;\n\t\t\t\twidth: 25%;\n\t\t\t}\n\t\t\t#gallery-1 img {\n\t\t\t\tborder: 2px solid #cfcfcf;\n\t\t\t}\n\t\t\t#gallery-1 .gallery-caption {\n\t\t\t\tmargin-left: 0;\n\t\t\t}\n\t\t\t\/* see gallery_shortcode() in wp-includes\/media.php *\/\n\t\t<\/style>\n\t\t<div data-carousel-extra='{\"blog_id\":1,\"permalink\":\"https:\\\/\\\/www.legistdf.gob.ar\\\/index.php\\\/2025\\\/04\\\/04\\\/vialidad-esperan-aperturar-la-ruta-provincial-no-7-en-mayo-proximo\\\/\"}' id='gallery-1' class='gallery galleryid-45966 gallery-columns-4 gallery-size-thumbnail'><dl class='gallery-item'>\n\t\t\t<dt class='gallery-icon landscape'>\n\t\t\t\t<a href='https:\/\/www.legistdf.gob.ar\/index.php\/2025\/04\/04\/vialidad-esperan-aperturar-la-ruta-provincial-no-7-en-mayo-proximo\/img_1425-3\/'><img loading=\"lazy\" decoding=\"async\" width=\"150\" height=\"150\" src=\"https:\/\/www.legistdf.gob.ar\/wp-content\/uploads\/2025\/04\/IMG_1425-150x150.jpg\" class=\"attachment-thumbnail size-thumbnail\" alt=\"\" srcset=\"https:\/\/www.legistdf.gob.ar\/wp-content\/uploads\/2025\/04\/IMG_1425-150x150.jpg 150w, https:\/\/www.legistdf.gob.ar\/wp-content\/uploads\/2025\/04\/IMG_1425-64x64.jpg 64w\" sizes=\"(max-width: 150px) 100vw, 150px\" data-attachment-id=\"45967\" data-permalink=\"https:\/\/www.legistdf.gob.ar\/index.php\/2025\/04\/04\/vialidad-esperan-aperturar-la-ruta-provincial-no-7-en-mayo-proximo\/img_1425-3\/\" data-orig-file=\"https:\/\/www.legistdf.gob.ar\/wp-content\/uploads\/2025\/04\/IMG_1425.jpg\" data-orig-size=\"1500,1000\" data-comments-opened=\"0\" data-image-meta=\"{&quot;aperture&quot;:&quot;0&quot;,&quot;credit&quot;:&quot;&quot;,&quot;camera&quot;:&quot;&quot;,&quot;caption&quot;:&quot;&quot;,&quot;created_timestamp&quot;:&quot;0&quot;,&quot;copyright&quot;:&quot;&quot;,&quot;focal_length&quot;:&quot;0&quot;,&quot;iso&quot;:&quot;0&quot;,&quot;shutter_speed&quot;:&quot;0&quot;,&quot;title&quot;:&quot;&quot;,&quot;orientation&quot;:&quot;0&quot;}\" data-image-title=\"IMG_1425\" data-image-description=\"\" data-image-caption=\"\" data-medium-file=\"https:\/\/www.legistdf.gob.ar\/wp-content\/uploads\/2025\/04\/IMG_1425-300x200.jpg\" data-large-file=\"https:\/\/www.legistdf.gob.ar\/wp-content\/uploads\/2025\/04\/IMG_1425-1024x683.jpg\" \/><\/a>\n\t\t\t<\/dt><\/dl><dl class='gallery-item'>\n\t\t\t<dt class='gallery-icon landscape'>\n\t\t\t\t<a href='https:\/\/www.legistdf.gob.ar\/index.php\/2025\/04\/04\/vialidad-esperan-aperturar-la-ruta-provincial-no-7-en-mayo-proximo\/img_1436-3\/'><img loading=\"lazy\" decoding=\"async\" width=\"150\" height=\"150\" src=\"https:\/\/www.legistdf.gob.ar\/wp-content\/uploads\/2025\/04\/IMG_1436-150x150.jpg\" class=\"attachment-thumbnail size-thumbnail\" alt=\"\" srcset=\"https:\/\/www.legistdf.gob.ar\/wp-content\/uploads\/2025\/04\/IMG_1436-150x150.jpg 150w, https:\/\/www.legistdf.gob.ar\/wp-content\/uploads\/2025\/04\/IMG_1436-64x64.jpg 64w\" sizes=\"(max-width: 150px) 100vw, 150px\" data-attachment-id=\"45968\" data-permalink=\"https:\/\/www.legistdf.gob.ar\/index.php\/2025\/04\/04\/vialidad-esperan-aperturar-la-ruta-provincial-no-7-en-mayo-proximo\/img_1436-3\/\" data-orig-file=\"https:\/\/www.legistdf.gob.ar\/wp-content\/uploads\/2025\/04\/IMG_1436.jpg\" data-orig-size=\"1500,1000\" data-comments-opened=\"0\" data-image-meta=\"{&quot;aperture&quot;:&quot;0&quot;,&quot;credit&quot;:&quot;&quot;,&quot;camera&quot;:&quot;&quot;,&quot;caption&quot;:&quot;&quot;,&quot;created_timestamp&quot;:&quot;0&quot;,&quot;copyright&quot;:&quot;&quot;,&quot;focal_length&quot;:&quot;0&quot;,&quot;iso&quot;:&quot;0&quot;,&quot;shutter_speed&quot;:&quot;0&quot;,&quot;title&quot;:&quot;&quot;,&quot;orientation&quot;:&quot;0&quot;}\" data-image-title=\"IMG_1436\" data-image-description=\"\" data-image-caption=\"\" data-medium-file=\"https:\/\/www.legistdf.gob.ar\/wp-content\/uploads\/2025\/04\/IMG_1436-300x200.jpg\" data-large-file=\"https:\/\/www.legistdf.gob.ar\/wp-content\/uploads\/2025\/04\/IMG_1436-1024x683.jpg\" \/><\/a>\n\t\t\t<\/dt><\/dl><dl class='gallery-item'>\n\t\t\t<dt class='gallery-icon landscape'>\n\t\t\t\t<a href='https:\/\/www.legistdf.gob.ar\/index.php\/2025\/04\/04\/vialidad-esperan-aperturar-la-ruta-provincial-no-7-en-mayo-proximo\/img_1440-2\/'><img loading=\"lazy\" decoding=\"async\" width=\"150\" height=\"150\" src=\"https:\/\/www.legistdf.gob.ar\/wp-content\/uploads\/2025\/04\/IMG_1440-150x150.jpg\" class=\"attachment-thumbnail size-thumbnail\" alt=\"\" srcset=\"https:\/\/www.legistdf.gob.ar\/wp-content\/uploads\/2025\/04\/IMG_1440-150x150.jpg 150w, https:\/\/www.legistdf.gob.ar\/wp-content\/uploads\/2025\/04\/IMG_1440-64x64.jpg 64w\" sizes=\"(max-width: 150px) 100vw, 150px\" data-attachment-id=\"45969\" data-permalink=\"https:\/\/www.legistdf.gob.ar\/index.php\/2025\/04\/04\/vialidad-esperan-aperturar-la-ruta-provincial-no-7-en-mayo-proximo\/img_1440-2\/\" data-orig-file=\"https:\/\/www.legistdf.gob.ar\/wp-content\/uploads\/2025\/04\/IMG_1440.jpg\" data-orig-size=\"1500,1000\" data-comments-opened=\"0\" data-image-meta=\"{&quot;aperture&quot;:&quot;0&quot;,&quot;credit&quot;:&quot;&quot;,&quot;camera&quot;:&quot;&quot;,&quot;caption&quot;:&quot;&quot;,&quot;created_timestamp&quot;:&quot;0&quot;,&quot;copyright&quot;:&quot;&quot;,&quot;focal_length&quot;:&quot;0&quot;,&quot;iso&quot;:&quot;0&quot;,&quot;shutter_speed&quot;:&quot;0&quot;,&quot;title&quot;:&quot;&quot;,&quot;orientation&quot;:&quot;0&quot;}\" data-image-title=\"IMG_1440\" data-image-description=\"\" data-image-caption=\"\" data-medium-file=\"https:\/\/www.legistdf.gob.ar\/wp-content\/uploads\/2025\/04\/IMG_1440-300x200.jpg\" data-large-file=\"https:\/\/www.legistdf.gob.ar\/wp-content\/uploads\/2025\/04\/IMG_1440-1024x683.jpg\" \/><\/a>\n\t\t\t<\/dt><\/dl><dl class='gallery-item'>\n\t\t\t<dt class='gallery-icon landscape'>\n\t\t\t\t<a href='https:\/\/www.legistdf.gob.ar\/index.php\/2025\/04\/04\/vialidad-esperan-aperturar-la-ruta-provincial-no-7-en-mayo-proximo\/img_1449-2\/'><img loading=\"lazy\" decoding=\"async\" width=\"150\" height=\"150\" src=\"https:\/\/www.legistdf.gob.ar\/wp-content\/uploads\/2025\/04\/IMG_1449-150x150.jpg\" class=\"attachment-thumbnail size-thumbnail\" alt=\"\" srcset=\"https:\/\/www.legistdf.gob.ar\/wp-content\/uploads\/2025\/04\/IMG_1449-150x150.jpg 150w, https:\/\/www.legistdf.gob.ar\/wp-content\/uploads\/2025\/04\/IMG_1449-64x64.jpg 64w\" sizes=\"(max-width: 150px) 100vw, 150px\" data-attachment-id=\"45970\" data-permalink=\"https:\/\/www.legistdf.gob.ar\/index.php\/2025\/04\/04\/vialidad-esperan-aperturar-la-ruta-provincial-no-7-en-mayo-proximo\/img_1449-2\/\" data-orig-file=\"https:\/\/www.legistdf.gob.ar\/wp-content\/uploads\/2025\/04\/IMG_1449.jpg\" data-orig-size=\"1500,1000\" data-comments-opened=\"0\" data-image-meta=\"{&quot;aperture&quot;:&quot;0&quot;,&quot;credit&quot;:&quot;&quot;,&quot;camera&quot;:&quot;&quot;,&quot;caption&quot;:&quot;&quot;,&quot;created_timestamp&quot;:&quot;0&quot;,&quot;copyright&quot;:&quot;&quot;,&quot;focal_length&quot;:&quot;0&quot;,&quot;iso&quot;:&quot;0&quot;,&quot;shutter_speed&quot;:&quot;0&quot;,&quot;title&quot;:&quot;&quot;,&quot;orientation&quot;:&quot;0&quot;}\" data-image-title=\"IMG_1449\" data-image-description=\"\" data-image-caption=\"\" data-medium-file=\"https:\/\/www.legistdf.gob.ar\/wp-content\/uploads\/2025\/04\/IMG_1449-300x200.jpg\" data-large-file=\"https:\/\/www.legistdf.gob.ar\/wp-content\/uploads\/2025\/04\/IMG_1449-1024x683.jpg\" \/><\/a>\n\t\t\t<\/dt><\/dl><br style=\"clear: both\" \/>\n\t\t<\/div>\n\n","protected":false},"excerpt":{"rendered":"<p>Ushuaia, viernes 4 de abril de 2025.- La Legislatura recibi\u00f3 a la titular de la Direcci\u00f3n Provincial de Vialidad (DPV), Ileana Zarantonello y su equipo t\u00e9cnico quienes dieron detalles sobre la puesta en funciones de la ruta provincial N\u00ba 7 ARA San Blas. En base a dos pedidos de informes \u2013del PJ y del BPG-, [&hellip;]<\/p>\n","protected":false},"author":352,"featured_media":45967,"comment_status":"closed","ping_status":"closed","sticky":false,"template":"","format":"standard","meta":{"jetpack_post_was_ever_published":false,"_jetpack_newsletter_access":"","_jetpack_dont_email_post_to_subs":false,"_jetpack_newsletter_tier_id":0,"footnotes":"","jetpack_publicize_message":"","jetpack_publicize_feature_enabled":true,"jetpack_social_post_already_shared":true,"jetpack_social_options":{"image_generator_settings":{"template":"highway","enabled":false}}},"categories":[1],"tags":[84,1816,85,2168,3234,3537,79,87,2070],"jetpack_publicize_connections":[],"jetpack_sharing_enabled":true,"jetpack_featured_media_url":"https:\/\/www.legistdf.gob.ar\/wp-content\/uploads\/2025\/04\/IMG_1425.jpg","jetpack-related-posts":[],"_links":{"self":[{"href":"https:\/\/www.legistdf.gob.ar\/index.php\/wp-json\/wp\/v2\/posts\/45966"}],"collection":[{"href":"https:\/\/www.legistdf.gob.ar\/index.php\/wp-json\/wp\/v2\/posts"}],"about":[{"href":"https:\/\/www.legistdf.gob.ar\/index.php\/wp-json\/wp\/v2\/types\/post"}],"author":[{"embeddable":true,"href":"https:\/\/www.legistdf.gob.ar\/index.php\/wp-json\/wp\/v2\/users\/352"}],"replies":[{"embeddable":true,"href":"https:\/\/www.legistdf.gob.ar\/index.php\/wp-json\/wp\/v2\/comments?post=45966"}],"version-history":[{"count":1,"href":"https:\/\/www.legistdf.gob.ar\/index.php\/wp-json\/wp\/v2\/posts\/45966\/revisions"}],"predecessor-version":[{"id":45972,"href":"https:\/\/www.legistdf.gob.ar\/index.php\/wp-json\/wp\/v2\/posts\/45966\/revisions\/45972"}],"wp:featuredmedia":[{"embeddable":true,"href":"https:\/\/www.legistdf.gob.ar\/index.php\/wp-json\/wp\/v2\/media\/45967"}],"wp:attachment":[{"href":"https:\/\/www.legistdf.gob.ar\/index.php\/wp-json\/wp\/v2\/media?parent=45966"}],"wp:term":[{"taxonomy":"category","embeddable":true,"href":"https:\/\/www.legistdf.gob.ar\/index.php\/wp-json\/wp\/v2\/categories?post=45966"},{"taxonomy":"post_tag","embeddable":true,"href":"https:\/\/www.legistdf.gob.ar\/index.php\/wp-json\/wp\/v2\/tags?post=45966"}],"curies":[{"name":"wp","href":"https:\/\/api.w.org\/{rel}","templated":true}]}}