{"id":46007,"date":"2025-04-09T15:32:41","date_gmt":"2025-04-09T18:32:41","guid":{"rendered":"https:\/\/www.legistdf.gob.ar\/?p=46007"},"modified":"2025-04-09T15:32:41","modified_gmt":"2025-04-09T18:32:41","slug":"juventudes-greve-participo-del-lanzamiento-del-parlamento-juvenil-del-mercosur-2025","status":"publish","type":"post","link":"https:\/\/www.legistdf.gob.ar\/index.php\/2025\/04\/09\/juventudes-greve-participo-del-lanzamiento-del-parlamento-juvenil-del-mercosur-2025\/","title":{"rendered":"JUVENTUDES: Greve particip\u00f3 del lanzamiento del Parlamento Juvenil del MERCOSUR \u00a02025"},"content":{"rendered":"<p><span style=\"font-size: 14pt\"><strong><span style=\"font-family: arial, helvetica, sans-serif\"><img loading=\"lazy\" decoding=\"async\" data-attachment-id=\"46008\" data-permalink=\"https:\/\/www.legistdf.gob.ar\/index.php\/2025\/04\/09\/juventudes-greve-participo-del-lanzamiento-del-parlamento-juvenil-del-mercosur-2025\/1-338\/\" data-orig-file=\"https:\/\/www.legistdf.gob.ar\/wp-content\/uploads\/2025\/04\/1-2.jpg\" data-orig-size=\"1200,801\" data-comments-opened=\"0\" data-image-meta=\"{&quot;aperture&quot;:&quot;5.6&quot;,&quot;credit&quot;:&quot;&quot;,&quot;camera&quot;:&quot;NIKON D750&quot;,&quot;caption&quot;:&quot;&quot;,&quot;created_timestamp&quot;:&quot;1744044249&quot;,&quot;copyright&quot;:&quot;&quot;,&quot;focal_length&quot;:&quot;24&quot;,&quot;iso&quot;:&quot;2500&quot;,&quot;shutter_speed&quot;:&quot;0.008&quot;,&quot;title&quot;:&quot;&quot;,&quot;orientation&quot;:&quot;0&quot;}\" data-image-title=\"1\" data-image-description=\"\" data-image-caption=\"\" data-medium-file=\"https:\/\/www.legistdf.gob.ar\/wp-content\/uploads\/2025\/04\/1-2-300x200.jpg\" data-large-file=\"https:\/\/www.legistdf.gob.ar\/wp-content\/uploads\/2025\/04\/1-2-1024x684.jpg\" class=\"size-medium wp-image-46008 alignleft\" src=\"https:\/\/www.legistdf.gob.ar\/wp-content\/uploads\/2025\/04\/1-2-300x200.jpg\" alt=\"\" width=\"300\" height=\"200\" srcset=\"https:\/\/www.legistdf.gob.ar\/wp-content\/uploads\/2025\/04\/1-2-300x200.jpg 300w, https:\/\/www.legistdf.gob.ar\/wp-content\/uploads\/2025\/04\/1-2-1024x684.jpg 1024w, https:\/\/www.legistdf.gob.ar\/wp-content\/uploads\/2025\/04\/1-2-768x513.jpg 768w, https:\/\/www.legistdf.gob.ar\/wp-content\/uploads\/2025\/04\/1-2-160x107.jpg 160w, https:\/\/www.legistdf.gob.ar\/wp-content\/uploads\/2025\/04\/1-2.jpg 1200w\" sizes=\"(max-width: 300px) 100vw, 300px\" \/>R\u00edo Grande, mi\u00e9rcoles 9 de abril de 2025.- El legislador Federico Greve (FORJA) particip\u00f3 del lanzamiento del Parlamento Juvenil del MERCOSUR que \u00a0llev\u00f3 a cabo la Secretar\u00eda de Pol\u00edticas para las Juventudes, en el Instituto Provincial de Regulaci\u00f3n de Apuestas (IPRA). El referente legislativo se mostr\u00f3 satisfecho por la concreci\u00f3n del evento: \u201cSiempre apoyamos las iniciativas de las juventudes y este espacio visibiliza sus voces, necesidades e inquietudes en torno a la realidad que ellos atraviesan y tambi\u00e9n nos comparten la mirada que poseen hacia el futuro\u201d, mencion\u00f3 Greve.<\/span><\/strong><\/span><\/p>\n<p>&nbsp;<\/p>\n<p><span style=\"font-family: arial, helvetica, sans-serif;font-size: 12pt\">El Legislador destac\u00f3 que se trata de un programa que se realiza gracias a los recursos del Gobierno provincial y agreg\u00f3 que a nivel nacional se encuentra descontinuado.<\/span><\/p>\n<p>&nbsp;<\/p>\n<p><span style=\"font-family: arial, helvetica, sans-serif;font-size: 12pt\"><img loading=\"lazy\" decoding=\"async\" data-attachment-id=\"46010\" data-permalink=\"https:\/\/www.legistdf.gob.ar\/index.php\/2025\/04\/09\/juventudes-greve-participo-del-lanzamiento-del-parlamento-juvenil-del-mercosur-2025\/3-294\/\" data-orig-file=\"https:\/\/www.legistdf.gob.ar\/wp-content\/uploads\/2025\/04\/3-2.jpg\" data-orig-size=\"1200,801\" data-comments-opened=\"0\" data-image-meta=\"{&quot;aperture&quot;:&quot;5.6&quot;,&quot;credit&quot;:&quot;&quot;,&quot;camera&quot;:&quot;NIKON D750&quot;,&quot;caption&quot;:&quot;&quot;,&quot;created_timestamp&quot;:&quot;1744043916&quot;,&quot;copyright&quot;:&quot;&quot;,&quot;focal_length&quot;:&quot;24&quot;,&quot;iso&quot;:&quot;2500&quot;,&quot;shutter_speed&quot;:&quot;0.008&quot;,&quot;title&quot;:&quot;&quot;,&quot;orientation&quot;:&quot;0&quot;}\" data-image-title=\"3\" data-image-description=\"\" data-image-caption=\"\" data-medium-file=\"https:\/\/www.legistdf.gob.ar\/wp-content\/uploads\/2025\/04\/3-2-300x200.jpg\" data-large-file=\"https:\/\/www.legistdf.gob.ar\/wp-content\/uploads\/2025\/04\/3-2-1024x684.jpg\" class=\"size-medium wp-image-46010 alignright\" src=\"https:\/\/www.legistdf.gob.ar\/wp-content\/uploads\/2025\/04\/3-2-300x200.jpg\" alt=\"\" width=\"300\" height=\"200\" srcset=\"https:\/\/www.legistdf.gob.ar\/wp-content\/uploads\/2025\/04\/3-2-300x200.jpg 300w, https:\/\/www.legistdf.gob.ar\/wp-content\/uploads\/2025\/04\/3-2-1024x684.jpg 1024w, https:\/\/www.legistdf.gob.ar\/wp-content\/uploads\/2025\/04\/3-2-768x513.jpg 768w, https:\/\/www.legistdf.gob.ar\/wp-content\/uploads\/2025\/04\/3-2-160x107.jpg 160w, https:\/\/www.legistdf.gob.ar\/wp-content\/uploads\/2025\/04\/3-2.jpg 1200w\" sizes=\"(max-width: 300px) 100vw, 300px\" \/>En ese sentido, indic\u00f3 que representa un esfuerzo de la Administraci\u00f3n fueguina, para darle continuidad y lograr que las juventudes participen en la elaboraci\u00f3n de los documentos, con el objetivo de presentarlos no solo en la Legislatura provincial, sino tambi\u00e9n en el Congreso Nacional.<\/span><\/p>\n<p>&nbsp;<\/p>\n<p><span style=\"font-family: arial, helvetica, sans-serif;font-size: 12pt\">Por su parte la Lic. Ivana Olariaga, secretaria de Pol\u00edticas para las Juventudes, destac\u00f3 la convocatoria y participaci\u00f3n de j\u00f3venes y docentes. Tambi\u00e9n, resalt\u00f3 que este a\u00f1o se trabajar\u00e1 sobre cuatro ejes principales de los ocho que se abordaban en a\u00f1os anteriores, con el prop\u00f3sito de implementarlos en diferentes barrios.<\/span><\/p>\n<p>&nbsp;<\/p>\n<p><span style=\"font-family: arial, helvetica, sans-serif;font-size: 12pt\">Los ejes seleccionados son: equidad, empleo, causa Malvinas e integraci\u00f3n latinoamericana, adem\u00e1s de ambiente y sostenibilidad, y de este modo se unifican los ocho temas previos. Tambi\u00e9n se indic\u00f3 que los documentos presentados por los j\u00f3venes en la instancia legislativa deber\u00e1n ser transversales a las diferentes materias y puestas en com\u00fan, en consideraci\u00f3n a las tem\u00e1ticas que ellos deseen tratar.<\/span><\/p>\n<p>&nbsp;<\/p>\n<p><span style=\"font-family: arial, helvetica, sans-serif;font-size: 12pt\"><img loading=\"lazy\" decoding=\"async\" data-attachment-id=\"46009\" data-permalink=\"https:\/\/www.legistdf.gob.ar\/index.php\/2025\/04\/09\/juventudes-greve-participo-del-lanzamiento-del-parlamento-juvenil-del-mercosur-2025\/2-329\/\" data-orig-file=\"https:\/\/www.legistdf.gob.ar\/wp-content\/uploads\/2025\/04\/2-2.jpg\" data-orig-size=\"1200,801\" data-comments-opened=\"0\" data-image-meta=\"{&quot;aperture&quot;:&quot;5.6&quot;,&quot;credit&quot;:&quot;&quot;,&quot;camera&quot;:&quot;NIKON D750&quot;,&quot;caption&quot;:&quot;&quot;,&quot;created_timestamp&quot;:&quot;1744042994&quot;,&quot;copyright&quot;:&quot;&quot;,&quot;focal_length&quot;:&quot;24&quot;,&quot;iso&quot;:&quot;2500&quot;,&quot;shutter_speed&quot;:&quot;0.0125&quot;,&quot;title&quot;:&quot;&quot;,&quot;orientation&quot;:&quot;0&quot;}\" data-image-title=\"2\" data-image-description=\"\" data-image-caption=\"\" data-medium-file=\"https:\/\/www.legistdf.gob.ar\/wp-content\/uploads\/2025\/04\/2-2-300x200.jpg\" data-large-file=\"https:\/\/www.legistdf.gob.ar\/wp-content\/uploads\/2025\/04\/2-2-1024x684.jpg\" class=\"size-medium wp-image-46009 alignleft\" src=\"https:\/\/www.legistdf.gob.ar\/wp-content\/uploads\/2025\/04\/2-2-300x200.jpg\" alt=\"\" width=\"300\" height=\"200\" srcset=\"https:\/\/www.legistdf.gob.ar\/wp-content\/uploads\/2025\/04\/2-2-300x200.jpg 300w, https:\/\/www.legistdf.gob.ar\/wp-content\/uploads\/2025\/04\/2-2-1024x684.jpg 1024w, https:\/\/www.legistdf.gob.ar\/wp-content\/uploads\/2025\/04\/2-2-768x513.jpg 768w, https:\/\/www.legistdf.gob.ar\/wp-content\/uploads\/2025\/04\/2-2-160x107.jpg 160w, https:\/\/www.legistdf.gob.ar\/wp-content\/uploads\/2025\/04\/2-2.jpg 1200w\" sizes=\"(max-width: 300px) 100vw, 300px\" \/>Hay que recordar que el Parlamento Juvenil del MERCOSUR, -iniciado en 2009 en el marco del Sector Educativo del grupo regional-, se implementa en escuelas secundarias de pa\u00edses como Brasil, Paraguay, Bolivia, Uruguay y Argentina. Su objetivo principal es fortalecer la participaci\u00f3n de las juventudes en el proceso de promoci\u00f3n de la ciudadan\u00eda regional. Adem\u00e1s, fomenta el debate como herramienta para construir conocimiento y la participaci\u00f3n como medio para impulsar la transformaci\u00f3n social.<\/span><\/p>\n<p>&nbsp;<\/p>\n<p><span style=\"font-family: arial, helvetica, sans-serif;font-size: 12pt\">Este a\u00f1o, el programa se presenta como un espacio de construcci\u00f3n colectiva, donde las juventudes participan en instancias formativas previas con el prop\u00f3sito de generar propuestas con impacto. Los debates se organizan en niveles escolar, provincial, nacional e internacional, donde estudiantes elaboran documentos y declaraciones que son presentados ante autoridades educativas nacionales y del sector educativo del bloque.<\/span><\/p>\n<p style=\"text-align: right\"><em>AH-ZV<\/em><\/p>\n<p style=\"text-align: right\"><em><a href=\"https:\/\/drive.google.com\/drive\/folders\/13bjyVEZBpFq7B3m7zt7HT273IuNao0Ln?usp=sharing\" target=\"_blank\" rel=\"noopener\">Galer\u00eda de im\u00e1genes<\/a><\/em><\/p>\n\n\t\t<style type=\"text\/css\">\n\t\t\t#gallery-1 {\n\t\t\t\tmargin: auto;\n\t\t\t}\n\t\t\t#gallery-1 .gallery-item {\n\t\t\t\tfloat: left;\n\t\t\t\tmargin-top: 10px;\n\t\t\t\ttext-align: center;\n\t\t\t\twidth: 33%;\n\t\t\t}\n\t\t\t#gallery-1 img {\n\t\t\t\tborder: 2px solid #cfcfcf;\n\t\t\t}\n\t\t\t#gallery-1 .gallery-caption {\n\t\t\t\tmargin-left: 0;\n\t\t\t}\n\t\t\t\/* see gallery_shortcode() in wp-includes\/media.php *\/\n\t\t<\/style>\n\t\t<div data-carousel-extra='{\"blog_id\":1,\"permalink\":\"https:\\\/\\\/www.legistdf.gob.ar\\\/index.php\\\/2025\\\/04\\\/09\\\/juventudes-greve-participo-del-lanzamiento-del-parlamento-juvenil-del-mercosur-2025\\\/\"}' id='gallery-1' class='gallery galleryid-46007 gallery-columns-3 gallery-size-thumbnail'><dl class='gallery-item'>\n\t\t\t<dt class='gallery-icon landscape'>\n\t\t\t\t<a href='https:\/\/www.legistdf.gob.ar\/index.php\/2025\/04\/09\/juventudes-greve-participo-del-lanzamiento-del-parlamento-juvenil-del-mercosur-2025\/1-338\/'><img loading=\"lazy\" decoding=\"async\" width=\"150\" height=\"150\" src=\"https:\/\/www.legistdf.gob.ar\/wp-content\/uploads\/2025\/04\/1-2-150x150.jpg\" class=\"attachment-thumbnail size-thumbnail\" alt=\"\" srcset=\"https:\/\/www.legistdf.gob.ar\/wp-content\/uploads\/2025\/04\/1-2-150x150.jpg 150w, https:\/\/www.legistdf.gob.ar\/wp-content\/uploads\/2025\/04\/1-2-64x64.jpg 64w\" sizes=\"(max-width: 150px) 100vw, 150px\" data-attachment-id=\"46008\" data-permalink=\"https:\/\/www.legistdf.gob.ar\/index.php\/2025\/04\/09\/juventudes-greve-participo-del-lanzamiento-del-parlamento-juvenil-del-mercosur-2025\/1-338\/\" data-orig-file=\"https:\/\/www.legistdf.gob.ar\/wp-content\/uploads\/2025\/04\/1-2.jpg\" data-orig-size=\"1200,801\" data-comments-opened=\"0\" data-image-meta=\"{&quot;aperture&quot;:&quot;5.6&quot;,&quot;credit&quot;:&quot;&quot;,&quot;camera&quot;:&quot;NIKON D750&quot;,&quot;caption&quot;:&quot;&quot;,&quot;created_timestamp&quot;:&quot;1744044249&quot;,&quot;copyright&quot;:&quot;&quot;,&quot;focal_length&quot;:&quot;24&quot;,&quot;iso&quot;:&quot;2500&quot;,&quot;shutter_speed&quot;:&quot;0.008&quot;,&quot;title&quot;:&quot;&quot;,&quot;orientation&quot;:&quot;0&quot;}\" data-image-title=\"1\" data-image-description=\"\" data-image-caption=\"\" data-medium-file=\"https:\/\/www.legistdf.gob.ar\/wp-content\/uploads\/2025\/04\/1-2-300x200.jpg\" data-large-file=\"https:\/\/www.legistdf.gob.ar\/wp-content\/uploads\/2025\/04\/1-2-1024x684.jpg\" \/><\/a>\n\t\t\t<\/dt><\/dl><dl class='gallery-item'>\n\t\t\t<dt class='gallery-icon landscape'>\n\t\t\t\t<a href='https:\/\/www.legistdf.gob.ar\/index.php\/2025\/04\/09\/juventudes-greve-participo-del-lanzamiento-del-parlamento-juvenil-del-mercosur-2025\/2-329\/'><img loading=\"lazy\" decoding=\"async\" width=\"150\" height=\"150\" src=\"https:\/\/www.legistdf.gob.ar\/wp-content\/uploads\/2025\/04\/2-2-150x150.jpg\" class=\"attachment-thumbnail size-thumbnail\" alt=\"\" srcset=\"https:\/\/www.legistdf.gob.ar\/wp-content\/uploads\/2025\/04\/2-2-150x150.jpg 150w, https:\/\/www.legistdf.gob.ar\/wp-content\/uploads\/2025\/04\/2-2-64x64.jpg 64w\" sizes=\"(max-width: 150px) 100vw, 150px\" data-attachment-id=\"46009\" data-permalink=\"https:\/\/www.legistdf.gob.ar\/index.php\/2025\/04\/09\/juventudes-greve-participo-del-lanzamiento-del-parlamento-juvenil-del-mercosur-2025\/2-329\/\" data-orig-file=\"https:\/\/www.legistdf.gob.ar\/wp-content\/uploads\/2025\/04\/2-2.jpg\" data-orig-size=\"1200,801\" data-comments-opened=\"0\" data-image-meta=\"{&quot;aperture&quot;:&quot;5.6&quot;,&quot;credit&quot;:&quot;&quot;,&quot;camera&quot;:&quot;NIKON D750&quot;,&quot;caption&quot;:&quot;&quot;,&quot;created_timestamp&quot;:&quot;1744042994&quot;,&quot;copyright&quot;:&quot;&quot;,&quot;focal_length&quot;:&quot;24&quot;,&quot;iso&quot;:&quot;2500&quot;,&quot;shutter_speed&quot;:&quot;0.0125&quot;,&quot;title&quot;:&quot;&quot;,&quot;orientation&quot;:&quot;0&quot;}\" data-image-title=\"2\" data-image-description=\"\" data-image-caption=\"\" data-medium-file=\"https:\/\/www.legistdf.gob.ar\/wp-content\/uploads\/2025\/04\/2-2-300x200.jpg\" data-large-file=\"https:\/\/www.legistdf.gob.ar\/wp-content\/uploads\/2025\/04\/2-2-1024x684.jpg\" \/><\/a>\n\t\t\t<\/dt><\/dl><dl class='gallery-item'>\n\t\t\t<dt class='gallery-icon landscape'>\n\t\t\t\t<a href='https:\/\/www.legistdf.gob.ar\/index.php\/2025\/04\/09\/juventudes-greve-participo-del-lanzamiento-del-parlamento-juvenil-del-mercosur-2025\/3-294\/'><img loading=\"lazy\" decoding=\"async\" width=\"150\" height=\"150\" src=\"https:\/\/www.legistdf.gob.ar\/wp-content\/uploads\/2025\/04\/3-2-150x150.jpg\" class=\"attachment-thumbnail size-thumbnail\" alt=\"\" srcset=\"https:\/\/www.legistdf.gob.ar\/wp-content\/uploads\/2025\/04\/3-2-150x150.jpg 150w, https:\/\/www.legistdf.gob.ar\/wp-content\/uploads\/2025\/04\/3-2-64x64.jpg 64w\" sizes=\"(max-width: 150px) 100vw, 150px\" data-attachment-id=\"46010\" data-permalink=\"https:\/\/www.legistdf.gob.ar\/index.php\/2025\/04\/09\/juventudes-greve-participo-del-lanzamiento-del-parlamento-juvenil-del-mercosur-2025\/3-294\/\" data-orig-file=\"https:\/\/www.legistdf.gob.ar\/wp-content\/uploads\/2025\/04\/3-2.jpg\" data-orig-size=\"1200,801\" data-comments-opened=\"0\" data-image-meta=\"{&quot;aperture&quot;:&quot;5.6&quot;,&quot;credit&quot;:&quot;&quot;,&quot;camera&quot;:&quot;NIKON D750&quot;,&quot;caption&quot;:&quot;&quot;,&quot;created_timestamp&quot;:&quot;1744043916&quot;,&quot;copyright&quot;:&quot;&quot;,&quot;focal_length&quot;:&quot;24&quot;,&quot;iso&quot;:&quot;2500&quot;,&quot;shutter_speed&quot;:&quot;0.008&quot;,&quot;title&quot;:&quot;&quot;,&quot;orientation&quot;:&quot;0&quot;}\" data-image-title=\"3\" data-image-description=\"\" data-image-caption=\"\" data-medium-file=\"https:\/\/www.legistdf.gob.ar\/wp-content\/uploads\/2025\/04\/3-2-300x200.jpg\" data-large-file=\"https:\/\/www.legistdf.gob.ar\/wp-content\/uploads\/2025\/04\/3-2-1024x684.jpg\" \/><\/a>\n\t\t\t<\/dt><\/dl><br style=\"clear: both\" \/>\n\t\t<\/div>\n\n","protected":false},"excerpt":{"rendered":"<p>R\u00edo Grande, mi\u00e9rcoles 9 de abril de 2025.- El legislador Federico Greve (FORJA) particip\u00f3 del lanzamiento del Parlamento Juvenil del MERCOSUR que \u00a0llev\u00f3 a cabo la Secretar\u00eda de Pol\u00edticas para las Juventudes, en el Instituto Provincial de Regulaci\u00f3n de Apuestas (IPRA). El referente legislativo se mostr\u00f3 satisfecho por la concreci\u00f3n del evento: \u201cSiempre apoyamos las [&hellip;]<\/p>\n","protected":false},"author":352,"featured_media":46008,"comment_status":"closed","ping_status":"closed","sticky":false,"template":"","format":"standard","meta":{"jetpack_post_was_ever_published":false,"_jetpack_newsletter_access":"","_jetpack_dont_email_post_to_subs":false,"_jetpack_newsletter_tier_id":0,"footnotes":"","jetpack_publicize_message":"","jetpack_publicize_feature_enabled":true,"jetpack_social_post_already_shared":true,"jetpack_social_options":{"image_generator_settings":{"template":"highway","enabled":false}}},"categories":[1],"tags":[1816,3085,1981,96],"jetpack_publicize_connections":[],"jetpack_sharing_enabled":true,"jetpack_featured_media_url":"https:\/\/www.legistdf.gob.ar\/wp-content\/uploads\/2025\/04\/1-2.jpg","jetpack-related-posts":[],"_links":{"self":[{"href":"https:\/\/www.legistdf.gob.ar\/index.php\/wp-json\/wp\/v2\/posts\/46007"}],"collection":[{"href":"https:\/\/www.legistdf.gob.ar\/index.php\/wp-json\/wp\/v2\/posts"}],"about":[{"href":"https:\/\/www.legistdf.gob.ar\/index.php\/wp-json\/wp\/v2\/types\/post"}],"author":[{"embeddable":true,"href":"https:\/\/www.legistdf.gob.ar\/index.php\/wp-json\/wp\/v2\/users\/352"}],"replies":[{"embeddable":true,"href":"https:\/\/www.legistdf.gob.ar\/index.php\/wp-json\/wp\/v2\/comments?post=46007"}],"version-history":[{"count":1,"href":"https:\/\/www.legistdf.gob.ar\/index.php\/wp-json\/wp\/v2\/posts\/46007\/revisions"}],"predecessor-version":[{"id":46011,"href":"https:\/\/www.legistdf.gob.ar\/index.php\/wp-json\/wp\/v2\/posts\/46007\/revisions\/46011"}],"wp:featuredmedia":[{"embeddable":true,"href":"https:\/\/www.legistdf.gob.ar\/index.php\/wp-json\/wp\/v2\/media\/46008"}],"wp:attachment":[{"href":"https:\/\/www.legistdf.gob.ar\/index.php\/wp-json\/wp\/v2\/media?parent=46007"}],"wp:term":[{"taxonomy":"category","embeddable":true,"href":"https:\/\/www.legistdf.gob.ar\/index.php\/wp-json\/wp\/v2\/categories?post=46007"},{"taxonomy":"post_tag","embeddable":true,"href":"https:\/\/www.legistdf.gob.ar\/index.php\/wp-json\/wp\/v2\/tags?post=46007"}],"curies":[{"name":"wp","href":"https:\/\/api.w.org\/{rel}","templated":true}]}}