{"id":46012,"date":"2025-04-13T18:59:44","date_gmt":"2025-04-13T21:59:44","guid":{"rendered":"https:\/\/www.legistdf.gob.ar\/?p=46012"},"modified":"2025-04-13T18:59:44","modified_gmt":"2025-04-13T21:59:44","slug":"sociedad-lo-que-estan-haciendo-es-poner-el-amor-en-accion-valoro-graciania","status":"publish","type":"post","link":"https:\/\/www.legistdf.gob.ar\/index.php\/2025\/04\/13\/sociedad-lo-que-estan-haciendo-es-poner-el-amor-en-accion-valoro-graciania\/","title":{"rendered":"SOCIEDAD: \u00abLo que est\u00e1n haciendo es poner el amor en acci\u00f3n\u00bb, valor\u00f3 Gracian\u00eda"},"content":{"rendered":"<p><span style=\"font-size: 14pt\"><strong><span style=\"font-family: arial, helvetica, sans-serif\"><img loading=\"lazy\" decoding=\"async\" data-attachment-id=\"46014\" data-permalink=\"https:\/\/www.legistdf.gob.ar\/index.php\/2025\/04\/13\/sociedad-lo-que-estan-haciendo-es-poner-el-amor-en-accion-valoro-graciania\/1-339\/\" data-orig-file=\"https:\/\/www.legistdf.gob.ar\/wp-content\/uploads\/2025\/04\/1-3.jpg\" data-orig-size=\"1200,801\" data-comments-opened=\"0\" data-image-meta=\"{&quot;aperture&quot;:&quot;5.6&quot;,&quot;credit&quot;:&quot;&quot;,&quot;camera&quot;:&quot;NIKON D750&quot;,&quot;caption&quot;:&quot;&quot;,&quot;created_timestamp&quot;:&quot;1744201428&quot;,&quot;copyright&quot;:&quot;&quot;,&quot;focal_length&quot;:&quot;24&quot;,&quot;iso&quot;:&quot;2000&quot;,&quot;shutter_speed&quot;:&quot;0.01&quot;,&quot;title&quot;:&quot;&quot;,&quot;orientation&quot;:&quot;0&quot;}\" data-image-title=\"1\" data-image-description=\"\" data-image-caption=\"\" data-medium-file=\"https:\/\/www.legistdf.gob.ar\/wp-content\/uploads\/2025\/04\/1-3-300x200.jpg\" data-large-file=\"https:\/\/www.legistdf.gob.ar\/wp-content\/uploads\/2025\/04\/1-3-1024x684.jpg\" class=\"size-medium wp-image-46014 alignright\" src=\"https:\/\/www.legistdf.gob.ar\/wp-content\/uploads\/2025\/04\/1-3-300x200.jpg\" alt=\"\" width=\"300\" height=\"200\" srcset=\"https:\/\/www.legistdf.gob.ar\/wp-content\/uploads\/2025\/04\/1-3-300x200.jpg 300w, https:\/\/www.legistdf.gob.ar\/wp-content\/uploads\/2025\/04\/1-3-1024x684.jpg 1024w, https:\/\/www.legistdf.gob.ar\/wp-content\/uploads\/2025\/04\/1-3-768x513.jpg 768w, https:\/\/www.legistdf.gob.ar\/wp-content\/uploads\/2025\/04\/1-3-160x107.jpg 160w, https:\/\/www.legistdf.gob.ar\/wp-content\/uploads\/2025\/04\/1-3.jpg 1200w\" sizes=\"(max-width: 300px) 100vw, 300px\" \/>R\u00edo Grande, domingo 13 de abril de 2025.- Las Legisladoras Mar\u00eda Laura Colazo (PV) y Natalia Gracian\u00eda (LLA) participaron en el acto por el 14\u00b0 aniversario de la Fundaci\u00f3n DAR. Durante la ceremonia se hizo entrega de la declaraci\u00f3n de inter\u00e9s provincial al Dr. \u00c1lvaro Diez por la presencia y la capacitaci\u00f3n que brindar\u00e1. Resaltaron la labor de la fundaci\u00f3n en el tratamiento y la prevenci\u00f3n de la desnutrici\u00f3n infantil que brind\u00f3 apoyo a m\u00e1s de 400 familias desde su creaci\u00f3n.<\/span><\/strong><\/span><\/p>\n<p>&nbsp;<\/p>\n<p><span style=\"font-family: arial, helvetica, sans-serif;font-size: 12pt\">La legisladora Gracian\u00eda expres\u00f3 su reconocimiento a los voluntarios de la instituci\u00f3n, resalt\u00f3 su vocaci\u00f3n de servicio y compromiso con las familias a las que asisten. En sus palabras destac\u00f3: \u201cLos voluntarios ofrecen un trabajo tan comprometido, lo hacen porque tienen una gran vocaci\u00f3n de servicio, y lo que est\u00e1n haciendo es poner el amor en acci\u00f3n\u201d. Asimismo subray\u00f3 que la Fundaci\u00f3n DAR es parte del programa CONIN, una iniciativa liderada por el Dr. Abel Albino, quien a lo largo de los a\u00f1os ha contribuido a que 45.000 ni\u00f1os superen la desnutrici\u00f3n infantil en Argentina.<\/span><\/p>\n<p>&nbsp;<\/p>\n<p><span style=\"font-family: arial, helvetica, sans-serif;font-size: 12pt\"><img loading=\"lazy\" decoding=\"async\" data-attachment-id=\"46015\" data-permalink=\"https:\/\/www.legistdf.gob.ar\/index.php\/2025\/04\/13\/sociedad-lo-que-estan-haciendo-es-poner-el-amor-en-accion-valoro-graciania\/2-330\/\" data-orig-file=\"https:\/\/www.legistdf.gob.ar\/wp-content\/uploads\/2025\/04\/2-3.jpg\" data-orig-size=\"1200,801\" data-comments-opened=\"0\" data-image-meta=\"{&quot;aperture&quot;:&quot;5.6&quot;,&quot;credit&quot;:&quot;&quot;,&quot;camera&quot;:&quot;NIKON D750&quot;,&quot;caption&quot;:&quot;&quot;,&quot;created_timestamp&quot;:&quot;1744200669&quot;,&quot;copyright&quot;:&quot;&quot;,&quot;focal_length&quot;:&quot;70&quot;,&quot;iso&quot;:&quot;2000&quot;,&quot;shutter_speed&quot;:&quot;0.01&quot;,&quot;title&quot;:&quot;&quot;,&quot;orientation&quot;:&quot;0&quot;}\" data-image-title=\"2\" data-image-description=\"\" data-image-caption=\"\" data-medium-file=\"https:\/\/www.legistdf.gob.ar\/wp-content\/uploads\/2025\/04\/2-3-300x200.jpg\" data-large-file=\"https:\/\/www.legistdf.gob.ar\/wp-content\/uploads\/2025\/04\/2-3-1024x684.jpg\" class=\"size-medium wp-image-46015 alignleft\" src=\"https:\/\/www.legistdf.gob.ar\/wp-content\/uploads\/2025\/04\/2-3-300x200.jpg\" alt=\"\" width=\"300\" height=\"200\" srcset=\"https:\/\/www.legistdf.gob.ar\/wp-content\/uploads\/2025\/04\/2-3-300x200.jpg 300w, https:\/\/www.legistdf.gob.ar\/wp-content\/uploads\/2025\/04\/2-3-1024x684.jpg 1024w, https:\/\/www.legistdf.gob.ar\/wp-content\/uploads\/2025\/04\/2-3-768x513.jpg 768w, https:\/\/www.legistdf.gob.ar\/wp-content\/uploads\/2025\/04\/2-3-160x107.jpg 160w, https:\/\/www.legistdf.gob.ar\/wp-content\/uploads\/2025\/04\/2-3.jpg 1200w\" sizes=\"(max-width: 300px) 100vw, 300px\" \/>Gracian\u00eda evalu\u00f3 la importancia de apoyar proyectos como este, que no solo brindan asistencia directa a familias en situaci\u00f3n de vulnerabilidad, sino que tambi\u00e9n promueven un enfoque integral para garantizar el desarrollo pleno de los ni\u00f1os en sus primeros a\u00f1os de vida.<\/span><\/p>\n<p>&nbsp;<\/p>\n<p><span style=\"font-family: arial, helvetica, sans-serif;font-size: 12pt\">Desde el Parlamento fueguino se puso en valor la presencia del Dr. \u00c1lvaro Diez, m\u00e9dico pediatra y fundador de la Fundaci\u00f3n DAR, quien dar\u00e1 charlas centradas en la importancia de los primeros mil d\u00edas de vida en el desarrollo infantil.<\/span><\/p>\n<p>&nbsp;<\/p>\n<p><span style=\"font-family: arial, helvetica, sans-serif;font-size: 12pt\"><img loading=\"lazy\" decoding=\"async\" data-attachment-id=\"46016\" data-permalink=\"https:\/\/www.legistdf.gob.ar\/index.php\/2025\/04\/13\/sociedad-lo-que-estan-haciendo-es-poner-el-amor-en-accion-valoro-graciania\/3-295\/\" data-orig-file=\"https:\/\/www.legistdf.gob.ar\/wp-content\/uploads\/2025\/04\/3-3.jpg\" data-orig-size=\"1200,801\" data-comments-opened=\"0\" data-image-meta=\"{&quot;aperture&quot;:&quot;8&quot;,&quot;credit&quot;:&quot;&quot;,&quot;camera&quot;:&quot;NIKON D750&quot;,&quot;caption&quot;:&quot;&quot;,&quot;created_timestamp&quot;:&quot;1744195187&quot;,&quot;copyright&quot;:&quot;&quot;,&quot;focal_length&quot;:&quot;24&quot;,&quot;iso&quot;:&quot;250&quot;,&quot;shutter_speed&quot;:&quot;0.004&quot;,&quot;title&quot;:&quot;&quot;,&quot;orientation&quot;:&quot;0&quot;}\" data-image-title=\"3\" data-image-description=\"\" data-image-caption=\"\" data-medium-file=\"https:\/\/www.legistdf.gob.ar\/wp-content\/uploads\/2025\/04\/3-3-300x200.jpg\" data-large-file=\"https:\/\/www.legistdf.gob.ar\/wp-content\/uploads\/2025\/04\/3-3-1024x684.jpg\" class=\"size-medium wp-image-46016 alignright\" src=\"https:\/\/www.legistdf.gob.ar\/wp-content\/uploads\/2025\/04\/3-3-300x200.jpg\" alt=\"\" width=\"300\" height=\"200\" srcset=\"https:\/\/www.legistdf.gob.ar\/wp-content\/uploads\/2025\/04\/3-3-300x200.jpg 300w, https:\/\/www.legistdf.gob.ar\/wp-content\/uploads\/2025\/04\/3-3-1024x684.jpg 1024w, https:\/\/www.legistdf.gob.ar\/wp-content\/uploads\/2025\/04\/3-3-768x513.jpg 768w, https:\/\/www.legistdf.gob.ar\/wp-content\/uploads\/2025\/04\/3-3-160x107.jpg 160w, https:\/\/www.legistdf.gob.ar\/wp-content\/uploads\/2025\/04\/3-3.jpg 1200w\" sizes=\"(max-width: 300px) 100vw, 300px\" \/><\/span><\/p>\n<p><span style=\"font-family: arial, helvetica, sans-serif;font-size: 12pt\">La Fundaci\u00f3n, adem\u00e1s present\u00f3 el programa \u201cEscalando Salud\u201d, enfocado en el tratamiento del sobrepeso y la obesidad infantil mediante un enfoque integral que incluye la salud f\u00edsica y emocional de los ni\u00f1os, as\u00ed como su entorno familiar y social. Este programa complementa las iniciativas ya existentes en la lucha contra la desnutrici\u00f3n infantil.<\/span><\/p>\n<p>&nbsp;<\/p>\n<p><span style=\"font-family: arial, helvetica, sans-serif;font-size: 12pt\">Fundaci\u00f3n DAR es una organizaci\u00f3n sin fines de lucro y forma parte de la RED CONIN, se trata del nodo m\u00e1s austral del pa\u00eds que est\u00e1 compuesto por 43 centros. Entre los objetivos sociales de la organizaci\u00f3n, se destacan: \u00abTratar y prevenir la desnutrici\u00f3n infantil y sus secuelas en ni\u00f1os de 0 a 5 a\u00f1os, formando el crecimiento y desarrollo, mediante la implementaci\u00f3n de programas de trabajo integrales enfocados en la promoci\u00f3n de virtudes humanas, que fomenten la integraci\u00f3n familiar. Concientizar a mujeres embarazadas de la importancia de la nutrici\u00f3n y cuidado del embarazo, promoviendo el valor de la vida desde la concepci\u00f3n. Abordar de forma interdisciplinaria e integral la malnutrici\u00f3n por exceso, el crecimiento y desarrollo de los ni\u00f1os durante la primera infancia con el objetivo de tratar y prevenir patolog\u00edas vinculadas a la estimulaci\u00f3n y crianza, generando un ambiente propicio para alcanzar la igualdad de oportunidades en la vida adulta\u00bb, tal cual sostienen <a href=\"https:\/\/www.facebook.com\/fundaciondarconinrg\/about_contact_and_basic_info?locale=es_LA\" target=\"_blank\" rel=\"noopener\">desde sus redes oficiales<\/a>.<\/span><\/p>\n<p>&nbsp;<\/p>\n<p>La entidad se encuentra ubicada en El Alambrador 146 de R\u00edo Grande.<\/p>\n<p>&nbsp;<\/p>\n<p style=\"text-align: right\"><em>AH-AT<\/em><\/p>\n<p style=\"text-align: right\"><em><a href=\"https:\/\/drive.google.com\/drive\/folders\/1gEe4_waNK1SHVvQsJQCqrDSxv9vZhtEP?usp=sharing\" target=\"_blank\" rel=\"noopener\">Galer\u00eda de im\u00e1genes\u00a0<\/a><\/em><\/p>\n\n\t\t<style type=\"text\/css\">\n\t\t\t#gallery-1 {\n\t\t\t\tmargin: auto;\n\t\t\t}\n\t\t\t#gallery-1 .gallery-item {\n\t\t\t\tfloat: left;\n\t\t\t\tmargin-top: 10px;\n\t\t\t\ttext-align: center;\n\t\t\t\twidth: 25%;\n\t\t\t}\n\t\t\t#gallery-1 img {\n\t\t\t\tborder: 2px solid #cfcfcf;\n\t\t\t}\n\t\t\t#gallery-1 .gallery-caption {\n\t\t\t\tmargin-left: 0;\n\t\t\t}\n\t\t\t\/* see gallery_shortcode() in wp-includes\/media.php *\/\n\t\t<\/style>\n\t\t<div data-carousel-extra='{\"blog_id\":1,\"permalink\":\"https:\\\/\\\/www.legistdf.gob.ar\\\/index.php\\\/2025\\\/04\\\/13\\\/sociedad-lo-que-estan-haciendo-es-poner-el-amor-en-accion-valoro-graciania\\\/\"}' id='gallery-1' class='gallery galleryid-46012 gallery-columns-4 gallery-size-thumbnail'><dl class='gallery-item'>\n\t\t\t<dt class='gallery-icon landscape'>\n\t\t\t\t<a href='https:\/\/www.legistdf.gob.ar\/index.php\/2025\/04\/13\/sociedad-lo-que-estan-haciendo-es-poner-el-amor-en-accion-valoro-graciania\/4-244\/'><img loading=\"lazy\" decoding=\"async\" width=\"150\" height=\"150\" src=\"https:\/\/www.legistdf.gob.ar\/wp-content\/uploads\/2025\/04\/4-2-150x150.jpg\" class=\"attachment-thumbnail size-thumbnail\" alt=\"\" srcset=\"https:\/\/www.legistdf.gob.ar\/wp-content\/uploads\/2025\/04\/4-2-150x150.jpg 150w, https:\/\/www.legistdf.gob.ar\/wp-content\/uploads\/2025\/04\/4-2-64x64.jpg 64w\" sizes=\"(max-width: 150px) 100vw, 150px\" data-attachment-id=\"46017\" data-permalink=\"https:\/\/www.legistdf.gob.ar\/index.php\/2025\/04\/13\/sociedad-lo-que-estan-haciendo-es-poner-el-amor-en-accion-valoro-graciania\/4-244\/\" data-orig-file=\"https:\/\/www.legistdf.gob.ar\/wp-content\/uploads\/2025\/04\/4-2.jpg\" data-orig-size=\"1200,801\" data-comments-opened=\"0\" data-image-meta=\"{&quot;aperture&quot;:&quot;5.6&quot;,&quot;credit&quot;:&quot;&quot;,&quot;camera&quot;:&quot;NIKON D750&quot;,&quot;caption&quot;:&quot;&quot;,&quot;created_timestamp&quot;:&quot;1744200477&quot;,&quot;copyright&quot;:&quot;&quot;,&quot;focal_length&quot;:&quot;24&quot;,&quot;iso&quot;:&quot;2000&quot;,&quot;shutter_speed&quot;:&quot;0.01&quot;,&quot;title&quot;:&quot;&quot;,&quot;orientation&quot;:&quot;0&quot;}\" data-image-title=\"4\" data-image-description=\"\" data-image-caption=\"\" data-medium-file=\"https:\/\/www.legistdf.gob.ar\/wp-content\/uploads\/2025\/04\/4-2-300x200.jpg\" data-large-file=\"https:\/\/www.legistdf.gob.ar\/wp-content\/uploads\/2025\/04\/4-2-1024x684.jpg\" \/><\/a>\n\t\t\t<\/dt><\/dl><dl class='gallery-item'>\n\t\t\t<dt class='gallery-icon landscape'>\n\t\t\t\t<a href='https:\/\/www.legistdf.gob.ar\/index.php\/2025\/04\/13\/sociedad-lo-que-estan-haciendo-es-poner-el-amor-en-accion-valoro-graciania\/3-295\/'><img loading=\"lazy\" decoding=\"async\" width=\"150\" height=\"150\" src=\"https:\/\/www.legistdf.gob.ar\/wp-content\/uploads\/2025\/04\/3-3-150x150.jpg\" class=\"attachment-thumbnail size-thumbnail\" alt=\"\" srcset=\"https:\/\/www.legistdf.gob.ar\/wp-content\/uploads\/2025\/04\/3-3-150x150.jpg 150w, https:\/\/www.legistdf.gob.ar\/wp-content\/uploads\/2025\/04\/3-3-64x64.jpg 64w\" sizes=\"(max-width: 150px) 100vw, 150px\" data-attachment-id=\"46016\" data-permalink=\"https:\/\/www.legistdf.gob.ar\/index.php\/2025\/04\/13\/sociedad-lo-que-estan-haciendo-es-poner-el-amor-en-accion-valoro-graciania\/3-295\/\" data-orig-file=\"https:\/\/www.legistdf.gob.ar\/wp-content\/uploads\/2025\/04\/3-3.jpg\" data-orig-size=\"1200,801\" data-comments-opened=\"0\" data-image-meta=\"{&quot;aperture&quot;:&quot;8&quot;,&quot;credit&quot;:&quot;&quot;,&quot;camera&quot;:&quot;NIKON D750&quot;,&quot;caption&quot;:&quot;&quot;,&quot;created_timestamp&quot;:&quot;1744195187&quot;,&quot;copyright&quot;:&quot;&quot;,&quot;focal_length&quot;:&quot;24&quot;,&quot;iso&quot;:&quot;250&quot;,&quot;shutter_speed&quot;:&quot;0.004&quot;,&quot;title&quot;:&quot;&quot;,&quot;orientation&quot;:&quot;0&quot;}\" data-image-title=\"3\" data-image-description=\"\" data-image-caption=\"\" data-medium-file=\"https:\/\/www.legistdf.gob.ar\/wp-content\/uploads\/2025\/04\/3-3-300x200.jpg\" data-large-file=\"https:\/\/www.legistdf.gob.ar\/wp-content\/uploads\/2025\/04\/3-3-1024x684.jpg\" \/><\/a>\n\t\t\t<\/dt><\/dl><dl class='gallery-item'>\n\t\t\t<dt class='gallery-icon landscape'>\n\t\t\t\t<a href='https:\/\/www.legistdf.gob.ar\/index.php\/2025\/04\/13\/sociedad-lo-que-estan-haciendo-es-poner-el-amor-en-accion-valoro-graciania\/2-330\/'><img loading=\"lazy\" decoding=\"async\" width=\"150\" height=\"150\" src=\"https:\/\/www.legistdf.gob.ar\/wp-content\/uploads\/2025\/04\/2-3-150x150.jpg\" class=\"attachment-thumbnail size-thumbnail\" alt=\"\" srcset=\"https:\/\/www.legistdf.gob.ar\/wp-content\/uploads\/2025\/04\/2-3-150x150.jpg 150w, https:\/\/www.legistdf.gob.ar\/wp-content\/uploads\/2025\/04\/2-3-64x64.jpg 64w\" sizes=\"(max-width: 150px) 100vw, 150px\" data-attachment-id=\"46015\" data-permalink=\"https:\/\/www.legistdf.gob.ar\/index.php\/2025\/04\/13\/sociedad-lo-que-estan-haciendo-es-poner-el-amor-en-accion-valoro-graciania\/2-330\/\" data-orig-file=\"https:\/\/www.legistdf.gob.ar\/wp-content\/uploads\/2025\/04\/2-3.jpg\" data-orig-size=\"1200,801\" data-comments-opened=\"0\" data-image-meta=\"{&quot;aperture&quot;:&quot;5.6&quot;,&quot;credit&quot;:&quot;&quot;,&quot;camera&quot;:&quot;NIKON D750&quot;,&quot;caption&quot;:&quot;&quot;,&quot;created_timestamp&quot;:&quot;1744200669&quot;,&quot;copyright&quot;:&quot;&quot;,&quot;focal_length&quot;:&quot;70&quot;,&quot;iso&quot;:&quot;2000&quot;,&quot;shutter_speed&quot;:&quot;0.01&quot;,&quot;title&quot;:&quot;&quot;,&quot;orientation&quot;:&quot;0&quot;}\" data-image-title=\"2\" data-image-description=\"\" data-image-caption=\"\" data-medium-file=\"https:\/\/www.legistdf.gob.ar\/wp-content\/uploads\/2025\/04\/2-3-300x200.jpg\" data-large-file=\"https:\/\/www.legistdf.gob.ar\/wp-content\/uploads\/2025\/04\/2-3-1024x684.jpg\" \/><\/a>\n\t\t\t<\/dt><\/dl><dl class='gallery-item'>\n\t\t\t<dt class='gallery-icon landscape'>\n\t\t\t\t<a href='https:\/\/www.legistdf.gob.ar\/index.php\/2025\/04\/13\/sociedad-lo-que-estan-haciendo-es-poner-el-amor-en-accion-valoro-graciania\/1-339\/'><img loading=\"lazy\" decoding=\"async\" width=\"150\" height=\"150\" src=\"https:\/\/www.legistdf.gob.ar\/wp-content\/uploads\/2025\/04\/1-3-150x150.jpg\" class=\"attachment-thumbnail size-thumbnail\" alt=\"\" srcset=\"https:\/\/www.legistdf.gob.ar\/wp-content\/uploads\/2025\/04\/1-3-150x150.jpg 150w, https:\/\/www.legistdf.gob.ar\/wp-content\/uploads\/2025\/04\/1-3-64x64.jpg 64w\" sizes=\"(max-width: 150px) 100vw, 150px\" data-attachment-id=\"46014\" data-permalink=\"https:\/\/www.legistdf.gob.ar\/index.php\/2025\/04\/13\/sociedad-lo-que-estan-haciendo-es-poner-el-amor-en-accion-valoro-graciania\/1-339\/\" data-orig-file=\"https:\/\/www.legistdf.gob.ar\/wp-content\/uploads\/2025\/04\/1-3.jpg\" data-orig-size=\"1200,801\" data-comments-opened=\"0\" data-image-meta=\"{&quot;aperture&quot;:&quot;5.6&quot;,&quot;credit&quot;:&quot;&quot;,&quot;camera&quot;:&quot;NIKON D750&quot;,&quot;caption&quot;:&quot;&quot;,&quot;created_timestamp&quot;:&quot;1744201428&quot;,&quot;copyright&quot;:&quot;&quot;,&quot;focal_length&quot;:&quot;24&quot;,&quot;iso&quot;:&quot;2000&quot;,&quot;shutter_speed&quot;:&quot;0.01&quot;,&quot;title&quot;:&quot;&quot;,&quot;orientation&quot;:&quot;0&quot;}\" data-image-title=\"1\" data-image-description=\"\" data-image-caption=\"\" data-medium-file=\"https:\/\/www.legistdf.gob.ar\/wp-content\/uploads\/2025\/04\/1-3-300x200.jpg\" data-large-file=\"https:\/\/www.legistdf.gob.ar\/wp-content\/uploads\/2025\/04\/1-3-1024x684.jpg\" \/><\/a>\n\t\t\t<\/dt><\/dl><br style=\"clear: both\" \/>\n\t\t<\/div>\n\n","protected":false},"excerpt":{"rendered":"<p>R\u00edo Grande, domingo 13 de abril de 2025.- Las Legisladoras Mar\u00eda Laura Colazo (PV) y Natalia Gracian\u00eda (LLA) participaron en el acto por el 14\u00b0 aniversario de la Fundaci\u00f3n DAR. Durante la ceremonia se hizo entrega de la declaraci\u00f3n de inter\u00e9s provincial al Dr. \u00c1lvaro Diez por la presencia y la capacitaci\u00f3n que brindar\u00e1. Resaltaron [&hellip;]<\/p>\n","protected":false},"author":352,"featured_media":46017,"comment_status":"closed","ping_status":"closed","sticky":false,"template":"","format":"standard","meta":{"jetpack_post_was_ever_published":false,"_jetpack_newsletter_access":"","_jetpack_dont_email_post_to_subs":false,"_jetpack_newsletter_tier_id":0,"footnotes":"","jetpack_publicize_message":"","jetpack_publicize_feature_enabled":true,"jetpack_social_post_already_shared":true,"jetpack_social_options":{"image_generator_settings":{"template":"highway","enabled":false}}},"categories":[1],"tags":[78,1876,3221,96,79],"jetpack_publicize_connections":[],"jetpack_sharing_enabled":true,"jetpack_featured_media_url":"https:\/\/www.legistdf.gob.ar\/wp-content\/uploads\/2025\/04\/4-2.jpg","jetpack-related-posts":[],"_links":{"self":[{"href":"https:\/\/www.legistdf.gob.ar\/index.php\/wp-json\/wp\/v2\/posts\/46012"}],"collection":[{"href":"https:\/\/www.legistdf.gob.ar\/index.php\/wp-json\/wp\/v2\/posts"}],"about":[{"href":"https:\/\/www.legistdf.gob.ar\/index.php\/wp-json\/wp\/v2\/types\/post"}],"author":[{"embeddable":true,"href":"https:\/\/www.legistdf.gob.ar\/index.php\/wp-json\/wp\/v2\/users\/352"}],"replies":[{"embeddable":true,"href":"https:\/\/www.legistdf.gob.ar\/index.php\/wp-json\/wp\/v2\/comments?post=46012"}],"version-history":[{"count":1,"href":"https:\/\/www.legistdf.gob.ar\/index.php\/wp-json\/wp\/v2\/posts\/46012\/revisions"}],"predecessor-version":[{"id":46018,"href":"https:\/\/www.legistdf.gob.ar\/index.php\/wp-json\/wp\/v2\/posts\/46012\/revisions\/46018"}],"wp:featuredmedia":[{"embeddable":true,"href":"https:\/\/www.legistdf.gob.ar\/index.php\/wp-json\/wp\/v2\/media\/46017"}],"wp:attachment":[{"href":"https:\/\/www.legistdf.gob.ar\/index.php\/wp-json\/wp\/v2\/media?parent=46012"}],"wp:term":[{"taxonomy":"category","embeddable":true,"href":"https:\/\/www.legistdf.gob.ar\/index.php\/wp-json\/wp\/v2\/categories?post=46012"},{"taxonomy":"post_tag","embeddable":true,"href":"https:\/\/www.legistdf.gob.ar\/index.php\/wp-json\/wp\/v2\/tags?post=46012"}],"curies":[{"name":"wp","href":"https:\/\/api.w.org\/{rel}","templated":true}]}}