{"id":46161,"date":"2025-05-02T11:35:40","date_gmt":"2025-05-02T14:35:40","guid":{"rendered":"https:\/\/www.legistdf.gob.ar\/?p=46161"},"modified":"2025-04-30T11:40:15","modified_gmt":"2025-04-30T14:40:15","slug":"comisiones-analizaran-proyecto-sobre-financiamiento-basico-del-sistema-educativo","status":"publish","type":"post","link":"https:\/\/www.legistdf.gob.ar\/index.php\/2025\/05\/02\/comisiones-analizaran-proyecto-sobre-financiamiento-basico-del-sistema-educativo\/","title":{"rendered":"COMISIONES: Analizar\u00e1n proyecto sobre financiamiento b\u00e1sico del sistema educativo"},"content":{"rendered":"<p><span style=\"font-size: 14pt\"><strong><span style=\"font-family: arial, helvetica, sans-serif\"><img loading=\"lazy\" decoding=\"async\" data-attachment-id=\"45916\" data-permalink=\"https:\/\/www.legistdf.gob.ar\/index.php\/2025\/04\/01\/comisiones-legisladores-y-legisladoras-recibieron-a-gremios-y-sindicatos-para-analizar-la-situacion-de-osef\/img_1047-5\/\" data-orig-file=\"https:\/\/www.legistdf.gob.ar\/wp-content\/uploads\/2025\/04\/IMG_1047.jpg\" data-orig-size=\"1500,1000\" data-comments-opened=\"0\" data-image-meta=\"{&quot;aperture&quot;:&quot;0&quot;,&quot;credit&quot;:&quot;&quot;,&quot;camera&quot;:&quot;&quot;,&quot;caption&quot;:&quot;&quot;,&quot;created_timestamp&quot;:&quot;0&quot;,&quot;copyright&quot;:&quot;&quot;,&quot;focal_length&quot;:&quot;0&quot;,&quot;iso&quot;:&quot;0&quot;,&quot;shutter_speed&quot;:&quot;0&quot;,&quot;title&quot;:&quot;&quot;,&quot;orientation&quot;:&quot;0&quot;}\" data-image-title=\"IMG_1047\" data-image-description=\"\" data-image-caption=\"\" data-medium-file=\"https:\/\/www.legistdf.gob.ar\/wp-content\/uploads\/2025\/04\/IMG_1047-300x200.jpg\" data-large-file=\"https:\/\/www.legistdf.gob.ar\/wp-content\/uploads\/2025\/04\/IMG_1047-1024x683.jpg\" class=\"size-medium wp-image-45916 alignleft\" src=\"https:\/\/www.legistdf.gob.ar\/wp-content\/uploads\/2025\/04\/IMG_1047-300x200.jpg\" alt=\"\" width=\"300\" height=\"200\" srcset=\"https:\/\/www.legistdf.gob.ar\/wp-content\/uploads\/2025\/04\/IMG_1047-300x200.jpg 300w, https:\/\/www.legistdf.gob.ar\/wp-content\/uploads\/2025\/04\/IMG_1047-1024x683.jpg 1024w, https:\/\/www.legistdf.gob.ar\/wp-content\/uploads\/2025\/04\/IMG_1047-768x512.jpg 768w, https:\/\/www.legistdf.gob.ar\/wp-content\/uploads\/2025\/04\/IMG_1047-160x107.jpg 160w, https:\/\/www.legistdf.gob.ar\/wp-content\/uploads\/2025\/04\/IMG_1047.jpg 1500w\" sizes=\"(max-width: 300px) 100vw, 300px\" \/>Ushuaia, viernes 2 de mayo de 2025.- El legislador Federico Sciurano (FORJA) convoc\u00f3 a las y los integrantes de la Comisi\u00f3n de Educaci\u00f3n N\u00b0 4 para dar tratamiento al <a href=\"https:\/\/www.legistdf.gob.ar\/lp\/novedadesip\/Asuntos%20Entrados%202024\/As.%20N%BA%20588-24.pdf\" target=\"_blank\" rel=\"noopener\">asunto N\u00b0 588\/24<\/a> FORJA, SF y PJ proyecto de Ley de Financiamiento B\u00e1sico del sistema educativo.<\/span><\/strong><\/span><\/p>\n<p>&nbsp;<\/p>\n<p><span style=\"font-family: arial, helvetica, sans-serif;font-size: 12pt\">El encuentro est\u00e1 previsto para el martes 6 de mayo desde las 12 h en el sal\u00f3n de Comisiones del edificio de los bloques pol\u00edticos.<\/span><\/p>\n<p>&nbsp;<\/p>\n<p style=\"text-align: right\"><em>AT<\/em><\/p>\n","protected":false},"excerpt":{"rendered":"<p>Ushuaia, viernes 2 de mayo de 2025.- El legislador Federico Sciurano (FORJA) convoc\u00f3 a las y los integrantes de la Comisi\u00f3n de Educaci\u00f3n N\u00b0 4 para dar tratamiento al asunto N\u00b0 588\/24 FORJA, SF y PJ proyecto de Ley de Financiamiento B\u00e1sico del sistema educativo. &nbsp; El encuentro est\u00e1 previsto para el martes 6 de [&hellip;]<\/p>\n","protected":false},"author":352,"featured_media":45916,"comment_status":"closed","ping_status":"closed","sticky":false,"template":"","format":"standard","meta":{"jetpack_post_was_ever_published":false,"_jetpack_newsletter_access":"","_jetpack_dont_email_post_to_subs":false,"_jetpack_newsletter_tier_id":0,"footnotes":"","jetpack_publicize_message":"","jetpack_publicize_feature_enabled":true,"jetpack_social_post_already_shared":true,"jetpack_social_options":{"image_generator_settings":{"template":"highway","enabled":false}}},"categories":[1],"tags":[84,80,78,79,87],"jetpack_publicize_connections":[],"jetpack_sharing_enabled":true,"jetpack_featured_media_url":"https:\/\/www.legistdf.gob.ar\/wp-content\/uploads\/2025\/04\/IMG_1047.jpg","jetpack-related-posts":[],"_links":{"self":[{"href":"https:\/\/www.legistdf.gob.ar\/index.php\/wp-json\/wp\/v2\/posts\/46161"}],"collection":[{"href":"https:\/\/www.legistdf.gob.ar\/index.php\/wp-json\/wp\/v2\/posts"}],"about":[{"href":"https:\/\/www.legistdf.gob.ar\/index.php\/wp-json\/wp\/v2\/types\/post"}],"author":[{"embeddable":true,"href":"https:\/\/www.legistdf.gob.ar\/index.php\/wp-json\/wp\/v2\/users\/352"}],"replies":[{"embeddable":true,"href":"https:\/\/www.legistdf.gob.ar\/index.php\/wp-json\/wp\/v2\/comments?post=46161"}],"version-history":[{"count":1,"href":"https:\/\/www.legistdf.gob.ar\/index.php\/wp-json\/wp\/v2\/posts\/46161\/revisions"}],"predecessor-version":[{"id":46162,"href":"https:\/\/www.legistdf.gob.ar\/index.php\/wp-json\/wp\/v2\/posts\/46161\/revisions\/46162"}],"wp:featuredmedia":[{"embeddable":true,"href":"https:\/\/www.legistdf.gob.ar\/index.php\/wp-json\/wp\/v2\/media\/45916"}],"wp:attachment":[{"href":"https:\/\/www.legistdf.gob.ar\/index.php\/wp-json\/wp\/v2\/media?parent=46161"}],"wp:term":[{"taxonomy":"category","embeddable":true,"href":"https:\/\/www.legistdf.gob.ar\/index.php\/wp-json\/wp\/v2\/categories?post=46161"},{"taxonomy":"post_tag","embeddable":true,"href":"https:\/\/www.legistdf.gob.ar\/index.php\/wp-json\/wp\/v2\/tags?post=46161"}],"curies":[{"name":"wp","href":"https:\/\/api.w.org\/{rel}","templated":true}]}}