{"id":46426,"date":"2025-05-08T16:11:30","date_gmt":"2025-05-08T19:11:30","guid":{"rendered":"https:\/\/www.legistdf.gob.ar\/?p=46426"},"modified":"2025-05-08T16:11:30","modified_gmt":"2025-05-08T19:11:30","slug":"comisiones-salud-publica-abordara-la-coyuntura-de-la-osef-y-cuestiones-sobre-discapacidad","status":"publish","type":"post","link":"https:\/\/www.legistdf.gob.ar\/index.php\/2025\/05\/08\/comisiones-salud-publica-abordara-la-coyuntura-de-la-osef-y-cuestiones-sobre-discapacidad\/","title":{"rendered":"COMISIONES: Salud P\u00fablica abordar\u00e1 la coyuntura de la OSEF y cuestiones sobre discapacidad"},"content":{"rendered":"<p><strong><span style=\"font-family: arial, helvetica, sans-serif;font-size: 14pt\"><img loading=\"lazy\" decoding=\"async\" data-attachment-id=\"46393\" data-permalink=\"https:\/\/www.legistdf.gob.ar\/index.php\/2025\/05\/08\/legislatura-el-tribunal-de-cuentas-senalo-el-deficit-estructural-de-la-osef-y-brindo-recomendaciones\/img_2639-2\/\" data-orig-file=\"https:\/\/www.legistdf.gob.ar\/wp-content\/uploads\/2025\/05\/IMG_2639.jpg\" data-orig-size=\"1500,1000\" data-comments-opened=\"0\" data-image-meta=\"{&quot;aperture&quot;:&quot;5&quot;,&quot;credit&quot;:&quot;&quot;,&quot;camera&quot;:&quot;Canon EOS 6D&quot;,&quot;caption&quot;:&quot;&quot;,&quot;created_timestamp&quot;:&quot;1746542630&quot;,&quot;copyright&quot;:&quot;&quot;,&quot;focal_length&quot;:&quot;70&quot;,&quot;iso&quot;:&quot;800&quot;,&quot;shutter_speed&quot;:&quot;0.0055555555555556&quot;,&quot;title&quot;:&quot;&quot;,&quot;orientation&quot;:&quot;0&quot;}\" data-image-title=\"IMG_2639\" data-image-description=\"\" data-image-caption=\"\" data-medium-file=\"https:\/\/www.legistdf.gob.ar\/wp-content\/uploads\/2025\/05\/IMG_2639-300x200.jpg\" data-large-file=\"https:\/\/www.legistdf.gob.ar\/wp-content\/uploads\/2025\/05\/IMG_2639-1024x683.jpg\" class=\"size-medium wp-image-46393 alignright\" src=\"https:\/\/www.legistdf.gob.ar\/wp-content\/uploads\/2025\/05\/IMG_2639-300x200.jpg\" alt=\"\" width=\"300\" height=\"200\" srcset=\"https:\/\/www.legistdf.gob.ar\/wp-content\/uploads\/2025\/05\/IMG_2639-300x200.jpg 300w, https:\/\/www.legistdf.gob.ar\/wp-content\/uploads\/2025\/05\/IMG_2639-1024x683.jpg 1024w, https:\/\/www.legistdf.gob.ar\/wp-content\/uploads\/2025\/05\/IMG_2639-768x512.jpg 768w, https:\/\/www.legistdf.gob.ar\/wp-content\/uploads\/2025\/05\/IMG_2639-160x107.jpg 160w, https:\/\/www.legistdf.gob.ar\/wp-content\/uploads\/2025\/05\/IMG_2639.jpg 1500w\" sizes=\"(max-width: 300px) 100vw, 300px\" \/>Ushuaia, jueves 8 de mayo de 2025.- La presidenta de la Comisi\u00f3n N\u00ba 5 en la Legislatura, Myriam Mart\u00ednez (FORJA) anunci\u00f3 que dar\u00e1n tratamiento a cuestiones vinculadas a la coyuntura sobre la Obra Social del Estado Fueguino (OSEF), al R\u00e9gimen \u00danico de Pensiones Especiales (RUPE) y asuntos sobre discapacidad. Ser\u00e1 en la reuni\u00f3n de la Comisi\u00f3n de Salud P\u00fablica convocada para el pr\u00f3ximo mi\u00e9rcoles 14 de mayo, desde las 14 h en el edificio de los bloques legislativos. En el encuentro recibir\u00e1n a integrantes de la Fundaci\u00f3n por el Desarrollo Inclusivo y referentes de ONGs. Se espera\u00a0<\/span><\/strong><\/p>\n<p>&nbsp;<\/p>\n<p><span style=\"font-family: arial, helvetica, sans-serif;font-size: 12pt\">Es dable indicar, que se espera la participaci\u00f3n de representantes de Grupo Alto Costo, CAAD R\u00edo Grande, SOEM, Asociaci\u00f3n Civil Padres Tea TDF, y Asociaci\u00f3n Como Vos y Yo, entre otras instituciones.<\/span><\/p>\n<p>&nbsp;<\/p>\n<p style=\"text-align: right\"><em>AT<\/em><\/p>\n","protected":false},"excerpt":{"rendered":"<p>Ushuaia, jueves 8 de mayo de 2025.- La presidenta de la Comisi\u00f3n N\u00ba 5 en la Legislatura, Myriam Mart\u00ednez (FORJA) anunci\u00f3 que dar\u00e1n tratamiento a cuestiones vinculadas a la coyuntura sobre la Obra Social del Estado Fueguino (OSEF), al R\u00e9gimen \u00danico de Pensiones Especiales (RUPE) y asuntos sobre discapacidad. Ser\u00e1 en la reuni\u00f3n de la [&hellip;]<\/p>\n","protected":false},"author":352,"featured_media":45956,"comment_status":"closed","ping_status":"closed","sticky":false,"template":"","format":"standard","meta":{"jetpack_post_was_ever_published":false,"_jetpack_newsletter_access":"","_jetpack_dont_email_post_to_subs":false,"_jetpack_newsletter_tier_id":0,"footnotes":"","jetpack_publicize_message":"","jetpack_publicize_feature_enabled":true,"jetpack_social_post_already_shared":true,"jetpack_social_options":{"image_generator_settings":{"template":"highway","enabled":false}}},"categories":[1],"tags":[84,78,82,154,79],"jetpack_publicize_connections":[],"jetpack_sharing_enabled":true,"jetpack_featured_media_url":"https:\/\/www.legistdf.gob.ar\/wp-content\/uploads\/2025\/04\/IMG_1408.jpg","jetpack-related-posts":[],"_links":{"self":[{"href":"https:\/\/www.legistdf.gob.ar\/index.php\/wp-json\/wp\/v2\/posts\/46426"}],"collection":[{"href":"https:\/\/www.legistdf.gob.ar\/index.php\/wp-json\/wp\/v2\/posts"}],"about":[{"href":"https:\/\/www.legistdf.gob.ar\/index.php\/wp-json\/wp\/v2\/types\/post"}],"author":[{"embeddable":true,"href":"https:\/\/www.legistdf.gob.ar\/index.php\/wp-json\/wp\/v2\/users\/352"}],"replies":[{"embeddable":true,"href":"https:\/\/www.legistdf.gob.ar\/index.php\/wp-json\/wp\/v2\/comments?post=46426"}],"version-history":[{"count":1,"href":"https:\/\/www.legistdf.gob.ar\/index.php\/wp-json\/wp\/v2\/posts\/46426\/revisions"}],"predecessor-version":[{"id":46427,"href":"https:\/\/www.legistdf.gob.ar\/index.php\/wp-json\/wp\/v2\/posts\/46426\/revisions\/46427"}],"wp:featuredmedia":[{"embeddable":true,"href":"https:\/\/www.legistdf.gob.ar\/index.php\/wp-json\/wp\/v2\/media\/45956"}],"wp:attachment":[{"href":"https:\/\/www.legistdf.gob.ar\/index.php\/wp-json\/wp\/v2\/media?parent=46426"}],"wp:term":[{"taxonomy":"category","embeddable":true,"href":"https:\/\/www.legistdf.gob.ar\/index.php\/wp-json\/wp\/v2\/categories?post=46426"},{"taxonomy":"post_tag","embeddable":true,"href":"https:\/\/www.legistdf.gob.ar\/index.php\/wp-json\/wp\/v2\/tags?post=46426"}],"curies":[{"name":"wp","href":"https:\/\/api.w.org\/{rel}","templated":true}]}}