{"id":46809,"date":"2025-06-10T15:28:44","date_gmt":"2025-06-10T18:28:44","guid":{"rendered":"https:\/\/www.legistdf.gob.ar\/?p=46809"},"modified":"2025-06-10T15:28:44","modified_gmt":"2025-06-10T18:28:44","slug":"mujeres-que-inspiran-urquiza-recibio-bomberas-voluntarias-de-ushuaia","status":"publish","type":"post","link":"https:\/\/www.legistdf.gob.ar\/index.php\/2025\/06\/10\/mujeres-que-inspiran-urquiza-recibio-bomberas-voluntarias-de-ushuaia\/","title":{"rendered":"MUJERES QUE INSPIRAN: Urquiza recibi\u00f3 bomberas voluntarias de Ushuaia"},"content":{"rendered":"<p><strong><span style=\"font-family: arial, helvetica, sans-serif;font-size: 14pt\"><img loading=\"lazy\" decoding=\"async\" data-attachment-id=\"46811\" data-permalink=\"https:\/\/www.legistdf.gob.ar\/index.php\/2025\/06\/10\/mujeres-que-inspiran-urquiza-recibio-bomberas-voluntarias-de-ushuaia\/whatsapp-image-2025-06-09-at-16-36-33-2\/\" data-orig-file=\"https:\/\/www.legistdf.gob.ar\/wp-content\/uploads\/2025\/06\/WhatsApp-Image-2025-06-09-at-16.36.33-2-scaled.jpeg\" data-orig-size=\"2560,1441\" data-comments-opened=\"0\" data-image-meta=\"{&quot;aperture&quot;:&quot;0&quot;,&quot;credit&quot;:&quot;&quot;,&quot;camera&quot;:&quot;&quot;,&quot;caption&quot;:&quot;&quot;,&quot;created_timestamp&quot;:&quot;0&quot;,&quot;copyright&quot;:&quot;&quot;,&quot;focal_length&quot;:&quot;0&quot;,&quot;iso&quot;:&quot;0&quot;,&quot;shutter_speed&quot;:&quot;0&quot;,&quot;title&quot;:&quot;&quot;,&quot;orientation&quot;:&quot;0&quot;}\" data-image-title=\"WhatsApp Image 2025-06-09 at 16.36.33 (2)\" data-image-description=\"\" data-image-caption=\"\" data-medium-file=\"https:\/\/www.legistdf.gob.ar\/wp-content\/uploads\/2025\/06\/WhatsApp-Image-2025-06-09-at-16.36.33-2-300x169.jpeg\" data-large-file=\"https:\/\/www.legistdf.gob.ar\/wp-content\/uploads\/2025\/06\/WhatsApp-Image-2025-06-09-at-16.36.33-2-1024x577.jpeg\" class=\"size-medium wp-image-46811 alignleft\" src=\"https:\/\/www.legistdf.gob.ar\/wp-content\/uploads\/2025\/06\/WhatsApp-Image-2025-06-09-at-16.36.33-2-300x169.jpeg\" alt=\"\" width=\"300\" height=\"169\" srcset=\"https:\/\/www.legistdf.gob.ar\/wp-content\/uploads\/2025\/06\/WhatsApp-Image-2025-06-09-at-16.36.33-2-300x169.jpeg 300w, https:\/\/www.legistdf.gob.ar\/wp-content\/uploads\/2025\/06\/WhatsApp-Image-2025-06-09-at-16.36.33-2-1024x577.jpeg 1024w, https:\/\/www.legistdf.gob.ar\/wp-content\/uploads\/2025\/06\/WhatsApp-Image-2025-06-09-at-16.36.33-2-768x432.jpeg 768w, https:\/\/www.legistdf.gob.ar\/wp-content\/uploads\/2025\/06\/WhatsApp-Image-2025-06-09-at-16.36.33-2-160x90.jpeg 160w, https:\/\/www.legistdf.gob.ar\/wp-content\/uploads\/2025\/06\/WhatsApp-Image-2025-06-09-at-16.36.33-2-1536x865.jpeg 1536w, https:\/\/www.legistdf.gob.ar\/wp-content\/uploads\/2025\/06\/WhatsApp-Image-2025-06-09-at-16.36.33-2-2048x1153.jpeg 2048w\" sizes=\"(max-width: 300px) 100vw, 300px\" \/>Ushuaia, martes 10 de junio de 2025.- En el marco del ciclo \u201cMujeres que inspiran\u201d, la Presidenta del Poder Legislativo, Vicegobernadora M\u00f3nica Urquiza recibi\u00f3 a mujeres bomberas voluntarias de los distintos cuarteles de nuestra ciudad: Bomberos Voluntarios de Ushuaia, Bomberos Voluntarios 2 de Abril y Bomberos Voluntarios Zona Norte.<\/span><\/strong><\/p>\n<p><span style=\"font-family: arial, helvetica, sans-serif;font-size: 12pt\">Cabe resaltar que el encuentro se circunscribe a las reuniones que la Vicegobernadora lleva adelante con mujeres de distintos \u00e1mbitos.<\/span><\/p>\n<p><span style=\"font-family: arial, helvetica, sans-serif;font-size: 12pt\"><img loading=\"lazy\" decoding=\"async\" data-attachment-id=\"46812\" data-permalink=\"https:\/\/www.legistdf.gob.ar\/index.php\/2025\/06\/10\/mujeres-que-inspiran-urquiza-recibio-bomberas-voluntarias-de-ushuaia\/whatsapp-image-2025-06-09-at-16-36-33\/\" data-orig-file=\"https:\/\/www.legistdf.gob.ar\/wp-content\/uploads\/2025\/06\/WhatsApp-Image-2025-06-09-at-16.36.33.jpeg\" data-orig-size=\"1600,900\" data-comments-opened=\"0\" data-image-meta=\"{&quot;aperture&quot;:&quot;0&quot;,&quot;credit&quot;:&quot;&quot;,&quot;camera&quot;:&quot;&quot;,&quot;caption&quot;:&quot;&quot;,&quot;created_timestamp&quot;:&quot;0&quot;,&quot;copyright&quot;:&quot;&quot;,&quot;focal_length&quot;:&quot;0&quot;,&quot;iso&quot;:&quot;0&quot;,&quot;shutter_speed&quot;:&quot;0&quot;,&quot;title&quot;:&quot;&quot;,&quot;orientation&quot;:&quot;0&quot;}\" data-image-title=\"WhatsApp Image 2025-06-09 at 16.36.33\" data-image-description=\"\" data-image-caption=\"\" data-medium-file=\"https:\/\/www.legistdf.gob.ar\/wp-content\/uploads\/2025\/06\/WhatsApp-Image-2025-06-09-at-16.36.33-300x169.jpeg\" data-large-file=\"https:\/\/www.legistdf.gob.ar\/wp-content\/uploads\/2025\/06\/WhatsApp-Image-2025-06-09-at-16.36.33-1024x576.jpeg\" class=\"size-medium wp-image-46812 alignright\" src=\"https:\/\/www.legistdf.gob.ar\/wp-content\/uploads\/2025\/06\/WhatsApp-Image-2025-06-09-at-16.36.33-300x169.jpeg\" alt=\"\" width=\"300\" height=\"169\" srcset=\"https:\/\/www.legistdf.gob.ar\/wp-content\/uploads\/2025\/06\/WhatsApp-Image-2025-06-09-at-16.36.33-300x169.jpeg 300w, https:\/\/www.legistdf.gob.ar\/wp-content\/uploads\/2025\/06\/WhatsApp-Image-2025-06-09-at-16.36.33-1024x576.jpeg 1024w, https:\/\/www.legistdf.gob.ar\/wp-content\/uploads\/2025\/06\/WhatsApp-Image-2025-06-09-at-16.36.33-768x432.jpeg 768w, https:\/\/www.legistdf.gob.ar\/wp-content\/uploads\/2025\/06\/WhatsApp-Image-2025-06-09-at-16.36.33-160x90.jpeg 160w, https:\/\/www.legistdf.gob.ar\/wp-content\/uploads\/2025\/06\/WhatsApp-Image-2025-06-09-at-16.36.33-1536x864.jpeg 1536w, https:\/\/www.legistdf.gob.ar\/wp-content\/uploads\/2025\/06\/WhatsApp-Image-2025-06-09-at-16.36.33.jpeg 1600w\" sizes=\"(max-width: 300px) 100vw, 300px\" \/>\u201cHa sido un encuentro muy agradable con estas mujeres fuertes y valientes que rompen las barreras desempe\u00f1ando las mismas funciones que sus compa\u00f1eros\u201d, dijo Urquiza al finalizar la reuni\u00f3n que se desarroll\u00f3 en la sede de Presidencia al conmemorarse el D\u00eda Nacional del Bombero Voluntario.<\/span><\/p>\n<p><span style=\"font-family: arial, helvetica, sans-serif;font-size: 12pt\">\u201cEn este espacio cada una de ellas, compartieron sus experiencias de c\u00f3mo y porque decidieron ser bomberas. Realmente son un ejemplo a seguir para futuras generaciones de mujeres en el servicio de bomberos\u201d, expres\u00f3 la Vicegobernadora.<\/span><\/p>\n<p><span style=\"font-family: arial, helvetica, sans-serif;font-size: 12pt\"><img loading=\"lazy\" decoding=\"async\" data-attachment-id=\"46813\" data-permalink=\"https:\/\/www.legistdf.gob.ar\/index.php\/2025\/06\/10\/mujeres-que-inspiran-urquiza-recibio-bomberas-voluntarias-de-ushuaia\/whatsapp-image-2025-06-09-at-16-36-34-1\/\" data-orig-file=\"https:\/\/www.legistdf.gob.ar\/wp-content\/uploads\/2025\/06\/WhatsApp-Image-2025-06-09-at-16.36.34-1-scaled.jpeg\" data-orig-size=\"2560,1441\" data-comments-opened=\"0\" data-image-meta=\"{&quot;aperture&quot;:&quot;0&quot;,&quot;credit&quot;:&quot;&quot;,&quot;camera&quot;:&quot;&quot;,&quot;caption&quot;:&quot;&quot;,&quot;created_timestamp&quot;:&quot;0&quot;,&quot;copyright&quot;:&quot;&quot;,&quot;focal_length&quot;:&quot;0&quot;,&quot;iso&quot;:&quot;0&quot;,&quot;shutter_speed&quot;:&quot;0&quot;,&quot;title&quot;:&quot;&quot;,&quot;orientation&quot;:&quot;0&quot;}\" data-image-title=\"WhatsApp Image 2025-06-09 at 16.36.34 (1)\" data-image-description=\"\" data-image-caption=\"\" data-medium-file=\"https:\/\/www.legistdf.gob.ar\/wp-content\/uploads\/2025\/06\/WhatsApp-Image-2025-06-09-at-16.36.34-1-300x169.jpeg\" data-large-file=\"https:\/\/www.legistdf.gob.ar\/wp-content\/uploads\/2025\/06\/WhatsApp-Image-2025-06-09-at-16.36.34-1-1024x577.jpeg\" class=\"size-medium wp-image-46813 alignleft\" src=\"https:\/\/www.legistdf.gob.ar\/wp-content\/uploads\/2025\/06\/WhatsApp-Image-2025-06-09-at-16.36.34-1-300x169.jpeg\" alt=\"\" width=\"300\" height=\"169\" srcset=\"https:\/\/www.legistdf.gob.ar\/wp-content\/uploads\/2025\/06\/WhatsApp-Image-2025-06-09-at-16.36.34-1-300x169.jpeg 300w, https:\/\/www.legistdf.gob.ar\/wp-content\/uploads\/2025\/06\/WhatsApp-Image-2025-06-09-at-16.36.34-1-1024x577.jpeg 1024w, https:\/\/www.legistdf.gob.ar\/wp-content\/uploads\/2025\/06\/WhatsApp-Image-2025-06-09-at-16.36.34-1-768x432.jpeg 768w, https:\/\/www.legistdf.gob.ar\/wp-content\/uploads\/2025\/06\/WhatsApp-Image-2025-06-09-at-16.36.34-1-160x90.jpeg 160w, https:\/\/www.legistdf.gob.ar\/wp-content\/uploads\/2025\/06\/WhatsApp-Image-2025-06-09-at-16.36.34-1-1536x865.jpeg 1536w, https:\/\/www.legistdf.gob.ar\/wp-content\/uploads\/2025\/06\/WhatsApp-Image-2025-06-09-at-16.36.34-1-2048x1153.jpeg 2048w\" sizes=\"(max-width: 300px) 100vw, 300px\" \/>Roc\u00edo, del Cuartel de Bomberos Zona Norte agradeci\u00f3 la invitaci\u00f3n y el espacio. \u201cPudimos compartir las vivencias de cada una de nosotras y como iniciamos nuestras carreras como bomberas. Contamos nuestras experiencias puntos en com\u00fan y conocimos como cada una de las instituciones ha ido avanzando con la integraci\u00f3n de las mujeres en esta hermosa profesi\u00f3n. Esperamos que esto sea el inicio para seguir compartiendo con las mujeres\u201d asegur\u00f3.<\/span><\/p>\n<p><span style=\"font-family: arial, helvetica, sans-serif;font-size: 12pt\">Por su parte, Andrea Nagy del Cuartel de Bomberos Voluntarios de Ushuaia coment\u00f3 \u201cfue una reuni\u00f3n entretenida y din\u00e1mica donde cada una de nosotras pudo exponer porque eligi\u00f3 el cuartel. Adem\u00e1s conocimos otro lado de las chicas. Siempre es bueno escuchar a la otras mujeres para fomentar perder el miedo, animarse y seguir aprendiendo.\u201d <\/span><br \/>\n<span style=\"font-family: arial, helvetica, sans-serif;font-size: 12pt\">Por \u00faltimo, Aldana Torres del Cuartel de Bomberos Voluntarios 2 de Abril cont\u00f3 \u201cfue una reuni\u00f3n donde pudimos hablar de nuestra cotidianidad y lo que hacemos como mujeres en nuestros cuarteles. Hablamos de nuestros trabajos, de nuestras familias, interactuamos con nuestras compa\u00f1eras y compartimos numerosas an\u00e9cdotas\u201d.<\/span><\/p>\n\n\t\t<style type=\"text\/css\">\n\t\t\t#gallery-1 {\n\t\t\t\tmargin: auto;\n\t\t\t}\n\t\t\t#gallery-1 .gallery-item {\n\t\t\t\tfloat: left;\n\t\t\t\tmargin-top: 10px;\n\t\t\t\ttext-align: center;\n\t\t\t\twidth: 20%;\n\t\t\t}\n\t\t\t#gallery-1 img {\n\t\t\t\tborder: 2px solid #cfcfcf;\n\t\t\t}\n\t\t\t#gallery-1 .gallery-caption {\n\t\t\t\tmargin-left: 0;\n\t\t\t}\n\t\t\t\/* see gallery_shortcode() in wp-includes\/media.php *\/\n\t\t<\/style>\n\t\t<div data-carousel-extra='{\"blog_id\":1,\"permalink\":\"https:\\\/\\\/www.legistdf.gob.ar\\\/index.php\\\/2025\\\/06\\\/10\\\/mujeres-que-inspiran-urquiza-recibio-bomberas-voluntarias-de-ushuaia\\\/\"}' id='gallery-1' class='gallery galleryid-46809 gallery-columns-5 gallery-size-thumbnail'><dl class='gallery-item'>\n\t\t\t<dt class='gallery-icon landscape'>\n\t\t\t\t<a href='https:\/\/www.legistdf.gob.ar\/index.php\/2025\/06\/10\/mujeres-que-inspiran-urquiza-recibio-bomberas-voluntarias-de-ushuaia\/whatsapp-image-2025-06-09-at-16-36-34-1\/'><img loading=\"lazy\" decoding=\"async\" width=\"150\" height=\"150\" src=\"https:\/\/www.legistdf.gob.ar\/wp-content\/uploads\/2025\/06\/WhatsApp-Image-2025-06-09-at-16.36.34-1-150x150.jpeg\" class=\"attachment-thumbnail size-thumbnail\" alt=\"\" srcset=\"https:\/\/www.legistdf.gob.ar\/wp-content\/uploads\/2025\/06\/WhatsApp-Image-2025-06-09-at-16.36.34-1-150x150.jpeg 150w, https:\/\/www.legistdf.gob.ar\/wp-content\/uploads\/2025\/06\/WhatsApp-Image-2025-06-09-at-16.36.34-1-64x64.jpeg 64w\" sizes=\"(max-width: 150px) 100vw, 150px\" data-attachment-id=\"46813\" data-permalink=\"https:\/\/www.legistdf.gob.ar\/index.php\/2025\/06\/10\/mujeres-que-inspiran-urquiza-recibio-bomberas-voluntarias-de-ushuaia\/whatsapp-image-2025-06-09-at-16-36-34-1\/\" data-orig-file=\"https:\/\/www.legistdf.gob.ar\/wp-content\/uploads\/2025\/06\/WhatsApp-Image-2025-06-09-at-16.36.34-1-scaled.jpeg\" data-orig-size=\"2560,1441\" data-comments-opened=\"0\" data-image-meta=\"{&quot;aperture&quot;:&quot;0&quot;,&quot;credit&quot;:&quot;&quot;,&quot;camera&quot;:&quot;&quot;,&quot;caption&quot;:&quot;&quot;,&quot;created_timestamp&quot;:&quot;0&quot;,&quot;copyright&quot;:&quot;&quot;,&quot;focal_length&quot;:&quot;0&quot;,&quot;iso&quot;:&quot;0&quot;,&quot;shutter_speed&quot;:&quot;0&quot;,&quot;title&quot;:&quot;&quot;,&quot;orientation&quot;:&quot;0&quot;}\" data-image-title=\"WhatsApp Image 2025-06-09 at 16.36.34 (1)\" data-image-description=\"\" data-image-caption=\"\" data-medium-file=\"https:\/\/www.legistdf.gob.ar\/wp-content\/uploads\/2025\/06\/WhatsApp-Image-2025-06-09-at-16.36.34-1-300x169.jpeg\" data-large-file=\"https:\/\/www.legistdf.gob.ar\/wp-content\/uploads\/2025\/06\/WhatsApp-Image-2025-06-09-at-16.36.34-1-1024x577.jpeg\" \/><\/a>\n\t\t\t<\/dt><\/dl><dl class='gallery-item'>\n\t\t\t<dt class='gallery-icon landscape'>\n\t\t\t\t<a href='https:\/\/www.legistdf.gob.ar\/index.php\/2025\/06\/10\/mujeres-que-inspiran-urquiza-recibio-bomberas-voluntarias-de-ushuaia\/whatsapp-image-2025-06-09-at-16-36-33-2\/'><img loading=\"lazy\" decoding=\"async\" width=\"150\" height=\"150\" src=\"https:\/\/www.legistdf.gob.ar\/wp-content\/uploads\/2025\/06\/WhatsApp-Image-2025-06-09-at-16.36.33-2-150x150.jpeg\" class=\"attachment-thumbnail size-thumbnail\" alt=\"\" srcset=\"https:\/\/www.legistdf.gob.ar\/wp-content\/uploads\/2025\/06\/WhatsApp-Image-2025-06-09-at-16.36.33-2-150x150.jpeg 150w, https:\/\/www.legistdf.gob.ar\/wp-content\/uploads\/2025\/06\/WhatsApp-Image-2025-06-09-at-16.36.33-2-64x64.jpeg 64w\" sizes=\"(max-width: 150px) 100vw, 150px\" data-attachment-id=\"46811\" data-permalink=\"https:\/\/www.legistdf.gob.ar\/index.php\/2025\/06\/10\/mujeres-que-inspiran-urquiza-recibio-bomberas-voluntarias-de-ushuaia\/whatsapp-image-2025-06-09-at-16-36-33-2\/\" data-orig-file=\"https:\/\/www.legistdf.gob.ar\/wp-content\/uploads\/2025\/06\/WhatsApp-Image-2025-06-09-at-16.36.33-2-scaled.jpeg\" data-orig-size=\"2560,1441\" data-comments-opened=\"0\" data-image-meta=\"{&quot;aperture&quot;:&quot;0&quot;,&quot;credit&quot;:&quot;&quot;,&quot;camera&quot;:&quot;&quot;,&quot;caption&quot;:&quot;&quot;,&quot;created_timestamp&quot;:&quot;0&quot;,&quot;copyright&quot;:&quot;&quot;,&quot;focal_length&quot;:&quot;0&quot;,&quot;iso&quot;:&quot;0&quot;,&quot;shutter_speed&quot;:&quot;0&quot;,&quot;title&quot;:&quot;&quot;,&quot;orientation&quot;:&quot;0&quot;}\" data-image-title=\"WhatsApp Image 2025-06-09 at 16.36.33 (2)\" data-image-description=\"\" data-image-caption=\"\" data-medium-file=\"https:\/\/www.legistdf.gob.ar\/wp-content\/uploads\/2025\/06\/WhatsApp-Image-2025-06-09-at-16.36.33-2-300x169.jpeg\" data-large-file=\"https:\/\/www.legistdf.gob.ar\/wp-content\/uploads\/2025\/06\/WhatsApp-Image-2025-06-09-at-16.36.33-2-1024x577.jpeg\" \/><\/a>\n\t\t\t<\/dt><\/dl><dl class='gallery-item'>\n\t\t\t<dt class='gallery-icon landscape'>\n\t\t\t\t<a href='https:\/\/www.legistdf.gob.ar\/index.php\/2025\/06\/10\/mujeres-que-inspiran-urquiza-recibio-bomberas-voluntarias-de-ushuaia\/whatsapp-image-2025-06-09-at-16-36-33\/'><img loading=\"lazy\" decoding=\"async\" width=\"150\" height=\"150\" src=\"https:\/\/www.legistdf.gob.ar\/wp-content\/uploads\/2025\/06\/WhatsApp-Image-2025-06-09-at-16.36.33-150x150.jpeg\" class=\"attachment-thumbnail size-thumbnail\" alt=\"\" srcset=\"https:\/\/www.legistdf.gob.ar\/wp-content\/uploads\/2025\/06\/WhatsApp-Image-2025-06-09-at-16.36.33-150x150.jpeg 150w, https:\/\/www.legistdf.gob.ar\/wp-content\/uploads\/2025\/06\/WhatsApp-Image-2025-06-09-at-16.36.33-64x64.jpeg 64w\" sizes=\"(max-width: 150px) 100vw, 150px\" data-attachment-id=\"46812\" data-permalink=\"https:\/\/www.legistdf.gob.ar\/index.php\/2025\/06\/10\/mujeres-que-inspiran-urquiza-recibio-bomberas-voluntarias-de-ushuaia\/whatsapp-image-2025-06-09-at-16-36-33\/\" data-orig-file=\"https:\/\/www.legistdf.gob.ar\/wp-content\/uploads\/2025\/06\/WhatsApp-Image-2025-06-09-at-16.36.33.jpeg\" data-orig-size=\"1600,900\" data-comments-opened=\"0\" data-image-meta=\"{&quot;aperture&quot;:&quot;0&quot;,&quot;credit&quot;:&quot;&quot;,&quot;camera&quot;:&quot;&quot;,&quot;caption&quot;:&quot;&quot;,&quot;created_timestamp&quot;:&quot;0&quot;,&quot;copyright&quot;:&quot;&quot;,&quot;focal_length&quot;:&quot;0&quot;,&quot;iso&quot;:&quot;0&quot;,&quot;shutter_speed&quot;:&quot;0&quot;,&quot;title&quot;:&quot;&quot;,&quot;orientation&quot;:&quot;0&quot;}\" data-image-title=\"WhatsApp Image 2025-06-09 at 16.36.33\" data-image-description=\"\" data-image-caption=\"\" data-medium-file=\"https:\/\/www.legistdf.gob.ar\/wp-content\/uploads\/2025\/06\/WhatsApp-Image-2025-06-09-at-16.36.33-300x169.jpeg\" data-large-file=\"https:\/\/www.legistdf.gob.ar\/wp-content\/uploads\/2025\/06\/WhatsApp-Image-2025-06-09-at-16.36.33-1024x576.jpeg\" \/><\/a>\n\t\t\t<\/dt><\/dl><dl class='gallery-item'>\n\t\t\t<dt class='gallery-icon landscape'>\n\t\t\t\t<a href='https:\/\/www.legistdf.gob.ar\/index.php\/2025\/06\/10\/mujeres-que-inspiran-urquiza-recibio-bomberas-voluntarias-de-ushuaia\/whatsapp-image-2025-06-09-at-16-36-34\/'><img loading=\"lazy\" decoding=\"async\" width=\"150\" height=\"150\" src=\"https:\/\/www.legistdf.gob.ar\/wp-content\/uploads\/2025\/06\/WhatsApp-Image-2025-06-09-at-16.36.34-150x150.jpeg\" class=\"attachment-thumbnail size-thumbnail\" alt=\"\" srcset=\"https:\/\/www.legistdf.gob.ar\/wp-content\/uploads\/2025\/06\/WhatsApp-Image-2025-06-09-at-16.36.34-150x150.jpeg 150w, https:\/\/www.legistdf.gob.ar\/wp-content\/uploads\/2025\/06\/WhatsApp-Image-2025-06-09-at-16.36.34-64x64.jpeg 64w\" sizes=\"(max-width: 150px) 100vw, 150px\" data-attachment-id=\"46814\" data-permalink=\"https:\/\/www.legistdf.gob.ar\/index.php\/2025\/06\/10\/mujeres-que-inspiran-urquiza-recibio-bomberas-voluntarias-de-ushuaia\/whatsapp-image-2025-06-09-at-16-36-34\/\" data-orig-file=\"https:\/\/www.legistdf.gob.ar\/wp-content\/uploads\/2025\/06\/WhatsApp-Image-2025-06-09-at-16.36.34-scaled.jpeg\" data-orig-size=\"2560,1441\" data-comments-opened=\"0\" data-image-meta=\"{&quot;aperture&quot;:&quot;0&quot;,&quot;credit&quot;:&quot;&quot;,&quot;camera&quot;:&quot;&quot;,&quot;caption&quot;:&quot;&quot;,&quot;created_timestamp&quot;:&quot;0&quot;,&quot;copyright&quot;:&quot;&quot;,&quot;focal_length&quot;:&quot;0&quot;,&quot;iso&quot;:&quot;0&quot;,&quot;shutter_speed&quot;:&quot;0&quot;,&quot;title&quot;:&quot;&quot;,&quot;orientation&quot;:&quot;0&quot;}\" data-image-title=\"WhatsApp Image 2025-06-09 at 16.36.34\" data-image-description=\"\" data-image-caption=\"\" data-medium-file=\"https:\/\/www.legistdf.gob.ar\/wp-content\/uploads\/2025\/06\/WhatsApp-Image-2025-06-09-at-16.36.34-300x169.jpeg\" data-large-file=\"https:\/\/www.legistdf.gob.ar\/wp-content\/uploads\/2025\/06\/WhatsApp-Image-2025-06-09-at-16.36.34-1024x577.jpeg\" \/><\/a>\n\t\t\t<\/dt><\/dl><dl class='gallery-item'>\n\t\t\t<dt class='gallery-icon landscape'>\n\t\t\t\t<a href='https:\/\/www.legistdf.gob.ar\/index.php\/2025\/06\/10\/mujeres-que-inspiran-urquiza-recibio-bomberas-voluntarias-de-ushuaia\/whatsapp-image-2025-06-09-at-16-36-33-1\/'><img loading=\"lazy\" decoding=\"async\" width=\"150\" height=\"150\" src=\"https:\/\/www.legistdf.gob.ar\/wp-content\/uploads\/2025\/06\/WhatsApp-Image-2025-06-09-at-16.36.33-1-150x150.jpeg\" class=\"attachment-thumbnail size-thumbnail\" alt=\"\" srcset=\"https:\/\/www.legistdf.gob.ar\/wp-content\/uploads\/2025\/06\/WhatsApp-Image-2025-06-09-at-16.36.33-1-150x150.jpeg 150w, https:\/\/www.legistdf.gob.ar\/wp-content\/uploads\/2025\/06\/WhatsApp-Image-2025-06-09-at-16.36.33-1-64x64.jpeg 64w\" sizes=\"(max-width: 150px) 100vw, 150px\" data-attachment-id=\"46810\" data-permalink=\"https:\/\/www.legistdf.gob.ar\/index.php\/2025\/06\/10\/mujeres-que-inspiran-urquiza-recibio-bomberas-voluntarias-de-ushuaia\/whatsapp-image-2025-06-09-at-16-36-33-1\/\" data-orig-file=\"https:\/\/www.legistdf.gob.ar\/wp-content\/uploads\/2025\/06\/WhatsApp-Image-2025-06-09-at-16.36.33-1.jpeg\" data-orig-size=\"1600,900\" data-comments-opened=\"0\" data-image-meta=\"{&quot;aperture&quot;:&quot;0&quot;,&quot;credit&quot;:&quot;&quot;,&quot;camera&quot;:&quot;&quot;,&quot;caption&quot;:&quot;&quot;,&quot;created_timestamp&quot;:&quot;0&quot;,&quot;copyright&quot;:&quot;&quot;,&quot;focal_length&quot;:&quot;0&quot;,&quot;iso&quot;:&quot;0&quot;,&quot;shutter_speed&quot;:&quot;0&quot;,&quot;title&quot;:&quot;&quot;,&quot;orientation&quot;:&quot;0&quot;}\" data-image-title=\"WhatsApp Image 2025-06-09 at 16.36.33 (1)\" data-image-description=\"\" data-image-caption=\"\" data-medium-file=\"https:\/\/www.legistdf.gob.ar\/wp-content\/uploads\/2025\/06\/WhatsApp-Image-2025-06-09-at-16.36.33-1-300x169.jpeg\" data-large-file=\"https:\/\/www.legistdf.gob.ar\/wp-content\/uploads\/2025\/06\/WhatsApp-Image-2025-06-09-at-16.36.33-1-1024x576.jpeg\" \/><\/a>\n\t\t\t<\/dt><\/dl><br style=\"clear: both\" \/>\n\t\t<\/div>\n\n<p>&nbsp;<\/p>\n<p style=\"text-align: right\"><span style=\"font-family: arial, helvetica, sans-serif;font-size: 12pt\"><em>Gentileza<\/em><\/span><\/p>\n","protected":false},"excerpt":{"rendered":"<p>Ushuaia, martes 10 de junio de 2025.- En el marco del ciclo \u201cMujeres que inspiran\u201d, la Presidenta del Poder Legislativo, Vicegobernadora M\u00f3nica Urquiza recibi\u00f3 a mujeres bomberas voluntarias de los distintos cuarteles de nuestra ciudad: Bomberos Voluntarios de Ushuaia, Bomberos Voluntarios 2 de Abril y Bomberos Voluntarios Zona Norte. Cabe resaltar que el encuentro se [&hellip;]<\/p>\n","protected":false},"author":352,"featured_media":46812,"comment_status":"closed","ping_status":"closed","sticky":false,"template":"","format":"standard","meta":{"jetpack_post_was_ever_published":false,"_jetpack_newsletter_access":"","_jetpack_dont_email_post_to_subs":false,"_jetpack_newsletter_tier_id":0,"footnotes":"","jetpack_publicize_message":"","jetpack_publicize_feature_enabled":true,"jetpack_social_post_already_shared":true,"jetpack_social_options":{"image_generator_settings":{"template":"highway","enabled":false}}},"categories":[1],"tags":[78,144,134,79,87],"jetpack_publicize_connections":[],"jetpack_sharing_enabled":true,"jetpack_featured_media_url":"https:\/\/www.legistdf.gob.ar\/wp-content\/uploads\/2025\/06\/WhatsApp-Image-2025-06-09-at-16.36.33.jpeg","jetpack-related-posts":[],"_links":{"self":[{"href":"https:\/\/www.legistdf.gob.ar\/index.php\/wp-json\/wp\/v2\/posts\/46809"}],"collection":[{"href":"https:\/\/www.legistdf.gob.ar\/index.php\/wp-json\/wp\/v2\/posts"}],"about":[{"href":"https:\/\/www.legistdf.gob.ar\/index.php\/wp-json\/wp\/v2\/types\/post"}],"author":[{"embeddable":true,"href":"https:\/\/www.legistdf.gob.ar\/index.php\/wp-json\/wp\/v2\/users\/352"}],"replies":[{"embeddable":true,"href":"https:\/\/www.legistdf.gob.ar\/index.php\/wp-json\/wp\/v2\/comments?post=46809"}],"version-history":[{"count":2,"href":"https:\/\/www.legistdf.gob.ar\/index.php\/wp-json\/wp\/v2\/posts\/46809\/revisions"}],"predecessor-version":[{"id":46829,"href":"https:\/\/www.legistdf.gob.ar\/index.php\/wp-json\/wp\/v2\/posts\/46809\/revisions\/46829"}],"wp:featuredmedia":[{"embeddable":true,"href":"https:\/\/www.legistdf.gob.ar\/index.php\/wp-json\/wp\/v2\/media\/46812"}],"wp:attachment":[{"href":"https:\/\/www.legistdf.gob.ar\/index.php\/wp-json\/wp\/v2\/media?parent=46809"}],"wp:term":[{"taxonomy":"category","embeddable":true,"href":"https:\/\/www.legistdf.gob.ar\/index.php\/wp-json\/wp\/v2\/categories?post=46809"},{"taxonomy":"post_tag","embeddable":true,"href":"https:\/\/www.legistdf.gob.ar\/index.php\/wp-json\/wp\/v2\/tags?post=46809"}],"curies":[{"name":"wp","href":"https:\/\/api.w.org\/{rel}","templated":true}]}}