{"id":47256,"date":"2025-09-06T15:23:09","date_gmt":"2025-09-06T18:23:09","guid":{"rendered":"https:\/\/www.legistdf.gob.ar\/?p=47256"},"modified":"2025-09-05T15:28:35","modified_gmt":"2025-09-05T18:28:35","slug":"ultramaraton-todos-tenemos-que-ser-parte-pidio-sciurano","status":"publish","type":"post","link":"https:\/\/www.legistdf.gob.ar\/index.php\/2025\/09\/06\/ultramaraton-todos-tenemos-que-ser-parte-pidio-sciurano\/","title":{"rendered":"ULTRAMARAT\u00d3N: \u201cTodos tenemos que ser parte\u201d, pidi\u00f3 Sciurano"},"content":{"rendered":"<p><span style=\"font-size: 14pt\"><strong><span style=\"font-family: arial, helvetica, sans-serif\"><img loading=\"lazy\" decoding=\"async\" data-attachment-id=\"47249\" data-permalink=\"https:\/\/www.legistdf.gob.ar\/index.php\/2025\/09\/04\/caad-sumar-fuerzas-para-concretar-la-construccion-de-un-edificio-necesario\/3-307\/\" data-orig-file=\"https:\/\/www.legistdf.gob.ar\/wp-content\/uploads\/2025\/09\/3.jpg\" data-orig-size=\"1500,1000\" data-comments-opened=\"0\" data-image-meta=\"{&quot;aperture&quot;:&quot;9&quot;,&quot;credit&quot;:&quot;PRENSA LEGISLATIVA TDF AIAS&quot;,&quot;camera&quot;:&quot;Canon EOS 70D&quot;,&quot;caption&quot;:&quot;&quot;,&quot;created_timestamp&quot;:&quot;1756897761&quot;,&quot;copyright&quot;:&quot;NDM&quot;,&quot;focal_length&quot;:&quot;89&quot;,&quot;iso&quot;:&quot;800&quot;,&quot;shutter_speed&quot;:&quot;0.016666666666667&quot;,&quot;title&quot;:&quot;&quot;,&quot;orientation&quot;:&quot;0&quot;}\" data-image-title=\"3\" data-image-description=\"\" data-image-caption=\"\" data-medium-file=\"https:\/\/www.legistdf.gob.ar\/wp-content\/uploads\/2025\/09\/3-300x200.jpg\" data-large-file=\"https:\/\/www.legistdf.gob.ar\/wp-content\/uploads\/2025\/09\/3-1024x683.jpg\" class=\"size-medium wp-image-47249 alignleft\" src=\"https:\/\/www.legistdf.gob.ar\/wp-content\/uploads\/2025\/09\/3-300x200.jpg\" alt=\"\" width=\"300\" height=\"200\" srcset=\"https:\/\/www.legistdf.gob.ar\/wp-content\/uploads\/2025\/09\/3-300x200.jpg 300w, https:\/\/www.legistdf.gob.ar\/wp-content\/uploads\/2025\/09\/3-1024x683.jpg 1024w, https:\/\/www.legistdf.gob.ar\/wp-content\/uploads\/2025\/09\/3-768x512.jpg 768w, https:\/\/www.legistdf.gob.ar\/wp-content\/uploads\/2025\/09\/3-160x107.jpg 160w, https:\/\/www.legistdf.gob.ar\/wp-content\/uploads\/2025\/09\/3.jpg 1500w\" sizes=\"(max-width: 300px) 100vw, 300px\" \/>Ushuaia, viernes 5 de septiembre de 2025.- Comenz\u00f3 la cruzada solidaria que lleva como protagonistas al <a href=\"https:\/\/www.legistdf.gob.ar\/index.php\/2025\/09\/04\/caad-sumar-fuerzas-para-concretar-la-construccion-de-un-edificio-necesario\/\" target=\"_blank\" rel=\"noopener\">Centro de Actividades Alternativas para Personas con Discapacidad (CAAD)<\/a> de Ushuaia y al legislador Federico Sciurano, reconocido deportista fueguino. Ser\u00e1 un <em>training<\/em> que unir\u00e1 R\u00edo Grande, Tolhuin y Ushuaia en carrera durante seis d\u00edas con el objetivo de concientizar a la comunidad y buscar el acompa\u00f1amiento para lograr que la instituci\u00f3n cuente con un edificio propio.<\/span><\/strong><\/span><\/p>\n<p>&nbsp;<\/p>\n<p><span style=\"font-family: arial, helvetica, sans-serif;font-size: 12pt\">A trav\u00e9s de alcanc\u00edas que ser\u00e1n colocadas en espacios p\u00fablicos, centros comerciales y edificios, se buscar\u00e1 la colaboraci\u00f3n de la comunidad. La campa\u00f1a <a href=\"https:\/\/www.instagram.com\/reel\/DOOv8lRCMxf\/?utm_source=ig_web_copy_link&amp;igsh=MzRlODBiNWFlZA==\" target=\"_blank\" rel=\"noopener\">\u201cLadrillos que suman\u201d<\/a>, es la propuesta del CAAD para que, de manera simb\u00f3lica a partir de mil pesos, puedan donar un ladrillo para el edificio. Los fondos ser\u00e1n recaudados por la cooperadora de la instituci\u00f3n, tambi\u00e9n se puede aportar \u2013desde ahora- a trav\u00e9s del alias: caadush.<\/span><\/p>\n<p>&nbsp;<\/p>\n<blockquote><p><span style=\"font-family: arial, helvetica, sans-serif;font-size: 12pt\"><img loading=\"lazy\" decoding=\"async\" data-attachment-id=\"47250\" data-permalink=\"https:\/\/www.legistdf.gob.ar\/index.php\/2025\/09\/04\/caad-sumar-fuerzas-para-concretar-la-construccion-de-un-edificio-necesario\/4-253\/\" data-orig-file=\"https:\/\/www.legistdf.gob.ar\/wp-content\/uploads\/2025\/09\/4.jpg\" data-orig-size=\"1500,1000\" data-comments-opened=\"0\" data-image-meta=\"{&quot;aperture&quot;:&quot;22&quot;,&quot;credit&quot;:&quot;PRENSA LEGISLATIVA TDF AIAS&quot;,&quot;camera&quot;:&quot;Canon EOS 70D&quot;,&quot;caption&quot;:&quot;&quot;,&quot;created_timestamp&quot;:&quot;1756898237&quot;,&quot;copyright&quot;:&quot;NDM&quot;,&quot;focal_length&quot;:&quot;18&quot;,&quot;iso&quot;:&quot;800&quot;,&quot;shutter_speed&quot;:&quot;0.00625&quot;,&quot;title&quot;:&quot;&quot;,&quot;orientation&quot;:&quot;0&quot;}\" data-image-title=\"4\" data-image-description=\"\" data-image-caption=\"\" data-medium-file=\"https:\/\/www.legistdf.gob.ar\/wp-content\/uploads\/2025\/09\/4-300x200.jpg\" data-large-file=\"https:\/\/www.legistdf.gob.ar\/wp-content\/uploads\/2025\/09\/4-1024x683.jpg\" class=\"size-medium wp-image-47250 alignright\" src=\"https:\/\/www.legistdf.gob.ar\/wp-content\/uploads\/2025\/09\/4-300x200.jpg\" alt=\"\" width=\"300\" height=\"200\" srcset=\"https:\/\/www.legistdf.gob.ar\/wp-content\/uploads\/2025\/09\/4-300x200.jpg 300w, https:\/\/www.legistdf.gob.ar\/wp-content\/uploads\/2025\/09\/4-1024x683.jpg 1024w, https:\/\/www.legistdf.gob.ar\/wp-content\/uploads\/2025\/09\/4-768x512.jpg 768w, https:\/\/www.legistdf.gob.ar\/wp-content\/uploads\/2025\/09\/4-160x107.jpg 160w, https:\/\/www.legistdf.gob.ar\/wp-content\/uploads\/2025\/09\/4.jpg 1500w\" sizes=\"(max-width: 300px) 100vw, 300px\" \/><span style=\"font-size: 14pt\">Sciurano recorri\u00f3 las instalaciones de la instituci\u00f3n educativa, junto a la vicepresidenta 1\u00aa de la C\u00e1mara, legisladora Myriam Mart\u00ednez y el titular de la Comisi\u00f3n de Legislaci\u00f3n General N\u00ba 1, legislador Federico Greve (FORJA), con la intenci\u00f3n de concientizar sobre la necesidad de \u201ccontar con un nuevo edificio. Si bien conozco la realidad desde hace muchos a\u00f1os, volver a visitarlos y ver el compromiso que tienen, la sensibilidad y el amor de todos los que est\u00e1n involucrados con esta instituci\u00f3n, es un enorme incentivo para volver a ser parte y llevar adelante esta cruzada para que puedan tener su nuevo edificio\u201d.<\/span><\/span><\/p><\/blockquote>\n<p>&nbsp;<\/p>\n<p><span style=\"font-family: arial, helvetica, sans-serif;font-size: 12pt\">\u201cLa idea es poder transmitir el mensaje a la sociedad. Que podemos dar una mano porque estos aportes van a hacer la diferencia, todos somos fundamentales para que esto sea exitoso, tenemos que ser parte\u201d, pidi\u00f3 el Parlamentario visiblemente comprometido con la causa.<\/span><\/p>\n<p>&nbsp;<\/p>\n<p><span style=\"font-family: arial, helvetica, sans-serif;font-size: 12pt\">En esta l\u00ednea, tras la visita agradeci\u00f3 la \u201cla sensibilidad y el amor que ofrece el CAAD, todos los d\u00edas para hacer por los dem\u00e1s. Necesitamos ser parte y dar una mano; estoy orgulloso y contento de poder ayudar a que instituciones como estas puedan avanzar y salir adelante\u201d.<\/span><\/p>\n<p>&nbsp;<\/p>\n<p><span style=\"font-family: arial, helvetica, sans-serif;font-size: 12pt\">El 12 de octubre comenzar\u00e1 la traves\u00eda desde la puerta del CAAD de R\u00edo Grande, \u201cla intenci\u00f3n es unir la ciudad norte con Tolhuin y Ushuaia Corriendo\u201d y llegar a la puerta del CAAD de la capital fueguina.<\/span><\/p>\n<p>&nbsp;<\/p>\n<p><span style=\"font-family: arial, helvetica, sans-serif;font-size: 12pt\">El objetivo es movilizar a la sociedad y poder contar con la colaboraci\u00f3n de \u201ctodos para juntar fondos y lograr la construcci\u00f3n del edificio propio para el Centro en un terreno que ya tiene la instituci\u00f3n.\u201d, inform\u00f3. Asimismo detall\u00f3 que anhelan que el nuevo \u201cedificio re\u00fana las condiciones adecuadas para el tipo de actividades y la matr\u00edcula de alumnos y con las adaptaciones necesarias\u201d, explic\u00f3 el Legislador de FORJA.<\/span><\/p>\n<p>&nbsp;<\/p>\n<p style=\"text-align: center\"><span style=\"font-family: arial, helvetica, sans-serif;font-size: 12pt\"><strong>Podemos dejar la pol\u00edtica de lado en una causa que nos convoca a todos<\/strong><\/span><\/p>\n<blockquote><p>&nbsp;<\/p>\n<p><strong><span style=\"font-family: arial, helvetica, sans-serif;font-size: 14pt\"><img loading=\"lazy\" decoding=\"async\" data-attachment-id=\"47251\" data-permalink=\"https:\/\/www.legistdf.gob.ar\/index.php\/2025\/09\/04\/caad-sumar-fuerzas-para-concretar-la-construccion-de-un-edificio-necesario\/5-194\/\" data-orig-file=\"https:\/\/www.legistdf.gob.ar\/wp-content\/uploads\/2025\/09\/5.jpg\" data-orig-size=\"1500,1000\" data-comments-opened=\"0\" data-image-meta=\"{&quot;aperture&quot;:&quot;5&quot;,&quot;credit&quot;:&quot;PRENSA LEGISLATIVA TDF AIAS&quot;,&quot;camera&quot;:&quot;Canon EOS 70D&quot;,&quot;caption&quot;:&quot;&quot;,&quot;created_timestamp&quot;:&quot;1756898917&quot;,&quot;copyright&quot;:&quot;NDM&quot;,&quot;focal_length&quot;:&quot;24&quot;,&quot;iso&quot;:&quot;800&quot;,&quot;shutter_speed&quot;:&quot;0.016666666666667&quot;,&quot;title&quot;:&quot;&quot;,&quot;orientation&quot;:&quot;0&quot;}\" data-image-title=\"5\" data-image-description=\"\" data-image-caption=\"\" data-medium-file=\"https:\/\/www.legistdf.gob.ar\/wp-content\/uploads\/2025\/09\/5-300x200.jpg\" data-large-file=\"https:\/\/www.legistdf.gob.ar\/wp-content\/uploads\/2025\/09\/5-1024x683.jpg\" class=\"size-medium wp-image-47251 alignleft\" src=\"https:\/\/www.legistdf.gob.ar\/wp-content\/uploads\/2025\/09\/5-300x200.jpg\" alt=\"\" width=\"300\" height=\"200\" srcset=\"https:\/\/www.legistdf.gob.ar\/wp-content\/uploads\/2025\/09\/5-300x200.jpg 300w, https:\/\/www.legistdf.gob.ar\/wp-content\/uploads\/2025\/09\/5-1024x683.jpg 1024w, https:\/\/www.legistdf.gob.ar\/wp-content\/uploads\/2025\/09\/5-768x512.jpg 768w, https:\/\/www.legistdf.gob.ar\/wp-content\/uploads\/2025\/09\/5-160x107.jpg 160w, https:\/\/www.legistdf.gob.ar\/wp-content\/uploads\/2025\/09\/5.jpg 1500w\" sizes=\"(max-width: 300px) 100vw, 300px\" \/>Federico Sciurano se mostr\u00f3 entusiasmado e invit\u00f3 a sumar voluntades a la causa. \u201cLa reacci\u00f3n de los vecinos es muy motivadora, necesitamos que otros actores se puedan involucrar y tambi\u00e9n otras instituciones que puedan aportar y dar una mano\u201d. Asi, se esperanz\u00f3 en poder dejar \u201cla pol\u00edtica de lado en una causa que nos convoca a todos, porque vale la pena y merece la atenci\u00f3n\u201d, dijo.<\/span><\/strong><\/p><\/blockquote>\n<p>&nbsp;<\/p>\n<p><span style=\"font-family: arial, helvetica, sans-serif;font-size: 12pt\">En cuanto a la cuesti\u00f3n discapacidad, Sciurano sostuvo que siempre hay que tratar de estar \u201ca la altura\u201d y cit\u00f3 el estado actual en cuanto a su tratamiento en Argentina. \u201cHay muchas formas y razones de encontrar excusas para no dar una mano, y hay una sola para darla que es entender lo que le pasa al pr\u00f3jimo y querer ser parte de la soluci\u00f3n\u201d.<\/span><\/p>\n<p>&nbsp;<\/p>\n<p><span style=\"font-family: arial, helvetica, sans-serif;font-size: 12pt\">\u201cHay muchas cosas para decir y est\u00e1 bien que as\u00ed sea, pero este es un momento para dejar todo de lado y colaborar, ver cu\u00e1l es el aporte que podemos hacer\u201d reflexion\u00f3.<\/span><\/p>\n<p>&nbsp;<\/p>\n<p><span style=\"font-family: arial, helvetica, sans-serif;font-size: 12pt\">El protagonista de la traves\u00eda deportiva invit\u00f3 a la comunidad a colaborar con el objetivo y realizar un aporte, que \u201cpor m\u00ednimo que sea, ayudar\u00e1 a alcanzar el prop\u00f3sito y lograr que el CAAD tenga su lugar propio\u201d, cerr\u00f3.<\/span><\/p>\n<p style=\"text-align: right\"><em>MCH-DM-AT<\/em><\/p>\n<p style=\"text-align: right\"><a href=\"https:\/\/drive.google.com\/drive\/folders\/1FnAKWB5XIwlP3SvcZe4ACw1icq6rhHIi?usp=drive_link\" target=\"_blank\" rel=\"noopener\"><em>Galer\u00eda de im\u00e1genes<\/em><\/a><\/p>\n<p>&nbsp;<\/p>\n","protected":false},"excerpt":{"rendered":"<p>Ushuaia, viernes 5 de septiembre de 2025.- Comenz\u00f3 la cruzada solidaria que lleva como protagonistas al Centro de Actividades Alternativas para Personas con Discapacidad (CAAD) de Ushuaia y al legislador Federico Sciurano, reconocido deportista fueguino. Ser\u00e1 un training que unir\u00e1 R\u00edo Grande, Tolhuin y Ushuaia en carrera durante seis d\u00edas con el objetivo de concientizar [&hellip;]<\/p>\n","protected":false},"author":352,"featured_media":47249,"comment_status":"closed","ping_status":"closed","sticky":false,"template":"","format":"standard","meta":{"jetpack_post_was_ever_published":false,"_jetpack_newsletter_access":"","_jetpack_dont_email_post_to_subs":false,"_jetpack_newsletter_tier_id":0,"footnotes":"","jetpack_publicize_message":"","jetpack_publicize_feature_enabled":true,"jetpack_social_post_already_shared":true,"jetpack_social_options":{"image_generator_settings":{"template":"highway","enabled":false}}},"categories":[1],"tags":[2574,3339,346,80,78,79,852],"jetpack_publicize_connections":[],"jetpack_sharing_enabled":true,"jetpack_featured_media_url":"https:\/\/www.legistdf.gob.ar\/wp-content\/uploads\/2025\/09\/3.jpg","jetpack-related-posts":[],"_links":{"self":[{"href":"https:\/\/www.legistdf.gob.ar\/index.php\/wp-json\/wp\/v2\/posts\/47256"}],"collection":[{"href":"https:\/\/www.legistdf.gob.ar\/index.php\/wp-json\/wp\/v2\/posts"}],"about":[{"href":"https:\/\/www.legistdf.gob.ar\/index.php\/wp-json\/wp\/v2\/types\/post"}],"author":[{"embeddable":true,"href":"https:\/\/www.legistdf.gob.ar\/index.php\/wp-json\/wp\/v2\/users\/352"}],"replies":[{"embeddable":true,"href":"https:\/\/www.legistdf.gob.ar\/index.php\/wp-json\/wp\/v2\/comments?post=47256"}],"version-history":[{"count":1,"href":"https:\/\/www.legistdf.gob.ar\/index.php\/wp-json\/wp\/v2\/posts\/47256\/revisions"}],"predecessor-version":[{"id":47257,"href":"https:\/\/www.legistdf.gob.ar\/index.php\/wp-json\/wp\/v2\/posts\/47256\/revisions\/47257"}],"wp:featuredmedia":[{"embeddable":true,"href":"https:\/\/www.legistdf.gob.ar\/index.php\/wp-json\/wp\/v2\/media\/47249"}],"wp:attachment":[{"href":"https:\/\/www.legistdf.gob.ar\/index.php\/wp-json\/wp\/v2\/media?parent=47256"}],"wp:term":[{"taxonomy":"category","embeddable":true,"href":"https:\/\/www.legistdf.gob.ar\/index.php\/wp-json\/wp\/v2\/categories?post=47256"},{"taxonomy":"post_tag","embeddable":true,"href":"https:\/\/www.legistdf.gob.ar\/index.php\/wp-json\/wp\/v2\/tags?post=47256"}],"curies":[{"name":"wp","href":"https:\/\/api.w.org\/{rel}","templated":true}]}}