{"id":47525,"date":"2025-11-14T11:42:21","date_gmt":"2025-11-14T14:42:21","guid":{"rendered":"https:\/\/www.legistdf.gob.ar\/?p=47525"},"modified":"2025-11-14T11:42:21","modified_gmt":"2025-11-14T14:42:21","slug":"seguridad-se-debe-visibilizar-el-conflicto-que-atraviesan-los-policias-del-exterritorio-pidio-graciania","status":"publish","type":"post","link":"https:\/\/www.legistdf.gob.ar\/index.php\/2025\/11\/14\/seguridad-se-debe-visibilizar-el-conflicto-que-atraviesan-los-policias-del-exterritorio-pidio-graciania\/","title":{"rendered":"SEGURIDAD: \u201cSe debe visibilizar el conflicto que atraviesan los polic\u00edas del exterritorio\u201d, pidi\u00f3 Gracian\u00eda"},"content":{"rendered":"<p><strong><span style=\"font-family: arial, helvetica, sans-serif;font-size: 14pt\"><img loading=\"lazy\" decoding=\"async\" data-attachment-id=\"47538\" data-permalink=\"https:\/\/www.legistdf.gob.ar\/index.php\/2025\/11\/14\/seguridad-se-debe-visibilizar-el-conflicto-que-atraviesan-los-policias-del-exterritorio-pidio-graciania\/20251112_1230070\/\" data-orig-file=\"https:\/\/www.legistdf.gob.ar\/wp-content\/uploads\/2025\/11\/20251112_1230070.jpg\" data-orig-size=\"1500,845\" data-comments-opened=\"0\" data-image-meta=\"{&quot;aperture&quot;:&quot;1.7&quot;,&quot;credit&quot;:&quot;&quot;,&quot;camera&quot;:&quot;Galaxy S23 Ultra&quot;,&quot;caption&quot;:&quot;&quot;,&quot;created_timestamp&quot;:&quot;1762961407&quot;,&quot;copyright&quot;:&quot;&quot;,&quot;focal_length&quot;:&quot;6.3&quot;,&quot;iso&quot;:&quot;250&quot;,&quot;shutter_speed&quot;:&quot;0.0083333333333333&quot;,&quot;title&quot;:&quot;&quot;,&quot;orientation&quot;:&quot;0&quot;}\" data-image-title=\"20251112_123007(0)\" data-image-description=\"\" data-image-caption=\"\" data-medium-file=\"https:\/\/www.legistdf.gob.ar\/wp-content\/uploads\/2025\/11\/20251112_1230070-300x169.jpg\" data-large-file=\"https:\/\/www.legistdf.gob.ar\/wp-content\/uploads\/2025\/11\/20251112_1230070-1024x577.jpg\" class=\"size-medium wp-image-47538 alignleft\" src=\"https:\/\/www.legistdf.gob.ar\/wp-content\/uploads\/2025\/11\/20251112_1230070-300x169.jpg\" alt=\"\" width=\"300\" height=\"169\" srcset=\"https:\/\/www.legistdf.gob.ar\/wp-content\/uploads\/2025\/11\/20251112_1230070-300x169.jpg 300w, https:\/\/www.legistdf.gob.ar\/wp-content\/uploads\/2025\/11\/20251112_1230070-1024x577.jpg 1024w, https:\/\/www.legistdf.gob.ar\/wp-content\/uploads\/2025\/11\/20251112_1230070-768x433.jpg 768w, https:\/\/www.legistdf.gob.ar\/wp-content\/uploads\/2025\/11\/20251112_1230070-160x90.jpg 160w, https:\/\/www.legistdf.gob.ar\/wp-content\/uploads\/2025\/11\/20251112_1230070.jpg 1500w\" sizes=\"(max-width: 300px) 100vw, 300px\" \/>Ushuaia, viernes 14 de noviembre de 2025.- \u201cDesde hace meses los jubilados de la polic\u00eda territorial no cobran sus haberes. Era necesario poner en agenda p\u00fablica esta situaci\u00f3n\u201d, advirti\u00f3 la presidenta de la Comisi\u00f3n de Seguridad y Justica N\u00ba 6, Natalia Gracian\u00eda (LLA). Las y los Legisladores recibieron a beneficiarios de la Caja de Previsi\u00f3n para el personal policial y penitenciario provincial y compensadora para el personal policial del exterritorio quienes expusieron la situaci\u00f3n que atraviesan al no percibir sus beneficios.<\/span><\/strong><\/p>\n<p>&nbsp;<\/p>\n<blockquote><p><span style=\"font-family: arial, helvetica, sans-serif;font-size: 14pt\">\u201cEllos vienen con una situaci\u00f3n sin resolver por parte de la Caja del Personal Policial. Mantuve reuniones con grupos de expolic\u00edas, quienes me manifestaron su angustia dado los problemas que les ocasionan no percibir lo que cobraban habitualmente\u201d, cont\u00f3 a Prensa Legislativa la Parlamentaria.<\/span><\/p><\/blockquote>\n<p>&nbsp;<\/p>\n<p><span style=\"font-family: arial, helvetica, sans-serif;font-size: 12pt\"><img loading=\"lazy\" decoding=\"async\" data-attachment-id=\"47539\" data-permalink=\"https:\/\/www.legistdf.gob.ar\/index.php\/2025\/11\/14\/seguridad-se-debe-visibilizar-el-conflicto-que-atraviesan-los-policias-del-exterritorio-pidio-graciania\/20251112_123221\/\" data-orig-file=\"https:\/\/www.legistdf.gob.ar\/wp-content\/uploads\/2025\/11\/20251112_123221.jpg\" data-orig-size=\"1500,845\" data-comments-opened=\"0\" data-image-meta=\"{&quot;aperture&quot;:&quot;1.7&quot;,&quot;credit&quot;:&quot;&quot;,&quot;camera&quot;:&quot;Galaxy S23 Ultra&quot;,&quot;caption&quot;:&quot;&quot;,&quot;created_timestamp&quot;:&quot;1762961541&quot;,&quot;copyright&quot;:&quot;&quot;,&quot;focal_length&quot;:&quot;6.3&quot;,&quot;iso&quot;:&quot;320&quot;,&quot;shutter_speed&quot;:&quot;0.0083333333333333&quot;,&quot;title&quot;:&quot;&quot;,&quot;orientation&quot;:&quot;0&quot;}\" data-image-title=\"20251112_123221\" data-image-description=\"\" data-image-caption=\"\" data-medium-file=\"https:\/\/www.legistdf.gob.ar\/wp-content\/uploads\/2025\/11\/20251112_123221-300x169.jpg\" data-large-file=\"https:\/\/www.legistdf.gob.ar\/wp-content\/uploads\/2025\/11\/20251112_123221-1024x577.jpg\" class=\"size-medium wp-image-47539 alignright\" src=\"https:\/\/www.legistdf.gob.ar\/wp-content\/uploads\/2025\/11\/20251112_123221-300x169.jpg\" alt=\"\" width=\"300\" height=\"169\" srcset=\"https:\/\/www.legistdf.gob.ar\/wp-content\/uploads\/2025\/11\/20251112_123221-300x169.jpg 300w, https:\/\/www.legistdf.gob.ar\/wp-content\/uploads\/2025\/11\/20251112_123221-1024x577.jpg 1024w, https:\/\/www.legistdf.gob.ar\/wp-content\/uploads\/2025\/11\/20251112_123221-768x433.jpg 768w, https:\/\/www.legistdf.gob.ar\/wp-content\/uploads\/2025\/11\/20251112_123221-160x90.jpg 160w, https:\/\/www.legistdf.gob.ar\/wp-content\/uploads\/2025\/11\/20251112_123221.jpg 1500w\" sizes=\"(max-width: 300px) 100vw, 300px\" \/>Agreg\u00f3 que no tienen respuestas por parte de las autoridades acerca del modo de afrontar la resoluci\u00f3n del conflicto. \u201cInvitamos a las autoridades de la Caja quienes solicitaron una reprogramaci\u00f3n del encuentro para poder prepararse para responder las requisitorias. El Poder Ejecutivo no se hizo presente\u201d, lament\u00f3 la Legisladora.<\/span><\/p>\n<p>&nbsp;<\/p>\n<p><span style=\"font-family: arial, helvetica, sans-serif;font-size: 12pt\">\u201cLas informaciones objetivas que tenemos son las Comunicaciones oficiales que ingresaron a la Legislatura. Adem\u00e1s en el portal de la Caja se manifiesta que, por falta de fondos, no hace frente al pago de la totalidad de los haberes. Los polic\u00edas territoriales son aproximadamente 540 y no est\u00e1n cobrando sus haberes\u201d, reiter\u00f3 Gracian\u00eda.<\/span><\/p>\n<p>&nbsp;<\/p>\n<p><span style=\"font-family: arial, helvetica, sans-serif;font-size: 12pt\"><img loading=\"lazy\" decoding=\"async\" data-attachment-id=\"47540\" data-permalink=\"https:\/\/www.legistdf.gob.ar\/index.php\/2025\/11\/14\/seguridad-se-debe-visibilizar-el-conflicto-que-atraviesan-los-policias-del-exterritorio-pidio-graciania\/20251112_123259\/\" data-orig-file=\"https:\/\/www.legistdf.gob.ar\/wp-content\/uploads\/2025\/11\/20251112_123259.jpg\" data-orig-size=\"1500,845\" data-comments-opened=\"0\" data-image-meta=\"{&quot;aperture&quot;:&quot;1.7&quot;,&quot;credit&quot;:&quot;&quot;,&quot;camera&quot;:&quot;Galaxy S23 Ultra&quot;,&quot;caption&quot;:&quot;&quot;,&quot;created_timestamp&quot;:&quot;1762961579&quot;,&quot;copyright&quot;:&quot;&quot;,&quot;focal_length&quot;:&quot;6.3&quot;,&quot;iso&quot;:&quot;250&quot;,&quot;shutter_speed&quot;:&quot;0.0083333333333333&quot;,&quot;title&quot;:&quot;&quot;,&quot;orientation&quot;:&quot;0&quot;}\" data-image-title=\"20251112_123259\" data-image-description=\"\" data-image-caption=\"\" data-medium-file=\"https:\/\/www.legistdf.gob.ar\/wp-content\/uploads\/2025\/11\/20251112_123259-300x169.jpg\" data-large-file=\"https:\/\/www.legistdf.gob.ar\/wp-content\/uploads\/2025\/11\/20251112_123259-1024x577.jpg\" class=\"size-medium wp-image-47540 alignleft\" src=\"https:\/\/www.legistdf.gob.ar\/wp-content\/uploads\/2025\/11\/20251112_123259-300x169.jpg\" alt=\"\" width=\"300\" height=\"169\" srcset=\"https:\/\/www.legistdf.gob.ar\/wp-content\/uploads\/2025\/11\/20251112_123259-300x169.jpg 300w, https:\/\/www.legistdf.gob.ar\/wp-content\/uploads\/2025\/11\/20251112_123259-1024x577.jpg 1024w, https:\/\/www.legistdf.gob.ar\/wp-content\/uploads\/2025\/11\/20251112_123259-768x433.jpg 768w, https:\/\/www.legistdf.gob.ar\/wp-content\/uploads\/2025\/11\/20251112_123259-160x90.jpg 160w, https:\/\/www.legistdf.gob.ar\/wp-content\/uploads\/2025\/11\/20251112_123259.jpg 1500w\" sizes=\"(max-width: 300px) 100vw, 300px\" \/>Adelant\u00f3 que insistir\u00e1n en la convocatoria a las autoridades para que expliquen cu\u00e1les son los inconvenientes que poseen y c\u00f3mo prev\u00e9n dar respuesta en 2026 a la problem\u00e1tica.\u00a0<\/span><\/p>\n<p>&nbsp;<\/p>\n<p><span style=\"font-family: arial, helvetica, sans-serif;font-size: 12pt\">Participaron del encuentro las legisladoras Mar\u00eda Victoria Vuoto (PJ); Mar\u00eda Laura Colazo (PV); Gisela Dos Santos (ST) y Natalia Gracian\u00eda (LLA) y los legisladores Federico Sciurano, Federico Greve (FORJA); Pablo Villegas (MPF); Juan Carlos Pino (PJ); Mat\u00edas Lapadula (PG); Ra\u00fal Von Der Thusen (SF).<\/span><\/p>\n<p style=\"text-align: right\"><em>ZV-VV<\/em><\/p>\n\n\t\t<style type=\"text\/css\">\n\t\t\t#gallery-1 {\n\t\t\t\tmargin: auto;\n\t\t\t}\n\t\t\t#gallery-1 .gallery-item {\n\t\t\t\tfloat: left;\n\t\t\t\tmargin-top: 10px;\n\t\t\t\ttext-align: center;\n\t\t\t\twidth: 11%;\n\t\t\t}\n\t\t\t#gallery-1 img {\n\t\t\t\tborder: 2px solid #cfcfcf;\n\t\t\t}\n\t\t\t#gallery-1 .gallery-caption {\n\t\t\t\tmargin-left: 0;\n\t\t\t}\n\t\t\t\/* see gallery_shortcode() in wp-includes\/media.php *\/\n\t\t<\/style>\n\t\t<div data-carousel-extra='{\"blog_id\":1,\"permalink\":\"https:\\\/\\\/www.legistdf.gob.ar\\\/index.php\\\/2025\\\/11\\\/14\\\/seguridad-se-debe-visibilizar-el-conflicto-que-atraviesan-los-policias-del-exterritorio-pidio-graciania\\\/\"}' id='gallery-1' class='gallery galleryid-47525 gallery-columns-9 gallery-size-thumbnail'><dl class='gallery-item'>\n\t\t\t<dt class='gallery-icon landscape'>\n\t\t\t\t<a href='https:\/\/www.legistdf.gob.ar\/index.php\/2025\/11\/14\/seguridad-se-debe-visibilizar-el-conflicto-que-atraviesan-los-policias-del-exterritorio-pidio-graciania\/20251112_120728\/'><img loading=\"lazy\" decoding=\"async\" width=\"150\" height=\"150\" src=\"https:\/\/www.legistdf.gob.ar\/wp-content\/uploads\/2025\/11\/20251112_120728-150x150.jpg\" class=\"attachment-thumbnail size-thumbnail\" alt=\"\" srcset=\"https:\/\/www.legistdf.gob.ar\/wp-content\/uploads\/2025\/11\/20251112_120728-150x150.jpg 150w, https:\/\/www.legistdf.gob.ar\/wp-content\/uploads\/2025\/11\/20251112_120728-64x64.jpg 64w\" sizes=\"(max-width: 150px) 100vw, 150px\" data-attachment-id=\"47526\" data-permalink=\"https:\/\/www.legistdf.gob.ar\/index.php\/2025\/11\/14\/seguridad-se-debe-visibilizar-el-conflicto-que-atraviesan-los-policias-del-exterritorio-pidio-graciania\/20251112_120728\/\" data-orig-file=\"https:\/\/www.legistdf.gob.ar\/wp-content\/uploads\/2025\/11\/20251112_120728.jpg\" data-orig-size=\"1500,845\" data-comments-opened=\"0\" data-image-meta=\"{&quot;aperture&quot;:&quot;2.2&quot;,&quot;credit&quot;:&quot;&quot;,&quot;camera&quot;:&quot;Galaxy S23 Ultra&quot;,&quot;caption&quot;:&quot;&quot;,&quot;created_timestamp&quot;:&quot;1762960048&quot;,&quot;copyright&quot;:&quot;&quot;,&quot;focal_length&quot;:&quot;2.2&quot;,&quot;iso&quot;:&quot;400&quot;,&quot;shutter_speed&quot;:&quot;0.014285714285714&quot;,&quot;title&quot;:&quot;&quot;,&quot;orientation&quot;:&quot;0&quot;}\" data-image-title=\"20251112_120728\" data-image-description=\"\" data-image-caption=\"\" data-medium-file=\"https:\/\/www.legistdf.gob.ar\/wp-content\/uploads\/2025\/11\/20251112_120728-300x169.jpg\" data-large-file=\"https:\/\/www.legistdf.gob.ar\/wp-content\/uploads\/2025\/11\/20251112_120728-1024x577.jpg\" \/><\/a>\n\t\t\t<\/dt><\/dl><dl class='gallery-item'>\n\t\t\t<dt class='gallery-icon landscape'>\n\t\t\t\t<a href='https:\/\/www.legistdf.gob.ar\/index.php\/2025\/11\/14\/seguridad-se-debe-visibilizar-el-conflicto-que-atraviesan-los-policias-del-exterritorio-pidio-graciania\/20251112_120752\/'><img loading=\"lazy\" decoding=\"async\" width=\"150\" height=\"150\" src=\"https:\/\/www.legistdf.gob.ar\/wp-content\/uploads\/2025\/11\/20251112_120752-150x150.jpg\" class=\"attachment-thumbnail size-thumbnail\" alt=\"\" srcset=\"https:\/\/www.legistdf.gob.ar\/wp-content\/uploads\/2025\/11\/20251112_120752-150x150.jpg 150w, https:\/\/www.legistdf.gob.ar\/wp-content\/uploads\/2025\/11\/20251112_120752-64x64.jpg 64w\" sizes=\"(max-width: 150px) 100vw, 150px\" data-attachment-id=\"47527\" data-permalink=\"https:\/\/www.legistdf.gob.ar\/index.php\/2025\/11\/14\/seguridad-se-debe-visibilizar-el-conflicto-que-atraviesan-los-policias-del-exterritorio-pidio-graciania\/20251112_120752\/\" data-orig-file=\"https:\/\/www.legistdf.gob.ar\/wp-content\/uploads\/2025\/11\/20251112_120752.jpg\" data-orig-size=\"1500,845\" data-comments-opened=\"0\" data-image-meta=\"{&quot;aperture&quot;:&quot;2.2&quot;,&quot;credit&quot;:&quot;&quot;,&quot;camera&quot;:&quot;Galaxy S23 Ultra&quot;,&quot;caption&quot;:&quot;&quot;,&quot;created_timestamp&quot;:&quot;1762960072&quot;,&quot;copyright&quot;:&quot;&quot;,&quot;focal_length&quot;:&quot;2.2&quot;,&quot;iso&quot;:&quot;125&quot;,&quot;shutter_speed&quot;:&quot;0.014285714285714&quot;,&quot;title&quot;:&quot;&quot;,&quot;orientation&quot;:&quot;0&quot;}\" data-image-title=\"20251112_120752\" data-image-description=\"\" data-image-caption=\"\" data-medium-file=\"https:\/\/www.legistdf.gob.ar\/wp-content\/uploads\/2025\/11\/20251112_120752-300x169.jpg\" data-large-file=\"https:\/\/www.legistdf.gob.ar\/wp-content\/uploads\/2025\/11\/20251112_120752-1024x577.jpg\" \/><\/a>\n\t\t\t<\/dt><\/dl><dl class='gallery-item'>\n\t\t\t<dt class='gallery-icon landscape'>\n\t\t\t\t<a href='https:\/\/www.legistdf.gob.ar\/index.php\/2025\/11\/14\/seguridad-se-debe-visibilizar-el-conflicto-que-atraviesan-los-policias-del-exterritorio-pidio-graciania\/20251112_120826\/'><img loading=\"lazy\" decoding=\"async\" width=\"150\" height=\"150\" src=\"https:\/\/www.legistdf.gob.ar\/wp-content\/uploads\/2025\/11\/20251112_120826-150x150.jpg\" class=\"attachment-thumbnail size-thumbnail\" alt=\"\" srcset=\"https:\/\/www.legistdf.gob.ar\/wp-content\/uploads\/2025\/11\/20251112_120826-150x150.jpg 150w, https:\/\/www.legistdf.gob.ar\/wp-content\/uploads\/2025\/11\/20251112_120826-64x64.jpg 64w\" sizes=\"(max-width: 150px) 100vw, 150px\" data-attachment-id=\"47528\" data-permalink=\"https:\/\/www.legistdf.gob.ar\/index.php\/2025\/11\/14\/seguridad-se-debe-visibilizar-el-conflicto-que-atraviesan-los-policias-del-exterritorio-pidio-graciania\/20251112_120826\/\" data-orig-file=\"https:\/\/www.legistdf.gob.ar\/wp-content\/uploads\/2025\/11\/20251112_120826.jpg\" data-orig-size=\"1500,845\" data-comments-opened=\"0\" data-image-meta=\"{&quot;aperture&quot;:&quot;2.2&quot;,&quot;credit&quot;:&quot;&quot;,&quot;camera&quot;:&quot;Galaxy S23 Ultra&quot;,&quot;caption&quot;:&quot;&quot;,&quot;created_timestamp&quot;:&quot;1762960106&quot;,&quot;copyright&quot;:&quot;&quot;,&quot;focal_length&quot;:&quot;2.2&quot;,&quot;iso&quot;:&quot;400&quot;,&quot;shutter_speed&quot;:&quot;0.014285714285714&quot;,&quot;title&quot;:&quot;&quot;,&quot;orientation&quot;:&quot;0&quot;}\" data-image-title=\"20251112_120826\" data-image-description=\"\" data-image-caption=\"\" data-medium-file=\"https:\/\/www.legistdf.gob.ar\/wp-content\/uploads\/2025\/11\/20251112_120826-300x169.jpg\" data-large-file=\"https:\/\/www.legistdf.gob.ar\/wp-content\/uploads\/2025\/11\/20251112_120826-1024x577.jpg\" \/><\/a>\n\t\t\t<\/dt><\/dl><dl class='gallery-item'>\n\t\t\t<dt class='gallery-icon landscape'>\n\t\t\t\t<a href='https:\/\/www.legistdf.gob.ar\/index.php\/2025\/11\/14\/seguridad-se-debe-visibilizar-el-conflicto-que-atraviesan-los-policias-del-exterritorio-pidio-graciania\/20251112_120836\/'><img loading=\"lazy\" decoding=\"async\" width=\"150\" height=\"150\" src=\"https:\/\/www.legistdf.gob.ar\/wp-content\/uploads\/2025\/11\/20251112_120836-150x150.jpg\" class=\"attachment-thumbnail size-thumbnail\" alt=\"\" srcset=\"https:\/\/www.legistdf.gob.ar\/wp-content\/uploads\/2025\/11\/20251112_120836-150x150.jpg 150w, https:\/\/www.legistdf.gob.ar\/wp-content\/uploads\/2025\/11\/20251112_120836-64x64.jpg 64w\" sizes=\"(max-width: 150px) 100vw, 150px\" data-attachment-id=\"47529\" data-permalink=\"https:\/\/www.legistdf.gob.ar\/index.php\/2025\/11\/14\/seguridad-se-debe-visibilizar-el-conflicto-que-atraviesan-los-policias-del-exterritorio-pidio-graciania\/20251112_120836\/\" data-orig-file=\"https:\/\/www.legistdf.gob.ar\/wp-content\/uploads\/2025\/11\/20251112_120836.jpg\" data-orig-size=\"1500,845\" data-comments-opened=\"0\" data-image-meta=\"{&quot;aperture&quot;:&quot;2.2&quot;,&quot;credit&quot;:&quot;&quot;,&quot;camera&quot;:&quot;Galaxy S23 Ultra&quot;,&quot;caption&quot;:&quot;&quot;,&quot;created_timestamp&quot;:&quot;1762960115&quot;,&quot;copyright&quot;:&quot;&quot;,&quot;focal_length&quot;:&quot;2.2&quot;,&quot;iso&quot;:&quot;400&quot;,&quot;shutter_speed&quot;:&quot;0.014285714285714&quot;,&quot;title&quot;:&quot;&quot;,&quot;orientation&quot;:&quot;0&quot;}\" data-image-title=\"20251112_120836\" data-image-description=\"\" data-image-caption=\"\" data-medium-file=\"https:\/\/www.legistdf.gob.ar\/wp-content\/uploads\/2025\/11\/20251112_120836-300x169.jpg\" data-large-file=\"https:\/\/www.legistdf.gob.ar\/wp-content\/uploads\/2025\/11\/20251112_120836-1024x577.jpg\" \/><\/a>\n\t\t\t<\/dt><\/dl><dl class='gallery-item'>\n\t\t\t<dt class='gallery-icon landscape'>\n\t\t\t\t<a href='https:\/\/www.legistdf.gob.ar\/index.php\/2025\/11\/14\/seguridad-se-debe-visibilizar-el-conflicto-que-atraviesan-los-policias-del-exterritorio-pidio-graciania\/20251112_121218\/'><img loading=\"lazy\" decoding=\"async\" width=\"150\" height=\"150\" src=\"https:\/\/www.legistdf.gob.ar\/wp-content\/uploads\/2025\/11\/20251112_121218-150x150.jpg\" class=\"attachment-thumbnail size-thumbnail\" alt=\"\" srcset=\"https:\/\/www.legistdf.gob.ar\/wp-content\/uploads\/2025\/11\/20251112_121218-150x150.jpg 150w, https:\/\/www.legistdf.gob.ar\/wp-content\/uploads\/2025\/11\/20251112_121218-64x64.jpg 64w\" sizes=\"(max-width: 150px) 100vw, 150px\" data-attachment-id=\"47530\" data-permalink=\"https:\/\/www.legistdf.gob.ar\/index.php\/2025\/11\/14\/seguridad-se-debe-visibilizar-el-conflicto-que-atraviesan-los-policias-del-exterritorio-pidio-graciania\/20251112_121218\/\" data-orig-file=\"https:\/\/www.legistdf.gob.ar\/wp-content\/uploads\/2025\/11\/20251112_121218.jpg\" data-orig-size=\"1500,845\" data-comments-opened=\"0\" data-image-meta=\"{&quot;aperture&quot;:&quot;2.2&quot;,&quot;credit&quot;:&quot;&quot;,&quot;camera&quot;:&quot;Galaxy S23 Ultra&quot;,&quot;caption&quot;:&quot;&quot;,&quot;created_timestamp&quot;:&quot;1762960338&quot;,&quot;copyright&quot;:&quot;&quot;,&quot;focal_length&quot;:&quot;2.2&quot;,&quot;iso&quot;:&quot;320&quot;,&quot;shutter_speed&quot;:&quot;0.033333333333333&quot;,&quot;title&quot;:&quot;&quot;,&quot;orientation&quot;:&quot;0&quot;}\" data-image-title=\"20251112_121218\" data-image-description=\"\" data-image-caption=\"\" data-medium-file=\"https:\/\/www.legistdf.gob.ar\/wp-content\/uploads\/2025\/11\/20251112_121218-300x169.jpg\" data-large-file=\"https:\/\/www.legistdf.gob.ar\/wp-content\/uploads\/2025\/11\/20251112_121218-1024x577.jpg\" \/><\/a>\n\t\t\t<\/dt><\/dl><dl class='gallery-item'>\n\t\t\t<dt class='gallery-icon landscape'>\n\t\t\t\t<a href='https:\/\/www.legistdf.gob.ar\/index.php\/2025\/11\/14\/seguridad-se-debe-visibilizar-el-conflicto-que-atraviesan-los-policias-del-exterritorio-pidio-graciania\/20251112_121340\/'><img loading=\"lazy\" decoding=\"async\" width=\"150\" height=\"150\" src=\"https:\/\/www.legistdf.gob.ar\/wp-content\/uploads\/2025\/11\/20251112_121340-150x150.jpg\" class=\"attachment-thumbnail size-thumbnail\" alt=\"\" srcset=\"https:\/\/www.legistdf.gob.ar\/wp-content\/uploads\/2025\/11\/20251112_121340-150x150.jpg 150w, https:\/\/www.legistdf.gob.ar\/wp-content\/uploads\/2025\/11\/20251112_121340-64x64.jpg 64w\" sizes=\"(max-width: 150px) 100vw, 150px\" data-attachment-id=\"47531\" data-permalink=\"https:\/\/www.legistdf.gob.ar\/index.php\/2025\/11\/14\/seguridad-se-debe-visibilizar-el-conflicto-que-atraviesan-los-policias-del-exterritorio-pidio-graciania\/20251112_121340\/\" data-orig-file=\"https:\/\/www.legistdf.gob.ar\/wp-content\/uploads\/2025\/11\/20251112_121340.jpg\" data-orig-size=\"1500,845\" data-comments-opened=\"0\" data-image-meta=\"{&quot;aperture&quot;:&quot;2.2&quot;,&quot;credit&quot;:&quot;&quot;,&quot;camera&quot;:&quot;Galaxy S23 Ultra&quot;,&quot;caption&quot;:&quot;&quot;,&quot;created_timestamp&quot;:&quot;1762960420&quot;,&quot;copyright&quot;:&quot;&quot;,&quot;focal_length&quot;:&quot;2.2&quot;,&quot;iso&quot;:&quot;125&quot;,&quot;shutter_speed&quot;:&quot;0.016666666666667&quot;,&quot;title&quot;:&quot;&quot;,&quot;orientation&quot;:&quot;0&quot;}\" data-image-title=\"20251112_121340\" data-image-description=\"\" data-image-caption=\"\" data-medium-file=\"https:\/\/www.legistdf.gob.ar\/wp-content\/uploads\/2025\/11\/20251112_121340-300x169.jpg\" data-large-file=\"https:\/\/www.legistdf.gob.ar\/wp-content\/uploads\/2025\/11\/20251112_121340-1024x577.jpg\" \/><\/a>\n\t\t\t<\/dt><\/dl><dl class='gallery-item'>\n\t\t\t<dt class='gallery-icon landscape'>\n\t\t\t\t<a href='https:\/\/www.legistdf.gob.ar\/index.php\/2025\/11\/14\/seguridad-se-debe-visibilizar-el-conflicto-que-atraviesan-los-policias-del-exterritorio-pidio-graciania\/20251112_122026\/'><img loading=\"lazy\" decoding=\"async\" width=\"150\" height=\"150\" src=\"https:\/\/www.legistdf.gob.ar\/wp-content\/uploads\/2025\/11\/20251112_122026-150x150.jpg\" class=\"attachment-thumbnail size-thumbnail\" alt=\"\" srcset=\"https:\/\/www.legistdf.gob.ar\/wp-content\/uploads\/2025\/11\/20251112_122026-150x150.jpg 150w, https:\/\/www.legistdf.gob.ar\/wp-content\/uploads\/2025\/11\/20251112_122026-64x64.jpg 64w\" sizes=\"(max-width: 150px) 100vw, 150px\" data-attachment-id=\"47532\" data-permalink=\"https:\/\/www.legistdf.gob.ar\/index.php\/2025\/11\/14\/seguridad-se-debe-visibilizar-el-conflicto-que-atraviesan-los-policias-del-exterritorio-pidio-graciania\/20251112_122026\/\" data-orig-file=\"https:\/\/www.legistdf.gob.ar\/wp-content\/uploads\/2025\/11\/20251112_122026.jpg\" data-orig-size=\"1500,845\" data-comments-opened=\"0\" data-image-meta=\"{&quot;aperture&quot;:&quot;1.7&quot;,&quot;credit&quot;:&quot;&quot;,&quot;camera&quot;:&quot;Galaxy S23 Ultra&quot;,&quot;caption&quot;:&quot;&quot;,&quot;created_timestamp&quot;:&quot;1762960826&quot;,&quot;copyright&quot;:&quot;&quot;,&quot;focal_length&quot;:&quot;6.3&quot;,&quot;iso&quot;:&quot;640&quot;,&quot;shutter_speed&quot;:&quot;0.0083333333333333&quot;,&quot;title&quot;:&quot;&quot;,&quot;orientation&quot;:&quot;0&quot;}\" data-image-title=\"20251112_122026\" data-image-description=\"\" data-image-caption=\"\" data-medium-file=\"https:\/\/www.legistdf.gob.ar\/wp-content\/uploads\/2025\/11\/20251112_122026-300x169.jpg\" data-large-file=\"https:\/\/www.legistdf.gob.ar\/wp-content\/uploads\/2025\/11\/20251112_122026-1024x577.jpg\" \/><\/a>\n\t\t\t<\/dt><\/dl><dl class='gallery-item'>\n\t\t\t<dt class='gallery-icon landscape'>\n\t\t\t\t<a href='https:\/\/www.legistdf.gob.ar\/index.php\/2025\/11\/14\/seguridad-se-debe-visibilizar-el-conflicto-que-atraviesan-los-policias-del-exterritorio-pidio-graciania\/20251112_122215\/'><img loading=\"lazy\" decoding=\"async\" width=\"150\" height=\"150\" src=\"https:\/\/www.legistdf.gob.ar\/wp-content\/uploads\/2025\/11\/20251112_122215-150x150.jpg\" class=\"attachment-thumbnail size-thumbnail\" alt=\"\" srcset=\"https:\/\/www.legistdf.gob.ar\/wp-content\/uploads\/2025\/11\/20251112_122215-150x150.jpg 150w, https:\/\/www.legistdf.gob.ar\/wp-content\/uploads\/2025\/11\/20251112_122215-64x64.jpg 64w\" sizes=\"(max-width: 150px) 100vw, 150px\" data-attachment-id=\"47533\" data-permalink=\"https:\/\/www.legistdf.gob.ar\/index.php\/2025\/11\/14\/seguridad-se-debe-visibilizar-el-conflicto-que-atraviesan-los-policias-del-exterritorio-pidio-graciania\/20251112_122215\/\" data-orig-file=\"https:\/\/www.legistdf.gob.ar\/wp-content\/uploads\/2025\/11\/20251112_122215.jpg\" data-orig-size=\"1500,845\" data-comments-opened=\"0\" data-image-meta=\"{&quot;aperture&quot;:&quot;1.7&quot;,&quot;credit&quot;:&quot;&quot;,&quot;camera&quot;:&quot;Galaxy S23 Ultra&quot;,&quot;caption&quot;:&quot;&quot;,&quot;created_timestamp&quot;:&quot;1762960935&quot;,&quot;copyright&quot;:&quot;&quot;,&quot;focal_length&quot;:&quot;6.3&quot;,&quot;iso&quot;:&quot;800&quot;,&quot;shutter_speed&quot;:&quot;0.0041666666666667&quot;,&quot;title&quot;:&quot;&quot;,&quot;orientation&quot;:&quot;0&quot;}\" data-image-title=\"20251112_122215\" data-image-description=\"\" data-image-caption=\"\" data-medium-file=\"https:\/\/www.legistdf.gob.ar\/wp-content\/uploads\/2025\/11\/20251112_122215-300x169.jpg\" data-large-file=\"https:\/\/www.legistdf.gob.ar\/wp-content\/uploads\/2025\/11\/20251112_122215-1024x577.jpg\" \/><\/a>\n\t\t\t<\/dt><\/dl><dl class='gallery-item'>\n\t\t\t<dt class='gallery-icon landscape'>\n\t\t\t\t<a href='https:\/\/www.legistdf.gob.ar\/index.php\/2025\/11\/14\/seguridad-se-debe-visibilizar-el-conflicto-que-atraviesan-los-policias-del-exterritorio-pidio-graciania\/20251112_122320\/'><img loading=\"lazy\" decoding=\"async\" width=\"150\" height=\"150\" src=\"https:\/\/www.legistdf.gob.ar\/wp-content\/uploads\/2025\/11\/20251112_122320-150x150.jpg\" class=\"attachment-thumbnail size-thumbnail\" alt=\"\" srcset=\"https:\/\/www.legistdf.gob.ar\/wp-content\/uploads\/2025\/11\/20251112_122320-150x150.jpg 150w, https:\/\/www.legistdf.gob.ar\/wp-content\/uploads\/2025\/11\/20251112_122320-64x64.jpg 64w\" sizes=\"(max-width: 150px) 100vw, 150px\" data-attachment-id=\"47534\" data-permalink=\"https:\/\/www.legistdf.gob.ar\/index.php\/2025\/11\/14\/seguridad-se-debe-visibilizar-el-conflicto-que-atraviesan-los-policias-del-exterritorio-pidio-graciania\/20251112_122320\/\" data-orig-file=\"https:\/\/www.legistdf.gob.ar\/wp-content\/uploads\/2025\/11\/20251112_122320.jpg\" data-orig-size=\"1500,845\" data-comments-opened=\"0\" data-image-meta=\"{&quot;aperture&quot;:&quot;1.7&quot;,&quot;credit&quot;:&quot;&quot;,&quot;camera&quot;:&quot;Galaxy S23 Ultra&quot;,&quot;caption&quot;:&quot;&quot;,&quot;created_timestamp&quot;:&quot;1762961000&quot;,&quot;copyright&quot;:&quot;&quot;,&quot;focal_length&quot;:&quot;6.3&quot;,&quot;iso&quot;:&quot;500&quot;,&quot;shutter_speed&quot;:&quot;0.0083333333333333&quot;,&quot;title&quot;:&quot;&quot;,&quot;orientation&quot;:&quot;0&quot;}\" data-image-title=\"20251112_122320\" data-image-description=\"\" data-image-caption=\"\" data-medium-file=\"https:\/\/www.legistdf.gob.ar\/wp-content\/uploads\/2025\/11\/20251112_122320-300x169.jpg\" data-large-file=\"https:\/\/www.legistdf.gob.ar\/wp-content\/uploads\/2025\/11\/20251112_122320-1024x577.jpg\" \/><\/a>\n\t\t\t<\/dt><\/dl><br style=\"clear: both\" \/><dl class='gallery-item'>\n\t\t\t<dt class='gallery-icon landscape'>\n\t\t\t\t<a href='https:\/\/www.legistdf.gob.ar\/index.php\/2025\/11\/14\/seguridad-se-debe-visibilizar-el-conflicto-que-atraviesan-los-policias-del-exterritorio-pidio-graciania\/20251112_122627\/'><img loading=\"lazy\" decoding=\"async\" width=\"150\" height=\"150\" src=\"https:\/\/www.legistdf.gob.ar\/wp-content\/uploads\/2025\/11\/20251112_122627-150x150.jpg\" class=\"attachment-thumbnail size-thumbnail\" alt=\"\" srcset=\"https:\/\/www.legistdf.gob.ar\/wp-content\/uploads\/2025\/11\/20251112_122627-150x150.jpg 150w, https:\/\/www.legistdf.gob.ar\/wp-content\/uploads\/2025\/11\/20251112_122627-64x64.jpg 64w\" sizes=\"(max-width: 150px) 100vw, 150px\" data-attachment-id=\"47535\" data-permalink=\"https:\/\/www.legistdf.gob.ar\/index.php\/2025\/11\/14\/seguridad-se-debe-visibilizar-el-conflicto-que-atraviesan-los-policias-del-exterritorio-pidio-graciania\/20251112_122627\/\" data-orig-file=\"https:\/\/www.legistdf.gob.ar\/wp-content\/uploads\/2025\/11\/20251112_122627.jpg\" data-orig-size=\"1500,845\" data-comments-opened=\"0\" data-image-meta=\"{&quot;aperture&quot;:&quot;1.7&quot;,&quot;credit&quot;:&quot;&quot;,&quot;camera&quot;:&quot;Galaxy S23 Ultra&quot;,&quot;caption&quot;:&quot;&quot;,&quot;created_timestamp&quot;:&quot;1762961187&quot;,&quot;copyright&quot;:&quot;&quot;,&quot;focal_length&quot;:&quot;6.3&quot;,&quot;iso&quot;:&quot;200&quot;,&quot;shutter_speed&quot;:&quot;0.0083333333333333&quot;,&quot;title&quot;:&quot;&quot;,&quot;orientation&quot;:&quot;0&quot;}\" data-image-title=\"20251112_122627\" data-image-description=\"\" data-image-caption=\"\" data-medium-file=\"https:\/\/www.legistdf.gob.ar\/wp-content\/uploads\/2025\/11\/20251112_122627-300x169.jpg\" data-large-file=\"https:\/\/www.legistdf.gob.ar\/wp-content\/uploads\/2025\/11\/20251112_122627-1024x577.jpg\" \/><\/a>\n\t\t\t<\/dt><\/dl><dl class='gallery-item'>\n\t\t\t<dt class='gallery-icon landscape'>\n\t\t\t\t<a href='https:\/\/www.legistdf.gob.ar\/index.php\/2025\/11\/14\/seguridad-se-debe-visibilizar-el-conflicto-que-atraviesan-los-policias-del-exterritorio-pidio-graciania\/20251112_122631\/'><img loading=\"lazy\" decoding=\"async\" width=\"150\" height=\"150\" src=\"https:\/\/www.legistdf.gob.ar\/wp-content\/uploads\/2025\/11\/20251112_122631-150x150.jpg\" class=\"attachment-thumbnail size-thumbnail\" alt=\"\" srcset=\"https:\/\/www.legistdf.gob.ar\/wp-content\/uploads\/2025\/11\/20251112_122631-150x150.jpg 150w, https:\/\/www.legistdf.gob.ar\/wp-content\/uploads\/2025\/11\/20251112_122631-64x64.jpg 64w\" sizes=\"(max-width: 150px) 100vw, 150px\" data-attachment-id=\"47536\" data-permalink=\"https:\/\/www.legistdf.gob.ar\/index.php\/2025\/11\/14\/seguridad-se-debe-visibilizar-el-conflicto-que-atraviesan-los-policias-del-exterritorio-pidio-graciania\/20251112_122631\/\" data-orig-file=\"https:\/\/www.legistdf.gob.ar\/wp-content\/uploads\/2025\/11\/20251112_122631.jpg\" data-orig-size=\"1500,845\" data-comments-opened=\"0\" data-image-meta=\"{&quot;aperture&quot;:&quot;1.7&quot;,&quot;credit&quot;:&quot;&quot;,&quot;camera&quot;:&quot;Galaxy S23 Ultra&quot;,&quot;caption&quot;:&quot;&quot;,&quot;created_timestamp&quot;:&quot;1762961191&quot;,&quot;copyright&quot;:&quot;&quot;,&quot;focal_length&quot;:&quot;6.3&quot;,&quot;iso&quot;:&quot;250&quot;,&quot;shutter_speed&quot;:&quot;0.0083333333333333&quot;,&quot;title&quot;:&quot;&quot;,&quot;orientation&quot;:&quot;0&quot;}\" data-image-title=\"20251112_122631\" data-image-description=\"\" data-image-caption=\"\" data-medium-file=\"https:\/\/www.legistdf.gob.ar\/wp-content\/uploads\/2025\/11\/20251112_122631-300x169.jpg\" data-large-file=\"https:\/\/www.legistdf.gob.ar\/wp-content\/uploads\/2025\/11\/20251112_122631-1024x577.jpg\" \/><\/a>\n\t\t\t<\/dt><\/dl><dl class='gallery-item'>\n\t\t\t<dt class='gallery-icon landscape'>\n\t\t\t\t<a href='https:\/\/www.legistdf.gob.ar\/index.php\/2025\/11\/14\/seguridad-se-debe-visibilizar-el-conflicto-que-atraviesan-los-policias-del-exterritorio-pidio-graciania\/20251112_1226430\/'><img loading=\"lazy\" decoding=\"async\" width=\"150\" height=\"150\" src=\"https:\/\/www.legistdf.gob.ar\/wp-content\/uploads\/2025\/11\/20251112_1226430-150x150.jpg\" class=\"attachment-thumbnail size-thumbnail\" alt=\"\" srcset=\"https:\/\/www.legistdf.gob.ar\/wp-content\/uploads\/2025\/11\/20251112_1226430-150x150.jpg 150w, https:\/\/www.legistdf.gob.ar\/wp-content\/uploads\/2025\/11\/20251112_1226430-64x64.jpg 64w\" sizes=\"(max-width: 150px) 100vw, 150px\" data-attachment-id=\"47537\" data-permalink=\"https:\/\/www.legistdf.gob.ar\/index.php\/2025\/11\/14\/seguridad-se-debe-visibilizar-el-conflicto-que-atraviesan-los-policias-del-exterritorio-pidio-graciania\/20251112_1226430\/\" data-orig-file=\"https:\/\/www.legistdf.gob.ar\/wp-content\/uploads\/2025\/11\/20251112_1226430.jpg\" data-orig-size=\"1500,845\" data-comments-opened=\"0\" data-image-meta=\"{&quot;aperture&quot;:&quot;1.7&quot;,&quot;credit&quot;:&quot;&quot;,&quot;camera&quot;:&quot;Galaxy S23 Ultra&quot;,&quot;caption&quot;:&quot;&quot;,&quot;created_timestamp&quot;:&quot;1762961203&quot;,&quot;copyright&quot;:&quot;&quot;,&quot;focal_length&quot;:&quot;6.3&quot;,&quot;iso&quot;:&quot;400&quot;,&quot;shutter_speed&quot;:&quot;0.0083333333333333&quot;,&quot;title&quot;:&quot;&quot;,&quot;orientation&quot;:&quot;0&quot;}\" data-image-title=\"20251112_122643(0)\" data-image-description=\"\" data-image-caption=\"\" data-medium-file=\"https:\/\/www.legistdf.gob.ar\/wp-content\/uploads\/2025\/11\/20251112_1226430-300x169.jpg\" data-large-file=\"https:\/\/www.legistdf.gob.ar\/wp-content\/uploads\/2025\/11\/20251112_1226430-1024x577.jpg\" \/><\/a>\n\t\t\t<\/dt><\/dl><dl class='gallery-item'>\n\t\t\t<dt class='gallery-icon landscape'>\n\t\t\t\t<a href='https:\/\/www.legistdf.gob.ar\/index.php\/2025\/11\/14\/seguridad-se-debe-visibilizar-el-conflicto-que-atraviesan-los-policias-del-exterritorio-pidio-graciania\/20251112_1230070\/'><img loading=\"lazy\" decoding=\"async\" width=\"150\" height=\"150\" src=\"https:\/\/www.legistdf.gob.ar\/wp-content\/uploads\/2025\/11\/20251112_1230070-150x150.jpg\" class=\"attachment-thumbnail size-thumbnail\" alt=\"\" srcset=\"https:\/\/www.legistdf.gob.ar\/wp-content\/uploads\/2025\/11\/20251112_1230070-150x150.jpg 150w, https:\/\/www.legistdf.gob.ar\/wp-content\/uploads\/2025\/11\/20251112_1230070-64x64.jpg 64w\" sizes=\"(max-width: 150px) 100vw, 150px\" data-attachment-id=\"47538\" data-permalink=\"https:\/\/www.legistdf.gob.ar\/index.php\/2025\/11\/14\/seguridad-se-debe-visibilizar-el-conflicto-que-atraviesan-los-policias-del-exterritorio-pidio-graciania\/20251112_1230070\/\" data-orig-file=\"https:\/\/www.legistdf.gob.ar\/wp-content\/uploads\/2025\/11\/20251112_1230070.jpg\" data-orig-size=\"1500,845\" data-comments-opened=\"0\" data-image-meta=\"{&quot;aperture&quot;:&quot;1.7&quot;,&quot;credit&quot;:&quot;&quot;,&quot;camera&quot;:&quot;Galaxy S23 Ultra&quot;,&quot;caption&quot;:&quot;&quot;,&quot;created_timestamp&quot;:&quot;1762961407&quot;,&quot;copyright&quot;:&quot;&quot;,&quot;focal_length&quot;:&quot;6.3&quot;,&quot;iso&quot;:&quot;250&quot;,&quot;shutter_speed&quot;:&quot;0.0083333333333333&quot;,&quot;title&quot;:&quot;&quot;,&quot;orientation&quot;:&quot;0&quot;}\" data-image-title=\"20251112_123007(0)\" data-image-description=\"\" data-image-caption=\"\" data-medium-file=\"https:\/\/www.legistdf.gob.ar\/wp-content\/uploads\/2025\/11\/20251112_1230070-300x169.jpg\" data-large-file=\"https:\/\/www.legistdf.gob.ar\/wp-content\/uploads\/2025\/11\/20251112_1230070-1024x577.jpg\" \/><\/a>\n\t\t\t<\/dt><\/dl><dl class='gallery-item'>\n\t\t\t<dt class='gallery-icon landscape'>\n\t\t\t\t<a href='https:\/\/www.legistdf.gob.ar\/index.php\/2025\/11\/14\/seguridad-se-debe-visibilizar-el-conflicto-que-atraviesan-los-policias-del-exterritorio-pidio-graciania\/20251112_123221\/'><img loading=\"lazy\" decoding=\"async\" width=\"150\" height=\"150\" src=\"https:\/\/www.legistdf.gob.ar\/wp-content\/uploads\/2025\/11\/20251112_123221-150x150.jpg\" class=\"attachment-thumbnail size-thumbnail\" alt=\"\" srcset=\"https:\/\/www.legistdf.gob.ar\/wp-content\/uploads\/2025\/11\/20251112_123221-150x150.jpg 150w, https:\/\/www.legistdf.gob.ar\/wp-content\/uploads\/2025\/11\/20251112_123221-64x64.jpg 64w\" sizes=\"(max-width: 150px) 100vw, 150px\" data-attachment-id=\"47539\" data-permalink=\"https:\/\/www.legistdf.gob.ar\/index.php\/2025\/11\/14\/seguridad-se-debe-visibilizar-el-conflicto-que-atraviesan-los-policias-del-exterritorio-pidio-graciania\/20251112_123221\/\" data-orig-file=\"https:\/\/www.legistdf.gob.ar\/wp-content\/uploads\/2025\/11\/20251112_123221.jpg\" data-orig-size=\"1500,845\" data-comments-opened=\"0\" data-image-meta=\"{&quot;aperture&quot;:&quot;1.7&quot;,&quot;credit&quot;:&quot;&quot;,&quot;camera&quot;:&quot;Galaxy S23 Ultra&quot;,&quot;caption&quot;:&quot;&quot;,&quot;created_timestamp&quot;:&quot;1762961541&quot;,&quot;copyright&quot;:&quot;&quot;,&quot;focal_length&quot;:&quot;6.3&quot;,&quot;iso&quot;:&quot;320&quot;,&quot;shutter_speed&quot;:&quot;0.0083333333333333&quot;,&quot;title&quot;:&quot;&quot;,&quot;orientation&quot;:&quot;0&quot;}\" data-image-title=\"20251112_123221\" data-image-description=\"\" data-image-caption=\"\" data-medium-file=\"https:\/\/www.legistdf.gob.ar\/wp-content\/uploads\/2025\/11\/20251112_123221-300x169.jpg\" data-large-file=\"https:\/\/www.legistdf.gob.ar\/wp-content\/uploads\/2025\/11\/20251112_123221-1024x577.jpg\" \/><\/a>\n\t\t\t<\/dt><\/dl><dl class='gallery-item'>\n\t\t\t<dt class='gallery-icon landscape'>\n\t\t\t\t<a href='https:\/\/www.legistdf.gob.ar\/index.php\/2025\/11\/14\/seguridad-se-debe-visibilizar-el-conflicto-que-atraviesan-los-policias-del-exterritorio-pidio-graciania\/20251112_123259\/'><img loading=\"lazy\" decoding=\"async\" width=\"150\" height=\"150\" src=\"https:\/\/www.legistdf.gob.ar\/wp-content\/uploads\/2025\/11\/20251112_123259-150x150.jpg\" class=\"attachment-thumbnail size-thumbnail\" alt=\"\" srcset=\"https:\/\/www.legistdf.gob.ar\/wp-content\/uploads\/2025\/11\/20251112_123259-150x150.jpg 150w, https:\/\/www.legistdf.gob.ar\/wp-content\/uploads\/2025\/11\/20251112_123259-64x64.jpg 64w\" sizes=\"(max-width: 150px) 100vw, 150px\" data-attachment-id=\"47540\" data-permalink=\"https:\/\/www.legistdf.gob.ar\/index.php\/2025\/11\/14\/seguridad-se-debe-visibilizar-el-conflicto-que-atraviesan-los-policias-del-exterritorio-pidio-graciania\/20251112_123259\/\" data-orig-file=\"https:\/\/www.legistdf.gob.ar\/wp-content\/uploads\/2025\/11\/20251112_123259.jpg\" data-orig-size=\"1500,845\" data-comments-opened=\"0\" data-image-meta=\"{&quot;aperture&quot;:&quot;1.7&quot;,&quot;credit&quot;:&quot;&quot;,&quot;camera&quot;:&quot;Galaxy S23 Ultra&quot;,&quot;caption&quot;:&quot;&quot;,&quot;created_timestamp&quot;:&quot;1762961579&quot;,&quot;copyright&quot;:&quot;&quot;,&quot;focal_length&quot;:&quot;6.3&quot;,&quot;iso&quot;:&quot;250&quot;,&quot;shutter_speed&quot;:&quot;0.0083333333333333&quot;,&quot;title&quot;:&quot;&quot;,&quot;orientation&quot;:&quot;0&quot;}\" data-image-title=\"20251112_123259\" data-image-description=\"\" data-image-caption=\"\" data-medium-file=\"https:\/\/www.legistdf.gob.ar\/wp-content\/uploads\/2025\/11\/20251112_123259-300x169.jpg\" data-large-file=\"https:\/\/www.legistdf.gob.ar\/wp-content\/uploads\/2025\/11\/20251112_123259-1024x577.jpg\" \/><\/a>\n\t\t\t<\/dt><\/dl><dl class='gallery-item'>\n\t\t\t<dt class='gallery-icon landscape'>\n\t\t\t\t<a href='https:\/\/www.legistdf.gob.ar\/index.php\/2025\/11\/14\/seguridad-se-debe-visibilizar-el-conflicto-que-atraviesan-los-policias-del-exterritorio-pidio-graciania\/20251112_123335\/'><img loading=\"lazy\" decoding=\"async\" width=\"150\" height=\"150\" src=\"https:\/\/www.legistdf.gob.ar\/wp-content\/uploads\/2025\/11\/20251112_123335-150x150.jpg\" class=\"attachment-thumbnail size-thumbnail\" alt=\"\" srcset=\"https:\/\/www.legistdf.gob.ar\/wp-content\/uploads\/2025\/11\/20251112_123335-150x150.jpg 150w, https:\/\/www.legistdf.gob.ar\/wp-content\/uploads\/2025\/11\/20251112_123335-64x64.jpg 64w\" sizes=\"(max-width: 150px) 100vw, 150px\" data-attachment-id=\"47541\" data-permalink=\"https:\/\/www.legistdf.gob.ar\/index.php\/2025\/11\/14\/seguridad-se-debe-visibilizar-el-conflicto-que-atraviesan-los-policias-del-exterritorio-pidio-graciania\/20251112_123335\/\" data-orig-file=\"https:\/\/www.legistdf.gob.ar\/wp-content\/uploads\/2025\/11\/20251112_123335.jpg\" data-orig-size=\"1500,845\" data-comments-opened=\"0\" data-image-meta=\"{&quot;aperture&quot;:&quot;1.7&quot;,&quot;credit&quot;:&quot;&quot;,&quot;camera&quot;:&quot;Galaxy S23 Ultra&quot;,&quot;caption&quot;:&quot;&quot;,&quot;created_timestamp&quot;:&quot;1762961615&quot;,&quot;copyright&quot;:&quot;&quot;,&quot;focal_length&quot;:&quot;6.3&quot;,&quot;iso&quot;:&quot;320&quot;,&quot;shutter_speed&quot;:&quot;0.0028571428571429&quot;,&quot;title&quot;:&quot;&quot;,&quot;orientation&quot;:&quot;0&quot;}\" data-image-title=\"20251112_123335\" data-image-description=\"\" data-image-caption=\"\" data-medium-file=\"https:\/\/www.legistdf.gob.ar\/wp-content\/uploads\/2025\/11\/20251112_123335-300x169.jpg\" data-large-file=\"https:\/\/www.legistdf.gob.ar\/wp-content\/uploads\/2025\/11\/20251112_123335-1024x577.jpg\" \/><\/a>\n\t\t\t<\/dt><\/dl><dl class='gallery-item'>\n\t\t\t<dt class='gallery-icon landscape'>\n\t\t\t\t<a href='https:\/\/www.legistdf.gob.ar\/index.php\/2025\/11\/14\/seguridad-se-debe-visibilizar-el-conflicto-que-atraviesan-los-policias-del-exterritorio-pidio-graciania\/20251112_124149\/'><img loading=\"lazy\" decoding=\"async\" width=\"150\" height=\"150\" src=\"https:\/\/www.legistdf.gob.ar\/wp-content\/uploads\/2025\/11\/20251112_124149-150x150.jpg\" class=\"attachment-thumbnail size-thumbnail\" alt=\"\" srcset=\"https:\/\/www.legistdf.gob.ar\/wp-content\/uploads\/2025\/11\/20251112_124149-150x150.jpg 150w, https:\/\/www.legistdf.gob.ar\/wp-content\/uploads\/2025\/11\/20251112_124149-64x64.jpg 64w\" sizes=\"(max-width: 150px) 100vw, 150px\" data-attachment-id=\"47542\" data-permalink=\"https:\/\/www.legistdf.gob.ar\/index.php\/2025\/11\/14\/seguridad-se-debe-visibilizar-el-conflicto-que-atraviesan-los-policias-del-exterritorio-pidio-graciania\/20251112_124149\/\" data-orig-file=\"https:\/\/www.legistdf.gob.ar\/wp-content\/uploads\/2025\/11\/20251112_124149.jpg\" data-orig-size=\"1500,844\" data-comments-opened=\"0\" data-image-meta=\"{&quot;aperture&quot;:&quot;1.7&quot;,&quot;credit&quot;:&quot;&quot;,&quot;camera&quot;:&quot;Galaxy S23 Ultra&quot;,&quot;caption&quot;:&quot;&quot;,&quot;created_timestamp&quot;:&quot;1762962109&quot;,&quot;copyright&quot;:&quot;&quot;,&quot;focal_length&quot;:&quot;6.3&quot;,&quot;iso&quot;:&quot;500&quot;,&quot;shutter_speed&quot;:&quot;0.0083333333333333&quot;,&quot;title&quot;:&quot;&quot;,&quot;orientation&quot;:&quot;0&quot;}\" data-image-title=\"20251112_124149\" data-image-description=\"\" data-image-caption=\"\" data-medium-file=\"https:\/\/www.legistdf.gob.ar\/wp-content\/uploads\/2025\/11\/20251112_124149-300x169.jpg\" data-large-file=\"https:\/\/www.legistdf.gob.ar\/wp-content\/uploads\/2025\/11\/20251112_124149-1024x576.jpg\" \/><\/a>\n\t\t\t<\/dt><\/dl><dl class='gallery-item'>\n\t\t\t<dt class='gallery-icon landscape'>\n\t\t\t\t<a href='https:\/\/www.legistdf.gob.ar\/index.php\/2025\/11\/14\/seguridad-se-debe-visibilizar-el-conflicto-que-atraviesan-los-policias-del-exterritorio-pidio-graciania\/20251112_124242\/'><img loading=\"lazy\" decoding=\"async\" width=\"150\" height=\"150\" src=\"https:\/\/www.legistdf.gob.ar\/wp-content\/uploads\/2025\/11\/20251112_124242-150x150.jpg\" class=\"attachment-thumbnail size-thumbnail\" alt=\"\" srcset=\"https:\/\/www.legistdf.gob.ar\/wp-content\/uploads\/2025\/11\/20251112_124242-150x150.jpg 150w, https:\/\/www.legistdf.gob.ar\/wp-content\/uploads\/2025\/11\/20251112_124242-64x64.jpg 64w\" sizes=\"(max-width: 150px) 100vw, 150px\" data-attachment-id=\"47543\" data-permalink=\"https:\/\/www.legistdf.gob.ar\/index.php\/2025\/11\/14\/seguridad-se-debe-visibilizar-el-conflicto-que-atraviesan-los-policias-del-exterritorio-pidio-graciania\/20251112_124242\/\" data-orig-file=\"https:\/\/www.legistdf.gob.ar\/wp-content\/uploads\/2025\/11\/20251112_124242.jpg\" data-orig-size=\"1500,845\" data-comments-opened=\"0\" data-image-meta=\"{&quot;aperture&quot;:&quot;1.7&quot;,&quot;credit&quot;:&quot;&quot;,&quot;camera&quot;:&quot;Galaxy S23 Ultra&quot;,&quot;caption&quot;:&quot;&quot;,&quot;created_timestamp&quot;:&quot;1762962162&quot;,&quot;copyright&quot;:&quot;&quot;,&quot;focal_length&quot;:&quot;6.3&quot;,&quot;iso&quot;:&quot;250&quot;,&quot;shutter_speed&quot;:&quot;0.0083333333333333&quot;,&quot;title&quot;:&quot;&quot;,&quot;orientation&quot;:&quot;0&quot;}\" data-image-title=\"20251112_124242\" data-image-description=\"\" data-image-caption=\"\" data-medium-file=\"https:\/\/www.legistdf.gob.ar\/wp-content\/uploads\/2025\/11\/20251112_124242-300x169.jpg\" data-large-file=\"https:\/\/www.legistdf.gob.ar\/wp-content\/uploads\/2025\/11\/20251112_124242-1024x577.jpg\" \/><\/a>\n\t\t\t<\/dt><\/dl><br style=\"clear: both\" \/>\n\t\t<\/div>\n\n","protected":false},"excerpt":{"rendered":"<p>Ushuaia, viernes 14 de noviembre de 2025.- \u201cDesde hace meses los jubilados de la polic\u00eda territorial no cobran sus haberes. Era necesario poner en agenda p\u00fablica esta situaci\u00f3n\u201d, advirti\u00f3 la presidenta de la Comisi\u00f3n de Seguridad y Justica N\u00ba 6, Natalia Gracian\u00eda (LLA). Las y los Legisladores recibieron a beneficiarios de la Caja de Previsi\u00f3n [&hellip;]<\/p>\n","protected":false},"author":352,"featured_media":47541,"comment_status":"closed","ping_status":"closed","sticky":false,"template":"","format":"standard","meta":{"jetpack_post_was_ever_published":false,"_jetpack_newsletter_access":"","_jetpack_dont_email_post_to_subs":false,"_jetpack_newsletter_tier_id":0,"footnotes":"","jetpack_publicize_message":"","jetpack_publicize_feature_enabled":true,"jetpack_social_post_already_shared":true,"jetpack_social_options":{"image_generator_settings":{"template":"highway","enabled":false}}},"categories":[1],"tags":[],"jetpack_publicize_connections":[],"jetpack_sharing_enabled":true,"jetpack_featured_media_url":"https:\/\/www.legistdf.gob.ar\/wp-content\/uploads\/2025\/11\/20251112_123335.jpg","jetpack-related-posts":[],"_links":{"self":[{"href":"https:\/\/www.legistdf.gob.ar\/index.php\/wp-json\/wp\/v2\/posts\/47525"}],"collection":[{"href":"https:\/\/www.legistdf.gob.ar\/index.php\/wp-json\/wp\/v2\/posts"}],"about":[{"href":"https:\/\/www.legistdf.gob.ar\/index.php\/wp-json\/wp\/v2\/types\/post"}],"author":[{"embeddable":true,"href":"https:\/\/www.legistdf.gob.ar\/index.php\/wp-json\/wp\/v2\/users\/352"}],"replies":[{"embeddable":true,"href":"https:\/\/www.legistdf.gob.ar\/index.php\/wp-json\/wp\/v2\/comments?post=47525"}],"version-history":[{"count":1,"href":"https:\/\/www.legistdf.gob.ar\/index.php\/wp-json\/wp\/v2\/posts\/47525\/revisions"}],"predecessor-version":[{"id":47544,"href":"https:\/\/www.legistdf.gob.ar\/index.php\/wp-json\/wp\/v2\/posts\/47525\/revisions\/47544"}],"wp:featuredmedia":[{"embeddable":true,"href":"https:\/\/www.legistdf.gob.ar\/index.php\/wp-json\/wp\/v2\/media\/47541"}],"wp:attachment":[{"href":"https:\/\/www.legistdf.gob.ar\/index.php\/wp-json\/wp\/v2\/media?parent=47525"}],"wp:term":[{"taxonomy":"category","embeddable":true,"href":"https:\/\/www.legistdf.gob.ar\/index.php\/wp-json\/wp\/v2\/categories?post=47525"},{"taxonomy":"post_tag","embeddable":true,"href":"https:\/\/www.legistdf.gob.ar\/index.php\/wp-json\/wp\/v2\/tags?post=47525"}],"curies":[{"name":"wp","href":"https:\/\/api.w.org\/{rel}","templated":true}]}}