{"id":47976,"date":"2026-03-08T19:56:04","date_gmt":"2026-03-08T22:56:04","guid":{"rendered":"https:\/\/www.legistdf.gob.ar\/?p=47976"},"modified":"2026-03-06T12:00:06","modified_gmt":"2026-03-06T15:00:06","slug":"legislatura-lapadula-convoco-a-la-comision-de-presupuesto","status":"publish","type":"post","link":"https:\/\/www.legistdf.gob.ar\/index.php\/2026\/03\/08\/legislatura-lapadula-convoco-a-la-comision-de-presupuesto\/","title":{"rendered":"LEGISLATURA: Lapadula convoc\u00f3 a la Comisi\u00f3n de Presupuesto"},"content":{"rendered":"<p><span style=\"font-family: arial, helvetica, sans-serif;font-size: 14pt\"><strong>Ushuaia, domingo 8 de marzo de 2026.- El titular de la Comisi\u00f3n de Presupuesto N\u00ba 2, legislador Mat\u00edas Lapadula (PG) convoc\u00f3 a una reuni\u00f3n de la Comisi\u00f3n de Econom\u00eda y Presupuesto N\u00b0 2. <\/strong><\/span><\/p>\n<p>&nbsp;<\/p>\n<p><span style=\"font-family: arial, helvetica, sans-serif;font-size: 12pt\">La misma se realizar\u00e1 el pr\u00f3ximo mi\u00e9rcoles 11 de marzo a las 16 h.<\/span><\/p>\n<p>&nbsp;<\/p>\n<p><span style=\"font-family: arial, helvetica, sans-serif;font-size: 12pt\">El encuentro se llevar\u00e1 a cabo en el sal\u00f3n de Comisiones del edificio de los bloques pol\u00edticos de la capital fueguina.<\/span><\/p>\n<p>&nbsp;<\/p>\n<p><span style=\"font-family: arial, helvetica, sans-serif;font-size: 12pt\">El objetivo del encuentro es organizar la agenda del espacio de debate.<\/span><\/p>\n<p>&nbsp;<\/p>\n\n\t\t<style type=\"text\/css\">\n\t\t\t#gallery-1 {\n\t\t\t\tmargin: auto;\n\t\t\t}\n\t\t\t#gallery-1 .gallery-item {\n\t\t\t\tfloat: left;\n\t\t\t\tmargin-top: 10px;\n\t\t\t\ttext-align: center;\n\t\t\t\twidth: 100%;\n\t\t\t}\n\t\t\t#gallery-1 img {\n\t\t\t\tborder: 2px solid #cfcfcf;\n\t\t\t}\n\t\t\t#gallery-1 .gallery-caption {\n\t\t\t\tmargin-left: 0;\n\t\t\t}\n\t\t\t\/* see gallery_shortcode() in wp-includes\/media.php *\/\n\t\t<\/style>\n\t\t<div data-carousel-extra='{\"blog_id\":1,\"permalink\":\"https:\\\/\\\/www.legistdf.gob.ar\\\/index.php\\\/2026\\\/03\\\/08\\\/legislatura-lapadula-convoco-a-la-comision-de-presupuesto\\\/\"}' id='gallery-1' class='gallery galleryid-47976 gallery-columns-1 gallery-size-thumbnail'><dl class='gallery-item'>\n\t\t\t<dt class='gallery-icon landscape'>\n\t\t\t\t<a href='https:\/\/www.legistdf.gob.ar\/index.php\/2026\/03\/08\/legislatura-lapadula-convoco-a-la-comision-de-presupuesto\/img_9538-2\/'><img loading=\"lazy\" decoding=\"async\" width=\"150\" height=\"150\" src=\"https:\/\/www.legistdf.gob.ar\/wp-content\/uploads\/2026\/03\/IMG_9538-150x150.jpg\" class=\"attachment-thumbnail size-thumbnail\" alt=\"\" srcset=\"https:\/\/www.legistdf.gob.ar\/wp-content\/uploads\/2026\/03\/IMG_9538-150x150.jpg 150w, https:\/\/www.legistdf.gob.ar\/wp-content\/uploads\/2026\/03\/IMG_9538-64x64.jpg 64w\" sizes=\"(max-width: 150px) 100vw, 150px\" data-attachment-id=\"47977\" data-permalink=\"https:\/\/www.legistdf.gob.ar\/index.php\/2026\/03\/08\/legislatura-lapadula-convoco-a-la-comision-de-presupuesto\/img_9538-2\/\" data-orig-file=\"https:\/\/www.legistdf.gob.ar\/wp-content\/uploads\/2026\/03\/IMG_9538.jpg\" data-orig-size=\"1500,1000\" data-comments-opened=\"0\" data-image-meta=\"{&quot;aperture&quot;:&quot;5&quot;,&quot;credit&quot;:&quot;&quot;,&quot;camera&quot;:&quot;Canon EOS 6D&quot;,&quot;caption&quot;:&quot;&quot;,&quot;created_timestamp&quot;:&quot;1772205283&quot;,&quot;copyright&quot;:&quot;&quot;,&quot;focal_length&quot;:&quot;50&quot;,&quot;iso&quot;:&quot;800&quot;,&quot;shutter_speed&quot;:&quot;0.0055555555555556&quot;,&quot;title&quot;:&quot;&quot;,&quot;orientation&quot;:&quot;0&quot;}\" data-image-title=\"IMG_9538\" data-image-description=\"\" data-image-caption=\"\" data-medium-file=\"https:\/\/www.legistdf.gob.ar\/wp-content\/uploads\/2026\/03\/IMG_9538-300x200.jpg\" data-large-file=\"https:\/\/www.legistdf.gob.ar\/wp-content\/uploads\/2026\/03\/IMG_9538-1024x683.jpg\" \/><\/a>\n\t\t\t<\/dt><\/dl><br style=\"clear: both\" \/>\n\t\t<\/div>\n\n<p style=\"text-align: right\"><em><span style=\"font-family: arial, helvetica, sans-serif;font-size: 12pt\">AT-ZV-NEGM<\/span><\/em><\/p>\n","protected":false},"excerpt":{"rendered":"<p>Ushuaia, domingo 8 de marzo de 2026.- El titular de la Comisi\u00f3n de Presupuesto N\u00ba 2, legislador Mat\u00edas Lapadula (PG) convoc\u00f3 a una reuni\u00f3n de la Comisi\u00f3n de Econom\u00eda y Presupuesto N\u00b0 2. &nbsp; La misma se realizar\u00e1 el pr\u00f3ximo mi\u00e9rcoles 11 de marzo a las 16 h. &nbsp; El encuentro se llevar\u00e1 a cabo [&hellip;]<\/p>\n","protected":false},"author":352,"featured_media":47977,"comment_status":"closed","ping_status":"closed","sticky":false,"template":"","format":"standard","meta":{"jetpack_post_was_ever_published":false,"_jetpack_newsletter_access":"","_jetpack_dont_email_post_to_subs":false,"_jetpack_newsletter_tier_id":0,"footnotes":"","jetpack_publicize_message":"","jetpack_publicize_feature_enabled":true,"jetpack_social_post_already_shared":true,"jetpack_social_options":{"image_generator_settings":{"template":"highway","enabled":false}}},"categories":[1],"tags":[3670,538,3234],"jetpack_publicize_connections":[],"jetpack_sharing_enabled":true,"jetpack_featured_media_url":"https:\/\/www.legistdf.gob.ar\/wp-content\/uploads\/2026\/03\/IMG_9538.jpg","jetpack-related-posts":[],"_links":{"self":[{"href":"https:\/\/www.legistdf.gob.ar\/index.php\/wp-json\/wp\/v2\/posts\/47976"}],"collection":[{"href":"https:\/\/www.legistdf.gob.ar\/index.php\/wp-json\/wp\/v2\/posts"}],"about":[{"href":"https:\/\/www.legistdf.gob.ar\/index.php\/wp-json\/wp\/v2\/types\/post"}],"author":[{"embeddable":true,"href":"https:\/\/www.legistdf.gob.ar\/index.php\/wp-json\/wp\/v2\/users\/352"}],"replies":[{"embeddable":true,"href":"https:\/\/www.legistdf.gob.ar\/index.php\/wp-json\/wp\/v2\/comments?post=47976"}],"version-history":[{"count":1,"href":"https:\/\/www.legistdf.gob.ar\/index.php\/wp-json\/wp\/v2\/posts\/47976\/revisions"}],"predecessor-version":[{"id":47978,"href":"https:\/\/www.legistdf.gob.ar\/index.php\/wp-json\/wp\/v2\/posts\/47976\/revisions\/47978"}],"wp:featuredmedia":[{"embeddable":true,"href":"https:\/\/www.legistdf.gob.ar\/index.php\/wp-json\/wp\/v2\/media\/47977"}],"wp:attachment":[{"href":"https:\/\/www.legistdf.gob.ar\/index.php\/wp-json\/wp\/v2\/media?parent=47976"}],"wp:term":[{"taxonomy":"category","embeddable":true,"href":"https:\/\/www.legistdf.gob.ar\/index.php\/wp-json\/wp\/v2\/categories?post=47976"},{"taxonomy":"post_tag","embeddable":true,"href":"https:\/\/www.legistdf.gob.ar\/index.php\/wp-json\/wp\/v2\/tags?post=47976"}],"curies":[{"name":"wp","href":"https:\/\/api.w.org\/{rel}","templated":true}]}}