{"id":47990,"date":"2026-03-10T18:26:33","date_gmt":"2026-03-10T21:26:33","guid":{"rendered":"https:\/\/www.legistdf.gob.ar\/?p=47990"},"modified":"2026-03-10T18:26:33","modified_gmt":"2026-03-10T21:26:33","slug":"legislatura-encuentro-con-delegacion-diplomatica-y-empresarial-de-china","status":"publish","type":"post","link":"https:\/\/www.legistdf.gob.ar\/index.php\/2026\/03\/10\/legislatura-encuentro-con-delegacion-diplomatica-y-empresarial-de-china\/","title":{"rendered":"LEGISLATURA: Encuentro con delegaci\u00f3n diplom\u00e1tica y empresarial de China"},"content":{"rendered":"<p><span style=\"font-family: arial, helvetica, sans-serif;font-size: 14pt\"><strong><img loading=\"lazy\" decoding=\"async\" data-attachment-id=\"47998\" data-permalink=\"https:\/\/www.legistdf.gob.ar\/index.php\/2026\/03\/10\/legislatura-encuentro-con-delegacion-diplomatica-y-empresarial-de-china\/img_0288-4\/\" data-orig-file=\"https:\/\/www.legistdf.gob.ar\/wp-content\/uploads\/2026\/03\/IMG_0288.jpg\" data-orig-size=\"1500,1000\" data-comments-opened=\"0\" data-image-meta=\"{&quot;aperture&quot;:&quot;5&quot;,&quot;credit&quot;:&quot;&quot;,&quot;camera&quot;:&quot;Canon EOS 6D&quot;,&quot;caption&quot;:&quot;&quot;,&quot;created_timestamp&quot;:&quot;1773163288&quot;,&quot;copyright&quot;:&quot;&quot;,&quot;focal_length&quot;:&quot;24&quot;,&quot;iso&quot;:&quot;800&quot;,&quot;shutter_speed&quot;:&quot;0.0055555555555556&quot;,&quot;title&quot;:&quot;&quot;,&quot;orientation&quot;:&quot;0&quot;}\" data-image-title=\"IMG_0288\" data-image-description=\"\" data-image-caption=\"\" data-medium-file=\"https:\/\/www.legistdf.gob.ar\/wp-content\/uploads\/2026\/03\/IMG_0288-300x200.jpg\" data-large-file=\"https:\/\/www.legistdf.gob.ar\/wp-content\/uploads\/2026\/03\/IMG_0288-1024x683.jpg\" class=\"size-medium wp-image-47998 alignleft\" src=\"https:\/\/www.legistdf.gob.ar\/wp-content\/uploads\/2026\/03\/IMG_0288-300x200.jpg\" alt=\"\" width=\"300\" height=\"200\" srcset=\"https:\/\/www.legistdf.gob.ar\/wp-content\/uploads\/2026\/03\/IMG_0288-300x200.jpg 300w, https:\/\/www.legistdf.gob.ar\/wp-content\/uploads\/2026\/03\/IMG_0288-1024x683.jpg 1024w, https:\/\/www.legistdf.gob.ar\/wp-content\/uploads\/2026\/03\/IMG_0288-768x512.jpg 768w, https:\/\/www.legistdf.gob.ar\/wp-content\/uploads\/2026\/03\/IMG_0288-160x107.jpg 160w, https:\/\/www.legistdf.gob.ar\/wp-content\/uploads\/2026\/03\/IMG_0288.jpg 1500w\" sizes=\"(max-width: 300px) 100vw, 300px\" \/>Ushuaia, martes 10 de marzo de 2026.- La vicegobernadora M\u00f3nica Urquiza, junto a integrantes del cuerpo legislativo, recibi\u00f3 en la sede de la Presidencia del Parlamento a la delegaci\u00f3n de la Rep\u00fablica Popular China, encabezada por el embajador Wang Wei. La visita se enmarca en una misi\u00f3n oficial diplom\u00e1tica y empresarial del pa\u00eds asi\u00e1tico en Tierra del Fuego.<\/strong><\/span><\/p>\n<p>&nbsp;<\/p>\n<p><span style=\"font-family: arial, helvetica, sans-serif;font-size: 12pt\">El Embajador arrib\u00f3 acompa\u00f1ado por un equipo t\u00e9cnico y diplom\u00e1tico conformado por: Xue Dongxiao (Consejera); An Guanghui (Consejero de Comercio y Econom\u00eda); Xie Zhicheng (Tercer Secretario e Int\u00e9rprete), Zhu Yanjing (Agregada Comercial) y Yang Duozhou (Agregado Diplom\u00e1tico).<\/span><\/p>\n<p>&nbsp;<\/p>\n<p><span style=\"font-family: arial, helvetica, sans-serif;font-size: 12pt\">Durante el encuentro, las autoridades fueguinas destacaron la relevancia de fortalecer v\u00ednculos estrat\u00e9gicos que impulsen inversiones capaces de generar empleo genuino y diversificar la matriz productiva local.<img loading=\"lazy\" decoding=\"async\" data-attachment-id=\"48006\" data-permalink=\"https:\/\/www.legistdf.gob.ar\/index.php\/2026\/03\/10\/legislatura-encuentro-con-delegacion-diplomatica-y-empresarial-de-china\/img_0238-4\/\" data-orig-file=\"https:\/\/www.legistdf.gob.ar\/wp-content\/uploads\/2026\/03\/IMG_0238.jpg\" data-orig-size=\"1500,1000\" data-comments-opened=\"0\" data-image-meta=\"{&quot;aperture&quot;:&quot;6.3&quot;,&quot;credit&quot;:&quot;&quot;,&quot;camera&quot;:&quot;Canon EOS 6D&quot;,&quot;caption&quot;:&quot;&quot;,&quot;created_timestamp&quot;:&quot;1773161379&quot;,&quot;copyright&quot;:&quot;&quot;,&quot;focal_length&quot;:&quot;24&quot;,&quot;iso&quot;:&quot;800&quot;,&quot;shutter_speed&quot;:&quot;0.0055555555555556&quot;,&quot;title&quot;:&quot;&quot;,&quot;orientation&quot;:&quot;0&quot;}\" data-image-title=\"IMG_0238\" data-image-description=\"\" data-image-caption=\"\" data-medium-file=\"https:\/\/www.legistdf.gob.ar\/wp-content\/uploads\/2026\/03\/IMG_0238-300x200.jpg\" data-large-file=\"https:\/\/www.legistdf.gob.ar\/wp-content\/uploads\/2026\/03\/IMG_0238-1024x683.jpg\" class=\"size-medium wp-image-48006 alignright\" src=\"https:\/\/www.legistdf.gob.ar\/wp-content\/uploads\/2026\/03\/IMG_0238-300x200.jpg\" alt=\"\" width=\"300\" height=\"200\" srcset=\"https:\/\/www.legistdf.gob.ar\/wp-content\/uploads\/2026\/03\/IMG_0238-300x200.jpg 300w, https:\/\/www.legistdf.gob.ar\/wp-content\/uploads\/2026\/03\/IMG_0238-1024x683.jpg 1024w, https:\/\/www.legistdf.gob.ar\/wp-content\/uploads\/2026\/03\/IMG_0238-768x512.jpg 768w, https:\/\/www.legistdf.gob.ar\/wp-content\/uploads\/2026\/03\/IMG_0238-160x107.jpg 160w, https:\/\/www.legistdf.gob.ar\/wp-content\/uploads\/2026\/03\/IMG_0238.jpg 1500w\" sizes=\"(max-width: 300px) 100vw, 300px\" \/><\/span><\/p>\n<p>&nbsp;<\/p>\n<p><span style=\"font-family: arial, helvetica, sans-serif;font-size: 12pt\">Asimismo, las y los Legisladores subrayaron el compromiso del Parlamento para proveer el marco normativo y las herramientas institucionales necesarias que permitan consolidar la cooperaci\u00f3n internacional y el desarrollo econ\u00f3mico provincial. De esta forma, el diplom\u00e1tico valor\u00f3 el encuentro y remarc\u00f3 la voluntad de \u201cseguir construyendo lazos de cooperaci\u00f3n mutua entre ambas naciones\u201d.<\/span><\/p>\n<p>&nbsp;<\/p>\n<p><span style=\"font-family: arial, helvetica, sans-serif;font-size: 12pt\">Las y los Parlamentarios agradecieron el respaldo permanente de China a la Argentina en los organismos multilaterales respecto al reclamo soberano, leg\u00edtimo e irrenunciable de las Islas Malvinas.<\/span><\/p>\n<p>&nbsp;<\/p>\n<p><span style=\"font-family: arial, helvetica, sans-serif;font-size: 12pt\">Participaron del encuentro, las legisladora Mar\u00eda Laura Colazo (PV), Gisela Dos Santos (ST) y los legisladores Ra\u00fal Von Der Thusen (SF), Federico Greve y Federico Sciurano (FORJA).<\/span><\/p>\n<p>&nbsp;<\/p>\n<p><span style=\"font-family: arial, helvetica, sans-serif;font-size: 12pt\">Cabe mencionar que, en la ma\u00f1ana de hoy, la vicegobernadora M\u00f3nica Urquiza acompa\u00f1\u00f3 al gobernador de la Provincia, Prof. Gustavo Melella, al Embajador y su comitiva y a Veteranos de guerra en un homenaje a los h\u00e9roes ca\u00eddos en el conflicto b\u00e9lico del Atl\u00e1ntico Sur, realizado en el monumento a las Malvinas.<\/span><\/p>\n<p>&nbsp;<\/p>\n\n\t\t<style type=\"text\/css\">\n\t\t\t#gallery-1 {\n\t\t\t\tmargin: auto;\n\t\t\t}\n\t\t\t#gallery-1 .gallery-item {\n\t\t\t\tfloat: left;\n\t\t\t\tmargin-top: 10px;\n\t\t\t\ttext-align: center;\n\t\t\t\twidth: 12%;\n\t\t\t}\n\t\t\t#gallery-1 img {\n\t\t\t\tborder: 2px solid #cfcfcf;\n\t\t\t}\n\t\t\t#gallery-1 .gallery-caption {\n\t\t\t\tmargin-left: 0;\n\t\t\t}\n\t\t\t\/* see gallery_shortcode() in wp-includes\/media.php *\/\n\t\t<\/style>\n\t\t<div data-carousel-extra='{\"blog_id\":1,\"permalink\":\"https:\\\/\\\/www.legistdf.gob.ar\\\/index.php\\\/2026\\\/03\\\/10\\\/legislatura-encuentro-con-delegacion-diplomatica-y-empresarial-de-china\\\/\"}' id='gallery-1' class='gallery galleryid-47990 gallery-columns-8 gallery-size-thumbnail'><dl class='gallery-item'>\n\t\t\t<dt class='gallery-icon landscape'>\n\t\t\t\t<a href='https:\/\/www.legistdf.gob.ar\/index.php\/2026\/03\/10\/legislatura-encuentro-con-delegacion-diplomatica-y-empresarial-de-china\/img_0185-5\/'><img loading=\"lazy\" decoding=\"async\" width=\"150\" height=\"150\" src=\"https:\/\/www.legistdf.gob.ar\/wp-content\/uploads\/2026\/03\/IMG_0185-150x150.jpg\" class=\"attachment-thumbnail size-thumbnail\" alt=\"\" srcset=\"https:\/\/www.legistdf.gob.ar\/wp-content\/uploads\/2026\/03\/IMG_0185-150x150.jpg 150w, https:\/\/www.legistdf.gob.ar\/wp-content\/uploads\/2026\/03\/IMG_0185-64x64.jpg 64w\" sizes=\"(max-width: 150px) 100vw, 150px\" data-attachment-id=\"47991\" data-permalink=\"https:\/\/www.legistdf.gob.ar\/index.php\/2026\/03\/10\/legislatura-encuentro-con-delegacion-diplomatica-y-empresarial-de-china\/img_0185-5\/\" data-orig-file=\"https:\/\/www.legistdf.gob.ar\/wp-content\/uploads\/2026\/03\/IMG_0185.jpg\" data-orig-size=\"1500,1000\" data-comments-opened=\"0\" data-image-meta=\"{&quot;aperture&quot;:&quot;5.6&quot;,&quot;credit&quot;:&quot;&quot;,&quot;camera&quot;:&quot;Canon EOS 6D&quot;,&quot;caption&quot;:&quot;&quot;,&quot;created_timestamp&quot;:&quot;1773160138&quot;,&quot;copyright&quot;:&quot;&quot;,&quot;focal_length&quot;:&quot;24&quot;,&quot;iso&quot;:&quot;100&quot;,&quot;shutter_speed&quot;:&quot;0.0055555555555556&quot;,&quot;title&quot;:&quot;&quot;,&quot;orientation&quot;:&quot;0&quot;}\" data-image-title=\"IMG_0185\" data-image-description=\"\" data-image-caption=\"\" data-medium-file=\"https:\/\/www.legistdf.gob.ar\/wp-content\/uploads\/2026\/03\/IMG_0185-300x200.jpg\" data-large-file=\"https:\/\/www.legistdf.gob.ar\/wp-content\/uploads\/2026\/03\/IMG_0185-1024x683.jpg\" \/><\/a>\n\t\t\t<\/dt><\/dl><dl class='gallery-item'>\n\t\t\t<dt class='gallery-icon landscape'>\n\t\t\t\t<a href='https:\/\/www.legistdf.gob.ar\/index.php\/2026\/03\/10\/legislatura-encuentro-con-delegacion-diplomatica-y-empresarial-de-china\/img_0208-8\/'><img loading=\"lazy\" decoding=\"async\" width=\"150\" height=\"150\" src=\"https:\/\/www.legistdf.gob.ar\/wp-content\/uploads\/2026\/03\/IMG_0208-150x150.jpg\" class=\"attachment-thumbnail size-thumbnail\" alt=\"\" srcset=\"https:\/\/www.legistdf.gob.ar\/wp-content\/uploads\/2026\/03\/IMG_0208-150x150.jpg 150w, https:\/\/www.legistdf.gob.ar\/wp-content\/uploads\/2026\/03\/IMG_0208-64x64.jpg 64w\" sizes=\"(max-width: 150px) 100vw, 150px\" data-attachment-id=\"47992\" data-permalink=\"https:\/\/www.legistdf.gob.ar\/index.php\/2026\/03\/10\/legislatura-encuentro-con-delegacion-diplomatica-y-empresarial-de-china\/img_0208-8\/\" data-orig-file=\"https:\/\/www.legistdf.gob.ar\/wp-content\/uploads\/2026\/03\/IMG_0208.jpg\" data-orig-size=\"1500,1000\" data-comments-opened=\"0\" data-image-meta=\"{&quot;aperture&quot;:&quot;5.6&quot;,&quot;credit&quot;:&quot;&quot;,&quot;camera&quot;:&quot;Canon EOS 6D&quot;,&quot;caption&quot;:&quot;&quot;,&quot;created_timestamp&quot;:&quot;1773160464&quot;,&quot;copyright&quot;:&quot;&quot;,&quot;focal_length&quot;:&quot;30&quot;,&quot;iso&quot;:&quot;800&quot;,&quot;shutter_speed&quot;:&quot;0.0055555555555556&quot;,&quot;title&quot;:&quot;&quot;,&quot;orientation&quot;:&quot;0&quot;}\" data-image-title=\"IMG_0208\" data-image-description=\"\" data-image-caption=\"\" data-medium-file=\"https:\/\/www.legistdf.gob.ar\/wp-content\/uploads\/2026\/03\/IMG_0208-300x200.jpg\" data-large-file=\"https:\/\/www.legistdf.gob.ar\/wp-content\/uploads\/2026\/03\/IMG_0208-1024x683.jpg\" \/><\/a>\n\t\t\t<\/dt><\/dl><dl class='gallery-item'>\n\t\t\t<dt class='gallery-icon landscape'>\n\t\t\t\t<a href='https:\/\/www.legistdf.gob.ar\/index.php\/2026\/03\/10\/legislatura-encuentro-con-delegacion-diplomatica-y-empresarial-de-china\/img_0216-4\/'><img loading=\"lazy\" decoding=\"async\" width=\"150\" height=\"150\" src=\"https:\/\/www.legistdf.gob.ar\/wp-content\/uploads\/2026\/03\/IMG_0216-150x150.jpg\" class=\"attachment-thumbnail size-thumbnail\" alt=\"\" srcset=\"https:\/\/www.legistdf.gob.ar\/wp-content\/uploads\/2026\/03\/IMG_0216-150x150.jpg 150w, https:\/\/www.legistdf.gob.ar\/wp-content\/uploads\/2026\/03\/IMG_0216-64x64.jpg 64w\" sizes=\"(max-width: 150px) 100vw, 150px\" data-attachment-id=\"47993\" data-permalink=\"https:\/\/www.legistdf.gob.ar\/index.php\/2026\/03\/10\/legislatura-encuentro-con-delegacion-diplomatica-y-empresarial-de-china\/img_0216-4\/\" data-orig-file=\"https:\/\/www.legistdf.gob.ar\/wp-content\/uploads\/2026\/03\/IMG_0216.jpg\" data-orig-size=\"1500,1000\" data-comments-opened=\"0\" data-image-meta=\"{&quot;aperture&quot;:&quot;5.6&quot;,&quot;credit&quot;:&quot;&quot;,&quot;camera&quot;:&quot;Canon EOS 6D&quot;,&quot;caption&quot;:&quot;&quot;,&quot;created_timestamp&quot;:&quot;1773160547&quot;,&quot;copyright&quot;:&quot;&quot;,&quot;focal_length&quot;:&quot;35&quot;,&quot;iso&quot;:&quot;800&quot;,&quot;shutter_speed&quot;:&quot;0.0055555555555556&quot;,&quot;title&quot;:&quot;&quot;,&quot;orientation&quot;:&quot;0&quot;}\" data-image-title=\"IMG_0216\" data-image-description=\"\" data-image-caption=\"\" data-medium-file=\"https:\/\/www.legistdf.gob.ar\/wp-content\/uploads\/2026\/03\/IMG_0216-300x200.jpg\" data-large-file=\"https:\/\/www.legistdf.gob.ar\/wp-content\/uploads\/2026\/03\/IMG_0216-1024x683.jpg\" \/><\/a>\n\t\t\t<\/dt><\/dl><dl class='gallery-item'>\n\t\t\t<dt class='gallery-icon landscape'>\n\t\t\t\t<a href='https:\/\/www.legistdf.gob.ar\/index.php\/2026\/03\/10\/legislatura-encuentro-con-delegacion-diplomatica-y-empresarial-de-china\/img_0218-2\/'><img loading=\"lazy\" decoding=\"async\" width=\"150\" height=\"150\" src=\"https:\/\/www.legistdf.gob.ar\/wp-content\/uploads\/2026\/03\/IMG_0218-150x150.jpg\" class=\"attachment-thumbnail size-thumbnail\" alt=\"\" srcset=\"https:\/\/www.legistdf.gob.ar\/wp-content\/uploads\/2026\/03\/IMG_0218-150x150.jpg 150w, https:\/\/www.legistdf.gob.ar\/wp-content\/uploads\/2026\/03\/IMG_0218-64x64.jpg 64w\" sizes=\"(max-width: 150px) 100vw, 150px\" data-attachment-id=\"47994\" data-permalink=\"https:\/\/www.legistdf.gob.ar\/index.php\/2026\/03\/10\/legislatura-encuentro-con-delegacion-diplomatica-y-empresarial-de-china\/img_0218-2\/\" data-orig-file=\"https:\/\/www.legistdf.gob.ar\/wp-content\/uploads\/2026\/03\/IMG_0218.jpg\" data-orig-size=\"1500,1000\" data-comments-opened=\"0\" data-image-meta=\"{&quot;aperture&quot;:&quot;5.6&quot;,&quot;credit&quot;:&quot;&quot;,&quot;camera&quot;:&quot;Canon EOS 6D&quot;,&quot;caption&quot;:&quot;&quot;,&quot;created_timestamp&quot;:&quot;1773160555&quot;,&quot;copyright&quot;:&quot;&quot;,&quot;focal_length&quot;:&quot;50&quot;,&quot;iso&quot;:&quot;800&quot;,&quot;shutter_speed&quot;:&quot;0.0055555555555556&quot;,&quot;title&quot;:&quot;&quot;,&quot;orientation&quot;:&quot;0&quot;}\" data-image-title=\"IMG_0218\" data-image-description=\"\" data-image-caption=\"\" data-medium-file=\"https:\/\/www.legistdf.gob.ar\/wp-content\/uploads\/2026\/03\/IMG_0218-300x200.jpg\" data-large-file=\"https:\/\/www.legistdf.gob.ar\/wp-content\/uploads\/2026\/03\/IMG_0218-1024x683.jpg\" \/><\/a>\n\t\t\t<\/dt><\/dl><dl class='gallery-item'>\n\t\t\t<dt class='gallery-icon landscape'>\n\t\t\t\t<a href='https:\/\/www.legistdf.gob.ar\/index.php\/2026\/03\/10\/legislatura-encuentro-con-delegacion-diplomatica-y-empresarial-de-china\/img_0250\/'><img loading=\"lazy\" decoding=\"async\" width=\"150\" height=\"150\" src=\"https:\/\/www.legistdf.gob.ar\/wp-content\/uploads\/2026\/03\/IMG_0250-150x150.jpg\" class=\"attachment-thumbnail size-thumbnail\" alt=\"\" srcset=\"https:\/\/www.legistdf.gob.ar\/wp-content\/uploads\/2026\/03\/IMG_0250-150x150.jpg 150w, https:\/\/www.legistdf.gob.ar\/wp-content\/uploads\/2026\/03\/IMG_0250-64x64.jpg 64w\" sizes=\"(max-width: 150px) 100vw, 150px\" data-attachment-id=\"47996\" data-permalink=\"https:\/\/www.legistdf.gob.ar\/index.php\/2026\/03\/10\/legislatura-encuentro-con-delegacion-diplomatica-y-empresarial-de-china\/img_0250\/\" data-orig-file=\"https:\/\/www.legistdf.gob.ar\/wp-content\/uploads\/2026\/03\/IMG_0250.jpg\" data-orig-size=\"1500,1000\" data-comments-opened=\"0\" data-image-meta=\"{&quot;aperture&quot;:&quot;5&quot;,&quot;credit&quot;:&quot;&quot;,&quot;camera&quot;:&quot;Canon EOS 6D&quot;,&quot;caption&quot;:&quot;&quot;,&quot;created_timestamp&quot;:&quot;1773162864&quot;,&quot;copyright&quot;:&quot;&quot;,&quot;focal_length&quot;:&quot;45&quot;,&quot;iso&quot;:&quot;800&quot;,&quot;shutter_speed&quot;:&quot;0.0055555555555556&quot;,&quot;title&quot;:&quot;&quot;,&quot;orientation&quot;:&quot;0&quot;}\" data-image-title=\"IMG_0250\" data-image-description=\"\" data-image-caption=\"\" data-medium-file=\"https:\/\/www.legistdf.gob.ar\/wp-content\/uploads\/2026\/03\/IMG_0250-300x200.jpg\" data-large-file=\"https:\/\/www.legistdf.gob.ar\/wp-content\/uploads\/2026\/03\/IMG_0250-1024x683.jpg\" \/><\/a>\n\t\t\t<\/dt><\/dl><dl class='gallery-item'>\n\t\t\t<dt class='gallery-icon landscape'>\n\t\t\t\t<a href='https:\/\/www.legistdf.gob.ar\/index.php\/2026\/03\/10\/legislatura-encuentro-con-delegacion-diplomatica-y-empresarial-de-china\/img_0263-7\/'><img loading=\"lazy\" decoding=\"async\" width=\"150\" height=\"150\" src=\"https:\/\/www.legistdf.gob.ar\/wp-content\/uploads\/2026\/03\/IMG_0263-150x150.jpg\" class=\"attachment-thumbnail size-thumbnail\" alt=\"\" srcset=\"https:\/\/www.legistdf.gob.ar\/wp-content\/uploads\/2026\/03\/IMG_0263-150x150.jpg 150w, https:\/\/www.legistdf.gob.ar\/wp-content\/uploads\/2026\/03\/IMG_0263-64x64.jpg 64w\" sizes=\"(max-width: 150px) 100vw, 150px\" data-attachment-id=\"47997\" data-permalink=\"https:\/\/www.legistdf.gob.ar\/index.php\/2026\/03\/10\/legislatura-encuentro-con-delegacion-diplomatica-y-empresarial-de-china\/img_0263-7\/\" data-orig-file=\"https:\/\/www.legistdf.gob.ar\/wp-content\/uploads\/2026\/03\/IMG_0263.jpg\" data-orig-size=\"1500,1000\" data-comments-opened=\"0\" data-image-meta=\"{&quot;aperture&quot;:&quot;5&quot;,&quot;credit&quot;:&quot;&quot;,&quot;camera&quot;:&quot;Canon EOS 6D&quot;,&quot;caption&quot;:&quot;&quot;,&quot;created_timestamp&quot;:&quot;1773163017&quot;,&quot;copyright&quot;:&quot;&quot;,&quot;focal_length&quot;:&quot;35&quot;,&quot;iso&quot;:&quot;800&quot;,&quot;shutter_speed&quot;:&quot;0.0055555555555556&quot;,&quot;title&quot;:&quot;&quot;,&quot;orientation&quot;:&quot;0&quot;}\" data-image-title=\"IMG_0263\" data-image-description=\"\" data-image-caption=\"\" data-medium-file=\"https:\/\/www.legistdf.gob.ar\/wp-content\/uploads\/2026\/03\/IMG_0263-300x200.jpg\" data-large-file=\"https:\/\/www.legistdf.gob.ar\/wp-content\/uploads\/2026\/03\/IMG_0263-1024x683.jpg\" \/><\/a>\n\t\t\t<\/dt><\/dl><dl class='gallery-item'>\n\t\t\t<dt class='gallery-icon landscape'>\n\t\t\t\t<a href='https:\/\/www.legistdf.gob.ar\/index.php\/2026\/03\/10\/legislatura-encuentro-con-delegacion-diplomatica-y-empresarial-de-china\/img_0288-4\/'><img loading=\"lazy\" decoding=\"async\" width=\"150\" height=\"150\" src=\"https:\/\/www.legistdf.gob.ar\/wp-content\/uploads\/2026\/03\/IMG_0288-150x150.jpg\" class=\"attachment-thumbnail size-thumbnail\" alt=\"\" srcset=\"https:\/\/www.legistdf.gob.ar\/wp-content\/uploads\/2026\/03\/IMG_0288-150x150.jpg 150w, https:\/\/www.legistdf.gob.ar\/wp-content\/uploads\/2026\/03\/IMG_0288-64x64.jpg 64w\" sizes=\"(max-width: 150px) 100vw, 150px\" data-attachment-id=\"47998\" data-permalink=\"https:\/\/www.legistdf.gob.ar\/index.php\/2026\/03\/10\/legislatura-encuentro-con-delegacion-diplomatica-y-empresarial-de-china\/img_0288-4\/\" data-orig-file=\"https:\/\/www.legistdf.gob.ar\/wp-content\/uploads\/2026\/03\/IMG_0288.jpg\" data-orig-size=\"1500,1000\" data-comments-opened=\"0\" data-image-meta=\"{&quot;aperture&quot;:&quot;5&quot;,&quot;credit&quot;:&quot;&quot;,&quot;camera&quot;:&quot;Canon EOS 6D&quot;,&quot;caption&quot;:&quot;&quot;,&quot;created_timestamp&quot;:&quot;1773163288&quot;,&quot;copyright&quot;:&quot;&quot;,&quot;focal_length&quot;:&quot;24&quot;,&quot;iso&quot;:&quot;800&quot;,&quot;shutter_speed&quot;:&quot;0.0055555555555556&quot;,&quot;title&quot;:&quot;&quot;,&quot;orientation&quot;:&quot;0&quot;}\" data-image-title=\"IMG_0288\" data-image-description=\"\" data-image-caption=\"\" data-medium-file=\"https:\/\/www.legistdf.gob.ar\/wp-content\/uploads\/2026\/03\/IMG_0288-300x200.jpg\" data-large-file=\"https:\/\/www.legistdf.gob.ar\/wp-content\/uploads\/2026\/03\/IMG_0288-1024x683.jpg\" \/><\/a>\n\t\t\t<\/dt><\/dl><dl class='gallery-item'>\n\t\t\t<dt class='gallery-icon landscape'>\n\t\t\t\t<a href='https:\/\/www.legistdf.gob.ar\/index.php\/2026\/03\/10\/legislatura-encuentro-con-delegacion-diplomatica-y-empresarial-de-china\/img_0068-10\/'><img loading=\"lazy\" decoding=\"async\" width=\"150\" height=\"150\" src=\"https:\/\/www.legistdf.gob.ar\/wp-content\/uploads\/2026\/03\/IMG_0068-150x150.jpg\" class=\"attachment-thumbnail size-thumbnail\" alt=\"\" srcset=\"https:\/\/www.legistdf.gob.ar\/wp-content\/uploads\/2026\/03\/IMG_0068-150x150.jpg 150w, https:\/\/www.legistdf.gob.ar\/wp-content\/uploads\/2026\/03\/IMG_0068-64x64.jpg 64w\" sizes=\"(max-width: 150px) 100vw, 150px\" data-attachment-id=\"47999\" data-permalink=\"https:\/\/www.legistdf.gob.ar\/index.php\/2026\/03\/10\/legislatura-encuentro-con-delegacion-diplomatica-y-empresarial-de-china\/img_0068-10\/\" data-orig-file=\"https:\/\/www.legistdf.gob.ar\/wp-content\/uploads\/2026\/03\/IMG_0068.jpg\" data-orig-size=\"1500,1000\" data-comments-opened=\"0\" data-image-meta=\"{&quot;aperture&quot;:&quot;5.6&quot;,&quot;credit&quot;:&quot;&quot;,&quot;camera&quot;:&quot;Canon EOS 6D&quot;,&quot;caption&quot;:&quot;&quot;,&quot;created_timestamp&quot;:&quot;1773137159&quot;,&quot;copyright&quot;:&quot;&quot;,&quot;focal_length&quot;:&quot;33&quot;,&quot;iso&quot;:&quot;160&quot;,&quot;shutter_speed&quot;:&quot;0.002&quot;,&quot;title&quot;:&quot;&quot;,&quot;orientation&quot;:&quot;0&quot;}\" data-image-title=\"IMG_0068\" data-image-description=\"\" data-image-caption=\"\" data-medium-file=\"https:\/\/www.legistdf.gob.ar\/wp-content\/uploads\/2026\/03\/IMG_0068-300x200.jpg\" data-large-file=\"https:\/\/www.legistdf.gob.ar\/wp-content\/uploads\/2026\/03\/IMG_0068-1024x683.jpg\" \/><\/a>\n\t\t\t<\/dt><\/dl><br style=\"clear: both\" \/><dl class='gallery-item'>\n\t\t\t<dt class='gallery-icon landscape'>\n\t\t\t\t<a href='https:\/\/www.legistdf.gob.ar\/index.php\/2026\/03\/10\/legislatura-encuentro-con-delegacion-diplomatica-y-empresarial-de-china\/img_0087-11\/'><img loading=\"lazy\" decoding=\"async\" width=\"150\" height=\"150\" src=\"https:\/\/www.legistdf.gob.ar\/wp-content\/uploads\/2026\/03\/IMG_0087-150x150.jpg\" class=\"attachment-thumbnail size-thumbnail\" alt=\"\" srcset=\"https:\/\/www.legistdf.gob.ar\/wp-content\/uploads\/2026\/03\/IMG_0087-150x150.jpg 150w, https:\/\/www.legistdf.gob.ar\/wp-content\/uploads\/2026\/03\/IMG_0087-64x64.jpg 64w\" sizes=\"(max-width: 150px) 100vw, 150px\" data-attachment-id=\"48000\" data-permalink=\"https:\/\/www.legistdf.gob.ar\/index.php\/2026\/03\/10\/legislatura-encuentro-con-delegacion-diplomatica-y-empresarial-de-china\/img_0087-11\/\" data-orig-file=\"https:\/\/www.legistdf.gob.ar\/wp-content\/uploads\/2026\/03\/IMG_0087.jpg\" data-orig-size=\"1500,1000\" data-comments-opened=\"0\" data-image-meta=\"{&quot;aperture&quot;:&quot;5.6&quot;,&quot;credit&quot;:&quot;&quot;,&quot;camera&quot;:&quot;Canon EOS 6D&quot;,&quot;caption&quot;:&quot;&quot;,&quot;created_timestamp&quot;:&quot;1773137248&quot;,&quot;copyright&quot;:&quot;&quot;,&quot;focal_length&quot;:&quot;41&quot;,&quot;iso&quot;:&quot;160&quot;,&quot;shutter_speed&quot;:&quot;0.002&quot;,&quot;title&quot;:&quot;&quot;,&quot;orientation&quot;:&quot;0&quot;}\" data-image-title=\"IMG_0087\" data-image-description=\"\" data-image-caption=\"\" data-medium-file=\"https:\/\/www.legistdf.gob.ar\/wp-content\/uploads\/2026\/03\/IMG_0087-300x200.jpg\" data-large-file=\"https:\/\/www.legistdf.gob.ar\/wp-content\/uploads\/2026\/03\/IMG_0087-1024x683.jpg\" \/><\/a>\n\t\t\t<\/dt><\/dl><dl class='gallery-item'>\n\t\t\t<dt class='gallery-icon landscape'>\n\t\t\t\t<a href='https:\/\/www.legistdf.gob.ar\/index.php\/2026\/03\/10\/legislatura-encuentro-con-delegacion-diplomatica-y-empresarial-de-china\/img_0090-8\/'><img loading=\"lazy\" decoding=\"async\" width=\"150\" height=\"150\" src=\"https:\/\/www.legistdf.gob.ar\/wp-content\/uploads\/2026\/03\/IMG_0090-150x150.jpg\" class=\"attachment-thumbnail size-thumbnail\" alt=\"\" srcset=\"https:\/\/www.legistdf.gob.ar\/wp-content\/uploads\/2026\/03\/IMG_0090-150x150.jpg 150w, https:\/\/www.legistdf.gob.ar\/wp-content\/uploads\/2026\/03\/IMG_0090-64x64.jpg 64w\" sizes=\"(max-width: 150px) 100vw, 150px\" data-attachment-id=\"48001\" data-permalink=\"https:\/\/www.legistdf.gob.ar\/index.php\/2026\/03\/10\/legislatura-encuentro-con-delegacion-diplomatica-y-empresarial-de-china\/img_0090-8\/\" data-orig-file=\"https:\/\/www.legistdf.gob.ar\/wp-content\/uploads\/2026\/03\/IMG_0090.jpg\" data-orig-size=\"1500,1000\" data-comments-opened=\"0\" data-image-meta=\"{&quot;aperture&quot;:&quot;5.6&quot;,&quot;credit&quot;:&quot;&quot;,&quot;camera&quot;:&quot;Canon EOS 6D&quot;,&quot;caption&quot;:&quot;&quot;,&quot;created_timestamp&quot;:&quot;1773137325&quot;,&quot;copyright&quot;:&quot;&quot;,&quot;focal_length&quot;:&quot;50&quot;,&quot;iso&quot;:&quot;160&quot;,&quot;shutter_speed&quot;:&quot;0.002&quot;,&quot;title&quot;:&quot;&quot;,&quot;orientation&quot;:&quot;0&quot;}\" data-image-title=\"IMG_0090\" data-image-description=\"\" data-image-caption=\"\" data-medium-file=\"https:\/\/www.legistdf.gob.ar\/wp-content\/uploads\/2026\/03\/IMG_0090-300x200.jpg\" data-large-file=\"https:\/\/www.legistdf.gob.ar\/wp-content\/uploads\/2026\/03\/IMG_0090-1024x683.jpg\" \/><\/a>\n\t\t\t<\/dt><\/dl><dl class='gallery-item'>\n\t\t\t<dt class='gallery-icon landscape'>\n\t\t\t\t<a href='https:\/\/www.legistdf.gob.ar\/index.php\/2026\/03\/10\/legislatura-encuentro-con-delegacion-diplomatica-y-empresarial-de-china\/img_0097-10\/'><img loading=\"lazy\" decoding=\"async\" width=\"150\" height=\"150\" src=\"https:\/\/www.legistdf.gob.ar\/wp-content\/uploads\/2026\/03\/IMG_0097-150x150.jpg\" class=\"attachment-thumbnail size-thumbnail\" alt=\"\" srcset=\"https:\/\/www.legistdf.gob.ar\/wp-content\/uploads\/2026\/03\/IMG_0097-150x150.jpg 150w, https:\/\/www.legistdf.gob.ar\/wp-content\/uploads\/2026\/03\/IMG_0097-64x64.jpg 64w\" sizes=\"(max-width: 150px) 100vw, 150px\" data-attachment-id=\"48002\" data-permalink=\"https:\/\/www.legistdf.gob.ar\/index.php\/2026\/03\/10\/legislatura-encuentro-con-delegacion-diplomatica-y-empresarial-de-china\/img_0097-10\/\" data-orig-file=\"https:\/\/www.legistdf.gob.ar\/wp-content\/uploads\/2026\/03\/IMG_0097.jpg\" data-orig-size=\"1500,1000\" data-comments-opened=\"0\" data-image-meta=\"{&quot;aperture&quot;:&quot;5.6&quot;,&quot;credit&quot;:&quot;&quot;,&quot;camera&quot;:&quot;Canon EOS 6D&quot;,&quot;caption&quot;:&quot;&quot;,&quot;created_timestamp&quot;:&quot;1773137373&quot;,&quot;copyright&quot;:&quot;&quot;,&quot;focal_length&quot;:&quot;42&quot;,&quot;iso&quot;:&quot;160&quot;,&quot;shutter_speed&quot;:&quot;0.0015625&quot;,&quot;title&quot;:&quot;&quot;,&quot;orientation&quot;:&quot;0&quot;}\" data-image-title=\"IMG_0097\" data-image-description=\"\" data-image-caption=\"\" data-medium-file=\"https:\/\/www.legistdf.gob.ar\/wp-content\/uploads\/2026\/03\/IMG_0097-300x200.jpg\" data-large-file=\"https:\/\/www.legistdf.gob.ar\/wp-content\/uploads\/2026\/03\/IMG_0097-1024x683.jpg\" \/><\/a>\n\t\t\t<\/dt><\/dl><dl class='gallery-item'>\n\t\t\t<dt class='gallery-icon landscape'>\n\t\t\t\t<a href='https:\/\/www.legistdf.gob.ar\/index.php\/2026\/03\/10\/legislatura-encuentro-con-delegacion-diplomatica-y-empresarial-de-china\/img_0100-7\/'><img loading=\"lazy\" decoding=\"async\" width=\"150\" height=\"150\" src=\"https:\/\/www.legistdf.gob.ar\/wp-content\/uploads\/2026\/03\/IMG_0100-150x150.jpg\" class=\"attachment-thumbnail size-thumbnail\" alt=\"\" srcset=\"https:\/\/www.legistdf.gob.ar\/wp-content\/uploads\/2026\/03\/IMG_0100-150x150.jpg 150w, https:\/\/www.legistdf.gob.ar\/wp-content\/uploads\/2026\/03\/IMG_0100-64x64.jpg 64w\" sizes=\"(max-width: 150px) 100vw, 150px\" data-attachment-id=\"48003\" data-permalink=\"https:\/\/www.legistdf.gob.ar\/index.php\/2026\/03\/10\/legislatura-encuentro-con-delegacion-diplomatica-y-empresarial-de-china\/img_0100-7\/\" data-orig-file=\"https:\/\/www.legistdf.gob.ar\/wp-content\/uploads\/2026\/03\/IMG_0100.jpg\" data-orig-size=\"1500,1000\" data-comments-opened=\"0\" data-image-meta=\"{&quot;aperture&quot;:&quot;5.6&quot;,&quot;credit&quot;:&quot;&quot;,&quot;camera&quot;:&quot;Canon EOS 6D&quot;,&quot;caption&quot;:&quot;&quot;,&quot;created_timestamp&quot;:&quot;1773137386&quot;,&quot;copyright&quot;:&quot;&quot;,&quot;focal_length&quot;:&quot;24&quot;,&quot;iso&quot;:&quot;160&quot;,&quot;shutter_speed&quot;:&quot;0.0015625&quot;,&quot;title&quot;:&quot;&quot;,&quot;orientation&quot;:&quot;0&quot;}\" data-image-title=\"IMG_0100\" data-image-description=\"\" data-image-caption=\"\" data-medium-file=\"https:\/\/www.legistdf.gob.ar\/wp-content\/uploads\/2026\/03\/IMG_0100-300x200.jpg\" data-large-file=\"https:\/\/www.legistdf.gob.ar\/wp-content\/uploads\/2026\/03\/IMG_0100-1024x683.jpg\" \/><\/a>\n\t\t\t<\/dt><\/dl><dl class='gallery-item'>\n\t\t\t<dt class='gallery-icon landscape'>\n\t\t\t\t<a href='https:\/\/www.legistdf.gob.ar\/index.php\/2026\/03\/10\/legislatura-encuentro-con-delegacion-diplomatica-y-empresarial-de-china\/img_0114-4\/'><img loading=\"lazy\" decoding=\"async\" width=\"150\" height=\"150\" src=\"https:\/\/www.legistdf.gob.ar\/wp-content\/uploads\/2026\/03\/IMG_0114-150x150.jpg\" class=\"attachment-thumbnail size-thumbnail\" alt=\"\" srcset=\"https:\/\/www.legistdf.gob.ar\/wp-content\/uploads\/2026\/03\/IMG_0114-150x150.jpg 150w, https:\/\/www.legistdf.gob.ar\/wp-content\/uploads\/2026\/03\/IMG_0114-64x64.jpg 64w\" sizes=\"(max-width: 150px) 100vw, 150px\" data-attachment-id=\"48004\" data-permalink=\"https:\/\/www.legistdf.gob.ar\/index.php\/2026\/03\/10\/legislatura-encuentro-con-delegacion-diplomatica-y-empresarial-de-china\/img_0114-4\/\" data-orig-file=\"https:\/\/www.legistdf.gob.ar\/wp-content\/uploads\/2026\/03\/IMG_0114.jpg\" data-orig-size=\"1500,1000\" data-comments-opened=\"0\" data-image-meta=\"{&quot;aperture&quot;:&quot;5.6&quot;,&quot;credit&quot;:&quot;&quot;,&quot;camera&quot;:&quot;Canon EOS 6D&quot;,&quot;caption&quot;:&quot;&quot;,&quot;created_timestamp&quot;:&quot;1773137463&quot;,&quot;copyright&quot;:&quot;&quot;,&quot;focal_length&quot;:&quot;24&quot;,&quot;iso&quot;:&quot;160&quot;,&quot;shutter_speed&quot;:&quot;0.0015625&quot;,&quot;title&quot;:&quot;&quot;,&quot;orientation&quot;:&quot;0&quot;}\" data-image-title=\"IMG_0114\" data-image-description=\"\" data-image-caption=\"\" data-medium-file=\"https:\/\/www.legistdf.gob.ar\/wp-content\/uploads\/2026\/03\/IMG_0114-300x200.jpg\" data-large-file=\"https:\/\/www.legistdf.gob.ar\/wp-content\/uploads\/2026\/03\/IMG_0114-1024x683.jpg\" \/><\/a>\n\t\t\t<\/dt><\/dl><dl class='gallery-item'>\n\t\t\t<dt class='gallery-icon landscape'>\n\t\t\t\t<a href='https:\/\/www.legistdf.gob.ar\/index.php\/2026\/03\/10\/legislatura-encuentro-con-delegacion-diplomatica-y-empresarial-de-china\/img_0126-8\/'><img loading=\"lazy\" decoding=\"async\" width=\"150\" height=\"150\" src=\"https:\/\/www.legistdf.gob.ar\/wp-content\/uploads\/2026\/03\/IMG_0126-150x150.jpg\" class=\"attachment-thumbnail size-thumbnail\" alt=\"\" srcset=\"https:\/\/www.legistdf.gob.ar\/wp-content\/uploads\/2026\/03\/IMG_0126-150x150.jpg 150w, https:\/\/www.legistdf.gob.ar\/wp-content\/uploads\/2026\/03\/IMG_0126-64x64.jpg 64w\" sizes=\"(max-width: 150px) 100vw, 150px\" data-attachment-id=\"48005\" data-permalink=\"https:\/\/www.legistdf.gob.ar\/index.php\/2026\/03\/10\/legislatura-encuentro-con-delegacion-diplomatica-y-empresarial-de-china\/img_0126-8\/\" data-orig-file=\"https:\/\/www.legistdf.gob.ar\/wp-content\/uploads\/2026\/03\/IMG_0126.jpg\" data-orig-size=\"1500,1000\" data-comments-opened=\"0\" data-image-meta=\"{&quot;aperture&quot;:&quot;5.6&quot;,&quot;credit&quot;:&quot;&quot;,&quot;camera&quot;:&quot;Canon EOS 6D&quot;,&quot;caption&quot;:&quot;&quot;,&quot;created_timestamp&quot;:&quot;1773137719&quot;,&quot;copyright&quot;:&quot;&quot;,&quot;focal_length&quot;:&quot;24&quot;,&quot;iso&quot;:&quot;160&quot;,&quot;shutter_speed&quot;:&quot;0.0015625&quot;,&quot;title&quot;:&quot;&quot;,&quot;orientation&quot;:&quot;0&quot;}\" data-image-title=\"IMG_0126\" data-image-description=\"\" data-image-caption=\"\" data-medium-file=\"https:\/\/www.legistdf.gob.ar\/wp-content\/uploads\/2026\/03\/IMG_0126-300x200.jpg\" data-large-file=\"https:\/\/www.legistdf.gob.ar\/wp-content\/uploads\/2026\/03\/IMG_0126-1024x683.jpg\" \/><\/a>\n\t\t\t<\/dt><\/dl><dl class='gallery-item'>\n\t\t\t<dt class='gallery-icon landscape'>\n\t\t\t\t<a href='https:\/\/www.legistdf.gob.ar\/index.php\/2026\/03\/10\/legislatura-encuentro-con-delegacion-diplomatica-y-empresarial-de-china\/img_0238-4\/'><img loading=\"lazy\" decoding=\"async\" width=\"150\" height=\"150\" src=\"https:\/\/www.legistdf.gob.ar\/wp-content\/uploads\/2026\/03\/IMG_0238-150x150.jpg\" class=\"attachment-thumbnail size-thumbnail\" alt=\"\" srcset=\"https:\/\/www.legistdf.gob.ar\/wp-content\/uploads\/2026\/03\/IMG_0238-150x150.jpg 150w, https:\/\/www.legistdf.gob.ar\/wp-content\/uploads\/2026\/03\/IMG_0238-64x64.jpg 64w\" sizes=\"(max-width: 150px) 100vw, 150px\" data-attachment-id=\"48006\" data-permalink=\"https:\/\/www.legistdf.gob.ar\/index.php\/2026\/03\/10\/legislatura-encuentro-con-delegacion-diplomatica-y-empresarial-de-china\/img_0238-4\/\" data-orig-file=\"https:\/\/www.legistdf.gob.ar\/wp-content\/uploads\/2026\/03\/IMG_0238.jpg\" data-orig-size=\"1500,1000\" data-comments-opened=\"0\" data-image-meta=\"{&quot;aperture&quot;:&quot;6.3&quot;,&quot;credit&quot;:&quot;&quot;,&quot;camera&quot;:&quot;Canon EOS 6D&quot;,&quot;caption&quot;:&quot;&quot;,&quot;created_timestamp&quot;:&quot;1773161379&quot;,&quot;copyright&quot;:&quot;&quot;,&quot;focal_length&quot;:&quot;24&quot;,&quot;iso&quot;:&quot;800&quot;,&quot;shutter_speed&quot;:&quot;0.0055555555555556&quot;,&quot;title&quot;:&quot;&quot;,&quot;orientation&quot;:&quot;0&quot;}\" data-image-title=\"IMG_0238\" data-image-description=\"\" data-image-caption=\"\" data-medium-file=\"https:\/\/www.legistdf.gob.ar\/wp-content\/uploads\/2026\/03\/IMG_0238-300x200.jpg\" data-large-file=\"https:\/\/www.legistdf.gob.ar\/wp-content\/uploads\/2026\/03\/IMG_0238-1024x683.jpg\" \/><\/a>\n\t\t\t<\/dt><\/dl>\n\t\t\t<br style='clear: both' \/>\n\t\t<\/div>\n\n<p style=\"text-align: right\"><em><span style=\"font-family: arial, helvetica, sans-serif;font-size: 12pt\">NEGM<\/span><\/em><\/p>\n","protected":false},"excerpt":{"rendered":"<p>Ushuaia, martes 10 de marzo de 2026.- La vicegobernadora M\u00f3nica Urquiza, junto a integrantes del cuerpo legislativo, recibi\u00f3 en la sede de la Presidencia del Parlamento a la delegaci\u00f3n de la Rep\u00fablica Popular China, encabezada por el embajador Wang Wei. La visita se enmarca en una misi\u00f3n oficial diplom\u00e1tica y empresarial del pa\u00eds asi\u00e1tico en [&hellip;]<\/p>\n","protected":false},"author":352,"featured_media":47998,"comment_status":"closed","ping_status":"closed","sticky":false,"template":"","format":"standard","meta":{"jetpack_post_was_ever_published":false,"_jetpack_newsletter_access":"","_jetpack_dont_email_post_to_subs":false,"_jetpack_newsletter_tier_id":0,"footnotes":"","jetpack_publicize_message":"","jetpack_publicize_feature_enabled":true,"jetpack_social_post_already_shared":true,"jetpack_social_options":{"image_generator_settings":{"template":"highway","enabled":false}}},"categories":[1],"tags":[3671,3672,3673,3477,144,2013],"jetpack_publicize_connections":[],"jetpack_sharing_enabled":true,"jetpack_featured_media_url":"https:\/\/www.legistdf.gob.ar\/wp-content\/uploads\/2026\/03\/IMG_0288.jpg","jetpack-related-posts":[],"_links":{"self":[{"href":"https:\/\/www.legistdf.gob.ar\/index.php\/wp-json\/wp\/v2\/posts\/47990"}],"collection":[{"href":"https:\/\/www.legistdf.gob.ar\/index.php\/wp-json\/wp\/v2\/posts"}],"about":[{"href":"https:\/\/www.legistdf.gob.ar\/index.php\/wp-json\/wp\/v2\/types\/post"}],"author":[{"embeddable":true,"href":"https:\/\/www.legistdf.gob.ar\/index.php\/wp-json\/wp\/v2\/users\/352"}],"replies":[{"embeddable":true,"href":"https:\/\/www.legistdf.gob.ar\/index.php\/wp-json\/wp\/v2\/comments?post=47990"}],"version-history":[{"count":1,"href":"https:\/\/www.legistdf.gob.ar\/index.php\/wp-json\/wp\/v2\/posts\/47990\/revisions"}],"predecessor-version":[{"id":48007,"href":"https:\/\/www.legistdf.gob.ar\/index.php\/wp-json\/wp\/v2\/posts\/47990\/revisions\/48007"}],"wp:featuredmedia":[{"embeddable":true,"href":"https:\/\/www.legistdf.gob.ar\/index.php\/wp-json\/wp\/v2\/media\/47998"}],"wp:attachment":[{"href":"https:\/\/www.legistdf.gob.ar\/index.php\/wp-json\/wp\/v2\/media?parent=47990"}],"wp:term":[{"taxonomy":"category","embeddable":true,"href":"https:\/\/www.legistdf.gob.ar\/index.php\/wp-json\/wp\/v2\/categories?post=47990"},{"taxonomy":"post_tag","embeddable":true,"href":"https:\/\/www.legistdf.gob.ar\/index.php\/wp-json\/wp\/v2\/tags?post=47990"}],"curies":[{"name":"wp","href":"https:\/\/api.w.org\/{rel}","templated":true}]}}