{"id":48030,"date":"2026-03-11T17:06:09","date_gmt":"2026-03-11T20:06:09","guid":{"rendered":"https:\/\/www.legistdf.gob.ar\/?p=48030"},"modified":"2026-03-11T17:06:09","modified_gmt":"2026-03-11T20:06:09","slug":"osef-legisladores-recibieron-a-gremios-y-jubilados","status":"publish","type":"post","link":"https:\/\/www.legistdf.gob.ar\/index.php\/2026\/03\/11\/osef-legisladores-recibieron-a-gremios-y-jubilados\/","title":{"rendered":"OSEF: Legisladores recibieron a gremios y jubilados"},"content":{"rendered":"<p><strong><span style=\"font-family: arial, helvetica, sans-serif;font-size: 14pt\"><img loading=\"lazy\" decoding=\"async\" data-attachment-id=\"48037\" data-permalink=\"https:\/\/www.legistdf.gob.ar\/index.php\/2026\/03\/11\/osef-legisladores-recibieron-a-gremios-y-jubilados\/img_0337-6\/\" data-orig-file=\"https:\/\/www.legistdf.gob.ar\/wp-content\/uploads\/2026\/03\/IMG_0337-scaled.jpg\" data-orig-size=\"2560,1707\" data-comments-opened=\"0\" data-image-meta=\"{&quot;aperture&quot;:&quot;5&quot;,&quot;credit&quot;:&quot;&quot;,&quot;camera&quot;:&quot;Canon EOS 6D&quot;,&quot;caption&quot;:&quot;&quot;,&quot;created_timestamp&quot;:&quot;1773243330&quot;,&quot;copyright&quot;:&quot;&quot;,&quot;focal_length&quot;:&quot;24&quot;,&quot;iso&quot;:&quot;800&quot;,&quot;shutter_speed&quot;:&quot;0.033333333333333&quot;,&quot;title&quot;:&quot;&quot;,&quot;orientation&quot;:&quot;0&quot;}\" data-image-title=\"IMG_0337\" data-image-description=\"\" data-image-caption=\"\" data-medium-file=\"https:\/\/www.legistdf.gob.ar\/wp-content\/uploads\/2026\/03\/IMG_0337-300x200.jpg\" data-large-file=\"https:\/\/www.legistdf.gob.ar\/wp-content\/uploads\/2026\/03\/IMG_0337-1024x683.jpg\" class=\"size-medium wp-image-48037 alignleft\" src=\"https:\/\/www.legistdf.gob.ar\/wp-content\/uploads\/2026\/03\/IMG_0337-300x200.jpg\" alt=\"\" width=\"300\" height=\"200\" srcset=\"https:\/\/www.legistdf.gob.ar\/wp-content\/uploads\/2026\/03\/IMG_0337-300x200.jpg 300w, https:\/\/www.legistdf.gob.ar\/wp-content\/uploads\/2026\/03\/IMG_0337-1024x683.jpg 1024w, https:\/\/www.legistdf.gob.ar\/wp-content\/uploads\/2026\/03\/IMG_0337-768x512.jpg 768w, https:\/\/www.legistdf.gob.ar\/wp-content\/uploads\/2026\/03\/IMG_0337-160x107.jpg 160w, https:\/\/www.legistdf.gob.ar\/wp-content\/uploads\/2026\/03\/IMG_0337-1536x1024.jpg 1536w, https:\/\/www.legistdf.gob.ar\/wp-content\/uploads\/2026\/03\/IMG_0337-2048x1365.jpg 2048w\" sizes=\"(max-width: 300px) 100vw, 300px\" \/>Ushuaia, mi\u00e9rcoles 11 de marzo de 2026.- En el marco de la Comisi\u00f3n de Salud, se desarroll\u00f3 la reuni\u00f3n donde se expuso la situaci\u00f3n de la Obra Social del Estado Fueguino (OSEF) y la Caja de Previsi\u00f3n. La misma fue presidida por el legislador Juan Carlos Pino (PJ).<\/span><\/strong><\/p>\n<p>&nbsp;<\/p>\n<p><span style=\"font-family: arial, helvetica, sans-serif;font-size: 12pt\">Algunas de las cuestiones que se expusieron durante el encuentro fueron las deudas con prestadores, funcionamiento de la farmacia. En este mismo sentido, se puso en debate la situaci\u00f3n del Hospital Regional Ushuaia, como es el espacio f\u00edsico, la dotaci\u00f3n de profesionales, entre otros temas.<\/span><\/p>\n<p>&nbsp;<\/p>\n<p><span style=\"font-family: arial, helvetica, sans-serif;font-size: 12pt\">Participaron Mar\u00eda Victoria Vuoto y Tomas Garc\u00eda (PJ); Natalia Gracian\u00eda y Luciano Selzer (LLA); Gisela Dos Santos (ST); Mar\u00eda Laura Colazo (PV); Pablo Villegas (MPF); Ra\u00fal Von Der Thusen y Jorge Lechman (SF).<\/span><\/p>\n\n\t\t<style type=\"text\/css\">\n\t\t\t#gallery-1 {\n\t\t\t\tmargin: auto;\n\t\t\t}\n\t\t\t#gallery-1 .gallery-item {\n\t\t\t\tfloat: left;\n\t\t\t\tmargin-top: 10px;\n\t\t\t\ttext-align: center;\n\t\t\t\twidth: 12%;\n\t\t\t}\n\t\t\t#gallery-1 img {\n\t\t\t\tborder: 2px solid #cfcfcf;\n\t\t\t}\n\t\t\t#gallery-1 .gallery-caption {\n\t\t\t\tmargin-left: 0;\n\t\t\t}\n\t\t\t\/* see gallery_shortcode() in wp-includes\/media.php *\/\n\t\t<\/style>\n\t\t<div data-carousel-extra='{\"blog_id\":1,\"permalink\":\"https:\\\/\\\/www.legistdf.gob.ar\\\/index.php\\\/2026\\\/03\\\/11\\\/osef-legisladores-recibieron-a-gremios-y-jubilados\\\/\"}' id='gallery-1' class='gallery galleryid-48030 gallery-columns-8 gallery-size-thumbnail'><dl class='gallery-item'>\n\t\t\t<dt class='gallery-icon landscape'>\n\t\t\t\t<a href='https:\/\/www.legistdf.gob.ar\/index.php\/2026\/03\/11\/osef-legisladores-recibieron-a-gremios-y-jubilados\/img_0294-3\/'><img loading=\"lazy\" decoding=\"async\" width=\"150\" height=\"150\" src=\"https:\/\/www.legistdf.gob.ar\/wp-content\/uploads\/2026\/03\/IMG_0294-150x150.jpg\" class=\"attachment-thumbnail size-thumbnail\" alt=\"\" srcset=\"https:\/\/www.legistdf.gob.ar\/wp-content\/uploads\/2026\/03\/IMG_0294-150x150.jpg 150w, https:\/\/www.legistdf.gob.ar\/wp-content\/uploads\/2026\/03\/IMG_0294-64x64.jpg 64w\" sizes=\"(max-width: 150px) 100vw, 150px\" data-attachment-id=\"48031\" data-permalink=\"https:\/\/www.legistdf.gob.ar\/index.php\/2026\/03\/11\/osef-legisladores-recibieron-a-gremios-y-jubilados\/img_0294-3\/\" data-orig-file=\"https:\/\/www.legistdf.gob.ar\/wp-content\/uploads\/2026\/03\/IMG_0294-scaled.jpg\" data-orig-size=\"2560,1706\" data-comments-opened=\"0\" data-image-meta=\"{&quot;aperture&quot;:&quot;5&quot;,&quot;credit&quot;:&quot;&quot;,&quot;camera&quot;:&quot;Canon EOS 6D&quot;,&quot;caption&quot;:&quot;&quot;,&quot;created_timestamp&quot;:&quot;1773241453&quot;,&quot;copyright&quot;:&quot;&quot;,&quot;focal_length&quot;:&quot;24&quot;,&quot;iso&quot;:&quot;800&quot;,&quot;shutter_speed&quot;:&quot;0.033333333333333&quot;,&quot;title&quot;:&quot;&quot;,&quot;orientation&quot;:&quot;0&quot;}\" data-image-title=\"IMG_0294\" data-image-description=\"\" data-image-caption=\"\" data-medium-file=\"https:\/\/www.legistdf.gob.ar\/wp-content\/uploads\/2026\/03\/IMG_0294-300x200.jpg\" data-large-file=\"https:\/\/www.legistdf.gob.ar\/wp-content\/uploads\/2026\/03\/IMG_0294-1024x683.jpg\" \/><\/a>\n\t\t\t<\/dt><\/dl><dl class='gallery-item'>\n\t\t\t<dt class='gallery-icon landscape'>\n\t\t\t\t<a href='https:\/\/www.legistdf.gob.ar\/index.php\/2026\/03\/11\/osef-legisladores-recibieron-a-gremios-y-jubilados\/img_0303-8\/'><img loading=\"lazy\" decoding=\"async\" width=\"150\" height=\"150\" src=\"https:\/\/www.legistdf.gob.ar\/wp-content\/uploads\/2026\/03\/IMG_0303-150x150.jpg\" class=\"attachment-thumbnail size-thumbnail\" alt=\"\" srcset=\"https:\/\/www.legistdf.gob.ar\/wp-content\/uploads\/2026\/03\/IMG_0303-150x150.jpg 150w, https:\/\/www.legistdf.gob.ar\/wp-content\/uploads\/2026\/03\/IMG_0303-64x64.jpg 64w\" sizes=\"(max-width: 150px) 100vw, 150px\" data-attachment-id=\"48032\" data-permalink=\"https:\/\/www.legistdf.gob.ar\/index.php\/2026\/03\/11\/osef-legisladores-recibieron-a-gremios-y-jubilados\/img_0303-8\/\" data-orig-file=\"https:\/\/www.legistdf.gob.ar\/wp-content\/uploads\/2026\/03\/IMG_0303-scaled.jpg\" data-orig-size=\"2560,1707\" data-comments-opened=\"0\" data-image-meta=\"{&quot;aperture&quot;:&quot;5&quot;,&quot;credit&quot;:&quot;&quot;,&quot;camera&quot;:&quot;Canon EOS 6D&quot;,&quot;caption&quot;:&quot;&quot;,&quot;created_timestamp&quot;:&quot;1773241583&quot;,&quot;copyright&quot;:&quot;&quot;,&quot;focal_length&quot;:&quot;63&quot;,&quot;iso&quot;:&quot;800&quot;,&quot;shutter_speed&quot;:&quot;0.033333333333333&quot;,&quot;title&quot;:&quot;&quot;,&quot;orientation&quot;:&quot;0&quot;}\" data-image-title=\"IMG_0303\" data-image-description=\"\" data-image-caption=\"\" data-medium-file=\"https:\/\/www.legistdf.gob.ar\/wp-content\/uploads\/2026\/03\/IMG_0303-300x200.jpg\" data-large-file=\"https:\/\/www.legistdf.gob.ar\/wp-content\/uploads\/2026\/03\/IMG_0303-1024x683.jpg\" \/><\/a>\n\t\t\t<\/dt><\/dl><dl class='gallery-item'>\n\t\t\t<dt class='gallery-icon landscape'>\n\t\t\t\t<a href='https:\/\/www.legistdf.gob.ar\/index.php\/2026\/03\/11\/osef-legisladores-recibieron-a-gremios-y-jubilados\/img_0317-3\/'><img loading=\"lazy\" decoding=\"async\" width=\"150\" height=\"150\" src=\"https:\/\/www.legistdf.gob.ar\/wp-content\/uploads\/2026\/03\/IMG_0317-1-150x150.jpg\" class=\"attachment-thumbnail size-thumbnail\" alt=\"\" srcset=\"https:\/\/www.legistdf.gob.ar\/wp-content\/uploads\/2026\/03\/IMG_0317-1-150x150.jpg 150w, https:\/\/www.legistdf.gob.ar\/wp-content\/uploads\/2026\/03\/IMG_0317-1-64x64.jpg 64w\" sizes=\"(max-width: 150px) 100vw, 150px\" data-attachment-id=\"48033\" data-permalink=\"https:\/\/www.legistdf.gob.ar\/index.php\/2026\/03\/11\/osef-legisladores-recibieron-a-gremios-y-jubilados\/img_0317-3\/\" data-orig-file=\"https:\/\/www.legistdf.gob.ar\/wp-content\/uploads\/2026\/03\/IMG_0317-1-scaled.jpg\" data-orig-size=\"2560,1707\" data-comments-opened=\"0\" data-image-meta=\"{&quot;aperture&quot;:&quot;5&quot;,&quot;credit&quot;:&quot;&quot;,&quot;camera&quot;:&quot;Canon EOS 6D&quot;,&quot;caption&quot;:&quot;&quot;,&quot;created_timestamp&quot;:&quot;1773241675&quot;,&quot;copyright&quot;:&quot;&quot;,&quot;focal_length&quot;:&quot;24&quot;,&quot;iso&quot;:&quot;800&quot;,&quot;shutter_speed&quot;:&quot;0.033333333333333&quot;,&quot;title&quot;:&quot;&quot;,&quot;orientation&quot;:&quot;0&quot;}\" data-image-title=\"IMG_0317\" data-image-description=\"\" data-image-caption=\"\" data-medium-file=\"https:\/\/www.legistdf.gob.ar\/wp-content\/uploads\/2026\/03\/IMG_0317-1-300x200.jpg\" data-large-file=\"https:\/\/www.legistdf.gob.ar\/wp-content\/uploads\/2026\/03\/IMG_0317-1-1024x683.jpg\" \/><\/a>\n\t\t\t<\/dt><\/dl><dl class='gallery-item'>\n\t\t\t<dt class='gallery-icon landscape'>\n\t\t\t\t<a href='https:\/\/www.legistdf.gob.ar\/index.php\/2026\/03\/11\/osef-legisladores-recibieron-a-gremios-y-jubilados\/img_0323-3\/'><img loading=\"lazy\" decoding=\"async\" width=\"150\" height=\"150\" src=\"https:\/\/www.legistdf.gob.ar\/wp-content\/uploads\/2026\/03\/IMG_0323-150x150.jpg\" class=\"attachment-thumbnail size-thumbnail\" alt=\"\" srcset=\"https:\/\/www.legistdf.gob.ar\/wp-content\/uploads\/2026\/03\/IMG_0323-150x150.jpg 150w, https:\/\/www.legistdf.gob.ar\/wp-content\/uploads\/2026\/03\/IMG_0323-64x64.jpg 64w\" sizes=\"(max-width: 150px) 100vw, 150px\" data-attachment-id=\"48034\" data-permalink=\"https:\/\/www.legistdf.gob.ar\/index.php\/2026\/03\/11\/osef-legisladores-recibieron-a-gremios-y-jubilados\/img_0323-3\/\" data-orig-file=\"https:\/\/www.legistdf.gob.ar\/wp-content\/uploads\/2026\/03\/IMG_0323-scaled.jpg\" data-orig-size=\"2560,1707\" data-comments-opened=\"0\" data-image-meta=\"{&quot;aperture&quot;:&quot;5&quot;,&quot;credit&quot;:&quot;&quot;,&quot;camera&quot;:&quot;Canon EOS 6D&quot;,&quot;caption&quot;:&quot;&quot;,&quot;created_timestamp&quot;:&quot;1773242371&quot;,&quot;copyright&quot;:&quot;&quot;,&quot;focal_length&quot;:&quot;45&quot;,&quot;iso&quot;:&quot;800&quot;,&quot;shutter_speed&quot;:&quot;0.033333333333333&quot;,&quot;title&quot;:&quot;&quot;,&quot;orientation&quot;:&quot;0&quot;}\" data-image-title=\"IMG_0323\" data-image-description=\"\" data-image-caption=\"\" data-medium-file=\"https:\/\/www.legistdf.gob.ar\/wp-content\/uploads\/2026\/03\/IMG_0323-300x200.jpg\" data-large-file=\"https:\/\/www.legistdf.gob.ar\/wp-content\/uploads\/2026\/03\/IMG_0323-1024x683.jpg\" \/><\/a>\n\t\t\t<\/dt><\/dl><dl class='gallery-item'>\n\t\t\t<dt class='gallery-icon landscape'>\n\t\t\t\t<a href='https:\/\/www.legistdf.gob.ar\/index.php\/2026\/03\/11\/osef-legisladores-recibieron-a-gremios-y-jubilados\/img_0327-4\/'><img loading=\"lazy\" decoding=\"async\" width=\"150\" height=\"150\" src=\"https:\/\/www.legistdf.gob.ar\/wp-content\/uploads\/2026\/03\/IMG_0327-150x150.jpg\" class=\"attachment-thumbnail size-thumbnail\" alt=\"\" srcset=\"https:\/\/www.legistdf.gob.ar\/wp-content\/uploads\/2026\/03\/IMG_0327-150x150.jpg 150w, https:\/\/www.legistdf.gob.ar\/wp-content\/uploads\/2026\/03\/IMG_0327-64x64.jpg 64w\" sizes=\"(max-width: 150px) 100vw, 150px\" data-attachment-id=\"48035\" data-permalink=\"https:\/\/www.legistdf.gob.ar\/index.php\/2026\/03\/11\/osef-legisladores-recibieron-a-gremios-y-jubilados\/img_0327-4\/\" data-orig-file=\"https:\/\/www.legistdf.gob.ar\/wp-content\/uploads\/2026\/03\/IMG_0327-scaled.jpg\" data-orig-size=\"2560,1707\" data-comments-opened=\"0\" data-image-meta=\"{&quot;aperture&quot;:&quot;5&quot;,&quot;credit&quot;:&quot;&quot;,&quot;camera&quot;:&quot;Canon EOS 6D&quot;,&quot;caption&quot;:&quot;&quot;,&quot;created_timestamp&quot;:&quot;1773242646&quot;,&quot;copyright&quot;:&quot;&quot;,&quot;focal_length&quot;:&quot;24&quot;,&quot;iso&quot;:&quot;800&quot;,&quot;shutter_speed&quot;:&quot;0.033333333333333&quot;,&quot;title&quot;:&quot;&quot;,&quot;orientation&quot;:&quot;0&quot;}\" data-image-title=\"IMG_0327\" data-image-description=\"\" data-image-caption=\"\" data-medium-file=\"https:\/\/www.legistdf.gob.ar\/wp-content\/uploads\/2026\/03\/IMG_0327-300x200.jpg\" data-large-file=\"https:\/\/www.legistdf.gob.ar\/wp-content\/uploads\/2026\/03\/IMG_0327-1024x683.jpg\" \/><\/a>\n\t\t\t<\/dt><\/dl><dl class='gallery-item'>\n\t\t\t<dt class='gallery-icon landscape'>\n\t\t\t\t<a href='https:\/\/www.legistdf.gob.ar\/index.php\/2026\/03\/11\/osef-legisladores-recibieron-a-gremios-y-jubilados\/img_0330-2\/'><img loading=\"lazy\" decoding=\"async\" width=\"150\" height=\"150\" src=\"https:\/\/www.legistdf.gob.ar\/wp-content\/uploads\/2026\/03\/IMG_0330-150x150.jpg\" class=\"attachment-thumbnail size-thumbnail\" alt=\"\" srcset=\"https:\/\/www.legistdf.gob.ar\/wp-content\/uploads\/2026\/03\/IMG_0330-150x150.jpg 150w, https:\/\/www.legistdf.gob.ar\/wp-content\/uploads\/2026\/03\/IMG_0330-64x64.jpg 64w\" sizes=\"(max-width: 150px) 100vw, 150px\" data-attachment-id=\"48036\" data-permalink=\"https:\/\/www.legistdf.gob.ar\/index.php\/2026\/03\/11\/osef-legisladores-recibieron-a-gremios-y-jubilados\/img_0330-2\/\" data-orig-file=\"https:\/\/www.legistdf.gob.ar\/wp-content\/uploads\/2026\/03\/IMG_0330-scaled.jpg\" data-orig-size=\"2560,1707\" data-comments-opened=\"0\" data-image-meta=\"{&quot;aperture&quot;:&quot;5&quot;,&quot;credit&quot;:&quot;&quot;,&quot;camera&quot;:&quot;Canon EOS 6D&quot;,&quot;caption&quot;:&quot;&quot;,&quot;created_timestamp&quot;:&quot;1773243175&quot;,&quot;copyright&quot;:&quot;&quot;,&quot;focal_length&quot;:&quot;70&quot;,&quot;iso&quot;:&quot;800&quot;,&quot;shutter_speed&quot;:&quot;0.033333333333333&quot;,&quot;title&quot;:&quot;&quot;,&quot;orientation&quot;:&quot;0&quot;}\" data-image-title=\"IMG_0330\" data-image-description=\"\" data-image-caption=\"\" data-medium-file=\"https:\/\/www.legistdf.gob.ar\/wp-content\/uploads\/2026\/03\/IMG_0330-300x200.jpg\" data-large-file=\"https:\/\/www.legistdf.gob.ar\/wp-content\/uploads\/2026\/03\/IMG_0330-1024x683.jpg\" \/><\/a>\n\t\t\t<\/dt><\/dl><dl class='gallery-item'>\n\t\t\t<dt class='gallery-icon landscape'>\n\t\t\t\t<a href='https:\/\/www.legistdf.gob.ar\/index.php\/2026\/03\/11\/osef-legisladores-recibieron-a-gremios-y-jubilados\/img_0337-6\/'><img loading=\"lazy\" decoding=\"async\" width=\"150\" height=\"150\" src=\"https:\/\/www.legistdf.gob.ar\/wp-content\/uploads\/2026\/03\/IMG_0337-150x150.jpg\" class=\"attachment-thumbnail size-thumbnail\" alt=\"\" srcset=\"https:\/\/www.legistdf.gob.ar\/wp-content\/uploads\/2026\/03\/IMG_0337-150x150.jpg 150w, https:\/\/www.legistdf.gob.ar\/wp-content\/uploads\/2026\/03\/IMG_0337-64x64.jpg 64w\" sizes=\"(max-width: 150px) 100vw, 150px\" data-attachment-id=\"48037\" data-permalink=\"https:\/\/www.legistdf.gob.ar\/index.php\/2026\/03\/11\/osef-legisladores-recibieron-a-gremios-y-jubilados\/img_0337-6\/\" data-orig-file=\"https:\/\/www.legistdf.gob.ar\/wp-content\/uploads\/2026\/03\/IMG_0337-scaled.jpg\" data-orig-size=\"2560,1707\" data-comments-opened=\"0\" data-image-meta=\"{&quot;aperture&quot;:&quot;5&quot;,&quot;credit&quot;:&quot;&quot;,&quot;camera&quot;:&quot;Canon EOS 6D&quot;,&quot;caption&quot;:&quot;&quot;,&quot;created_timestamp&quot;:&quot;1773243330&quot;,&quot;copyright&quot;:&quot;&quot;,&quot;focal_length&quot;:&quot;24&quot;,&quot;iso&quot;:&quot;800&quot;,&quot;shutter_speed&quot;:&quot;0.033333333333333&quot;,&quot;title&quot;:&quot;&quot;,&quot;orientation&quot;:&quot;0&quot;}\" data-image-title=\"IMG_0337\" data-image-description=\"\" data-image-caption=\"\" data-medium-file=\"https:\/\/www.legistdf.gob.ar\/wp-content\/uploads\/2026\/03\/IMG_0337-300x200.jpg\" data-large-file=\"https:\/\/www.legistdf.gob.ar\/wp-content\/uploads\/2026\/03\/IMG_0337-1024x683.jpg\" \/><\/a>\n\t\t\t<\/dt><\/dl><dl class='gallery-item'>\n\t\t\t<dt class='gallery-icon landscape'>\n\t\t\t\t<a href='https:\/\/www.legistdf.gob.ar\/index.php\/2026\/03\/11\/osef-legisladores-recibieron-a-gremios-y-jubilados\/img_0345-5\/'><img loading=\"lazy\" decoding=\"async\" width=\"150\" height=\"150\" src=\"https:\/\/www.legistdf.gob.ar\/wp-content\/uploads\/2026\/03\/IMG_0345-150x150.jpg\" class=\"attachment-thumbnail size-thumbnail\" alt=\"\" srcset=\"https:\/\/www.legistdf.gob.ar\/wp-content\/uploads\/2026\/03\/IMG_0345-150x150.jpg 150w, https:\/\/www.legistdf.gob.ar\/wp-content\/uploads\/2026\/03\/IMG_0345-64x64.jpg 64w\" sizes=\"(max-width: 150px) 100vw, 150px\" data-attachment-id=\"48038\" data-permalink=\"https:\/\/www.legistdf.gob.ar\/index.php\/2026\/03\/11\/osef-legisladores-recibieron-a-gremios-y-jubilados\/img_0345-5\/\" data-orig-file=\"https:\/\/www.legistdf.gob.ar\/wp-content\/uploads\/2026\/03\/IMG_0345-scaled.jpg\" data-orig-size=\"2560,1707\" data-comments-opened=\"0\" data-image-meta=\"{&quot;aperture&quot;:&quot;5&quot;,&quot;credit&quot;:&quot;&quot;,&quot;camera&quot;:&quot;Canon EOS 6D&quot;,&quot;caption&quot;:&quot;&quot;,&quot;created_timestamp&quot;:&quot;1773243612&quot;,&quot;copyright&quot;:&quot;&quot;,&quot;focal_length&quot;:&quot;44&quot;,&quot;iso&quot;:&quot;800&quot;,&quot;shutter_speed&quot;:&quot;0.01&quot;,&quot;title&quot;:&quot;&quot;,&quot;orientation&quot;:&quot;0&quot;}\" data-image-title=\"IMG_0345\" data-image-description=\"\" data-image-caption=\"\" data-medium-file=\"https:\/\/www.legistdf.gob.ar\/wp-content\/uploads\/2026\/03\/IMG_0345-300x200.jpg\" data-large-file=\"https:\/\/www.legistdf.gob.ar\/wp-content\/uploads\/2026\/03\/IMG_0345-1024x683.jpg\" \/><\/a>\n\t\t\t<\/dt><\/dl><br style=\"clear: both\" \/>\n\t\t<\/div>\n\n","protected":false},"excerpt":{"rendered":"<p>Ushuaia, mi\u00e9rcoles 11 de marzo de 2026.- En el marco de la Comisi\u00f3n de Salud, se desarroll\u00f3 la reuni\u00f3n donde se expuso la situaci\u00f3n de la Obra Social del Estado Fueguino (OSEF) y la Caja de Previsi\u00f3n. La misma fue presidida por el legislador Juan Carlos Pino (PJ). &nbsp; Algunas de las cuestiones que se [&hellip;]<\/p>\n","protected":false},"author":346,"featured_media":48038,"comment_status":"closed","ping_status":"closed","sticky":false,"template":"","format":"standard","meta":{"jetpack_post_was_ever_published":false,"_jetpack_newsletter_access":"","_jetpack_dont_email_post_to_subs":false,"_jetpack_newsletter_tier_id":0,"footnotes":"","jetpack_publicize_message":"","jetpack_publicize_feature_enabled":true,"jetpack_social_post_already_shared":true,"jetpack_social_options":{"image_generator_settings":{"template":"highway","enabled":false}}},"categories":[1],"tags":[],"jetpack_publicize_connections":[],"jetpack_sharing_enabled":true,"jetpack_featured_media_url":"https:\/\/www.legistdf.gob.ar\/wp-content\/uploads\/2026\/03\/IMG_0345-scaled.jpg","jetpack-related-posts":[],"_links":{"self":[{"href":"https:\/\/www.legistdf.gob.ar\/index.php\/wp-json\/wp\/v2\/posts\/48030"}],"collection":[{"href":"https:\/\/www.legistdf.gob.ar\/index.php\/wp-json\/wp\/v2\/posts"}],"about":[{"href":"https:\/\/www.legistdf.gob.ar\/index.php\/wp-json\/wp\/v2\/types\/post"}],"author":[{"embeddable":true,"href":"https:\/\/www.legistdf.gob.ar\/index.php\/wp-json\/wp\/v2\/users\/346"}],"replies":[{"embeddable":true,"href":"https:\/\/www.legistdf.gob.ar\/index.php\/wp-json\/wp\/v2\/comments?post=48030"}],"version-history":[{"count":1,"href":"https:\/\/www.legistdf.gob.ar\/index.php\/wp-json\/wp\/v2\/posts\/48030\/revisions"}],"predecessor-version":[{"id":48039,"href":"https:\/\/www.legistdf.gob.ar\/index.php\/wp-json\/wp\/v2\/posts\/48030\/revisions\/48039"}],"wp:featuredmedia":[{"embeddable":true,"href":"https:\/\/www.legistdf.gob.ar\/index.php\/wp-json\/wp\/v2\/media\/48038"}],"wp:attachment":[{"href":"https:\/\/www.legistdf.gob.ar\/index.php\/wp-json\/wp\/v2\/media?parent=48030"}],"wp:term":[{"taxonomy":"category","embeddable":true,"href":"https:\/\/www.legistdf.gob.ar\/index.php\/wp-json\/wp\/v2\/categories?post=48030"},{"taxonomy":"post_tag","embeddable":true,"href":"https:\/\/www.legistdf.gob.ar\/index.php\/wp-json\/wp\/v2\/tags?post=48030"}],"curies":[{"name":"wp","href":"https:\/\/api.w.org\/{rel}","templated":true}]}}