{"id":48359,"date":"2026-04-24T14:42:56","date_gmt":"2026-04-24T17:42:56","guid":{"rendered":"https:\/\/www.legistdf.gob.ar\/?p=48359"},"modified":"2026-04-24T14:42:56","modified_gmt":"2026-04-24T17:42:56","slug":"comisiones-graciania-encabezara-agenda-sobre-seguridad-previsional-de-policias-del-exterritorio","status":"publish","type":"post","link":"https:\/\/www.legistdf.gob.ar\/index.php\/2026\/04\/24\/comisiones-graciania-encabezara-agenda-sobre-seguridad-previsional-de-policias-del-exterritorio\/","title":{"rendered":"COMISIONES: Gracian\u00eda encabezar\u00e1 agenda sobre seguridad previsional de polic\u00edas del exterritorio"},"content":{"rendered":"<p><span style=\"font-size: 14pt\"><strong><span style=\"font-family: arial, helvetica, sans-serif\"><img loading=\"lazy\" decoding=\"async\" data-attachment-id=\"48091\" data-permalink=\"https:\/\/www.legistdf.gob.ar\/index.php\/2026\/03\/20\/comisiones-actualizaran-tasas-de-justicia-a-pedido-del-superior-tribunal\/img_0518-4\/\" data-orig-file=\"https:\/\/www.legistdf.gob.ar\/wp-content\/uploads\/2026\/03\/IMG_0518.jpg\" data-orig-size=\"1500,1000\" data-comments-opened=\"0\" data-image-meta=\"{&quot;aperture&quot;:&quot;3.5&quot;,&quot;credit&quot;:&quot;&quot;,&quot;camera&quot;:&quot;Canon EOS 6D&quot;,&quot;caption&quot;:&quot;&quot;,&quot;created_timestamp&quot;:&quot;1773921629&quot;,&quot;copyright&quot;:&quot;&quot;,&quot;focal_length&quot;:&quot;61&quot;,&quot;iso&quot;:&quot;800&quot;,&quot;shutter_speed&quot;:&quot;0.00625&quot;,&quot;title&quot;:&quot;&quot;,&quot;orientation&quot;:&quot;0&quot;}\" data-image-title=\"IMG_0518\" data-image-description=\"\" data-image-caption=\"\" data-medium-file=\"https:\/\/www.legistdf.gob.ar\/wp-content\/uploads\/2026\/03\/IMG_0518-300x200.jpg\" data-large-file=\"https:\/\/www.legistdf.gob.ar\/wp-content\/uploads\/2026\/03\/IMG_0518-1024x683.jpg\" class=\"size-medium wp-image-48091 alignleft\" src=\"https:\/\/www.legistdf.gob.ar\/wp-content\/uploads\/2026\/03\/IMG_0518-300x200.jpg\" alt=\"\" width=\"300\" height=\"200\" srcset=\"https:\/\/www.legistdf.gob.ar\/wp-content\/uploads\/2026\/03\/IMG_0518-300x200.jpg 300w, https:\/\/www.legistdf.gob.ar\/wp-content\/uploads\/2026\/03\/IMG_0518-1024x683.jpg 1024w, https:\/\/www.legistdf.gob.ar\/wp-content\/uploads\/2026\/03\/IMG_0518-768x512.jpg 768w, https:\/\/www.legistdf.gob.ar\/wp-content\/uploads\/2026\/03\/IMG_0518-160x107.jpg 160w, https:\/\/www.legistdf.gob.ar\/wp-content\/uploads\/2026\/03\/IMG_0518.jpg 1500w\" sizes=\"(max-width: 300px) 100vw, 300px\" \/>Ushuaia, viernes 24 de abril de 2026.- La Presidenta de la Comisi\u00f3n de Justicia y Seguridad N\u00ba 6, legisladora Natalia Gracian\u00eda (LLA) convoc\u00f3 a un encuentro para el lunes 27 de abril a las 13 h. Se abordar\u00e1 \u201cla situaci\u00f3n que actualmente est\u00e1 atravesando el personal policial territorial jubilado\u201d en materia salarial. Se espera la participaci\u00f3n de referentes del personal policial del exterritorio.<\/span><\/strong><\/span><\/p>\n<p>&nbsp;<\/p>\n<p><span style=\"font-family: arial, helvetica, sans-serif;font-size: 12pt\">De acuerdo con el memorando de la Direcci\u00f3n de Comisiones, se cit\u00f3 al Ministro Jefe de Gabinete, Jorge Canals; miembros de la Caja Previsional para el Personal Policial y Penitenciario Provincial y compensadora para el Personal Policial del exterritorio. Y <\/span><span style=\"font-family: arial, helvetica, sans-serif;font-size: 12pt\">abordar\u00e1n las Comunicaciones Oficiales N\u00ba 15, 30 y 51\/25 en el marco del art\u00edculo 38\u00ba de la Ley provincial N\u00ba 1465 y a la nota N\u00ba 067\/25.<\/span><\/p>\n","protected":false},"excerpt":{"rendered":"<p>Ushuaia, viernes 24 de abril de 2026.- La Presidenta de la Comisi\u00f3n de Justicia y Seguridad N\u00ba 6, legisladora Natalia Gracian\u00eda (LLA) convoc\u00f3 a un encuentro para el lunes 27 de abril a las 13 h. Se abordar\u00e1 \u201cla situaci\u00f3n que actualmente est\u00e1 atravesando el personal policial territorial jubilado\u201d en materia salarial. Se espera la [&hellip;]<\/p>\n","protected":false},"author":346,"featured_media":48091,"comment_status":"closed","ping_status":"closed","sticky":false,"template":"","format":"standard","meta":{"jetpack_post_was_ever_published":false,"_jetpack_newsletter_access":"","_jetpack_dont_email_post_to_subs":false,"_jetpack_newsletter_tier_id":0,"footnotes":"","jetpack_publicize_message":"","jetpack_publicize_feature_enabled":true,"jetpack_social_post_already_shared":true,"jetpack_social_options":{"image_generator_settings":{"template":"highway","enabled":false}}},"categories":[1],"tags":[84,3685,3674,78,3221,1376,87],"jetpack_publicize_connections":[],"jetpack_sharing_enabled":true,"jetpack_featured_media_url":"https:\/\/www.legistdf.gob.ar\/wp-content\/uploads\/2026\/03\/IMG_0518.jpg","jetpack-related-posts":[],"_links":{"self":[{"href":"https:\/\/www.legistdf.gob.ar\/index.php\/wp-json\/wp\/v2\/posts\/48359"}],"collection":[{"href":"https:\/\/www.legistdf.gob.ar\/index.php\/wp-json\/wp\/v2\/posts"}],"about":[{"href":"https:\/\/www.legistdf.gob.ar\/index.php\/wp-json\/wp\/v2\/types\/post"}],"author":[{"embeddable":true,"href":"https:\/\/www.legistdf.gob.ar\/index.php\/wp-json\/wp\/v2\/users\/346"}],"replies":[{"embeddable":true,"href":"https:\/\/www.legistdf.gob.ar\/index.php\/wp-json\/wp\/v2\/comments?post=48359"}],"version-history":[{"count":1,"href":"https:\/\/www.legistdf.gob.ar\/index.php\/wp-json\/wp\/v2\/posts\/48359\/revisions"}],"predecessor-version":[{"id":48360,"href":"https:\/\/www.legistdf.gob.ar\/index.php\/wp-json\/wp\/v2\/posts\/48359\/revisions\/48360"}],"wp:featuredmedia":[{"embeddable":true,"href":"https:\/\/www.legistdf.gob.ar\/index.php\/wp-json\/wp\/v2\/media\/48091"}],"wp:attachment":[{"href":"https:\/\/www.legistdf.gob.ar\/index.php\/wp-json\/wp\/v2\/media?parent=48359"}],"wp:term":[{"taxonomy":"category","embeddable":true,"href":"https:\/\/www.legistdf.gob.ar\/index.php\/wp-json\/wp\/v2\/categories?post=48359"},{"taxonomy":"post_tag","embeddable":true,"href":"https:\/\/www.legistdf.gob.ar\/index.php\/wp-json\/wp\/v2\/tags?post=48359"}],"curies":[{"name":"wp","href":"https:\/\/api.w.org\/{rel}","templated":true}]}}