{"id":48380,"date":"2026-04-27T10:22:09","date_gmt":"2026-04-27T13:22:09","guid":{"rendered":"https:\/\/www.legistdf.gob.ar\/?p=48380"},"modified":"2026-04-27T10:22:09","modified_gmt":"2026-04-27T13:22:09","slug":"legislatura-amplia-agenda-de-asuntos-en-comisiones-permanentes","status":"publish","type":"post","link":"https:\/\/www.legistdf.gob.ar\/index.php\/2026\/04\/27\/legislatura-amplia-agenda-de-asuntos-en-comisiones-permanentes\/","title":{"rendered":"LEGISLATURA: Amplia agenda de asuntos en Comisiones Permanentes"},"content":{"rendered":"<p><strong><span style=\"font-family: arial, helvetica, sans-serif;font-size: 14pt\"><img loading=\"lazy\" decoding=\"async\" data-attachment-id=\"48362\" data-permalink=\"https:\/\/www.legistdf.gob.ar\/index.php\/2026\/04\/24\/legislatura-von-der-thusen-pondero-el-trabajo-en-comisiones\/img_1165-3\/\" data-orig-file=\"https:\/\/www.legistdf.gob.ar\/wp-content\/uploads\/2026\/04\/IMG_1165.jpg\" data-orig-size=\"1500,1000\" data-comments-opened=\"0\" data-image-meta=\"{&quot;aperture&quot;:&quot;3.2&quot;,&quot;credit&quot;:&quot;&quot;,&quot;camera&quot;:&quot;Canon EOS 6D&quot;,&quot;caption&quot;:&quot;&quot;,&quot;created_timestamp&quot;:&quot;1776943007&quot;,&quot;copyright&quot;:&quot;&quot;,&quot;focal_length&quot;:&quot;70&quot;,&quot;iso&quot;:&quot;800&quot;,&quot;shutter_speed&quot;:&quot;0.0055555555555556&quot;,&quot;title&quot;:&quot;&quot;,&quot;orientation&quot;:&quot;0&quot;}\" data-image-title=\"IMG_1165\" data-image-description=\"\" data-image-caption=\"\" data-medium-file=\"https:\/\/www.legistdf.gob.ar\/wp-content\/uploads\/2026\/04\/IMG_1165-300x200.jpg\" data-large-file=\"https:\/\/www.legistdf.gob.ar\/wp-content\/uploads\/2026\/04\/IMG_1165-1024x683.jpg\" class=\"size-medium wp-image-48362 alignleft\" src=\"https:\/\/www.legistdf.gob.ar\/wp-content\/uploads\/2026\/04\/IMG_1165-300x200.jpg\" alt=\"\" width=\"300\" height=\"200\" srcset=\"https:\/\/www.legistdf.gob.ar\/wp-content\/uploads\/2026\/04\/IMG_1165-300x200.jpg 300w, https:\/\/www.legistdf.gob.ar\/wp-content\/uploads\/2026\/04\/IMG_1165-1024x683.jpg 1024w, https:\/\/www.legistdf.gob.ar\/wp-content\/uploads\/2026\/04\/IMG_1165-768x512.jpg 768w, https:\/\/www.legistdf.gob.ar\/wp-content\/uploads\/2026\/04\/IMG_1165-160x107.jpg 160w, https:\/\/www.legistdf.gob.ar\/wp-content\/uploads\/2026\/04\/IMG_1165.jpg 1500w\" sizes=\"(max-width: 300px) 100vw, 300px\" \/>Ushuaia,\u00a0 lunes 27 de abril de 2026.\u00a0 La Comisi\u00f3n de Legislaci\u00f3n General N\u00ba 1 trat\u00f3, en dos jornadas de trabajo, diversos temas de coyuntura provincial. En ambos encuentros participaron referentes del sector privado; trabajadores municipales y provinciales, y tambi\u00e9n asisti\u00f3 el secretario Legal y Administrativo del Ministerio de Econom\u00eda de la Naci\u00f3n, Jos\u00e9 Mar\u00eda Garc\u00eda Hamilton. Este lunes y martes se desarrollar\u00e1n encuentros de <a href=\"https:\/\/www.legistdf.gob.ar\/index.php\/2026\/04\/24\/comisiones-graciania-encabezara-agenda-sobre-seguridad-previsional-de-policias-del-exterritorio\/\" target=\"_blank\" rel=\"noopener\">Justicia y Seguridad N\u00ba 6<\/a> y Presupuesto N\u00ba 2.<\/span><\/strong><\/p>\n<p>&nbsp;<\/p>\n<p><span style=\"font-family: arial, helvetica, sans-serif;font-size: 12pt\">El primero de los temas tratados fue el <a href=\"https:\/\/www.legistdf.gob.ar\/lp\/novedadesip\/Asuntos%20Entrados%202026\/As.%20016-26.pdf\" target=\"_blank\" rel=\"noopener\">asunto N\u00b0 016\/26<\/a>, proyecto de Ley que busca la adhesi\u00f3n de la Provincia a la Ley nacional N\u00b0 27.742 &#8211; R\u00e9gimen de Incentivo para Grandes Inversiones- (RIGI). En ese marco, escucharon las palabras del funcionario del Ministerio de Econom\u00eda de la Naci\u00f3n; del titular de la consultora Ecotono de Tierra del Fuego, Federico Rayes; y tambi\u00e9n de representantes de la C\u00e1mara de Comercio de Ushuaia.<\/span><\/p>\n<p>&nbsp;<\/p>\n<p><span style=\"font-family: arial, helvetica, sans-serif;font-size: 12pt\"><img loading=\"lazy\" decoding=\"async\" data-attachment-id=\"48365\" data-permalink=\"https:\/\/www.legistdf.gob.ar\/index.php\/2026\/04\/24\/legislatura-von-der-thusen-pondero-el-trabajo-en-comisiones\/img_1234-5\/\" data-orig-file=\"https:\/\/www.legistdf.gob.ar\/wp-content\/uploads\/2026\/04\/IMG_1234.jpg\" data-orig-size=\"1500,1000\" data-comments-opened=\"0\" data-image-meta=\"{&quot;aperture&quot;:&quot;3.2&quot;,&quot;credit&quot;:&quot;&quot;,&quot;camera&quot;:&quot;Canon EOS 6D&quot;,&quot;caption&quot;:&quot;&quot;,&quot;created_timestamp&quot;:&quot;1776944037&quot;,&quot;copyright&quot;:&quot;&quot;,&quot;focal_length&quot;:&quot;24&quot;,&quot;iso&quot;:&quot;800&quot;,&quot;shutter_speed&quot;:&quot;0.01&quot;,&quot;title&quot;:&quot;&quot;,&quot;orientation&quot;:&quot;0&quot;}\" data-image-title=\"IMG_1234\" data-image-description=\"\" data-image-caption=\"\" data-medium-file=\"https:\/\/www.legistdf.gob.ar\/wp-content\/uploads\/2026\/04\/IMG_1234-300x200.jpg\" data-large-file=\"https:\/\/www.legistdf.gob.ar\/wp-content\/uploads\/2026\/04\/IMG_1234-1024x683.jpg\" class=\"size-medium wp-image-48365 alignright\" src=\"https:\/\/www.legistdf.gob.ar\/wp-content\/uploads\/2026\/04\/IMG_1234-300x200.jpg\" alt=\"\" width=\"300\" height=\"200\" srcset=\"https:\/\/www.legistdf.gob.ar\/wp-content\/uploads\/2026\/04\/IMG_1234-300x200.jpg 300w, https:\/\/www.legistdf.gob.ar\/wp-content\/uploads\/2026\/04\/IMG_1234-1024x683.jpg 1024w, https:\/\/www.legistdf.gob.ar\/wp-content\/uploads\/2026\/04\/IMG_1234-768x512.jpg 768w, https:\/\/www.legistdf.gob.ar\/wp-content\/uploads\/2026\/04\/IMG_1234-160x107.jpg 160w, https:\/\/www.legistdf.gob.ar\/wp-content\/uploads\/2026\/04\/IMG_1234.jpg 1500w\" sizes=\"(max-width: 300px) 100vw, 300px\" \/>Las y los Legisladores atendieron las exposiciones que realizaron los especialistas sobre los beneficios que se plantean a nivel nacional a trav\u00e9s del RIGI. El funcionario de Econom\u00eda dio precisiones sobre las acciones que se generaron desde la puesta en marcha de la iniciativa del Ejecutivo central. Tambi\u00e9n realizaron consultas pertinentes y, en general, coincidieron en remarcar que Tierra del Fuego ya posee incentivos fiscales y beneficios mayores a los que pretende el proyecto de Ley que impulsa el bloque de La Libertad Avanza (LLA).\u00a0<\/span><\/p>\n<p>&nbsp;<\/p>\n<p><span style=\"font-family: arial, helvetica, sans-serif;font-size: 12pt\">En un segundo tramo del encuentro, se trataron dos asuntos impulsados por los bloques de SF y PJ, <a href=\"https:\/\/www.legistdf.gob.ar\/lp\/novedadesip\/Asuntos%20Entrados%202026\/As.%20163-26.pdf\" target=\"_blank\" rel=\"noopener\">asuntos N\u00b0 163\/26<\/a> que plantea la modificaci\u00f3n de la Ley provincial N\u00b0 1071 y\u00a0<a href=\"https:\/\/www.legistdf.gob.ar\/lp\/novedadesip\/Asuntos%20Entrados%202026\/As.%20165-26.pdf\" target=\"_blank\" rel=\"noopener\"> N\u00b0 165\/26<\/a> que busca fortalecer la autarqu\u00eda, participaci\u00f3n democr\u00e1tica e integridad institucional en la Obra Social del Estado Fueguino (OSEF).<\/span><\/p>\n<p>&nbsp;<\/p>\n<p><span style=\"font-family: arial, helvetica, sans-serif;font-size: 12pt\"><img loading=\"lazy\" decoding=\"async\" data-attachment-id=\"48364\" data-permalink=\"https:\/\/www.legistdf.gob.ar\/index.php\/2026\/04\/24\/legislatura-von-der-thusen-pondero-el-trabajo-en-comisiones\/img_1205-4\/\" data-orig-file=\"https:\/\/www.legistdf.gob.ar\/wp-content\/uploads\/2026\/04\/IMG_1205.jpg\" data-orig-size=\"1500,1000\" data-comments-opened=\"0\" data-image-meta=\"{&quot;aperture&quot;:&quot;3.2&quot;,&quot;credit&quot;:&quot;&quot;,&quot;camera&quot;:&quot;Canon EOS 6D&quot;,&quot;caption&quot;:&quot;&quot;,&quot;created_timestamp&quot;:&quot;1776943303&quot;,&quot;copyright&quot;:&quot;&quot;,&quot;focal_length&quot;:&quot;57&quot;,&quot;iso&quot;:&quot;800&quot;,&quot;shutter_speed&quot;:&quot;0.01&quot;,&quot;title&quot;:&quot;&quot;,&quot;orientation&quot;:&quot;0&quot;}\" data-image-title=\"IMG_1205\" data-image-description=\"\" data-image-caption=\"\" data-medium-file=\"https:\/\/www.legistdf.gob.ar\/wp-content\/uploads\/2026\/04\/IMG_1205-300x200.jpg\" data-large-file=\"https:\/\/www.legistdf.gob.ar\/wp-content\/uploads\/2026\/04\/IMG_1205-1024x683.jpg\" class=\"size-medium wp-image-48364 alignleft\" src=\"https:\/\/www.legistdf.gob.ar\/wp-content\/uploads\/2026\/04\/IMG_1205-300x200.jpg\" alt=\"\" width=\"300\" height=\"200\" srcset=\"https:\/\/www.legistdf.gob.ar\/wp-content\/uploads\/2026\/04\/IMG_1205-300x200.jpg 300w, https:\/\/www.legistdf.gob.ar\/wp-content\/uploads\/2026\/04\/IMG_1205-1024x683.jpg 1024w, https:\/\/www.legistdf.gob.ar\/wp-content\/uploads\/2026\/04\/IMG_1205-768x512.jpg 768w, https:\/\/www.legistdf.gob.ar\/wp-content\/uploads\/2026\/04\/IMG_1205-160x107.jpg 160w, https:\/\/www.legistdf.gob.ar\/wp-content\/uploads\/2026\/04\/IMG_1205.jpg 1500w\" sizes=\"(max-width: 300px) 100vw, 300px\" \/>Expusieron los referentes de gremios provinciales y municipales quienes, en su mayor\u00eda, solicitaron tomar medidas urgentes para resolver \u201cla grave situaci\u00f3n\u201d que atraviesa la Obra Social. Reiteraron el pedido de modificaci\u00f3n de la normativa actual que rige su funcionamiento, as\u00ed como el cambio de los directores.\u00a0\u00a0<\/span><\/p>\n<p>&nbsp;<\/p>\n<p><span style=\"font-family: arial, helvetica, sans-serif;font-size: 12pt\">Cabe mencionar que dictaminaron sobre el <a href=\"https:\/\/www.legistdf.gob.ar\/lp\/novedadesip\/Asuntos%20Entrados%202025\/As.%20038-25.pdf\" target=\"_blank\" rel=\"noopener\">asunto N\u00ba 038\/25<\/a>, impulsado por el bloque del PJ, a trav\u00e9s del cual se plantea la prohibici\u00f3n de interrumpir el suministro de energ\u00eda el\u00e9ctrica y gas natural a los usuarios residenciales. En el art\u00edculo 2\u00ba se indica que el cumplimiento de la Ley tendr\u00e1 vigencia desde 1\u00b0 de junio hasta el 30 de septiembre de cada a\u00f1o.<\/span><\/p>\n<p>&nbsp;<\/p>\n<p><span style=\"font-family: arial, helvetica, sans-serif;font-size: 12pt\">Hay que mencionar que en la primera\u00a0 jornada de la Comisi\u00f3n, efectuada en R\u00edo Grande, avanzaron en el dictamen del <a href=\"https:\/\/www.legistdf.gob.ar\/lp\/novedadesip\/Asuntos%20Entrados%202025\/As.%20047-25.pdf\" target=\"_blank\" rel=\"noopener\">asunto N\u00ba 047\/25<\/a> del bloque del MPF que busca la adhesi\u00f3n a la Ley nacional N\u00ba 27.712 sobre la promoci\u00f3n en la formaci\u00f3n y desarrollo de la enfermer\u00eda.<\/span><\/p>\n<p>&nbsp;<\/p>\n<p><span style=\"font-family: arial, helvetica, sans-serif;font-size: 12pt\">Participaron las legisladoras Mar\u00eda Laura Colazo (PV),\u00a0 Myriam Mart\u00ednez (FORJA), Gisela Dos Santos (ST), Mar\u00eda Victoria Vuoto (PJ), Natalia Gracian\u00eda (LLA), y los legisladores Federico Sciurano (FORJA), Jorge Lechman (SF), Juan Carlos Pino y Tom\u00e1s Garc\u00eda (PJ), Luciano Selzer (LLA), Mat\u00edas Lapadula (PG), Dami\u00e1n L\u00f6ffler y Pablo Villegas (MPF).<\/span><\/p>\n<p style=\"text-align: right\"><em><a href=\"https:\/\/drive.google.com\/drive\/folders\/1TAeRH34w7RgCvFFoc0YjbO-OMJWEUqcw?usp=sharing\" target=\"_blank\" rel=\"noopener\">Galer\u00eda de im\u00e1genes<\/a><\/em><\/p>\n","protected":false},"excerpt":{"rendered":"<p>Ushuaia,\u00a0 lunes 27 de abril de 2026.\u00a0 La Comisi\u00f3n de Legislaci\u00f3n General N\u00ba 1 trat\u00f3, en dos jornadas de trabajo, diversos temas de coyuntura provincial. En ambos encuentros participaron referentes del sector privado; trabajadores municipales y provinciales, y tambi\u00e9n asisti\u00f3 el secretario Legal y Administrativo del Ministerio de Econom\u00eda de la Naci\u00f3n, Jos\u00e9 Mar\u00eda Garc\u00eda [&hellip;]<\/p>\n","protected":false},"author":346,"featured_media":48364,"comment_status":"closed","ping_status":"closed","sticky":false,"template":"","format":"standard","meta":{"jetpack_post_was_ever_published":false,"_jetpack_newsletter_access":"","_jetpack_dont_email_post_to_subs":false,"_jetpack_newsletter_tier_id":0,"footnotes":"","jetpack_publicize_message":"","jetpack_publicize_feature_enabled":true,"jetpack_social_post_already_shared":true,"jetpack_social_options":{"image_generator_settings":{"template":"highway","enabled":false}}},"categories":[1],"tags":[84,85,3214,96,79,87],"jetpack_publicize_connections":[],"jetpack_sharing_enabled":true,"jetpack_featured_media_url":"https:\/\/www.legistdf.gob.ar\/wp-content\/uploads\/2026\/04\/IMG_1205.jpg","jetpack-related-posts":[],"_links":{"self":[{"href":"https:\/\/www.legistdf.gob.ar\/index.php\/wp-json\/wp\/v2\/posts\/48380"}],"collection":[{"href":"https:\/\/www.legistdf.gob.ar\/index.php\/wp-json\/wp\/v2\/posts"}],"about":[{"href":"https:\/\/www.legistdf.gob.ar\/index.php\/wp-json\/wp\/v2\/types\/post"}],"author":[{"embeddable":true,"href":"https:\/\/www.legistdf.gob.ar\/index.php\/wp-json\/wp\/v2\/users\/346"}],"replies":[{"embeddable":true,"href":"https:\/\/www.legistdf.gob.ar\/index.php\/wp-json\/wp\/v2\/comments?post=48380"}],"version-history":[{"count":1,"href":"https:\/\/www.legistdf.gob.ar\/index.php\/wp-json\/wp\/v2\/posts\/48380\/revisions"}],"predecessor-version":[{"id":48381,"href":"https:\/\/www.legistdf.gob.ar\/index.php\/wp-json\/wp\/v2\/posts\/48380\/revisions\/48381"}],"wp:featuredmedia":[{"embeddable":true,"href":"https:\/\/www.legistdf.gob.ar\/index.php\/wp-json\/wp\/v2\/media\/48364"}],"wp:attachment":[{"href":"https:\/\/www.legistdf.gob.ar\/index.php\/wp-json\/wp\/v2\/media?parent=48380"}],"wp:term":[{"taxonomy":"category","embeddable":true,"href":"https:\/\/www.legistdf.gob.ar\/index.php\/wp-json\/wp\/v2\/categories?post=48380"},{"taxonomy":"post_tag","embeddable":true,"href":"https:\/\/www.legistdf.gob.ar\/index.php\/wp-json\/wp\/v2\/tags?post=48380"}],"curies":[{"name":"wp","href":"https:\/\/api.w.org\/{rel}","templated":true}]}}