{"id":48382,"date":"2026-04-27T10:50:08","date_gmt":"2026-04-27T13:50:08","guid":{"rendered":"https:\/\/www.legistdf.gob.ar\/?p=48382"},"modified":"2026-04-27T10:50:08","modified_gmt":"2026-04-27T13:50:08","slug":"comisiones-la-comision-de-presupuesto-recibira-al-ministro-de-economia","status":"publish","type":"post","link":"https:\/\/www.legistdf.gob.ar\/index.php\/2026\/04\/27\/comisiones-la-comision-de-presupuesto-recibira-al-ministro-de-economia\/","title":{"rendered":"COMISIONES: La Comisi\u00f3n de Presupuesto recibir\u00e1 al Ministro de Econom\u00eda"},"content":{"rendered":"<p><strong><span style=\"font-family: arial, helvetica, sans-serif;font-size: 14pt\"><img loading=\"lazy\" decoding=\"async\" data-attachment-id=\"48159\" data-permalink=\"https:\/\/www.legistdf.gob.ar\/index.php\/2026\/03\/27\/galeria-imagenes-de-la-1a-sesion-ordinaria-2\/img_0760-4\/\" data-orig-file=\"https:\/\/www.legistdf.gob.ar\/wp-content\/uploads\/2026\/03\/IMG_0760.jpg\" data-orig-size=\"1500,1000\" data-comments-opened=\"0\" data-image-meta=\"{&quot;aperture&quot;:&quot;4.5&quot;,&quot;credit&quot;:&quot;&quot;,&quot;camera&quot;:&quot;Canon EOS 6D&quot;,&quot;caption&quot;:&quot;&quot;,&quot;created_timestamp&quot;:&quot;1774624578&quot;,&quot;copyright&quot;:&quot;&quot;,&quot;focal_length&quot;:&quot;44&quot;,&quot;iso&quot;:&quot;640&quot;,&quot;shutter_speed&quot;:&quot;0.0055555555555556&quot;,&quot;title&quot;:&quot;&quot;,&quot;orientation&quot;:&quot;0&quot;}\" data-image-title=\"IMG_0760\" data-image-description=\"\" data-image-caption=\"\" data-medium-file=\"https:\/\/www.legistdf.gob.ar\/wp-content\/uploads\/2026\/03\/IMG_0760-300x200.jpg\" data-large-file=\"https:\/\/www.legistdf.gob.ar\/wp-content\/uploads\/2026\/03\/IMG_0760-1024x683.jpg\" class=\"size-medium wp-image-48159 alignleft\" src=\"https:\/\/www.legistdf.gob.ar\/wp-content\/uploads\/2026\/03\/IMG_0760-300x200.jpg\" alt=\"\" width=\"300\" height=\"200\" srcset=\"https:\/\/www.legistdf.gob.ar\/wp-content\/uploads\/2026\/03\/IMG_0760-300x200.jpg 300w, https:\/\/www.legistdf.gob.ar\/wp-content\/uploads\/2026\/03\/IMG_0760-1024x683.jpg 1024w, https:\/\/www.legistdf.gob.ar\/wp-content\/uploads\/2026\/03\/IMG_0760-768x512.jpg 768w, https:\/\/www.legistdf.gob.ar\/wp-content\/uploads\/2026\/03\/IMG_0760-160x107.jpg 160w, https:\/\/www.legistdf.gob.ar\/wp-content\/uploads\/2026\/03\/IMG_0760.jpg 1500w\" sizes=\"(max-width: 300px) 100vw, 300px\" \/>Ushuaia, lunes 27 de abril de 2026.- El legislador Mat\u00edas Lapadula (PG), junto a las y los integrantes de la Comisi\u00f3n de Presupuesto N\u00ba 2, recibir\u00e1 este martes desde las 15 h al titular del Ministerio de Econom\u00eda de la Provincia, CP Alejandro Barrozo.<\/span><\/strong><\/p>\n<p>&nbsp;<\/p>\n<p><span style=\"font-family: arial, helvetica, sans-serif;font-size: 12pt\">Durante la reuni\u00f3n se espera continuar con el an\u00e1lisis de los <a href=\"https:\/\/www.legistdf.gob.ar\/index.php\/2026\/04\/24\/legislatura-lapadula-adelanto-que-no-acompanara-la-sancion-de-adhesion-al-rigi\/\" target=\"_blank\" rel=\"noopener\">asuntos trabajados<\/a> en el \u00faltimo encuentro, que se llev\u00f3 a cabo el jueves \u00faltimo.<\/span><\/p>\n","protected":false},"excerpt":{"rendered":"<p>Ushuaia, lunes 27 de abril de 2026.- El legislador Mat\u00edas Lapadula (PG), junto a las y los integrantes de la Comisi\u00f3n de Presupuesto N\u00ba 2, recibir\u00e1 este martes desde las 15 h al titular del Ministerio de Econom\u00eda de la Provincia, CP Alejandro Barrozo. &nbsp; Durante la reuni\u00f3n se espera continuar con el an\u00e1lisis de [&hellip;]<\/p>\n","protected":false},"author":346,"featured_media":48159,"comment_status":"closed","ping_status":"closed","sticky":false,"template":"","format":"standard","meta":{"jetpack_post_was_ever_published":false,"_jetpack_newsletter_access":"","_jetpack_dont_email_post_to_subs":false,"_jetpack_newsletter_tier_id":0,"footnotes":"","jetpack_publicize_message":"","jetpack_publicize_feature_enabled":true,"jetpack_social_post_already_shared":true,"jetpack_social_options":{"image_generator_settings":{"template":"highway","enabled":false}}},"categories":[1],"tags":[84,78,3234,86,79,87],"jetpack_publicize_connections":[],"jetpack_sharing_enabled":true,"jetpack_featured_media_url":"https:\/\/www.legistdf.gob.ar\/wp-content\/uploads\/2026\/03\/IMG_0760.jpg","jetpack-related-posts":[],"_links":{"self":[{"href":"https:\/\/www.legistdf.gob.ar\/index.php\/wp-json\/wp\/v2\/posts\/48382"}],"collection":[{"href":"https:\/\/www.legistdf.gob.ar\/index.php\/wp-json\/wp\/v2\/posts"}],"about":[{"href":"https:\/\/www.legistdf.gob.ar\/index.php\/wp-json\/wp\/v2\/types\/post"}],"author":[{"embeddable":true,"href":"https:\/\/www.legistdf.gob.ar\/index.php\/wp-json\/wp\/v2\/users\/346"}],"replies":[{"embeddable":true,"href":"https:\/\/www.legistdf.gob.ar\/index.php\/wp-json\/wp\/v2\/comments?post=48382"}],"version-history":[{"count":1,"href":"https:\/\/www.legistdf.gob.ar\/index.php\/wp-json\/wp\/v2\/posts\/48382\/revisions"}],"predecessor-version":[{"id":48383,"href":"https:\/\/www.legistdf.gob.ar\/index.php\/wp-json\/wp\/v2\/posts\/48382\/revisions\/48383"}],"wp:featuredmedia":[{"embeddable":true,"href":"https:\/\/www.legistdf.gob.ar\/index.php\/wp-json\/wp\/v2\/media\/48159"}],"wp:attachment":[{"href":"https:\/\/www.legistdf.gob.ar\/index.php\/wp-json\/wp\/v2\/media?parent=48382"}],"wp:term":[{"taxonomy":"category","embeddable":true,"href":"https:\/\/www.legistdf.gob.ar\/index.php\/wp-json\/wp\/v2\/categories?post=48382"},{"taxonomy":"post_tag","embeddable":true,"href":"https:\/\/www.legistdf.gob.ar\/index.php\/wp-json\/wp\/v2\/tags?post=48382"}],"curies":[{"name":"wp","href":"https:\/\/api.w.org\/{rel}","templated":true}]}}