{"id":48386,"date":"2026-04-27T12:06:46","date_gmt":"2026-04-27T15:06:46","guid":{"rendered":"https:\/\/www.legistdf.gob.ar\/?p=48386"},"modified":"2026-04-27T12:06:46","modified_gmt":"2026-04-27T15:06:46","slug":"comisiones-von-der-thusen-recibira-a-la-secretaria-de-industria-y-promocion-economica-del-gobierno-fueguino","status":"publish","type":"post","link":"https:\/\/www.legistdf.gob.ar\/index.php\/2026\/04\/27\/comisiones-von-der-thusen-recibira-a-la-secretaria-de-industria-y-promocion-economica-del-gobierno-fueguino\/","title":{"rendered":"COMISIONES: Von der Thusen recibir\u00e1 a la Secretaria de Industria y Promoci\u00f3n Econ\u00f3mica del Gobierno fueguino"},"content":{"rendered":"<p><span style=\"font-size: 14pt\"><strong><span style=\"font-family: arial, helvetica, sans-serif\"><img loading=\"lazy\" decoding=\"async\" data-attachment-id=\"48387\" data-permalink=\"https:\/\/www.legistdf.gob.ar\/index.php\/2026\/04\/27\/comisiones-von-der-thusen-recibira-a-la-secretaria-de-industria-y-promocion-economica-del-gobierno-fueguino\/fah_2782-3\/\" data-orig-file=\"https:\/\/www.legistdf.gob.ar\/wp-content\/uploads\/2026\/04\/FAH_2782.jpg\" data-orig-size=\"1200,800\" data-comments-opened=\"0\" data-image-meta=\"{&quot;aperture&quot;:&quot;11&quot;,&quot;credit&quot;:&quot;&quot;,&quot;camera&quot;:&quot;NIKON D750&quot;,&quot;caption&quot;:&quot;&quot;,&quot;created_timestamp&quot;:&quot;0&quot;,&quot;copyright&quot;:&quot;&quot;,&quot;focal_length&quot;:&quot;24&quot;,&quot;iso&quot;:&quot;200&quot;,&quot;shutter_speed&quot;:&quot;0.002&quot;,&quot;title&quot;:&quot;&quot;,&quot;orientation&quot;:&quot;0&quot;}\" data-image-title=\"FAH_2782\" data-image-description=\"\" data-image-caption=\"\" data-medium-file=\"https:\/\/www.legistdf.gob.ar\/wp-content\/uploads\/2026\/04\/FAH_2782-300x200.jpg\" data-large-file=\"https:\/\/www.legistdf.gob.ar\/wp-content\/uploads\/2026\/04\/FAH_2782-1024x683.jpg\" class=\"size-medium wp-image-48387 alignleft\" src=\"https:\/\/www.legistdf.gob.ar\/wp-content\/uploads\/2026\/04\/FAH_2782-300x200.jpg\" alt=\"\" width=\"300\" height=\"200\" srcset=\"https:\/\/www.legistdf.gob.ar\/wp-content\/uploads\/2026\/04\/FAH_2782-300x200.jpg 300w, https:\/\/www.legistdf.gob.ar\/wp-content\/uploads\/2026\/04\/FAH_2782-1024x683.jpg 1024w, https:\/\/www.legistdf.gob.ar\/wp-content\/uploads\/2026\/04\/FAH_2782-768x512.jpg 768w, https:\/\/www.legistdf.gob.ar\/wp-content\/uploads\/2026\/04\/FAH_2782-160x107.jpg 160w, https:\/\/www.legistdf.gob.ar\/wp-content\/uploads\/2026\/04\/FAH_2782.jpg 1200w\" sizes=\"(max-width: 300px) 100vw, 300px\" \/>Ushuaia, lunes 27 de abril de 2026.- El legislador Ra\u00fal Von der Thusen (SF) dispuso un nuevo encuentro de la Comisi\u00f3n de Legislaci\u00f3n General N\u00ba 1 para ma\u00f1ana martes 28 desde las 14 h. En la reuni\u00f3n recibir\u00e1 a la secretaria de Industria y Promoci\u00f3n Econ\u00f3mica, DI Alejandra Man.<\/span><\/strong><\/span><\/p>\n<p>&nbsp;<\/p>\n<p><span style=\"font-family: arial, helvetica, sans-serif;font-size: 12pt\">Durante la reuni\u00f3n, las y los Legisladores que integran ese espacio de an\u00e1lisis consultar\u00e1n a la funcionaria ministerial sobre los alcances del <a href=\"https:\/\/www.boletinoficial.gob.ar\/detalleAviso\/primera\/340887\/20260417\" target=\"_blank\" rel=\"noopener\">Decreto nacional N\u00ba \u00a0252\/2026<\/a>. El DNU modifica la legislaci\u00f3n en cuanto a las industrias que exportan en todo el pa\u00eds. La determinaci\u00f3n ampl\u00eda el R\u00e9gimen de Aduana en Factor\u00eda (RAF), que antes atend\u00eda a las terminales automotrices, a todas las f\u00e1bricas de cualquier sector. La medida genera alerta en Tierra del Fuego al extender los alcances del RAF a todo el territorio nacional de forma directa.<\/span><\/p>\n","protected":false},"excerpt":{"rendered":"<p>Ushuaia, lunes 27 de abril de 2026.- El legislador Ra\u00fal Von der Thusen (SF) dispuso un nuevo encuentro de la Comisi\u00f3n de Legislaci\u00f3n General N\u00ba 1 para ma\u00f1ana martes 28 desde las 14 h. En la reuni\u00f3n recibir\u00e1 a la secretaria de Industria y Promoci\u00f3n Econ\u00f3mica, DI Alejandra Man. &nbsp; Durante la reuni\u00f3n, las y [&hellip;]<\/p>\n","protected":false},"author":346,"featured_media":48387,"comment_status":"closed","ping_status":"closed","sticky":false,"template":"","format":"standard","meta":{"jetpack_post_was_ever_published":false,"_jetpack_newsletter_access":"","_jetpack_dont_email_post_to_subs":false,"_jetpack_newsletter_tier_id":0,"footnotes":"","jetpack_publicize_message":"","jetpack_publicize_feature_enabled":true,"jetpack_social_post_already_shared":true,"jetpack_social_options":{"image_generator_settings":{"template":"highway","enabled":false}}},"categories":[1],"tags":[84,677,78,3214,79,87],"jetpack_publicize_connections":[],"jetpack_sharing_enabled":true,"jetpack_featured_media_url":"https:\/\/www.legistdf.gob.ar\/wp-content\/uploads\/2026\/04\/FAH_2782.jpg","jetpack-related-posts":[],"_links":{"self":[{"href":"https:\/\/www.legistdf.gob.ar\/index.php\/wp-json\/wp\/v2\/posts\/48386"}],"collection":[{"href":"https:\/\/www.legistdf.gob.ar\/index.php\/wp-json\/wp\/v2\/posts"}],"about":[{"href":"https:\/\/www.legistdf.gob.ar\/index.php\/wp-json\/wp\/v2\/types\/post"}],"author":[{"embeddable":true,"href":"https:\/\/www.legistdf.gob.ar\/index.php\/wp-json\/wp\/v2\/users\/346"}],"replies":[{"embeddable":true,"href":"https:\/\/www.legistdf.gob.ar\/index.php\/wp-json\/wp\/v2\/comments?post=48386"}],"version-history":[{"count":1,"href":"https:\/\/www.legistdf.gob.ar\/index.php\/wp-json\/wp\/v2\/posts\/48386\/revisions"}],"predecessor-version":[{"id":48388,"href":"https:\/\/www.legistdf.gob.ar\/index.php\/wp-json\/wp\/v2\/posts\/48386\/revisions\/48388"}],"wp:featuredmedia":[{"embeddable":true,"href":"https:\/\/www.legistdf.gob.ar\/index.php\/wp-json\/wp\/v2\/media\/48387"}],"wp:attachment":[{"href":"https:\/\/www.legistdf.gob.ar\/index.php\/wp-json\/wp\/v2\/media?parent=48386"}],"wp:term":[{"taxonomy":"category","embeddable":true,"href":"https:\/\/www.legistdf.gob.ar\/index.php\/wp-json\/wp\/v2\/categories?post=48386"},{"taxonomy":"post_tag","embeddable":true,"href":"https:\/\/www.legistdf.gob.ar\/index.php\/wp-json\/wp\/v2\/tags?post=48386"}],"curies":[{"name":"wp","href":"https:\/\/api.w.org\/{rel}","templated":true}]}}