{"id":48416,"date":"2026-04-28T14:24:17","date_gmt":"2026-04-28T17:24:17","guid":{"rendered":"https:\/\/www.legistdf.gob.ar\/?p=48416"},"modified":"2026-04-28T14:24:17","modified_gmt":"2026-04-28T17:24:17","slug":"villegas-la-incorporacion-de-nuevas-integrantes-facilita-el-trabajo-del-comite","status":"publish","type":"post","link":"https:\/\/www.legistdf.gob.ar\/index.php\/2026\/04\/28\/villegas-la-incorporacion-de-nuevas-integrantes-facilita-el-trabajo-del-comite\/","title":{"rendered":"VILLEGAS: \u201cLa incorporaci\u00f3n de nuevas integrantes facilita el trabajo del Comit\u00e9\u201d"},"content":{"rendered":"<p><span style=\"font-size: 14pt\"><strong><span style=\"font-family: arial, helvetica, sans-serif\"><img loading=\"lazy\" decoding=\"async\" data-attachment-id=\"48420\" data-permalink=\"https:\/\/www.legistdf.gob.ar\/index.php\/2026\/04\/28\/villegas-la-incorporacion-de-nuevas-integrantes-facilita-el-trabajo-del-comite\/img_1493\/\" data-orig-file=\"https:\/\/www.legistdf.gob.ar\/wp-content\/uploads\/2026\/04\/IMG_1493.jpg\" data-orig-size=\"1500,1000\" data-comments-opened=\"0\" data-image-meta=\"{&quot;aperture&quot;:&quot;4.5&quot;,&quot;credit&quot;:&quot;&quot;,&quot;camera&quot;:&quot;Canon EOS 6D&quot;,&quot;caption&quot;:&quot;&quot;,&quot;created_timestamp&quot;:&quot;1777374407&quot;,&quot;copyright&quot;:&quot;&quot;,&quot;focal_length&quot;:&quot;24&quot;,&quot;iso&quot;:&quot;800&quot;,&quot;shutter_speed&quot;:&quot;0.00625&quot;,&quot;title&quot;:&quot;&quot;,&quot;orientation&quot;:&quot;0&quot;}\" data-image-title=\"IMG_1493\" data-image-description=\"\" data-image-caption=\"\" data-medium-file=\"https:\/\/www.legistdf.gob.ar\/wp-content\/uploads\/2026\/04\/IMG_1493-300x200.jpg\" data-large-file=\"https:\/\/www.legistdf.gob.ar\/wp-content\/uploads\/2026\/04\/IMG_1493-1024x683.jpg\" class=\"size-medium wp-image-48420 alignleft\" src=\"https:\/\/www.legistdf.gob.ar\/wp-content\/uploads\/2026\/04\/IMG_1493-300x200.jpg\" alt=\"\" width=\"300\" height=\"200\" srcset=\"https:\/\/www.legistdf.gob.ar\/wp-content\/uploads\/2026\/04\/IMG_1493-300x200.jpg 300w, https:\/\/www.legistdf.gob.ar\/wp-content\/uploads\/2026\/04\/IMG_1493-1024x683.jpg 1024w, https:\/\/www.legistdf.gob.ar\/wp-content\/uploads\/2026\/04\/IMG_1493-768x512.jpg 768w, https:\/\/www.legistdf.gob.ar\/wp-content\/uploads\/2026\/04\/IMG_1493-160x107.jpg 160w, https:\/\/www.legistdf.gob.ar\/wp-content\/uploads\/2026\/04\/IMG_1493.jpg 1500w\" sizes=\"(max-width: 300px) 100vw, 300px\" \/>Ushuaia, martes 28 de abril de 2026.- El Comit\u00e9 de Evaluaci\u00f3n del Seguimiento y Aplicaci\u00f3n de la Convenci\u00f3n contra la Tortura y Otros Tratos o Penas Crueles, Inhumanos o Degradantes sesion\u00f3 hoy en la Legislatura fueguina y tom\u00f3 juramento a las nuevas integrantes, representantes del Poder Ejecutivo. El encuentro fue presidido por la Dra. Manuela Palacios Murphy.<\/span><\/strong><\/span><\/p>\n<p>&nbsp;<\/p>\n<p><span style=\"font-family: arial, helvetica, sans-serif;font-size: 12pt\">La abogada Tamara Albarrac\u00edn prest\u00f3 juramento ante el organismo contra la Tortura, en el marco de la <a href=\"http:\/\/legistdf.gob.ar:130\/index.php\/1355-poder-ejecutivo-provincial-comite-de-evaluacion-del-seguimiento-y-aplicacion-de-la-convencion-contra-la-tortura-y-otros-tratos-o-penas-crueles-inhumanos-o-degradantes-creacion\" target=\"_blank\" rel=\"noopener\">Ley provincial N\u00ba 857<\/a> y la <a href=\"https:\/\/servicios.infoleg.gob.ar\/infolegInternet\/anexos\/205000-209999\/207202\/norma.htm\" target=\"_blank\" rel=\"noopener\">Ley nacional N\u00ba 26.827<\/a>, como titular del espacio y la Sra. Mar\u00eda Baigorria Dalal hizo lo propio como suplente.<\/span><\/p>\n<p>&nbsp;<\/p>\n<p><span style=\"font-family: arial, helvetica, sans-serif;font-size: 12pt\"><img loading=\"lazy\" decoding=\"async\" data-attachment-id=\"48419\" data-permalink=\"https:\/\/www.legistdf.gob.ar\/index.php\/2026\/04\/28\/villegas-la-incorporacion-de-nuevas-integrantes-facilita-el-trabajo-del-comite\/img_1485-2\/\" data-orig-file=\"https:\/\/www.legistdf.gob.ar\/wp-content\/uploads\/2026\/04\/IMG_1485.jpg\" data-orig-size=\"1500,1000\" data-comments-opened=\"0\" data-image-meta=\"{&quot;aperture&quot;:&quot;4.5&quot;,&quot;credit&quot;:&quot;&quot;,&quot;camera&quot;:&quot;Canon EOS 6D&quot;,&quot;caption&quot;:&quot;&quot;,&quot;created_timestamp&quot;:&quot;1777374215&quot;,&quot;copyright&quot;:&quot;&quot;,&quot;focal_length&quot;:&quot;24&quot;,&quot;iso&quot;:&quot;800&quot;,&quot;shutter_speed&quot;:&quot;0.00625&quot;,&quot;title&quot;:&quot;&quot;,&quot;orientation&quot;:&quot;0&quot;}\" data-image-title=\"IMG_1485\" data-image-description=\"\" data-image-caption=\"\" data-medium-file=\"https:\/\/www.legistdf.gob.ar\/wp-content\/uploads\/2026\/04\/IMG_1485-300x200.jpg\" data-large-file=\"https:\/\/www.legistdf.gob.ar\/wp-content\/uploads\/2026\/04\/IMG_1485-1024x683.jpg\" class=\"size-medium wp-image-48419 alignright\" src=\"https:\/\/www.legistdf.gob.ar\/wp-content\/uploads\/2026\/04\/IMG_1485-300x200.jpg\" alt=\"\" width=\"300\" height=\"200\" srcset=\"https:\/\/www.legistdf.gob.ar\/wp-content\/uploads\/2026\/04\/IMG_1485-300x200.jpg 300w, https:\/\/www.legistdf.gob.ar\/wp-content\/uploads\/2026\/04\/IMG_1485-1024x683.jpg 1024w, https:\/\/www.legistdf.gob.ar\/wp-content\/uploads\/2026\/04\/IMG_1485-768x512.jpg 768w, https:\/\/www.legistdf.gob.ar\/wp-content\/uploads\/2026\/04\/IMG_1485-160x107.jpg 160w, https:\/\/www.legistdf.gob.ar\/wp-content\/uploads\/2026\/04\/IMG_1485.jpg 1500w\" sizes=\"(max-width: 300px) 100vw, 300px\" \/>Asimismo, durante la sesi\u00f3n tomaron conocimiento de las actuaciones del \u00e1rea t\u00e9cnica administrativa del Cuerpo y fueron informados sobre la participaci\u00f3n del Comit\u00e9 en la primera sesi\u00f3n ordinaria del a\u00f1o del Consejo Federal de Mecanismos Locales.<\/span><\/p>\n<blockquote><p>\n<span style=\"font-family: arial, helvetica, sans-serif;font-size: 14pt\">En declaraciones a <em>Prensa Legislativa<\/em> el comisionado Pablo Villegas (MPF) puso en relieve el acto de hoy ya que el juramento de las nuevas integrantes del Comit\u00e9\u00a0 \u201cfacilita el trabajo institucional\u201d.<\/span><\/p><\/blockquote>\n<p>&nbsp;<\/p>\n<p><span style=\"font-family: arial, helvetica, sans-serif;font-size: 12pt\"><img loading=\"lazy\" decoding=\"async\" data-attachment-id=\"48417\" data-permalink=\"https:\/\/www.legistdf.gob.ar\/index.php\/2026\/04\/28\/villegas-la-incorporacion-de-nuevas-integrantes-facilita-el-trabajo-del-comite\/img_1469-3\/\" data-orig-file=\"https:\/\/www.legistdf.gob.ar\/wp-content\/uploads\/2026\/04\/IMG_1469.jpg\" data-orig-size=\"1500,1000\" data-comments-opened=\"0\" data-image-meta=\"{&quot;aperture&quot;:&quot;4.5&quot;,&quot;credit&quot;:&quot;&quot;,&quot;camera&quot;:&quot;Canon EOS 6D&quot;,&quot;caption&quot;:&quot;&quot;,&quot;created_timestamp&quot;:&quot;1777373798&quot;,&quot;copyright&quot;:&quot;&quot;,&quot;focal_length&quot;:&quot;35&quot;,&quot;iso&quot;:&quot;800&quot;,&quot;shutter_speed&quot;:&quot;0.00625&quot;,&quot;title&quot;:&quot;&quot;,&quot;orientation&quot;:&quot;0&quot;}\" data-image-title=\"IMG_1469\" data-image-description=\"\" data-image-caption=\"\" data-medium-file=\"https:\/\/www.legistdf.gob.ar\/wp-content\/uploads\/2026\/04\/IMG_1469-300x200.jpg\" data-large-file=\"https:\/\/www.legistdf.gob.ar\/wp-content\/uploads\/2026\/04\/IMG_1469-1024x683.jpg\" class=\"size-medium wp-image-48417 alignleft\" src=\"https:\/\/www.legistdf.gob.ar\/wp-content\/uploads\/2026\/04\/IMG_1469-300x200.jpg\" alt=\"\" width=\"300\" height=\"200\" srcset=\"https:\/\/www.legistdf.gob.ar\/wp-content\/uploads\/2026\/04\/IMG_1469-300x200.jpg 300w, https:\/\/www.legistdf.gob.ar\/wp-content\/uploads\/2026\/04\/IMG_1469-1024x683.jpg 1024w, https:\/\/www.legistdf.gob.ar\/wp-content\/uploads\/2026\/04\/IMG_1469-768x512.jpg 768w, https:\/\/www.legistdf.gob.ar\/wp-content\/uploads\/2026\/04\/IMG_1469-160x107.jpg 160w, https:\/\/www.legistdf.gob.ar\/wp-content\/uploads\/2026\/04\/IMG_1469.jpg 1500w\" sizes=\"(max-width: 300px) 100vw, 300px\" \/>Sobre el orden del d\u00eda, el Legislador destac\u00f3 el requerimiento que elevar\u00e1n al Servicio Penitenciario para que \u201cadopte un protocolo para la registraci\u00f3n y tramitaci\u00f3n de los distintos reclamos\u201d que ingresan y que desde el Comit\u00e9 se \u201cfiscalice la trazabilidad de esas notas\u201d y su pronta gesti\u00f3n administrativa.<\/span><\/p>\n<p>&nbsp;<\/p>\n<p><span style=\"font-family: arial, helvetica, sans-serif;font-size: 12pt\">Asistieron adem\u00e1s los comisionados legislativos Pablo Villegas (MPF) y Ra\u00fal\u00a0 Von der Thusen (SF) y la Dra. Elba Patricia Oyarzo, referente de la ONG Fundaci\u00f3n Derechos en Red y de forma remota el comisionado Jos\u00e9 Pi\u00f1eiro.<\/span><\/p>\n\n\t\t<style type=\"text\/css\">\n\t\t\t#gallery-1 {\n\t\t\t\tmargin: auto;\n\t\t\t}\n\t\t\t#gallery-1 .gallery-item {\n\t\t\t\tfloat: left;\n\t\t\t\tmargin-top: 10px;\n\t\t\t\ttext-align: center;\n\t\t\t\twidth: 25%;\n\t\t\t}\n\t\t\t#gallery-1 img {\n\t\t\t\tborder: 2px solid #cfcfcf;\n\t\t\t}\n\t\t\t#gallery-1 .gallery-caption {\n\t\t\t\tmargin-left: 0;\n\t\t\t}\n\t\t\t\/* see gallery_shortcode() in wp-includes\/media.php *\/\n\t\t<\/style>\n\t\t<div data-carousel-extra='{\"blog_id\":1,\"permalink\":\"https:\\\/\\\/www.legistdf.gob.ar\\\/index.php\\\/2026\\\/04\\\/28\\\/villegas-la-incorporacion-de-nuevas-integrantes-facilita-el-trabajo-del-comite\\\/\"}' id='gallery-1' class='gallery galleryid-48416 gallery-columns-4 gallery-size-thumbnail'><dl class='gallery-item'>\n\t\t\t<dt class='gallery-icon landscape'>\n\t\t\t\t<a href='https:\/\/www.legistdf.gob.ar\/index.php\/2026\/04\/28\/villegas-la-incorporacion-de-nuevas-integrantes-facilita-el-trabajo-del-comite\/img_1469-3\/'><img loading=\"lazy\" decoding=\"async\" width=\"150\" height=\"150\" src=\"https:\/\/www.legistdf.gob.ar\/wp-content\/uploads\/2026\/04\/IMG_1469-150x150.jpg\" class=\"attachment-thumbnail size-thumbnail\" alt=\"\" srcset=\"https:\/\/www.legistdf.gob.ar\/wp-content\/uploads\/2026\/04\/IMG_1469-150x150.jpg 150w, https:\/\/www.legistdf.gob.ar\/wp-content\/uploads\/2026\/04\/IMG_1469-64x64.jpg 64w\" sizes=\"(max-width: 150px) 100vw, 150px\" data-attachment-id=\"48417\" data-permalink=\"https:\/\/www.legistdf.gob.ar\/index.php\/2026\/04\/28\/villegas-la-incorporacion-de-nuevas-integrantes-facilita-el-trabajo-del-comite\/img_1469-3\/\" data-orig-file=\"https:\/\/www.legistdf.gob.ar\/wp-content\/uploads\/2026\/04\/IMG_1469.jpg\" data-orig-size=\"1500,1000\" data-comments-opened=\"0\" data-image-meta=\"{&quot;aperture&quot;:&quot;4.5&quot;,&quot;credit&quot;:&quot;&quot;,&quot;camera&quot;:&quot;Canon EOS 6D&quot;,&quot;caption&quot;:&quot;&quot;,&quot;created_timestamp&quot;:&quot;1777373798&quot;,&quot;copyright&quot;:&quot;&quot;,&quot;focal_length&quot;:&quot;35&quot;,&quot;iso&quot;:&quot;800&quot;,&quot;shutter_speed&quot;:&quot;0.00625&quot;,&quot;title&quot;:&quot;&quot;,&quot;orientation&quot;:&quot;0&quot;}\" data-image-title=\"IMG_1469\" data-image-description=\"\" data-image-caption=\"\" data-medium-file=\"https:\/\/www.legistdf.gob.ar\/wp-content\/uploads\/2026\/04\/IMG_1469-300x200.jpg\" data-large-file=\"https:\/\/www.legistdf.gob.ar\/wp-content\/uploads\/2026\/04\/IMG_1469-1024x683.jpg\" \/><\/a>\n\t\t\t<\/dt><\/dl><dl class='gallery-item'>\n\t\t\t<dt class='gallery-icon landscape'>\n\t\t\t\t<a href='https:\/\/www.legistdf.gob.ar\/index.php\/2026\/04\/28\/villegas-la-incorporacion-de-nuevas-integrantes-facilita-el-trabajo-del-comite\/img_1485-2\/'><img loading=\"lazy\" decoding=\"async\" width=\"150\" height=\"150\" src=\"https:\/\/www.legistdf.gob.ar\/wp-content\/uploads\/2026\/04\/IMG_1485-150x150.jpg\" class=\"attachment-thumbnail size-thumbnail\" alt=\"\" srcset=\"https:\/\/www.legistdf.gob.ar\/wp-content\/uploads\/2026\/04\/IMG_1485-150x150.jpg 150w, https:\/\/www.legistdf.gob.ar\/wp-content\/uploads\/2026\/04\/IMG_1485-64x64.jpg 64w\" sizes=\"(max-width: 150px) 100vw, 150px\" data-attachment-id=\"48419\" data-permalink=\"https:\/\/www.legistdf.gob.ar\/index.php\/2026\/04\/28\/villegas-la-incorporacion-de-nuevas-integrantes-facilita-el-trabajo-del-comite\/img_1485-2\/\" data-orig-file=\"https:\/\/www.legistdf.gob.ar\/wp-content\/uploads\/2026\/04\/IMG_1485.jpg\" data-orig-size=\"1500,1000\" data-comments-opened=\"0\" data-image-meta=\"{&quot;aperture&quot;:&quot;4.5&quot;,&quot;credit&quot;:&quot;&quot;,&quot;camera&quot;:&quot;Canon EOS 6D&quot;,&quot;caption&quot;:&quot;&quot;,&quot;created_timestamp&quot;:&quot;1777374215&quot;,&quot;copyright&quot;:&quot;&quot;,&quot;focal_length&quot;:&quot;24&quot;,&quot;iso&quot;:&quot;800&quot;,&quot;shutter_speed&quot;:&quot;0.00625&quot;,&quot;title&quot;:&quot;&quot;,&quot;orientation&quot;:&quot;0&quot;}\" data-image-title=\"IMG_1485\" data-image-description=\"\" data-image-caption=\"\" data-medium-file=\"https:\/\/www.legistdf.gob.ar\/wp-content\/uploads\/2026\/04\/IMG_1485-300x200.jpg\" data-large-file=\"https:\/\/www.legistdf.gob.ar\/wp-content\/uploads\/2026\/04\/IMG_1485-1024x683.jpg\" \/><\/a>\n\t\t\t<\/dt><\/dl><dl class='gallery-item'>\n\t\t\t<dt class='gallery-icon landscape'>\n\t\t\t\t<a href='https:\/\/www.legistdf.gob.ar\/index.php\/2026\/04\/28\/villegas-la-incorporacion-de-nuevas-integrantes-facilita-el-trabajo-del-comite\/img_1493\/'><img loading=\"lazy\" decoding=\"async\" width=\"150\" height=\"150\" src=\"https:\/\/www.legistdf.gob.ar\/wp-content\/uploads\/2026\/04\/IMG_1493-150x150.jpg\" class=\"attachment-thumbnail size-thumbnail\" alt=\"\" srcset=\"https:\/\/www.legistdf.gob.ar\/wp-content\/uploads\/2026\/04\/IMG_1493-150x150.jpg 150w, https:\/\/www.legistdf.gob.ar\/wp-content\/uploads\/2026\/04\/IMG_1493-64x64.jpg 64w\" sizes=\"(max-width: 150px) 100vw, 150px\" data-attachment-id=\"48420\" data-permalink=\"https:\/\/www.legistdf.gob.ar\/index.php\/2026\/04\/28\/villegas-la-incorporacion-de-nuevas-integrantes-facilita-el-trabajo-del-comite\/img_1493\/\" data-orig-file=\"https:\/\/www.legistdf.gob.ar\/wp-content\/uploads\/2026\/04\/IMG_1493.jpg\" data-orig-size=\"1500,1000\" data-comments-opened=\"0\" data-image-meta=\"{&quot;aperture&quot;:&quot;4.5&quot;,&quot;credit&quot;:&quot;&quot;,&quot;camera&quot;:&quot;Canon EOS 6D&quot;,&quot;caption&quot;:&quot;&quot;,&quot;created_timestamp&quot;:&quot;1777374407&quot;,&quot;copyright&quot;:&quot;&quot;,&quot;focal_length&quot;:&quot;24&quot;,&quot;iso&quot;:&quot;800&quot;,&quot;shutter_speed&quot;:&quot;0.00625&quot;,&quot;title&quot;:&quot;&quot;,&quot;orientation&quot;:&quot;0&quot;}\" data-image-title=\"IMG_1493\" data-image-description=\"\" data-image-caption=\"\" data-medium-file=\"https:\/\/www.legistdf.gob.ar\/wp-content\/uploads\/2026\/04\/IMG_1493-300x200.jpg\" data-large-file=\"https:\/\/www.legistdf.gob.ar\/wp-content\/uploads\/2026\/04\/IMG_1493-1024x683.jpg\" \/><\/a>\n\t\t\t<\/dt><\/dl><dl class='gallery-item'>\n\t\t\t<dt class='gallery-icon landscape'>\n\t\t\t\t<a href='https:\/\/www.legistdf.gob.ar\/index.php\/2026\/04\/28\/villegas-la-incorporacion-de-nuevas-integrantes-facilita-el-trabajo-del-comite\/img_1471-2\/'><img loading=\"lazy\" decoding=\"async\" width=\"150\" height=\"150\" src=\"https:\/\/www.legistdf.gob.ar\/wp-content\/uploads\/2026\/04\/IMG_1471-150x150.jpg\" class=\"attachment-thumbnail size-thumbnail\" alt=\"\" srcset=\"https:\/\/www.legistdf.gob.ar\/wp-content\/uploads\/2026\/04\/IMG_1471-150x150.jpg 150w, https:\/\/www.legistdf.gob.ar\/wp-content\/uploads\/2026\/04\/IMG_1471-64x64.jpg 64w\" sizes=\"(max-width: 150px) 100vw, 150px\" data-attachment-id=\"48418\" data-permalink=\"https:\/\/www.legistdf.gob.ar\/index.php\/2026\/04\/28\/villegas-la-incorporacion-de-nuevas-integrantes-facilita-el-trabajo-del-comite\/img_1471-2\/\" data-orig-file=\"https:\/\/www.legistdf.gob.ar\/wp-content\/uploads\/2026\/04\/IMG_1471.jpg\" data-orig-size=\"1500,1000\" data-comments-opened=\"0\" data-image-meta=\"{&quot;aperture&quot;:&quot;4.5&quot;,&quot;credit&quot;:&quot;&quot;,&quot;camera&quot;:&quot;Canon EOS 6D&quot;,&quot;caption&quot;:&quot;&quot;,&quot;created_timestamp&quot;:&quot;1777373806&quot;,&quot;copyright&quot;:&quot;&quot;,&quot;focal_length&quot;:&quot;63&quot;,&quot;iso&quot;:&quot;800&quot;,&quot;shutter_speed&quot;:&quot;0.00625&quot;,&quot;title&quot;:&quot;&quot;,&quot;orientation&quot;:&quot;0&quot;}\" data-image-title=\"IMG_1471\" data-image-description=\"\" data-image-caption=\"\" data-medium-file=\"https:\/\/www.legistdf.gob.ar\/wp-content\/uploads\/2026\/04\/IMG_1471-300x200.jpg\" data-large-file=\"https:\/\/www.legistdf.gob.ar\/wp-content\/uploads\/2026\/04\/IMG_1471-1024x683.jpg\" \/><\/a>\n\t\t\t<\/dt><\/dl><br style=\"clear: both\" \/>\n\t\t<\/div>\n\n<p style=\"text-align: right\"><em><a href=\"https:\/\/drive.google.com\/drive\/folders\/1c072ITaZMMIMci2NLuafSN4NUVHd0VT1?usp=sharing\" target=\"_blank\" rel=\"noopener\">Galer\u00eda de im\u00e1genes<\/a><\/em><\/p>\n","protected":false},"excerpt":{"rendered":"<p>Ushuaia, martes 28 de abril de 2026.- El Comit\u00e9 de Evaluaci\u00f3n del Seguimiento y Aplicaci\u00f3n de la Convenci\u00f3n contra la Tortura y Otros Tratos o Penas Crueles, Inhumanos o Degradantes sesion\u00f3 hoy en la Legislatura fueguina y tom\u00f3 juramento a las nuevas integrantes, representantes del Poder Ejecutivo. El encuentro fue presidido por la Dra. Manuela [&hellip;]<\/p>\n","protected":false},"author":346,"featured_media":48419,"comment_status":"closed","ping_status":"closed","sticky":false,"template":"","format":"standard","meta":{"jetpack_post_was_ever_published":false,"_jetpack_newsletter_access":"","_jetpack_dont_email_post_to_subs":false,"_jetpack_newsletter_tier_id":0,"footnotes":"","jetpack_publicize_message":"","jetpack_publicize_feature_enabled":true,"jetpack_social_post_already_shared":true,"jetpack_social_options":{"image_generator_settings":{"template":"highway","enabled":false}}},"categories":[1],"tags":[2661,78,106,3214,87],"jetpack_publicize_connections":[],"jetpack_sharing_enabled":true,"jetpack_featured_media_url":"https:\/\/www.legistdf.gob.ar\/wp-content\/uploads\/2026\/04\/IMG_1485.jpg","jetpack-related-posts":[],"_links":{"self":[{"href":"https:\/\/www.legistdf.gob.ar\/index.php\/wp-json\/wp\/v2\/posts\/48416"}],"collection":[{"href":"https:\/\/www.legistdf.gob.ar\/index.php\/wp-json\/wp\/v2\/posts"}],"about":[{"href":"https:\/\/www.legistdf.gob.ar\/index.php\/wp-json\/wp\/v2\/types\/post"}],"author":[{"embeddable":true,"href":"https:\/\/www.legistdf.gob.ar\/index.php\/wp-json\/wp\/v2\/users\/346"}],"replies":[{"embeddable":true,"href":"https:\/\/www.legistdf.gob.ar\/index.php\/wp-json\/wp\/v2\/comments?post=48416"}],"version-history":[{"count":1,"href":"https:\/\/www.legistdf.gob.ar\/index.php\/wp-json\/wp\/v2\/posts\/48416\/revisions"}],"predecessor-version":[{"id":48421,"href":"https:\/\/www.legistdf.gob.ar\/index.php\/wp-json\/wp\/v2\/posts\/48416\/revisions\/48421"}],"wp:featuredmedia":[{"embeddable":true,"href":"https:\/\/www.legistdf.gob.ar\/index.php\/wp-json\/wp\/v2\/media\/48419"}],"wp:attachment":[{"href":"https:\/\/www.legistdf.gob.ar\/index.php\/wp-json\/wp\/v2\/media?parent=48416"}],"wp:term":[{"taxonomy":"category","embeddable":true,"href":"https:\/\/www.legistdf.gob.ar\/index.php\/wp-json\/wp\/v2\/categories?post=48416"},{"taxonomy":"post_tag","embeddable":true,"href":"https:\/\/www.legistdf.gob.ar\/index.php\/wp-json\/wp\/v2\/tags?post=48416"}],"curies":[{"name":"wp","href":"https:\/\/api.w.org\/{rel}","templated":true}]}}