{"id":48423,"date":"2026-04-29T15:34:07","date_gmt":"2026-04-29T18:34:07","guid":{"rendered":"https:\/\/www.legistdf.gob.ar\/?p=48423"},"modified":"2026-04-29T15:34:07","modified_gmt":"2026-04-29T18:34:07","slug":"legislatura-la-adhesion-al-rigi-y-el-sistema-de-goteo-diario-obtuvieron-dictamen-en-mayoria","status":"publish","type":"post","link":"https:\/\/www.legistdf.gob.ar\/index.php\/2026\/04\/29\/legislatura-la-adhesion-al-rigi-y-el-sistema-de-goteo-diario-obtuvieron-dictamen-en-mayoria\/","title":{"rendered":"LEGISLATURA: La adhesi\u00f3n al RIGI y el sistema de goteo diario obtuvieron dictamen en mayor\u00eda"},"content":{"rendered":"<p><strong><span style=\"font-family: arial, helvetica, sans-serif;font-size: 14pt\"><img loading=\"lazy\" decoding=\"async\" data-attachment-id=\"48424\" data-permalink=\"https:\/\/www.legistdf.gob.ar\/index.php\/2026\/04\/29\/legislatura-la-adhesion-al-rigi-y-el-sistema-de-goteo-diario-obtuvieron-dictamen-en-mayoria\/_mg_9409\/\" data-orig-file=\"https:\/\/www.legistdf.gob.ar\/wp-content\/uploads\/2026\/04\/MG_9409.jpg\" data-orig-size=\"1500,1000\" data-comments-opened=\"0\" data-image-meta=\"{&quot;aperture&quot;:&quot;9&quot;,&quot;credit&quot;:&quot;&quot;,&quot;camera&quot;:&quot;Canon EOS Rebel T6i&quot;,&quot;caption&quot;:&quot;&quot;,&quot;created_timestamp&quot;:&quot;1777389838&quot;,&quot;copyright&quot;:&quot;&quot;,&quot;focal_length&quot;:&quot;75&quot;,&quot;iso&quot;:&quot;1600&quot;,&quot;shutter_speed&quot;:&quot;0.016666666666667&quot;,&quot;title&quot;:&quot;&quot;,&quot;orientation&quot;:&quot;0&quot;}\" data-image-title=\"_MG_9409\" data-image-description=\"\" data-image-caption=\"\" data-medium-file=\"https:\/\/www.legistdf.gob.ar\/wp-content\/uploads\/2026\/04\/MG_9409-300x200.jpg\" data-large-file=\"https:\/\/www.legistdf.gob.ar\/wp-content\/uploads\/2026\/04\/MG_9409-1024x683.jpg\" class=\"size-medium wp-image-48424 alignright\" src=\"https:\/\/www.legistdf.gob.ar\/wp-content\/uploads\/2026\/04\/MG_9409-300x200.jpg\" alt=\"\" width=\"300\" height=\"200\" srcset=\"https:\/\/www.legistdf.gob.ar\/wp-content\/uploads\/2026\/04\/MG_9409-300x200.jpg 300w, https:\/\/www.legistdf.gob.ar\/wp-content\/uploads\/2026\/04\/MG_9409-1024x683.jpg 1024w, https:\/\/www.legistdf.gob.ar\/wp-content\/uploads\/2026\/04\/MG_9409-768x512.jpg 768w, https:\/\/www.legistdf.gob.ar\/wp-content\/uploads\/2026\/04\/MG_9409-160x107.jpg 160w, https:\/\/www.legistdf.gob.ar\/wp-content\/uploads\/2026\/04\/MG_9409.jpg 1500w\" sizes=\"(max-width: 300px) 100vw, 300px\" \/>Ushuaia, mi\u00e9rcoles 29 de abril de 2026.- Las comisiones de Legislaci\u00f3n General N\u00ba 1 y de Presupuesto N\u00ba 2 emitieron dict\u00e1menes de mayor\u00eda sobre la adhesi\u00f3n provincial al RIGI, la abrogaci\u00f3n de la Ley que propone la reforma constitucional y el sistema de goteo diario para fondos de seguridad social, entre otros. Con participaci\u00f3n de funcionarios del Ejecutivo y referentes t\u00e9cnicos finalizaron anoche pasadas las 22 h, los asuntos obtuvieron el aval para su tratamiento en la segunda Sesi\u00f3n Ordinaria de la Legislatura fueguina<\/span><\/strong><\/p>\n<p>&nbsp;<\/p>\n<p><span style=\"font-family: arial, helvetica, sans-serif;font-size: 12pt\"><em>Debate sobre el RIGI e industria fueguina<\/em><\/span><\/p>\n<p><span style=\"font-family: arial, helvetica, sans-serif;font-size: 12pt\"><em>\u00a0<\/em><\/span><\/p>\n<p><span style=\"font-family: arial, helvetica, sans-serif;font-size: 12pt\">Luego de las 14 h, el legislador Ra\u00fal Von der Thusen (SF) abri\u00f3 el encuentro de la Comisi\u00f3n de Legislaci\u00f3n General que se extendi\u00f3 en dos tramos.<\/span><\/p>\n<p>&nbsp;<\/p>\n<p><img loading=\"lazy\" decoding=\"async\" data-attachment-id=\"48425\" data-permalink=\"https:\/\/www.legistdf.gob.ar\/index.php\/2026\/04\/29\/legislatura-la-adhesion-al-rigi-y-el-sistema-de-goteo-diario-obtuvieron-dictamen-en-mayoria\/_mg_9466\/\" data-orig-file=\"https:\/\/www.legistdf.gob.ar\/wp-content\/uploads\/2026\/04\/MG_9466.jpg\" data-orig-size=\"1500,1000\" data-comments-opened=\"0\" data-image-meta=\"{&quot;aperture&quot;:&quot;6.3&quot;,&quot;credit&quot;:&quot;&quot;,&quot;camera&quot;:&quot;Canon EOS Rebel T6i&quot;,&quot;caption&quot;:&quot;&quot;,&quot;created_timestamp&quot;:&quot;1777391810&quot;,&quot;copyright&quot;:&quot;&quot;,&quot;focal_length&quot;:&quot;46&quot;,&quot;iso&quot;:&quot;1600&quot;,&quot;shutter_speed&quot;:&quot;0.016666666666667&quot;,&quot;title&quot;:&quot;&quot;,&quot;orientation&quot;:&quot;0&quot;}\" data-image-title=\"_MG_9466\" data-image-description=\"\" data-image-caption=\"\" data-medium-file=\"https:\/\/www.legistdf.gob.ar\/wp-content\/uploads\/2026\/04\/MG_9466-300x200.jpg\" data-large-file=\"https:\/\/www.legistdf.gob.ar\/wp-content\/uploads\/2026\/04\/MG_9466-1024x683.jpg\" class=\"size-medium wp-image-48425 alignleft\" style=\"font-family: arial, helvetica, sans-serif;font-size: 16px\" src=\"https:\/\/www.legistdf.gob.ar\/wp-content\/uploads\/2026\/04\/MG_9466-300x200.jpg\" alt=\"\" width=\"300\" height=\"200\" srcset=\"https:\/\/www.legistdf.gob.ar\/wp-content\/uploads\/2026\/04\/MG_9466-300x200.jpg 300w, https:\/\/www.legistdf.gob.ar\/wp-content\/uploads\/2026\/04\/MG_9466-1024x683.jpg 1024w, https:\/\/www.legistdf.gob.ar\/wp-content\/uploads\/2026\/04\/MG_9466-768x512.jpg 768w, https:\/\/www.legistdf.gob.ar\/wp-content\/uploads\/2026\/04\/MG_9466-160x107.jpg 160w, https:\/\/www.legistdf.gob.ar\/wp-content\/uploads\/2026\/04\/MG_9466.jpg 1500w\" sizes=\"(max-width: 300px) 100vw, 300px\" \/><\/p>\n<p><span style=\"font-family: arial, helvetica, sans-serif;font-size: 12pt\">En cuanto al tratamiento del orden del d\u00eda, iniciaron con el asunto N\u00ba 016\/26, proyecto de Ley que busca que Tierra del Fuego adhiera al R\u00e9gimen de Incentivo para Grandes Inversiones (RIGI) \u2013 <a href=\"https:\/\/servicios.infoleg.gob.ar\/infolegInternet\/anexos\/400000-404999\/401266\/norma.htm\" target=\"_blank\" rel=\"noopener\">Ley nacional N\u00ba 27.742<\/a>. La iniciativa del bloque de La Libertad Avanza obtuvo dictamen favorable y est\u00e1 en condiciones de ser abordado por el Cuerpo en sesi\u00f3n ordinaria. Esta propuesta tambi\u00e9n result\u00f3 con la mayor\u00eda necesaria para alcanzar el dictamen en la Comisi\u00f3n N\u00ba 2.<\/span><\/p>\n<p>&nbsp;<\/p>\n<p><span style=\"font-family: arial, helvetica, sans-serif;font-size: 12pt\">A continuaci\u00f3n recibieron a la titular de la Secretar\u00eda de Industria, DI Alejandra Man quien dio detalles sobre el alcance del <a href=\"https:\/\/www.boletinoficial.gob.ar\/detalleAviso\/primera\/340887\/20260417\" target=\"_blank\" rel=\"noopener\">Decreto nacional N\u00ba 252\/2026<\/a> y sus implicancias hacia la industria fueguina. El DNU modifica la legislaci\u00f3n en cuanto a las empresas que exportan en todo el pa\u00eds.<\/span><\/p>\n<p>&nbsp;<\/p>\n<p><span style=\"font-family: arial, helvetica, sans-serif;font-size: 12pt\"><em>Reforma constitucional y asuntos sociales<\/em><\/span><\/p>\n<p>&nbsp;<\/p>\n<p><span style=\"font-family: arial, helvetica, sans-serif;font-size: 12pt\"><img loading=\"lazy\" decoding=\"async\" data-attachment-id=\"48426\" data-permalink=\"https:\/\/www.legistdf.gob.ar\/index.php\/2026\/04\/29\/legislatura-la-adhesion-al-rigi-y-el-sistema-de-goteo-diario-obtuvieron-dictamen-en-mayoria\/img_1517-3\/\" data-orig-file=\"https:\/\/www.legistdf.gob.ar\/wp-content\/uploads\/2026\/04\/IMG_1517.jpg\" data-orig-size=\"1500,1000\" data-comments-opened=\"0\" data-image-meta=\"{&quot;aperture&quot;:&quot;3.5&quot;,&quot;credit&quot;:&quot;&quot;,&quot;camera&quot;:&quot;Canon EOS 6D&quot;,&quot;caption&quot;:&quot;&quot;,&quot;created_timestamp&quot;:&quot;1777397448&quot;,&quot;copyright&quot;:&quot;&quot;,&quot;focal_length&quot;:&quot;28&quot;,&quot;iso&quot;:&quot;1000&quot;,&quot;shutter_speed&quot;:&quot;0.008&quot;,&quot;title&quot;:&quot;&quot;,&quot;orientation&quot;:&quot;0&quot;}\" data-image-title=\"IMG_1517\" data-image-description=\"\" data-image-caption=\"\" data-medium-file=\"https:\/\/www.legistdf.gob.ar\/wp-content\/uploads\/2026\/04\/IMG_1517-300x200.jpg\" data-large-file=\"https:\/\/www.legistdf.gob.ar\/wp-content\/uploads\/2026\/04\/IMG_1517-1024x683.jpg\" class=\"size-medium wp-image-48426 alignright\" src=\"https:\/\/www.legistdf.gob.ar\/wp-content\/uploads\/2026\/04\/IMG_1517-300x200.jpg\" alt=\"\" width=\"300\" height=\"200\" srcset=\"https:\/\/www.legistdf.gob.ar\/wp-content\/uploads\/2026\/04\/IMG_1517-300x200.jpg 300w, https:\/\/www.legistdf.gob.ar\/wp-content\/uploads\/2026\/04\/IMG_1517-1024x683.jpg 1024w, https:\/\/www.legistdf.gob.ar\/wp-content\/uploads\/2026\/04\/IMG_1517-768x512.jpg 768w, https:\/\/www.legistdf.gob.ar\/wp-content\/uploads\/2026\/04\/IMG_1517-160x107.jpg 160w, https:\/\/www.legistdf.gob.ar\/wp-content\/uploads\/2026\/04\/IMG_1517.jpg 1500w\" sizes=\"(max-width: 300px) 100vw, 300px\" \/>El <a href=\"https:\/\/www.legistdf.gob.ar\/lp\/novedadesip\/Asuntos%20Entrados%202026\/As.%20057-26.pdf\" target=\"_blank\" rel=\"noopener\">asunto N\u00ba 057\/26,<\/a> impulsado por el bloque Somos Fueguinos (SF), obtuvo dictamen en mayor\u00eda. La iniciativa establece la abrogaci\u00f3n de la Ley provincial N\u00ba 1529 de reforma parcial de la Constituci\u00f3n de Tierra del Fuego, Ant\u00e1rtida e Islas del Atl\u00e1ntico Sur.<\/span><\/p>\n<p>&nbsp;<\/p>\n<p><span style=\"font-family: arial, helvetica, sans-serif;font-size: 12pt\">Tambi\u00e9n suscribieron dictamen en mayor\u00eda sobre los asuntos <a href=\"https:\/\/www.legistdf.gob.ar\/lp\/novedadesip\/Asuntos%20Entrados%202026\/As.%20163-26.pdf\" target=\"_blank\" rel=\"noopener\">N\u00ba 163\/26<\/a> y <a href=\"https:\/\/www.legistdf.gob.ar\/lp\/novedadesip\/Asuntos%20Entrados%202026\/As.%20165-26.pdf\" target=\"_blank\" rel=\"noopener\">N\u00ba 165\/26<\/a> sobre la Obra Social del Estado Fueguino (OSEF) y la conformaci\u00f3n y funcionamiento del Directorio. Se realizaron aportes al articulado.<\/span><\/p>\n<p>&nbsp;<\/p>\n<p><span style=\"font-family: arial, helvetica, sans-serif;font-size: 12pt\">Otra propuesta que alcanz\u00f3 dictamen en mayor\u00eda es el <a href=\"https:\/\/www.legistdf.gob.ar\/lp\/novedadesip\/Asuntos%20Entrados%202025\/As.%20038-25.pdf\" target=\"_blank\" rel=\"noopener\">N\u00ba 038\/25<\/a> sobre una iniciativa de la bancada del PJ que propone la prohibici\u00f3n del corte de suministro de servicios b\u00e1sicos en \u00e9poca invernal.<\/span><\/p>\n<p>&nbsp;<\/p>\n<p><span style=\"font-family: arial, helvetica, sans-serif;font-size: 12pt\"><em>Gesti\u00f3n econ\u00f3mica y funcionamiento de la OSEF<\/em><\/span><\/p>\n<p>&nbsp;<\/p>\n<p><span style=\"font-family: arial, helvetica, sans-serif;font-size: 12pt\"><img loading=\"lazy\" decoding=\"async\" data-attachment-id=\"48428\" data-permalink=\"https:\/\/www.legistdf.gob.ar\/index.php\/2026\/04\/29\/legislatura-la-adhesion-al-rigi-y-el-sistema-de-goteo-diario-obtuvieron-dictamen-en-mayoria\/img_1545\/\" data-orig-file=\"https:\/\/www.legistdf.gob.ar\/wp-content\/uploads\/2026\/04\/IMG_1545.jpg\" data-orig-size=\"1500,1000\" data-comments-opened=\"0\" data-image-meta=\"{&quot;aperture&quot;:&quot;2.8&quot;,&quot;credit&quot;:&quot;&quot;,&quot;camera&quot;:&quot;Canon EOS 6D&quot;,&quot;caption&quot;:&quot;&quot;,&quot;created_timestamp&quot;:&quot;1777407229&quot;,&quot;copyright&quot;:&quot;&quot;,&quot;focal_length&quot;:&quot;70&quot;,&quot;iso&quot;:&quot;1000&quot;,&quot;shutter_speed&quot;:&quot;0.0055555555555556&quot;,&quot;title&quot;:&quot;&quot;,&quot;orientation&quot;:&quot;0&quot;}\" data-image-title=\"IMG_1545\" data-image-description=\"\" data-image-caption=\"\" data-medium-file=\"https:\/\/www.legistdf.gob.ar\/wp-content\/uploads\/2026\/04\/IMG_1545-300x200.jpg\" data-large-file=\"https:\/\/www.legistdf.gob.ar\/wp-content\/uploads\/2026\/04\/IMG_1545-1024x683.jpg\" class=\"size-medium wp-image-48428 alignleft\" src=\"https:\/\/www.legistdf.gob.ar\/wp-content\/uploads\/2026\/04\/IMG_1545-300x200.jpg\" alt=\"\" width=\"300\" height=\"200\" srcset=\"https:\/\/www.legistdf.gob.ar\/wp-content\/uploads\/2026\/04\/IMG_1545-300x200.jpg 300w, https:\/\/www.legistdf.gob.ar\/wp-content\/uploads\/2026\/04\/IMG_1545-1024x683.jpg 1024w, https:\/\/www.legistdf.gob.ar\/wp-content\/uploads\/2026\/04\/IMG_1545-768x512.jpg 768w, https:\/\/www.legistdf.gob.ar\/wp-content\/uploads\/2026\/04\/IMG_1545-160x107.jpg 160w, https:\/\/www.legistdf.gob.ar\/wp-content\/uploads\/2026\/04\/IMG_1545.jpg 1500w\" sizes=\"(max-width: 300px) 100vw, 300px\" \/>En tanto, desde la Comisi\u00f3n de Presupuesto, el legislador Mat\u00edas Lapadula (SF) y las y los integrantes de ese espacio recibieron al titular de la cartera econ\u00f3mica, CP Alejandro Barrozo y al de la Agencia de Recaudaci\u00f3n Fueguina (AREF), CP Oscar Bahamonde. Los funcionarios aportaron su mirada respecto del <a href=\"https:\/\/www.legistdf.gob.ar\/lp\/novedadesip\/Asuntos%20Entrados%202026\/As.%20109-26.pdf\" target=\"_blank\" rel=\"noopener\">asunto N\u00ba 109\/26<\/a> del bloque del PJ sobre el proyecto de Ley que establece el sistema de goteo diario. Este asunto cont\u00f3 con la mayor\u00eda para acceder al dictamen de Comisi\u00f3n.<\/span><\/p>\n<p>&nbsp;<\/p>\n<p><span style=\"font-family: arial, helvetica, sans-serif;font-size: 12pt\">Finalmente en ambas comisiones, el <a href=\"https:\/\/www.legistdf.gob.ar\/lp\/novedadesip\/Asuntos%20Entrados%202025\/As.%20366-25.pdf\" target=\"_blank\" rel=\"noopener\">asunto N\u00ba 366\/25<\/a> del bloque Provincia Grande (PG) obtuvo dictamen favorable. La iniciativa establece el sistema de transferencia inmediata de aportes y contribuciones para la Obra Social del Estado Fueguino (OSEF) y Cajas Previsionales.<\/span><\/p>\n<p>&nbsp;<\/p>\n<p><span style=\"font-family: arial, helvetica, sans-serif;font-size: 12pt\">De la jornada pasada, participaron las y los Legisladores integrantes de todas las fuerzas pol\u00edticas con representaci\u00f3n en la Legislatura fueguina.<\/span><\/p>\n\n\t\t<style type=\"text\/css\">\n\t\t\t#gallery-1 {\n\t\t\t\tmargin: auto;\n\t\t\t}\n\t\t\t#gallery-1 .gallery-item {\n\t\t\t\tfloat: left;\n\t\t\t\tmargin-top: 10px;\n\t\t\t\ttext-align: center;\n\t\t\t\twidth: 16%;\n\t\t\t}\n\t\t\t#gallery-1 img {\n\t\t\t\tborder: 2px solid #cfcfcf;\n\t\t\t}\n\t\t\t#gallery-1 .gallery-caption {\n\t\t\t\tmargin-left: 0;\n\t\t\t}\n\t\t\t\/* see gallery_shortcode() in wp-includes\/media.php *\/\n\t\t<\/style>\n\t\t<div data-carousel-extra='{\"blog_id\":1,\"permalink\":\"https:\\\/\\\/www.legistdf.gob.ar\\\/index.php\\\/2026\\\/04\\\/29\\\/legislatura-la-adhesion-al-rigi-y-el-sistema-de-goteo-diario-obtuvieron-dictamen-en-mayoria\\\/\"}' id='gallery-1' class='gallery galleryid-48423 gallery-columns-6 gallery-size-thumbnail'><dl class='gallery-item'>\n\t\t\t<dt class='gallery-icon landscape'>\n\t\t\t\t<a href='https:\/\/www.legistdf.gob.ar\/index.php\/2026\/04\/29\/legislatura-la-adhesion-al-rigi-y-el-sistema-de-goteo-diario-obtuvieron-dictamen-en-mayoria\/_mg_9409\/'><img loading=\"lazy\" decoding=\"async\" width=\"150\" height=\"150\" src=\"https:\/\/www.legistdf.gob.ar\/wp-content\/uploads\/2026\/04\/MG_9409-150x150.jpg\" class=\"attachment-thumbnail size-thumbnail\" alt=\"\" srcset=\"https:\/\/www.legistdf.gob.ar\/wp-content\/uploads\/2026\/04\/MG_9409-150x150.jpg 150w, https:\/\/www.legistdf.gob.ar\/wp-content\/uploads\/2026\/04\/MG_9409-64x64.jpg 64w\" sizes=\"(max-width: 150px) 100vw, 150px\" data-attachment-id=\"48424\" data-permalink=\"https:\/\/www.legistdf.gob.ar\/index.php\/2026\/04\/29\/legislatura-la-adhesion-al-rigi-y-el-sistema-de-goteo-diario-obtuvieron-dictamen-en-mayoria\/_mg_9409\/\" data-orig-file=\"https:\/\/www.legistdf.gob.ar\/wp-content\/uploads\/2026\/04\/MG_9409.jpg\" data-orig-size=\"1500,1000\" data-comments-opened=\"0\" data-image-meta=\"{&quot;aperture&quot;:&quot;9&quot;,&quot;credit&quot;:&quot;&quot;,&quot;camera&quot;:&quot;Canon EOS Rebel T6i&quot;,&quot;caption&quot;:&quot;&quot;,&quot;created_timestamp&quot;:&quot;1777389838&quot;,&quot;copyright&quot;:&quot;&quot;,&quot;focal_length&quot;:&quot;75&quot;,&quot;iso&quot;:&quot;1600&quot;,&quot;shutter_speed&quot;:&quot;0.016666666666667&quot;,&quot;title&quot;:&quot;&quot;,&quot;orientation&quot;:&quot;0&quot;}\" data-image-title=\"_MG_9409\" data-image-description=\"\" data-image-caption=\"\" data-medium-file=\"https:\/\/www.legistdf.gob.ar\/wp-content\/uploads\/2026\/04\/MG_9409-300x200.jpg\" data-large-file=\"https:\/\/www.legistdf.gob.ar\/wp-content\/uploads\/2026\/04\/MG_9409-1024x683.jpg\" \/><\/a>\n\t\t\t<\/dt><\/dl><dl class='gallery-item'>\n\t\t\t<dt class='gallery-icon landscape'>\n\t\t\t\t<a href='https:\/\/www.legistdf.gob.ar\/index.php\/2026\/04\/29\/legislatura-la-adhesion-al-rigi-y-el-sistema-de-goteo-diario-obtuvieron-dictamen-en-mayoria\/_mg_9466\/'><img loading=\"lazy\" decoding=\"async\" width=\"150\" height=\"150\" src=\"https:\/\/www.legistdf.gob.ar\/wp-content\/uploads\/2026\/04\/MG_9466-150x150.jpg\" class=\"attachment-thumbnail size-thumbnail\" alt=\"\" srcset=\"https:\/\/www.legistdf.gob.ar\/wp-content\/uploads\/2026\/04\/MG_9466-150x150.jpg 150w, https:\/\/www.legistdf.gob.ar\/wp-content\/uploads\/2026\/04\/MG_9466-64x64.jpg 64w\" sizes=\"(max-width: 150px) 100vw, 150px\" data-attachment-id=\"48425\" data-permalink=\"https:\/\/www.legistdf.gob.ar\/index.php\/2026\/04\/29\/legislatura-la-adhesion-al-rigi-y-el-sistema-de-goteo-diario-obtuvieron-dictamen-en-mayoria\/_mg_9466\/\" data-orig-file=\"https:\/\/www.legistdf.gob.ar\/wp-content\/uploads\/2026\/04\/MG_9466.jpg\" data-orig-size=\"1500,1000\" data-comments-opened=\"0\" data-image-meta=\"{&quot;aperture&quot;:&quot;6.3&quot;,&quot;credit&quot;:&quot;&quot;,&quot;camera&quot;:&quot;Canon EOS Rebel T6i&quot;,&quot;caption&quot;:&quot;&quot;,&quot;created_timestamp&quot;:&quot;1777391810&quot;,&quot;copyright&quot;:&quot;&quot;,&quot;focal_length&quot;:&quot;46&quot;,&quot;iso&quot;:&quot;1600&quot;,&quot;shutter_speed&quot;:&quot;0.016666666666667&quot;,&quot;title&quot;:&quot;&quot;,&quot;orientation&quot;:&quot;0&quot;}\" data-image-title=\"_MG_9466\" data-image-description=\"\" data-image-caption=\"\" data-medium-file=\"https:\/\/www.legistdf.gob.ar\/wp-content\/uploads\/2026\/04\/MG_9466-300x200.jpg\" data-large-file=\"https:\/\/www.legistdf.gob.ar\/wp-content\/uploads\/2026\/04\/MG_9466-1024x683.jpg\" \/><\/a>\n\t\t\t<\/dt><\/dl><dl class='gallery-item'>\n\t\t\t<dt class='gallery-icon landscape'>\n\t\t\t\t<a href='https:\/\/www.legistdf.gob.ar\/index.php\/2026\/04\/29\/legislatura-la-adhesion-al-rigi-y-el-sistema-de-goteo-diario-obtuvieron-dictamen-en-mayoria\/img_1517-3\/'><img loading=\"lazy\" decoding=\"async\" width=\"150\" height=\"150\" src=\"https:\/\/www.legistdf.gob.ar\/wp-content\/uploads\/2026\/04\/IMG_1517-150x150.jpg\" class=\"attachment-thumbnail size-thumbnail\" alt=\"\" srcset=\"https:\/\/www.legistdf.gob.ar\/wp-content\/uploads\/2026\/04\/IMG_1517-150x150.jpg 150w, https:\/\/www.legistdf.gob.ar\/wp-content\/uploads\/2026\/04\/IMG_1517-64x64.jpg 64w\" sizes=\"(max-width: 150px) 100vw, 150px\" data-attachment-id=\"48426\" data-permalink=\"https:\/\/www.legistdf.gob.ar\/index.php\/2026\/04\/29\/legislatura-la-adhesion-al-rigi-y-el-sistema-de-goteo-diario-obtuvieron-dictamen-en-mayoria\/img_1517-3\/\" data-orig-file=\"https:\/\/www.legistdf.gob.ar\/wp-content\/uploads\/2026\/04\/IMG_1517.jpg\" data-orig-size=\"1500,1000\" data-comments-opened=\"0\" data-image-meta=\"{&quot;aperture&quot;:&quot;3.5&quot;,&quot;credit&quot;:&quot;&quot;,&quot;camera&quot;:&quot;Canon EOS 6D&quot;,&quot;caption&quot;:&quot;&quot;,&quot;created_timestamp&quot;:&quot;1777397448&quot;,&quot;copyright&quot;:&quot;&quot;,&quot;focal_length&quot;:&quot;28&quot;,&quot;iso&quot;:&quot;1000&quot;,&quot;shutter_speed&quot;:&quot;0.008&quot;,&quot;title&quot;:&quot;&quot;,&quot;orientation&quot;:&quot;0&quot;}\" data-image-title=\"IMG_1517\" data-image-description=\"\" data-image-caption=\"\" data-medium-file=\"https:\/\/www.legistdf.gob.ar\/wp-content\/uploads\/2026\/04\/IMG_1517-300x200.jpg\" data-large-file=\"https:\/\/www.legistdf.gob.ar\/wp-content\/uploads\/2026\/04\/IMG_1517-1024x683.jpg\" \/><\/a>\n\t\t\t<\/dt><\/dl><dl class='gallery-item'>\n\t\t\t<dt class='gallery-icon landscape'>\n\t\t\t\t<a href='https:\/\/www.legistdf.gob.ar\/index.php\/2026\/04\/29\/legislatura-la-adhesion-al-rigi-y-el-sistema-de-goteo-diario-obtuvieron-dictamen-en-mayoria\/img_1520\/'><img loading=\"lazy\" decoding=\"async\" width=\"150\" height=\"150\" src=\"https:\/\/www.legistdf.gob.ar\/wp-content\/uploads\/2026\/04\/IMG_1520-150x150.jpg\" class=\"attachment-thumbnail size-thumbnail\" alt=\"\" srcset=\"https:\/\/www.legistdf.gob.ar\/wp-content\/uploads\/2026\/04\/IMG_1520-150x150.jpg 150w, https:\/\/www.legistdf.gob.ar\/wp-content\/uploads\/2026\/04\/IMG_1520-64x64.jpg 64w\" sizes=\"(max-width: 150px) 100vw, 150px\" data-attachment-id=\"48427\" data-permalink=\"https:\/\/www.legistdf.gob.ar\/index.php\/2026\/04\/29\/legislatura-la-adhesion-al-rigi-y-el-sistema-de-goteo-diario-obtuvieron-dictamen-en-mayoria\/img_1520\/\" data-orig-file=\"https:\/\/www.legistdf.gob.ar\/wp-content\/uploads\/2026\/04\/IMG_1520.jpg\" data-orig-size=\"1500,1000\" data-comments-opened=\"0\" data-image-meta=\"{&quot;aperture&quot;:&quot;3.5&quot;,&quot;credit&quot;:&quot;&quot;,&quot;camera&quot;:&quot;Canon EOS 6D&quot;,&quot;caption&quot;:&quot;&quot;,&quot;created_timestamp&quot;:&quot;1777405617&quot;,&quot;copyright&quot;:&quot;&quot;,&quot;focal_length&quot;:&quot;47&quot;,&quot;iso&quot;:&quot;1000&quot;,&quot;shutter_speed&quot;:&quot;0.008&quot;,&quot;title&quot;:&quot;&quot;,&quot;orientation&quot;:&quot;0&quot;}\" data-image-title=\"IMG_1520\" data-image-description=\"\" data-image-caption=\"\" data-medium-file=\"https:\/\/www.legistdf.gob.ar\/wp-content\/uploads\/2026\/04\/IMG_1520-300x200.jpg\" data-large-file=\"https:\/\/www.legistdf.gob.ar\/wp-content\/uploads\/2026\/04\/IMG_1520-1024x683.jpg\" \/><\/a>\n\t\t\t<\/dt><\/dl><dl class='gallery-item'>\n\t\t\t<dt class='gallery-icon landscape'>\n\t\t\t\t<a href='https:\/\/www.legistdf.gob.ar\/index.php\/2026\/04\/29\/legislatura-la-adhesion-al-rigi-y-el-sistema-de-goteo-diario-obtuvieron-dictamen-en-mayoria\/img_1545\/'><img loading=\"lazy\" decoding=\"async\" width=\"150\" height=\"150\" src=\"https:\/\/www.legistdf.gob.ar\/wp-content\/uploads\/2026\/04\/IMG_1545-150x150.jpg\" class=\"attachment-thumbnail size-thumbnail\" alt=\"\" srcset=\"https:\/\/www.legistdf.gob.ar\/wp-content\/uploads\/2026\/04\/IMG_1545-150x150.jpg 150w, https:\/\/www.legistdf.gob.ar\/wp-content\/uploads\/2026\/04\/IMG_1545-64x64.jpg 64w\" sizes=\"(max-width: 150px) 100vw, 150px\" data-attachment-id=\"48428\" data-permalink=\"https:\/\/www.legistdf.gob.ar\/index.php\/2026\/04\/29\/legislatura-la-adhesion-al-rigi-y-el-sistema-de-goteo-diario-obtuvieron-dictamen-en-mayoria\/img_1545\/\" data-orig-file=\"https:\/\/www.legistdf.gob.ar\/wp-content\/uploads\/2026\/04\/IMG_1545.jpg\" data-orig-size=\"1500,1000\" data-comments-opened=\"0\" data-image-meta=\"{&quot;aperture&quot;:&quot;2.8&quot;,&quot;credit&quot;:&quot;&quot;,&quot;camera&quot;:&quot;Canon EOS 6D&quot;,&quot;caption&quot;:&quot;&quot;,&quot;created_timestamp&quot;:&quot;1777407229&quot;,&quot;copyright&quot;:&quot;&quot;,&quot;focal_length&quot;:&quot;70&quot;,&quot;iso&quot;:&quot;1000&quot;,&quot;shutter_speed&quot;:&quot;0.0055555555555556&quot;,&quot;title&quot;:&quot;&quot;,&quot;orientation&quot;:&quot;0&quot;}\" data-image-title=\"IMG_1545\" data-image-description=\"\" data-image-caption=\"\" data-medium-file=\"https:\/\/www.legistdf.gob.ar\/wp-content\/uploads\/2026\/04\/IMG_1545-300x200.jpg\" data-large-file=\"https:\/\/www.legistdf.gob.ar\/wp-content\/uploads\/2026\/04\/IMG_1545-1024x683.jpg\" \/><\/a>\n\t\t\t<\/dt><\/dl><dl class='gallery-item'>\n\t\t\t<dt class='gallery-icon landscape'>\n\t\t\t\t<a href='https:\/\/www.legistdf.gob.ar\/index.php\/2026\/04\/29\/legislatura-la-adhesion-al-rigi-y-el-sistema-de-goteo-diario-obtuvieron-dictamen-en-mayoria\/_mg_9477\/'><img loading=\"lazy\" decoding=\"async\" width=\"150\" height=\"150\" src=\"https:\/\/www.legistdf.gob.ar\/wp-content\/uploads\/2026\/04\/MG_9477-150x150.jpg\" class=\"attachment-thumbnail size-thumbnail\" alt=\"\" srcset=\"https:\/\/www.legistdf.gob.ar\/wp-content\/uploads\/2026\/04\/MG_9477-150x150.jpg 150w, https:\/\/www.legistdf.gob.ar\/wp-content\/uploads\/2026\/04\/MG_9477-64x64.jpg 64w\" sizes=\"(max-width: 150px) 100vw, 150px\" data-attachment-id=\"48431\" data-permalink=\"https:\/\/www.legistdf.gob.ar\/index.php\/2026\/04\/29\/legislatura-la-adhesion-al-rigi-y-el-sistema-de-goteo-diario-obtuvieron-dictamen-en-mayoria\/_mg_9477\/\" data-orig-file=\"https:\/\/www.legistdf.gob.ar\/wp-content\/uploads\/2026\/04\/MG_9477.jpg\" data-orig-size=\"1500,1000\" data-comments-opened=\"0\" data-image-meta=\"{&quot;aperture&quot;:&quot;6.3&quot;,&quot;credit&quot;:&quot;&quot;,&quot;camera&quot;:&quot;Canon EOS Rebel T6i&quot;,&quot;caption&quot;:&quot;&quot;,&quot;created_timestamp&quot;:&quot;1777392422&quot;,&quot;copyright&quot;:&quot;&quot;,&quot;focal_length&quot;:&quot;63&quot;,&quot;iso&quot;:&quot;1600&quot;,&quot;shutter_speed&quot;:&quot;0.016666666666667&quot;,&quot;title&quot;:&quot;&quot;,&quot;orientation&quot;:&quot;0&quot;}\" data-image-title=\"_MG_9477\" data-image-description=\"\" data-image-caption=\"\" data-medium-file=\"https:\/\/www.legistdf.gob.ar\/wp-content\/uploads\/2026\/04\/MG_9477-300x200.jpg\" data-large-file=\"https:\/\/www.legistdf.gob.ar\/wp-content\/uploads\/2026\/04\/MG_9477-1024x683.jpg\" \/><\/a>\n\t\t\t<\/dt><\/dl><br style=\"clear: both\" \/>\n\t\t<\/div>\n\n<p style=\"text-align: right\"><a href=\"https:\/\/drive.google.com\/drive\/folders\/1V-xtMJyphNiGszY4RXdUaqNugRW4nab1?usp=sharing\" target=\"_blank\" rel=\"noopener\">Galer\u00eda de im\u00e1genes<\/a><\/p>\n","protected":false},"excerpt":{"rendered":"<p>Ushuaia, mi\u00e9rcoles 29 de abril de 2026.- Las comisiones de Legislaci\u00f3n General N\u00ba 1 y de Presupuesto N\u00ba 2 emitieron dict\u00e1menes de mayor\u00eda sobre la adhesi\u00f3n provincial al RIGI, la abrogaci\u00f3n de la Ley que propone la reforma constitucional y el sistema de goteo diario para fondos de seguridad social, entre otros. Con participaci\u00f3n de [&hellip;]<\/p>\n","protected":false},"author":346,"featured_media":48431,"comment_status":"closed","ping_status":"closed","sticky":false,"template":"","format":"standard","meta":{"jetpack_post_was_ever_published":false,"_jetpack_newsletter_access":"","_jetpack_dont_email_post_to_subs":false,"_jetpack_newsletter_tier_id":0,"footnotes":"","jetpack_publicize_message":"","jetpack_publicize_feature_enabled":true,"jetpack_social_post_already_shared":true,"jetpack_social_options":{"image_generator_settings":{"template":"highway","enabled":false}}},"categories":[1],"tags":[84,1743,78,3234,448,3214,87],"jetpack_publicize_connections":[],"jetpack_sharing_enabled":true,"jetpack_featured_media_url":"https:\/\/www.legistdf.gob.ar\/wp-content\/uploads\/2026\/04\/MG_9477.jpg","jetpack-related-posts":[],"_links":{"self":[{"href":"https:\/\/www.legistdf.gob.ar\/index.php\/wp-json\/wp\/v2\/posts\/48423"}],"collection":[{"href":"https:\/\/www.legistdf.gob.ar\/index.php\/wp-json\/wp\/v2\/posts"}],"about":[{"href":"https:\/\/www.legistdf.gob.ar\/index.php\/wp-json\/wp\/v2\/types\/post"}],"author":[{"embeddable":true,"href":"https:\/\/www.legistdf.gob.ar\/index.php\/wp-json\/wp\/v2\/users\/346"}],"replies":[{"embeddable":true,"href":"https:\/\/www.legistdf.gob.ar\/index.php\/wp-json\/wp\/v2\/comments?post=48423"}],"version-history":[{"count":2,"href":"https:\/\/www.legistdf.gob.ar\/index.php\/wp-json\/wp\/v2\/posts\/48423\/revisions"}],"predecessor-version":[{"id":48432,"href":"https:\/\/www.legistdf.gob.ar\/index.php\/wp-json\/wp\/v2\/posts\/48423\/revisions\/48432"}],"wp:featuredmedia":[{"embeddable":true,"href":"https:\/\/www.legistdf.gob.ar\/index.php\/wp-json\/wp\/v2\/media\/48431"}],"wp:attachment":[{"href":"https:\/\/www.legistdf.gob.ar\/index.php\/wp-json\/wp\/v2\/media?parent=48423"}],"wp:term":[{"taxonomy":"category","embeddable":true,"href":"https:\/\/www.legistdf.gob.ar\/index.php\/wp-json\/wp\/v2\/categories?post=48423"},{"taxonomy":"post_tag","embeddable":true,"href":"https:\/\/www.legistdf.gob.ar\/index.php\/wp-json\/wp\/v2\/tags?post=48423"}],"curies":[{"name":"wp","href":"https:\/\/api.w.org\/{rel}","templated":true}]}}