{"id":48433,"date":"2026-04-29T19:17:10","date_gmt":"2026-04-29T22:17:10","guid":{"rendered":"https:\/\/www.legistdf.gob.ar\/?p=48433"},"modified":"2026-04-29T19:17:10","modified_gmt":"2026-04-29T22:17:10","slug":"comisiones-analizaron-la-coyuntura-de-la-industria-fueguina","status":"publish","type":"post","link":"https:\/\/www.legistdf.gob.ar\/index.php\/2026\/04\/29\/comisiones-analizaron-la-coyuntura-de-la-industria-fueguina\/","title":{"rendered":"COMISIONES: Analizaron la coyuntura de la industria fueguina"},"content":{"rendered":"<p><strong><span style=\"font-family: arial, helvetica, sans-serif;font-size: 14pt\"><img loading=\"lazy\" decoding=\"async\" data-attachment-id=\"48436\" data-permalink=\"https:\/\/www.legistdf.gob.ar\/index.php\/2026\/04\/29\/comisiones-analizaron-la-coyuntura-de-la-industria-fueguina\/_mg_9452\/\" data-orig-file=\"https:\/\/www.legistdf.gob.ar\/wp-content\/uploads\/2026\/04\/MG_9452.jpg\" data-orig-size=\"1500,1000\" data-comments-opened=\"0\" data-image-meta=\"{&quot;aperture&quot;:&quot;6.3&quot;,&quot;credit&quot;:&quot;&quot;,&quot;camera&quot;:&quot;Canon EOS Rebel T6i&quot;,&quot;caption&quot;:&quot;&quot;,&quot;created_timestamp&quot;:&quot;1777391199&quot;,&quot;copyright&quot;:&quot;&quot;,&quot;focal_length&quot;:&quot;46&quot;,&quot;iso&quot;:&quot;1600&quot;,&quot;shutter_speed&quot;:&quot;0.016666666666667&quot;,&quot;title&quot;:&quot;&quot;,&quot;orientation&quot;:&quot;0&quot;}\" data-image-title=\"_MG_9452\" data-image-description=\"\" data-image-caption=\"\" data-medium-file=\"https:\/\/www.legistdf.gob.ar\/wp-content\/uploads\/2026\/04\/MG_9452-300x200.jpg\" data-large-file=\"https:\/\/www.legistdf.gob.ar\/wp-content\/uploads\/2026\/04\/MG_9452-1024x683.jpg\" class=\"size-medium wp-image-48436 alignleft\" src=\"https:\/\/www.legistdf.gob.ar\/wp-content\/uploads\/2026\/04\/MG_9452-300x200.jpg\" alt=\"\" width=\"300\" height=\"200\" srcset=\"https:\/\/www.legistdf.gob.ar\/wp-content\/uploads\/2026\/04\/MG_9452-300x200.jpg 300w, https:\/\/www.legistdf.gob.ar\/wp-content\/uploads\/2026\/04\/MG_9452-1024x683.jpg 1024w, https:\/\/www.legistdf.gob.ar\/wp-content\/uploads\/2026\/04\/MG_9452-768x512.jpg 768w, https:\/\/www.legistdf.gob.ar\/wp-content\/uploads\/2026\/04\/MG_9452-160x107.jpg 160w, https:\/\/www.legistdf.gob.ar\/wp-content\/uploads\/2026\/04\/MG_9452.jpg 1500w\" sizes=\"(max-width: 300px) 100vw, 300px\" \/>Ushuaia, mi\u00e9rcoles 29 de abril de 2026.- Se llev\u00f3 adelante la reuni\u00f3n de la Comisi\u00f3n de Legislaci\u00f3n General N\u00b0 1, en la que las y los Legisladores recibieron a la secretaria de Promoci\u00f3n e Industria del Gobierno fueguino, Alejandra Man, junto a su equipo t\u00e9cnico. En el encuentro abordaron el alcance y las implicancias del <a href=\"https:\/\/www.boletinoficial.gob.ar\/detalleAviso\/primera\/340887\/20260417\" target=\"_blank\" rel=\"noopener\">Decreto de Necesidad y Urgencia N\u00ba 252\/26<\/a>. <span style=\"font-family: arial, helvetica, sans-serif\">\u201cDe manera directa no afecta los beneficios con los que cuenta la Provincia\u201d, se\u00f1al\u00f3 la funcionaria.<\/span><\/span><\/strong><\/p>\n<p>&nbsp;<\/p>\n<p><span style=\"font-family: arial, helvetica, sans-serif;font-size: 12pt\">Durante el encuentro, la funcionaria expuso un an\u00e1lisis t\u00e9cnico y jur\u00eddico sobre la normativa nacional que introduce modificaciones al <a href=\"https:\/\/www.argentina.gob.ar\/normativa\/nacional\/decreto-688-2002-73965\/actualizacion\" target=\"_blank\" rel=\"noopener\">Decreto N\u00b0 688\/200<\/a>2, regulatorio del R\u00e9gimen de Aduana en Factor\u00eda (RAF).<\/span><\/p>\n<p>&nbsp;<\/p>\n<p><span style=\"font-family: arial, helvetica, sans-serif;font-size: 12pt\"><img loading=\"lazy\" decoding=\"async\" data-attachment-id=\"48431\" data-permalink=\"https:\/\/www.legistdf.gob.ar\/index.php\/2026\/04\/29\/legislatura-la-adhesion-al-rigi-y-el-sistema-de-goteo-diario-obtuvieron-dictamen-en-mayoria\/_mg_9477\/\" data-orig-file=\"https:\/\/www.legistdf.gob.ar\/wp-content\/uploads\/2026\/04\/MG_9477.jpg\" data-orig-size=\"1500,1000\" data-comments-opened=\"0\" data-image-meta=\"{&quot;aperture&quot;:&quot;6.3&quot;,&quot;credit&quot;:&quot;&quot;,&quot;camera&quot;:&quot;Canon EOS Rebel T6i&quot;,&quot;caption&quot;:&quot;&quot;,&quot;created_timestamp&quot;:&quot;1777392422&quot;,&quot;copyright&quot;:&quot;&quot;,&quot;focal_length&quot;:&quot;63&quot;,&quot;iso&quot;:&quot;1600&quot;,&quot;shutter_speed&quot;:&quot;0.016666666666667&quot;,&quot;title&quot;:&quot;&quot;,&quot;orientation&quot;:&quot;0&quot;}\" data-image-title=\"_MG_9477\" data-image-description=\"\" data-image-caption=\"\" data-medium-file=\"https:\/\/www.legistdf.gob.ar\/wp-content\/uploads\/2026\/04\/MG_9477-300x200.jpg\" data-large-file=\"https:\/\/www.legistdf.gob.ar\/wp-content\/uploads\/2026\/04\/MG_9477-1024x683.jpg\" class=\"size-medium wp-image-48431 alignright\" src=\"https:\/\/www.legistdf.gob.ar\/wp-content\/uploads\/2026\/04\/MG_9477-300x200.jpg\" alt=\"\" width=\"300\" height=\"200\" srcset=\"https:\/\/www.legistdf.gob.ar\/wp-content\/uploads\/2026\/04\/MG_9477-300x200.jpg 300w, https:\/\/www.legistdf.gob.ar\/wp-content\/uploads\/2026\/04\/MG_9477-1024x683.jpg 1024w, https:\/\/www.legistdf.gob.ar\/wp-content\/uploads\/2026\/04\/MG_9477-768x512.jpg 768w, https:\/\/www.legistdf.gob.ar\/wp-content\/uploads\/2026\/04\/MG_9477-160x107.jpg 160w, https:\/\/www.legistdf.gob.ar\/wp-content\/uploads\/2026\/04\/MG_9477.jpg 1500w\" sizes=\"(max-width: 300px) 100vw, 300px\" \/>El DNU elimina restricciones por rama industrial y la exigencia de actas-convenio para el acceso al r\u00e9gimen, incorpora la posibilidad de garant\u00edas individuales en lugar de globales y ampl\u00eda su alcance a proveedores directos de establecimientos industriales, con el objetivo de reducir costos de transacci\u00f3n y fomentar la competitividad.<\/span><\/p>\n<p>&nbsp;<\/p>\n<p><span style=\"font-family: arial, helvetica, sans-serif;font-size: 12pt\">En ese sentido, Man se\u00f1al\u00f3 que desde el \u00e1rea a su cargo se realiz\u00f3 un trabajo de evaluaci\u00f3n junto a actores del sector industrial y organismos competentes, entre ellos c\u00e1maras empresariales y la aduana local.<\/span><\/p>\n<p>&nbsp;<\/p>\n<p><span style=\"font-family: arial, helvetica, sans-serif;font-size: 12pt\">\u201cTenemos el mismo entendimiento respecto del alcance de la medida. Este Decreto no modifica los beneficios fiscales vigentes bajo la <a href=\"https:\/\/servicios.infoleg.gob.ar\/infolegInternet\/anexos\/25000-29999\/28185\/norma.htm\" target=\"_blank\" rel=\"noopener\">Ley nacional N\u00ba 19.640<\/a>\u201d, afirm\u00f3, y agreg\u00f3: \u201cDe manera directa, no afecta los beneficios con los que cuenta la Provincia\u201d.<\/span><\/p>\n<p>&nbsp;<\/p>\n<p><span style=\"font-family: arial, helvetica, sans-serif;font-size: 12pt\"><img loading=\"lazy\" decoding=\"async\" data-attachment-id=\"48435\" data-permalink=\"https:\/\/www.legistdf.gob.ar\/index.php\/2026\/04\/29\/comisiones-analizaron-la-coyuntura-de-la-industria-fueguina\/_mg_9449\/\" data-orig-file=\"https:\/\/www.legistdf.gob.ar\/wp-content\/uploads\/2026\/04\/MG_9449.jpg\" data-orig-size=\"1500,1000\" data-comments-opened=\"0\" data-image-meta=\"{&quot;aperture&quot;:&quot;6.3&quot;,&quot;credit&quot;:&quot;&quot;,&quot;camera&quot;:&quot;Canon EOS Rebel T6i&quot;,&quot;caption&quot;:&quot;&quot;,&quot;created_timestamp&quot;:&quot;1777391183&quot;,&quot;copyright&quot;:&quot;&quot;,&quot;focal_length&quot;:&quot;200&quot;,&quot;iso&quot;:&quot;1600&quot;,&quot;shutter_speed&quot;:&quot;0.016666666666667&quot;,&quot;title&quot;:&quot;&quot;,&quot;orientation&quot;:&quot;0&quot;}\" data-image-title=\"_MG_9449\" data-image-description=\"\" data-image-caption=\"\" data-medium-file=\"https:\/\/www.legistdf.gob.ar\/wp-content\/uploads\/2026\/04\/MG_9449-300x200.jpg\" data-large-file=\"https:\/\/www.legistdf.gob.ar\/wp-content\/uploads\/2026\/04\/MG_9449-1024x683.jpg\" class=\"size-medium wp-image-48435 alignleft\" src=\"https:\/\/www.legistdf.gob.ar\/wp-content\/uploads\/2026\/04\/MG_9449-300x200.jpg\" alt=\"\" width=\"300\" height=\"200\" srcset=\"https:\/\/www.legistdf.gob.ar\/wp-content\/uploads\/2026\/04\/MG_9449-300x200.jpg 300w, https:\/\/www.legistdf.gob.ar\/wp-content\/uploads\/2026\/04\/MG_9449-1024x683.jpg 1024w, https:\/\/www.legistdf.gob.ar\/wp-content\/uploads\/2026\/04\/MG_9449-768x512.jpg 768w, https:\/\/www.legistdf.gob.ar\/wp-content\/uploads\/2026\/04\/MG_9449-160x107.jpg 160w, https:\/\/www.legistdf.gob.ar\/wp-content\/uploads\/2026\/04\/MG_9449.jpg 1500w\" sizes=\"(max-width: 300px) 100vw, 300px\" \/>La funcionaria advirti\u00f3 sobre el contexto actual de la actividad industrial en Tierra del Fuego: \u201cObservamos diariamente una reducci\u00f3n en las l\u00edneas productivas, lo que se traduce en una ca\u00edda del empleo. Es una preocupaci\u00f3n compartida por los distintos sectores, dado el impacto directo en la econom\u00eda provincial\u201d, expres\u00f3.<\/span><\/p>\n<p>&nbsp;<\/p>\n<p><span style=\"font-family: arial, helvetica, sans-serif;font-size: 12pt\">Finalmente, desde la Secretar\u00eda de Promoci\u00f3n e Industria informaron que trabajan en una propuesta para elevar al Gobierno nacional, orientada a introducir modificaciones en el subr\u00e9gimen de promoci\u00f3n industrial. La funcionaria explic\u00f3 que, en el contexto actual, las empresas mantienen limitaciones sobre los productos aprobados por la autoridad de aplicaci\u00f3n nacional.<\/span><\/p>\n<p>&nbsp;<\/p>\n<p><span style=\"font-family: arial, helvetica, sans-serif;font-size: 12pt\">La reuni\u00f3n permiti\u00f3 a las y los Legisladores interiorizarse sobre los alcances de la normativa y abrir un espacio de an\u00e1lisis conjunto frente a los desaf\u00edos que enfrenta el entramado industrial fueguino.<\/span><\/p>\n<p>&nbsp;<\/p>\n<p><span style=\"font-family: arial, helvetica, sans-serif;font-size: 12pt\">El presidente de la Comisi\u00f3n N\u00ba 1, Ra\u00fal Von der Thusen, junto a las y los legisladores Mar\u00eda Victoria Vuoto (PJ), Myriam Mart\u00ednez (FORJA), Natalia Gracian\u00eda (LLA), Mar\u00eda Laura Colazo (PV), Gisela Dos Santos (ST), Juan Carlos Pino (PJ), Pablo Villegas (MPF), Mat\u00edas Lapadula (PG), Jorge Lechman (SF), Luciano Selzer (LLA) y Tomas Garc\u00eda (PJ) debatieron acerca de los alcances del nuevo decreto nacional.<\/span><\/p>\n\n\t\t<style type=\"text\/css\">\n\t\t\t#gallery-1 {\n\t\t\t\tmargin: auto;\n\t\t\t}\n\t\t\t#gallery-1 .gallery-item {\n\t\t\t\tfloat: left;\n\t\t\t\tmargin-top: 10px;\n\t\t\t\ttext-align: center;\n\t\t\t\twidth: 20%;\n\t\t\t}\n\t\t\t#gallery-1 img {\n\t\t\t\tborder: 2px solid #cfcfcf;\n\t\t\t}\n\t\t\t#gallery-1 .gallery-caption {\n\t\t\t\tmargin-left: 0;\n\t\t\t}\n\t\t\t\/* see gallery_shortcode() in wp-includes\/media.php *\/\n\t\t<\/style>\n\t\t<div data-carousel-extra='{\"blog_id\":1,\"permalink\":\"https:\\\/\\\/www.legistdf.gob.ar\\\/index.php\\\/2026\\\/04\\\/29\\\/comisiones-analizaron-la-coyuntura-de-la-industria-fueguina\\\/\"}' id='gallery-1' class='gallery galleryid-48433 gallery-columns-5 gallery-size-thumbnail'><dl class='gallery-item'>\n\t\t\t<dt class='gallery-icon landscape'>\n\t\t\t\t<a href='https:\/\/www.legistdf.gob.ar\/index.php\/2026\/04\/29\/legislatura-la-adhesion-al-rigi-y-el-sistema-de-goteo-diario-obtuvieron-dictamen-en-mayoria\/_mg_9477\/'><img loading=\"lazy\" decoding=\"async\" width=\"150\" height=\"150\" src=\"https:\/\/www.legistdf.gob.ar\/wp-content\/uploads\/2026\/04\/MG_9477-150x150.jpg\" class=\"attachment-thumbnail size-thumbnail\" alt=\"\" srcset=\"https:\/\/www.legistdf.gob.ar\/wp-content\/uploads\/2026\/04\/MG_9477-150x150.jpg 150w, https:\/\/www.legistdf.gob.ar\/wp-content\/uploads\/2026\/04\/MG_9477-64x64.jpg 64w\" sizes=\"(max-width: 150px) 100vw, 150px\" data-attachment-id=\"48431\" data-permalink=\"https:\/\/www.legistdf.gob.ar\/index.php\/2026\/04\/29\/legislatura-la-adhesion-al-rigi-y-el-sistema-de-goteo-diario-obtuvieron-dictamen-en-mayoria\/_mg_9477\/\" data-orig-file=\"https:\/\/www.legistdf.gob.ar\/wp-content\/uploads\/2026\/04\/MG_9477.jpg\" data-orig-size=\"1500,1000\" data-comments-opened=\"0\" data-image-meta=\"{&quot;aperture&quot;:&quot;6.3&quot;,&quot;credit&quot;:&quot;&quot;,&quot;camera&quot;:&quot;Canon EOS Rebel T6i&quot;,&quot;caption&quot;:&quot;&quot;,&quot;created_timestamp&quot;:&quot;1777392422&quot;,&quot;copyright&quot;:&quot;&quot;,&quot;focal_length&quot;:&quot;63&quot;,&quot;iso&quot;:&quot;1600&quot;,&quot;shutter_speed&quot;:&quot;0.016666666666667&quot;,&quot;title&quot;:&quot;&quot;,&quot;orientation&quot;:&quot;0&quot;}\" data-image-title=\"_MG_9477\" data-image-description=\"\" data-image-caption=\"\" data-medium-file=\"https:\/\/www.legistdf.gob.ar\/wp-content\/uploads\/2026\/04\/MG_9477-300x200.jpg\" data-large-file=\"https:\/\/www.legistdf.gob.ar\/wp-content\/uploads\/2026\/04\/MG_9477-1024x683.jpg\" \/><\/a>\n\t\t\t<\/dt><\/dl><dl class='gallery-item'>\n\t\t\t<dt class='gallery-icon landscape'>\n\t\t\t\t<a href='https:\/\/www.legistdf.gob.ar\/index.php\/2026\/04\/29\/legislatura-la-adhesion-al-rigi-y-el-sistema-de-goteo-diario-obtuvieron-dictamen-en-mayoria\/_mg_9466\/'><img loading=\"lazy\" decoding=\"async\" width=\"150\" height=\"150\" src=\"https:\/\/www.legistdf.gob.ar\/wp-content\/uploads\/2026\/04\/MG_9466-150x150.jpg\" class=\"attachment-thumbnail size-thumbnail\" alt=\"\" srcset=\"https:\/\/www.legistdf.gob.ar\/wp-content\/uploads\/2026\/04\/MG_9466-150x150.jpg 150w, https:\/\/www.legistdf.gob.ar\/wp-content\/uploads\/2026\/04\/MG_9466-64x64.jpg 64w\" sizes=\"(max-width: 150px) 100vw, 150px\" data-attachment-id=\"48425\" data-permalink=\"https:\/\/www.legistdf.gob.ar\/index.php\/2026\/04\/29\/legislatura-la-adhesion-al-rigi-y-el-sistema-de-goteo-diario-obtuvieron-dictamen-en-mayoria\/_mg_9466\/\" data-orig-file=\"https:\/\/www.legistdf.gob.ar\/wp-content\/uploads\/2026\/04\/MG_9466.jpg\" data-orig-size=\"1500,1000\" data-comments-opened=\"0\" data-image-meta=\"{&quot;aperture&quot;:&quot;6.3&quot;,&quot;credit&quot;:&quot;&quot;,&quot;camera&quot;:&quot;Canon EOS Rebel T6i&quot;,&quot;caption&quot;:&quot;&quot;,&quot;created_timestamp&quot;:&quot;1777391810&quot;,&quot;copyright&quot;:&quot;&quot;,&quot;focal_length&quot;:&quot;46&quot;,&quot;iso&quot;:&quot;1600&quot;,&quot;shutter_speed&quot;:&quot;0.016666666666667&quot;,&quot;title&quot;:&quot;&quot;,&quot;orientation&quot;:&quot;0&quot;}\" data-image-title=\"_MG_9466\" data-image-description=\"\" data-image-caption=\"\" data-medium-file=\"https:\/\/www.legistdf.gob.ar\/wp-content\/uploads\/2026\/04\/MG_9466-300x200.jpg\" data-large-file=\"https:\/\/www.legistdf.gob.ar\/wp-content\/uploads\/2026\/04\/MG_9466-1024x683.jpg\" \/><\/a>\n\t\t\t<\/dt><\/dl><dl class='gallery-item'>\n\t\t\t<dt class='gallery-icon landscape'>\n\t\t\t\t<a href='https:\/\/www.legistdf.gob.ar\/index.php\/2026\/04\/29\/legislatura-la-adhesion-al-rigi-y-el-sistema-de-goteo-diario-obtuvieron-dictamen-en-mayoria\/_mg_9409\/'><img loading=\"lazy\" decoding=\"async\" width=\"150\" height=\"150\" src=\"https:\/\/www.legistdf.gob.ar\/wp-content\/uploads\/2026\/04\/MG_9409-150x150.jpg\" class=\"attachment-thumbnail size-thumbnail\" alt=\"\" srcset=\"https:\/\/www.legistdf.gob.ar\/wp-content\/uploads\/2026\/04\/MG_9409-150x150.jpg 150w, https:\/\/www.legistdf.gob.ar\/wp-content\/uploads\/2026\/04\/MG_9409-64x64.jpg 64w\" sizes=\"(max-width: 150px) 100vw, 150px\" data-attachment-id=\"48424\" data-permalink=\"https:\/\/www.legistdf.gob.ar\/index.php\/2026\/04\/29\/legislatura-la-adhesion-al-rigi-y-el-sistema-de-goteo-diario-obtuvieron-dictamen-en-mayoria\/_mg_9409\/\" data-orig-file=\"https:\/\/www.legistdf.gob.ar\/wp-content\/uploads\/2026\/04\/MG_9409.jpg\" data-orig-size=\"1500,1000\" data-comments-opened=\"0\" data-image-meta=\"{&quot;aperture&quot;:&quot;9&quot;,&quot;credit&quot;:&quot;&quot;,&quot;camera&quot;:&quot;Canon EOS Rebel T6i&quot;,&quot;caption&quot;:&quot;&quot;,&quot;created_timestamp&quot;:&quot;1777389838&quot;,&quot;copyright&quot;:&quot;&quot;,&quot;focal_length&quot;:&quot;75&quot;,&quot;iso&quot;:&quot;1600&quot;,&quot;shutter_speed&quot;:&quot;0.016666666666667&quot;,&quot;title&quot;:&quot;&quot;,&quot;orientation&quot;:&quot;0&quot;}\" data-image-title=\"_MG_9409\" data-image-description=\"\" data-image-caption=\"\" data-medium-file=\"https:\/\/www.legistdf.gob.ar\/wp-content\/uploads\/2026\/04\/MG_9409-300x200.jpg\" data-large-file=\"https:\/\/www.legistdf.gob.ar\/wp-content\/uploads\/2026\/04\/MG_9409-1024x683.jpg\" \/><\/a>\n\t\t\t<\/dt><\/dl><dl class='gallery-item'>\n\t\t\t<dt class='gallery-icon landscape'>\n\t\t\t\t<a href='https:\/\/www.legistdf.gob.ar\/index.php\/2026\/04\/29\/comisiones-analizaron-la-coyuntura-de-la-industria-fueguina\/_mg_9449\/'><img loading=\"lazy\" decoding=\"async\" width=\"150\" height=\"150\" src=\"https:\/\/www.legistdf.gob.ar\/wp-content\/uploads\/2026\/04\/MG_9449-150x150.jpg\" class=\"attachment-thumbnail size-thumbnail\" alt=\"\" srcset=\"https:\/\/www.legistdf.gob.ar\/wp-content\/uploads\/2026\/04\/MG_9449-150x150.jpg 150w, https:\/\/www.legistdf.gob.ar\/wp-content\/uploads\/2026\/04\/MG_9449-64x64.jpg 64w\" sizes=\"(max-width: 150px) 100vw, 150px\" data-attachment-id=\"48435\" data-permalink=\"https:\/\/www.legistdf.gob.ar\/index.php\/2026\/04\/29\/comisiones-analizaron-la-coyuntura-de-la-industria-fueguina\/_mg_9449\/\" data-orig-file=\"https:\/\/www.legistdf.gob.ar\/wp-content\/uploads\/2026\/04\/MG_9449.jpg\" data-orig-size=\"1500,1000\" data-comments-opened=\"0\" data-image-meta=\"{&quot;aperture&quot;:&quot;6.3&quot;,&quot;credit&quot;:&quot;&quot;,&quot;camera&quot;:&quot;Canon EOS Rebel T6i&quot;,&quot;caption&quot;:&quot;&quot;,&quot;created_timestamp&quot;:&quot;1777391183&quot;,&quot;copyright&quot;:&quot;&quot;,&quot;focal_length&quot;:&quot;200&quot;,&quot;iso&quot;:&quot;1600&quot;,&quot;shutter_speed&quot;:&quot;0.016666666666667&quot;,&quot;title&quot;:&quot;&quot;,&quot;orientation&quot;:&quot;0&quot;}\" data-image-title=\"_MG_9449\" data-image-description=\"\" data-image-caption=\"\" data-medium-file=\"https:\/\/www.legistdf.gob.ar\/wp-content\/uploads\/2026\/04\/MG_9449-300x200.jpg\" data-large-file=\"https:\/\/www.legistdf.gob.ar\/wp-content\/uploads\/2026\/04\/MG_9449-1024x683.jpg\" \/><\/a>\n\t\t\t<\/dt><\/dl><dl class='gallery-item'>\n\t\t\t<dt class='gallery-icon landscape'>\n\t\t\t\t<a href='https:\/\/www.legistdf.gob.ar\/index.php\/2026\/04\/29\/comisiones-analizaron-la-coyuntura-de-la-industria-fueguina\/_mg_9452\/'><img loading=\"lazy\" decoding=\"async\" width=\"150\" height=\"150\" src=\"https:\/\/www.legistdf.gob.ar\/wp-content\/uploads\/2026\/04\/MG_9452-150x150.jpg\" class=\"attachment-thumbnail size-thumbnail\" alt=\"\" srcset=\"https:\/\/www.legistdf.gob.ar\/wp-content\/uploads\/2026\/04\/MG_9452-150x150.jpg 150w, https:\/\/www.legistdf.gob.ar\/wp-content\/uploads\/2026\/04\/MG_9452-64x64.jpg 64w\" sizes=\"(max-width: 150px) 100vw, 150px\" data-attachment-id=\"48436\" data-permalink=\"https:\/\/www.legistdf.gob.ar\/index.php\/2026\/04\/29\/comisiones-analizaron-la-coyuntura-de-la-industria-fueguina\/_mg_9452\/\" data-orig-file=\"https:\/\/www.legistdf.gob.ar\/wp-content\/uploads\/2026\/04\/MG_9452.jpg\" data-orig-size=\"1500,1000\" data-comments-opened=\"0\" data-image-meta=\"{&quot;aperture&quot;:&quot;6.3&quot;,&quot;credit&quot;:&quot;&quot;,&quot;camera&quot;:&quot;Canon EOS Rebel T6i&quot;,&quot;caption&quot;:&quot;&quot;,&quot;created_timestamp&quot;:&quot;1777391199&quot;,&quot;copyright&quot;:&quot;&quot;,&quot;focal_length&quot;:&quot;46&quot;,&quot;iso&quot;:&quot;1600&quot;,&quot;shutter_speed&quot;:&quot;0.016666666666667&quot;,&quot;title&quot;:&quot;&quot;,&quot;orientation&quot;:&quot;0&quot;}\" data-image-title=\"_MG_9452\" data-image-description=\"\" data-image-caption=\"\" data-medium-file=\"https:\/\/www.legistdf.gob.ar\/wp-content\/uploads\/2026\/04\/MG_9452-300x200.jpg\" data-large-file=\"https:\/\/www.legistdf.gob.ar\/wp-content\/uploads\/2026\/04\/MG_9452-1024x683.jpg\" \/><\/a>\n\t\t\t<\/dt><\/dl><br style=\"clear: both\" \/>\n\t\t<\/div>\n\n<p style=\"text-align: right\"><em><a href=\"https:\/\/drive.google.com\/drive\/folders\/1WLE8fLKFMFC7G1Te3FOSE9Xh7N6C2Ovm?usp=sharing\" target=\"_blank\" rel=\"noopener\">Galer\u00eda de im\u00e1genes<\/a><\/em><\/p>\n","protected":false},"excerpt":{"rendered":"<p>Ushuaia, mi\u00e9rcoles 29 de abril de 2026.- Se llev\u00f3 adelante la reuni\u00f3n de la Comisi\u00f3n de Legislaci\u00f3n General N\u00b0 1, en la que las y los Legisladores recibieron a la secretaria de Promoci\u00f3n e Industria del Gobierno fueguino, Alejandra Man, junto a su equipo t\u00e9cnico. En el encuentro abordaron el alcance y las implicancias del [&hellip;]<\/p>\n","protected":false},"author":346,"featured_media":48436,"comment_status":"closed","ping_status":"closed","sticky":false,"template":"","format":"standard","meta":{"jetpack_post_was_ever_published":false,"_jetpack_newsletter_access":"","_jetpack_dont_email_post_to_subs":false,"_jetpack_newsletter_tier_id":0,"footnotes":"","jetpack_publicize_message":"","jetpack_publicize_feature_enabled":true,"jetpack_social_post_already_shared":true,"jetpack_social_options":{"image_generator_settings":{"template":"highway","enabled":false}}},"categories":[1],"tags":[3689,78,3214,79,87],"jetpack_publicize_connections":[],"jetpack_sharing_enabled":true,"jetpack_featured_media_url":"https:\/\/www.legistdf.gob.ar\/wp-content\/uploads\/2026\/04\/MG_9452.jpg","jetpack-related-posts":[],"_links":{"self":[{"href":"https:\/\/www.legistdf.gob.ar\/index.php\/wp-json\/wp\/v2\/posts\/48433"}],"collection":[{"href":"https:\/\/www.legistdf.gob.ar\/index.php\/wp-json\/wp\/v2\/posts"}],"about":[{"href":"https:\/\/www.legistdf.gob.ar\/index.php\/wp-json\/wp\/v2\/types\/post"}],"author":[{"embeddable":true,"href":"https:\/\/www.legistdf.gob.ar\/index.php\/wp-json\/wp\/v2\/users\/346"}],"replies":[{"embeddable":true,"href":"https:\/\/www.legistdf.gob.ar\/index.php\/wp-json\/wp\/v2\/comments?post=48433"}],"version-history":[{"count":2,"href":"https:\/\/www.legistdf.gob.ar\/index.php\/wp-json\/wp\/v2\/posts\/48433\/revisions"}],"predecessor-version":[{"id":48437,"href":"https:\/\/www.legistdf.gob.ar\/index.php\/wp-json\/wp\/v2\/posts\/48433\/revisions\/48437"}],"wp:featuredmedia":[{"embeddable":true,"href":"https:\/\/www.legistdf.gob.ar\/index.php\/wp-json\/wp\/v2\/media\/48436"}],"wp:attachment":[{"href":"https:\/\/www.legistdf.gob.ar\/index.php\/wp-json\/wp\/v2\/media?parent=48433"}],"wp:term":[{"taxonomy":"category","embeddable":true,"href":"https:\/\/www.legistdf.gob.ar\/index.php\/wp-json\/wp\/v2\/categories?post=48433"},{"taxonomy":"post_tag","embeddable":true,"href":"https:\/\/www.legistdf.gob.ar\/index.php\/wp-json\/wp\/v2\/tags?post=48433"}],"curies":[{"name":"wp","href":"https:\/\/api.w.org\/{rel}","templated":true}]}}