{"id":48438,"date":"2026-04-29T19:50:04","date_gmt":"2026-04-29T22:50:04","guid":{"rendered":"https:\/\/www.legistdf.gob.ar\/?p=48438"},"modified":"2026-04-29T19:50:04","modified_gmt":"2026-04-29T22:50:04","slug":"legislatura-se-definio-el-orden-del-dia-de-la-segunda-sesion-legislativa","status":"publish","type":"post","link":"https:\/\/www.legistdf.gob.ar\/index.php\/2026\/04\/29\/legislatura-se-definio-el-orden-del-dia-de-la-segunda-sesion-legislativa\/","title":{"rendered":"LEGISLATURA: Se defini\u00f3 el orden del d\u00eda de la segunda sesi\u00f3n legislativa"},"content":{"rendered":"<p><span style=\"font-size: 14pt\"><strong><span style=\"font-family: arial, helvetica, sans-serif\">Ushuaia, mi\u00e9rcoles 29 de abril de 2026.- Con la publicaci\u00f3n del <a href=\"https:\/\/www.legistdf.gob.ar\/wp-content\/uploads\/2026\/04\/02bo3004.docx\" target=\"_blank\" rel=\"noopener\">Bolet\u00edn de Asuntos Entrados (BAE)<\/a> y el <a href=\"https:\/\/www.legistdf.gob.ar\/wp-content\/uploads\/2026\/04\/02or3004.docx\" target=\"_blank\" rel=\"noopener\">Orden del D\u00eda (OD)<\/a>, la Legislatura de Tierra del Fuego realizar\u00e1 ma\u00f1ana la segunda Sesi\u00f3n Ordinaria desde las 11 h de ma\u00f1ana. El temario resuelto hoy en la reuni\u00f3n de la Comisi\u00f3n de Labor Parlamentaria incluye el tratamiento de asuntos con dictamen de mayor\u00eda en las comisiones de Legislaci\u00f3n General y de Presupuesto, que mantuvieron encuentros en d\u00edas previos.<\/span><\/strong><\/span><\/p>\n<p>&nbsp;<\/p>\n<p><span style=\"font-family: arial, helvetica, sans-serif;font-size: 12pt\">Entre las \u00e1reas de inter\u00e9s que abordar\u00e1n las y los Legisladores se encuentran proyectos sobre econom\u00eda e inversiones; marco constitucional fueguino; salud y seguridad social; soberan\u00eda y Malvinas, y educaci\u00f3n y seguridad.<\/span><\/p>\n<p>&nbsp;<\/p>\n<p><span style=\"font-family: arial, helvetica, sans-serif;font-size: 12pt\">La sesi\u00f3n dar\u00e1 inicio con la aprobaci\u00f3n del acta de la Sesi\u00f3n anterior y la ratificaci\u00f3n de Resoluciones de Presidencia sobre declaraciones de inter\u00e9s provincial en \u00e1mbitos deportivos, culturales y sociales.<\/span><\/p>\n","protected":false},"excerpt":{"rendered":"<p>Ushuaia, mi\u00e9rcoles 29 de abril de 2026.- Con la publicaci\u00f3n del Bolet\u00edn de Asuntos Entrados (BAE) y el Orden del D\u00eda (OD), la Legislatura de Tierra del Fuego realizar\u00e1 ma\u00f1ana la segunda Sesi\u00f3n Ordinaria desde las 11 h de ma\u00f1ana. El temario resuelto hoy en la reuni\u00f3n de la Comisi\u00f3n de Labor Parlamentaria incluye el [&hellip;]<\/p>\n","protected":false},"author":346,"featured_media":48166,"comment_status":"closed","ping_status":"closed","sticky":false,"template":"","format":"standard","meta":{"jetpack_post_was_ever_published":false,"_jetpack_newsletter_access":"","_jetpack_dont_email_post_to_subs":false,"_jetpack_newsletter_tier_id":0,"footnotes":"","jetpack_publicize_message":"","jetpack_publicize_feature_enabled":true,"jetpack_social_post_already_shared":true,"jetpack_social_options":{"image_generator_settings":{"template":"highway","enabled":false}}},"categories":[1],"tags":[2425,78,2426,98,79,87],"jetpack_publicize_connections":[],"jetpack_sharing_enabled":true,"jetpack_featured_media_url":"https:\/\/www.legistdf.gob.ar\/wp-content\/uploads\/2026\/03\/IMG_0781.jpg","jetpack-related-posts":[],"_links":{"self":[{"href":"https:\/\/www.legistdf.gob.ar\/index.php\/wp-json\/wp\/v2\/posts\/48438"}],"collection":[{"href":"https:\/\/www.legistdf.gob.ar\/index.php\/wp-json\/wp\/v2\/posts"}],"about":[{"href":"https:\/\/www.legistdf.gob.ar\/index.php\/wp-json\/wp\/v2\/types\/post"}],"author":[{"embeddable":true,"href":"https:\/\/www.legistdf.gob.ar\/index.php\/wp-json\/wp\/v2\/users\/346"}],"replies":[{"embeddable":true,"href":"https:\/\/www.legistdf.gob.ar\/index.php\/wp-json\/wp\/v2\/comments?post=48438"}],"version-history":[{"count":2,"href":"https:\/\/www.legistdf.gob.ar\/index.php\/wp-json\/wp\/v2\/posts\/48438\/revisions"}],"predecessor-version":[{"id":48442,"href":"https:\/\/www.legistdf.gob.ar\/index.php\/wp-json\/wp\/v2\/posts\/48438\/revisions\/48442"}],"wp:featuredmedia":[{"embeddable":true,"href":"https:\/\/www.legistdf.gob.ar\/index.php\/wp-json\/wp\/v2\/media\/48166"}],"wp:attachment":[{"href":"https:\/\/www.legistdf.gob.ar\/index.php\/wp-json\/wp\/v2\/media?parent=48438"}],"wp:term":[{"taxonomy":"category","embeddable":true,"href":"https:\/\/www.legistdf.gob.ar\/index.php\/wp-json\/wp\/v2\/categories?post=48438"},{"taxonomy":"post_tag","embeddable":true,"href":"https:\/\/www.legistdf.gob.ar\/index.php\/wp-json\/wp\/v2\/tags?post=48438"}],"curies":[{"name":"wp","href":"https:\/\/api.w.org\/{rel}","templated":true}]}}