{"id":49884,"date":"2026-08-30T17:25:07","date_gmt":"2026-08-30T20:25:07","guid":{"rendered":"https:\/\/www.legistdf.gob.ar\/?p=49884"},"modified":"2026-08-28T18:55:22","modified_gmt":"2026-08-28T21:55:22","slug":"aniversario-el-nivel-primario-del-colegio-don-bosco-conmemoro-70-anos-de-historia","status":"publish","type":"post","link":"https:\/\/www.legistdf.gob.ar\/index.php\/2026\/08\/30\/aniversario-el-nivel-primario-del-colegio-don-bosco-conmemoro-70-anos-de-historia\/","title":{"rendered":"ANIVERSARIO: El Nivel Primario del Colegio Don Bosco conmemor\u00f3 70 a\u00f1os de historia"},"content":{"rendered":"<p><span style=\"font-family: arial, helvetica, sans-serif;font-size: 14pt\"><strong><img loading=\"lazy\" decoding=\"async\" data-attachment-id=\"49892\" data-permalink=\"https:\/\/www.legistdf.gob.ar\/index.php\/2026\/08\/30\/aniversario-el-nivel-primario-del-colegio-don-bosco-conmemoro-70-anos-de-historia\/img_5074-3\/\" data-orig-file=\"https:\/\/www.legistdf.gob.ar\/wp-content\/uploads\/2026\/08\/IMG_5074.jpg\" data-orig-size=\"1500,1000\" data-comments-opened=\"0\" data-image-meta=\"{&quot;aperture&quot;:&quot;3.2&quot;,&quot;credit&quot;:&quot;&quot;,&quot;camera&quot;:&quot;Canon EOS 6D&quot;,&quot;caption&quot;:&quot;&quot;,&quot;created_timestamp&quot;:&quot;1787928939&quot;,&quot;copyright&quot;:&quot;&quot;,&quot;focal_length&quot;:&quot;24&quot;,&quot;iso&quot;:&quot;1000&quot;,&quot;shutter_speed&quot;:&quot;0.0055555555555556&quot;,&quot;title&quot;:&quot;&quot;,&quot;orientation&quot;:&quot;0&quot;}\" data-image-title=\"IMG_5074\" data-image-description=\"\" data-image-caption=\"\" data-large-file=\"https:\/\/www.legistdf.gob.ar\/wp-content\/uploads\/2026\/08\/IMG_5074-1024x683.jpg\" class=\"size-medium wp-image-49892 alignleft\" src=\"https:\/\/www.legistdf.gob.ar\/wp-content\/uploads\/2026\/08\/IMG_5074-300x200.jpg\" alt=\"\" width=\"300\" height=\"200\" srcset=\"https:\/\/www.legistdf.gob.ar\/wp-content\/uploads\/2026\/08\/IMG_5074-300x200.jpg 300w, https:\/\/www.legistdf.gob.ar\/wp-content\/uploads\/2026\/08\/IMG_5074-1024x683.jpg 1024w, https:\/\/www.legistdf.gob.ar\/wp-content\/uploads\/2026\/08\/IMG_5074-768x512.jpg 768w, https:\/\/www.legistdf.gob.ar\/wp-content\/uploads\/2026\/08\/IMG_5074-160x107.jpg 160w, https:\/\/www.legistdf.gob.ar\/wp-content\/uploads\/2026\/08\/IMG_5074.jpg 1500w\" sizes=\"auto, (max-width: 300px) 100vw, 300px\" \/>Ushuaia, domingo 30 de agosto de 2026.- El Colegio Don Bosco de Ushuaia celebr\u00f3 el 70\u00b0 aniversario de su Nivel Primario con un encuentro realizado en el gimnasio de la instituci\u00f3n, que cont\u00f3 con la presencia de la vicegobernadora de la Provincia, M\u00f3nica Urquiza, quien entreg\u00f3 una placa de reconocimiento. La jornada combin\u00f3 las conmemoraciones por la trayectoria hist\u00f3rica del colegio y el Mes de la Ni\u00f1ez, adem\u00e1s de la despedida de la directora de la unidad acad\u00e9mica, Ver\u00f3nica Trejo.<\/strong><\/span><\/p>\n<p>&nbsp;<\/p>\n<p><span style=\"font-family: arial, helvetica, sans-serif;font-size: 12pt\">\u200bLa celebraci\u00f3n reuni\u00f3 a toda la comunidad educativa junto a autoridades provinciales. Durante el evento, la Directora saliente remarc\u00f3 el valor hist\u00f3rico de la instituci\u00f3n para la capital fueguina y agradeci\u00f3 la confianza depositada por las familias locales a lo largo de las d\u00e9cadas.<img loading=\"lazy\" decoding=\"async\" data-attachment-id=\"49890\" data-permalink=\"https:\/\/www.legistdf.gob.ar\/index.php\/2026\/08\/30\/aniversario-el-nivel-primario-del-colegio-don-bosco-conmemoro-70-anos-de-historia\/img_5026-5\/\" data-orig-file=\"https:\/\/www.legistdf.gob.ar\/wp-content\/uploads\/2026\/08\/IMG_5026.jpg\" data-orig-size=\"1500,1000\" data-comments-opened=\"0\" data-image-meta=\"{&quot;aperture&quot;:&quot;3.2&quot;,&quot;credit&quot;:&quot;&quot;,&quot;camera&quot;:&quot;Canon EOS 6D&quot;,&quot;caption&quot;:&quot;&quot;,&quot;created_timestamp&quot;:&quot;1787926580&quot;,&quot;copyright&quot;:&quot;&quot;,&quot;focal_length&quot;:&quot;70&quot;,&quot;iso&quot;:&quot;1000&quot;,&quot;shutter_speed&quot;:&quot;0.0055555555555556&quot;,&quot;title&quot;:&quot;&quot;,&quot;orientation&quot;:&quot;0&quot;}\" data-image-title=\"IMG_5026\" data-image-description=\"\" data-image-caption=\"\" data-large-file=\"https:\/\/www.legistdf.gob.ar\/wp-content\/uploads\/2026\/08\/IMG_5026-1024x683.jpg\" class=\"size-medium wp-image-49890 alignright\" src=\"https:\/\/www.legistdf.gob.ar\/wp-content\/uploads\/2026\/08\/IMG_5026-300x200.jpg\" alt=\"\" width=\"300\" height=\"200\" srcset=\"https:\/\/www.legistdf.gob.ar\/wp-content\/uploads\/2026\/08\/IMG_5026-300x200.jpg 300w, https:\/\/www.legistdf.gob.ar\/wp-content\/uploads\/2026\/08\/IMG_5026-1024x683.jpg 1024w, https:\/\/www.legistdf.gob.ar\/wp-content\/uploads\/2026\/08\/IMG_5026-768x512.jpg 768w, https:\/\/www.legistdf.gob.ar\/wp-content\/uploads\/2026\/08\/IMG_5026-160x107.jpg 160w, https:\/\/www.legistdf.gob.ar\/wp-content\/uploads\/2026\/08\/IMG_5026.jpg 1500w\" sizes=\"auto, (max-width: 300px) 100vw, 300px\" \/><\/span><\/p>\n<p>&nbsp;<\/p>\n<p><span style=\"font-family: arial, helvetica, sans-serif;font-size: 12pt\">\u200b<\/span><span style=\"font-family: arial, helvetica, sans-serif;font-size: 12pt\">\u00abEl 19 de julio fue el cumplea\u00f1os, pero como coincide con el receso de invierno, decidimos unificar el festejo con el aniversario de Don Bosco y el Mes de la Ni\u00f1ez. Es un a\u00f1o muy especial por los 70 a\u00f1os y vivimos esta jornada con el coraz\u00f3n lleno de agradecimiento por lo que significa la historia del colegio para la ciudad de Ushuaia\u00bb, expres\u00f3 Trejo.<\/span><\/p>\n<p>&nbsp;<\/p>\n<p><span style=\"font-family: arial, helvetica, sans-serif;font-size: 12pt\"><img loading=\"lazy\" decoding=\"async\" data-attachment-id=\"49886\" data-permalink=\"https:\/\/www.legistdf.gob.ar\/index.php\/2026\/08\/30\/aniversario-el-nivel-primario-del-colegio-don-bosco-conmemoro-70-anos-de-historia\/img_5012-4\/\" data-orig-file=\"https:\/\/www.legistdf.gob.ar\/wp-content\/uploads\/2026\/08\/IMG_5012.jpg\" data-orig-size=\"1500,1000\" data-comments-opened=\"0\" data-image-meta=\"{&quot;aperture&quot;:&quot;3.2&quot;,&quot;credit&quot;:&quot;&quot;,&quot;camera&quot;:&quot;Canon EOS 6D&quot;,&quot;caption&quot;:&quot;&quot;,&quot;created_timestamp&quot;:&quot;1787926131&quot;,&quot;copyright&quot;:&quot;&quot;,&quot;focal_length&quot;:&quot;70&quot;,&quot;iso&quot;:&quot;1000&quot;,&quot;shutter_speed&quot;:&quot;0.0055555555555556&quot;,&quot;title&quot;:&quot;&quot;,&quot;orientation&quot;:&quot;0&quot;}\" data-image-title=\"IMG_5012\" data-image-description=\"\" data-image-caption=\"\" data-large-file=\"https:\/\/www.legistdf.gob.ar\/wp-content\/uploads\/2026\/08\/IMG_5012-1024x683.jpg\" class=\"size-medium wp-image-49886 alignleft\" src=\"https:\/\/www.legistdf.gob.ar\/wp-content\/uploads\/2026\/08\/IMG_5012-300x200.jpg\" alt=\"\" width=\"300\" height=\"200\" srcset=\"https:\/\/www.legistdf.gob.ar\/wp-content\/uploads\/2026\/08\/IMG_5012-300x200.jpg 300w, https:\/\/www.legistdf.gob.ar\/wp-content\/uploads\/2026\/08\/IMG_5012-1024x683.jpg 1024w, https:\/\/www.legistdf.gob.ar\/wp-content\/uploads\/2026\/08\/IMG_5012-768x512.jpg 768w, https:\/\/www.legistdf.gob.ar\/wp-content\/uploads\/2026\/08\/IMG_5012-160x107.jpg 160w, https:\/\/www.legistdf.gob.ar\/wp-content\/uploads\/2026\/08\/IMG_5012.jpg 1500w\" sizes=\"auto, (max-width: 300px) 100vw, 300px\" \/>\u200bLa jornada tuvo adem\u00e1s un car\u00e1cter emotivo por la despedida de la directiva, quien concluy\u00f3 su labor al frente de la instituci\u00f3n por motivos personales. En su discurso, augur\u00f3 \u00e9xito a los equipos de gesti\u00f3n entrantes para dar continuidad al trabajo pedag\u00f3gico y a la presencia de la obra salesiana en la regi\u00f3n. Asimismo, destac\u00f3 el acompa\u00f1amiento de las autoridades gubernamentales y la disposici\u00f3n constante al di\u00e1logo institucional.<\/span><\/p>\n<p>&nbsp;<\/p>\n<p><span style=\"font-family: arial, helvetica, sans-serif;font-size: 12pt\">\u200bTras la ceremonia formal, la comunidad escolar dio paso a las actividades recreativas y juegos integradores para los alumnos en el lugar.<\/span><\/p>\n\n\t\t<style type=\"text\/css\">\n\t\t\t#gallery-1 {\n\t\t\t\tmargin: auto;\n\t\t\t}\n\t\t\t#gallery-1 .gallery-item {\n\t\t\t\tfloat: left;\n\t\t\t\tmargin-top: 10px;\n\t\t\t\ttext-align: center;\n\t\t\t\twidth: 11%;\n\t\t\t}\n\t\t\t#gallery-1 img {\n\t\t\t\tborder: 2px solid #cfcfcf;\n\t\t\t}\n\t\t\t#gallery-1 .gallery-caption {\n\t\t\t\tmargin-left: 0;\n\t\t\t}\n\t\t\t\/* see gallery_shortcode() in wp-includes\/media.php *\/\n\t\t<\/style>\n\t\t<div data-carousel-extra='{&quot;blog_id&quot;:1,&quot;permalink&quot;:&quot;https:\/\/www.legistdf.gob.ar\/index.php\/2026\/08\/30\/aniversario-el-nivel-primario-del-colegio-don-bosco-conmemoro-70-anos-de-historia\/&quot;}' id='gallery-1' class='gallery galleryid-49884 gallery-columns-9 gallery-size-thumbnail'><dl class='gallery-item'>\n\t\t\t<dt class='gallery-icon landscape'>\n\t\t\t\t<a href='https:\/\/www.legistdf.gob.ar\/index.php\/2026\/08\/30\/aniversario-el-nivel-primario-del-colegio-don-bosco-conmemoro-70-anos-de-historia\/img_4992-2\/'><img loading=\"lazy\" decoding=\"async\" width=\"150\" height=\"150\" src=\"https:\/\/www.legistdf.gob.ar\/wp-content\/uploads\/2026\/08\/IMG_4992-150x150.jpg\" class=\"attachment-thumbnail size-thumbnail\" alt=\"\" srcset=\"https:\/\/www.legistdf.gob.ar\/wp-content\/uploads\/2026\/08\/IMG_4992-150x150.jpg 150w, https:\/\/www.legistdf.gob.ar\/wp-content\/uploads\/2026\/08\/IMG_4992-64x64.jpg 64w\" sizes=\"auto, (max-width: 150px) 100vw, 150px\" data-attachment-id=\"49885\" data-permalink=\"https:\/\/www.legistdf.gob.ar\/index.php\/2026\/08\/30\/aniversario-el-nivel-primario-del-colegio-don-bosco-conmemoro-70-anos-de-historia\/img_4992-2\/\" data-orig-file=\"https:\/\/www.legistdf.gob.ar\/wp-content\/uploads\/2026\/08\/IMG_4992.jpg\" data-orig-size=\"1500,1000\" data-comments-opened=\"0\" data-image-meta=\"{&quot;aperture&quot;:&quot;2.8&quot;,&quot;credit&quot;:&quot;&quot;,&quot;camera&quot;:&quot;Canon EOS 6D&quot;,&quot;caption&quot;:&quot;&quot;,&quot;created_timestamp&quot;:&quot;1787930928&quot;,&quot;copyright&quot;:&quot;&quot;,&quot;focal_length&quot;:&quot;24&quot;,&quot;iso&quot;:&quot;100&quot;,&quot;shutter_speed&quot;:&quot;0.0015625&quot;,&quot;title&quot;:&quot;&quot;,&quot;orientation&quot;:&quot;0&quot;}\" data-image-title=\"IMG_4992\" data-image-description=\"\" data-image-caption=\"\" data-large-file=\"https:\/\/www.legistdf.gob.ar\/wp-content\/uploads\/2026\/08\/IMG_4992-1024x683.jpg\" \/><\/a>\n\t\t\t<\/dt><\/dl><dl class='gallery-item'>\n\t\t\t<dt class='gallery-icon landscape'>\n\t\t\t\t<a href='https:\/\/www.legistdf.gob.ar\/index.php\/2026\/08\/30\/aniversario-el-nivel-primario-del-colegio-don-bosco-conmemoro-70-anos-de-historia\/img_5012-4\/'><img loading=\"lazy\" decoding=\"async\" width=\"150\" height=\"150\" src=\"https:\/\/www.legistdf.gob.ar\/wp-content\/uploads\/2026\/08\/IMG_5012-150x150.jpg\" class=\"attachment-thumbnail size-thumbnail\" alt=\"\" srcset=\"https:\/\/www.legistdf.gob.ar\/wp-content\/uploads\/2026\/08\/IMG_5012-150x150.jpg 150w, https:\/\/www.legistdf.gob.ar\/wp-content\/uploads\/2026\/08\/IMG_5012-64x64.jpg 64w\" sizes=\"auto, (max-width: 150px) 100vw, 150px\" data-attachment-id=\"49886\" data-permalink=\"https:\/\/www.legistdf.gob.ar\/index.php\/2026\/08\/30\/aniversario-el-nivel-primario-del-colegio-don-bosco-conmemoro-70-anos-de-historia\/img_5012-4\/\" data-orig-file=\"https:\/\/www.legistdf.gob.ar\/wp-content\/uploads\/2026\/08\/IMG_5012.jpg\" data-orig-size=\"1500,1000\" data-comments-opened=\"0\" data-image-meta=\"{&quot;aperture&quot;:&quot;3.2&quot;,&quot;credit&quot;:&quot;&quot;,&quot;camera&quot;:&quot;Canon EOS 6D&quot;,&quot;caption&quot;:&quot;&quot;,&quot;created_timestamp&quot;:&quot;1787926131&quot;,&quot;copyright&quot;:&quot;&quot;,&quot;focal_length&quot;:&quot;70&quot;,&quot;iso&quot;:&quot;1000&quot;,&quot;shutter_speed&quot;:&quot;0.0055555555555556&quot;,&quot;title&quot;:&quot;&quot;,&quot;orientation&quot;:&quot;0&quot;}\" data-image-title=\"IMG_5012\" data-image-description=\"\" data-image-caption=\"\" data-large-file=\"https:\/\/www.legistdf.gob.ar\/wp-content\/uploads\/2026\/08\/IMG_5012-1024x683.jpg\" \/><\/a>\n\t\t\t<\/dt><\/dl><dl class='gallery-item'>\n\t\t\t<dt class='gallery-icon landscape'>\n\t\t\t\t<a href='https:\/\/www.legistdf.gob.ar\/index.php\/2026\/08\/30\/aniversario-el-nivel-primario-del-colegio-don-bosco-conmemoro-70-anos-de-historia\/img_5014-4\/'><img loading=\"lazy\" decoding=\"async\" width=\"150\" height=\"150\" src=\"https:\/\/www.legistdf.gob.ar\/wp-content\/uploads\/2026\/08\/IMG_5014-150x150.jpg\" class=\"attachment-thumbnail size-thumbnail\" alt=\"\" srcset=\"https:\/\/www.legistdf.gob.ar\/wp-content\/uploads\/2026\/08\/IMG_5014-150x150.jpg 150w, https:\/\/www.legistdf.gob.ar\/wp-content\/uploads\/2026\/08\/IMG_5014-64x64.jpg 64w\" sizes=\"auto, (max-width: 150px) 100vw, 150px\" data-attachment-id=\"49887\" data-permalink=\"https:\/\/www.legistdf.gob.ar\/index.php\/2026\/08\/30\/aniversario-el-nivel-primario-del-colegio-don-bosco-conmemoro-70-anos-de-historia\/img_5014-4\/\" data-orig-file=\"https:\/\/www.legistdf.gob.ar\/wp-content\/uploads\/2026\/08\/IMG_5014.jpg\" data-orig-size=\"1500,1000\" data-comments-opened=\"0\" data-image-meta=\"{&quot;aperture&quot;:&quot;3.2&quot;,&quot;credit&quot;:&quot;&quot;,&quot;camera&quot;:&quot;Canon EOS 6D&quot;,&quot;caption&quot;:&quot;&quot;,&quot;created_timestamp&quot;:&quot;1787926293&quot;,&quot;copyright&quot;:&quot;&quot;,&quot;focal_length&quot;:&quot;24&quot;,&quot;iso&quot;:&quot;1000&quot;,&quot;shutter_speed&quot;:&quot;0.0055555555555556&quot;,&quot;title&quot;:&quot;&quot;,&quot;orientation&quot;:&quot;0&quot;}\" data-image-title=\"IMG_5014\" data-image-description=\"\" data-image-caption=\"\" data-large-file=\"https:\/\/www.legistdf.gob.ar\/wp-content\/uploads\/2026\/08\/IMG_5014-1024x683.jpg\" \/><\/a>\n\t\t\t<\/dt><\/dl><dl class='gallery-item'>\n\t\t\t<dt class='gallery-icon landscape'>\n\t\t\t\t<a href='https:\/\/www.legistdf.gob.ar\/index.php\/2026\/08\/30\/aniversario-el-nivel-primario-del-colegio-don-bosco-conmemoro-70-anos-de-historia\/img_5017-6\/'><img loading=\"lazy\" decoding=\"async\" width=\"150\" height=\"150\" src=\"https:\/\/www.legistdf.gob.ar\/wp-content\/uploads\/2026\/08\/IMG_5017-150x150.jpg\" class=\"attachment-thumbnail size-thumbnail\" alt=\"\" srcset=\"https:\/\/www.legistdf.gob.ar\/wp-content\/uploads\/2026\/08\/IMG_5017-150x150.jpg 150w, https:\/\/www.legistdf.gob.ar\/wp-content\/uploads\/2026\/08\/IMG_5017-64x64.jpg 64w\" sizes=\"auto, (max-width: 150px) 100vw, 150px\" data-attachment-id=\"49888\" data-permalink=\"https:\/\/www.legistdf.gob.ar\/index.php\/2026\/08\/30\/aniversario-el-nivel-primario-del-colegio-don-bosco-conmemoro-70-anos-de-historia\/img_5017-6\/\" data-orig-file=\"https:\/\/www.legistdf.gob.ar\/wp-content\/uploads\/2026\/08\/IMG_5017.jpg\" data-orig-size=\"1500,1000\" data-comments-opened=\"0\" data-image-meta=\"{&quot;aperture&quot;:&quot;3.2&quot;,&quot;credit&quot;:&quot;&quot;,&quot;camera&quot;:&quot;Canon EOS 6D&quot;,&quot;caption&quot;:&quot;&quot;,&quot;created_timestamp&quot;:&quot;1787926317&quot;,&quot;copyright&quot;:&quot;&quot;,&quot;focal_length&quot;:&quot;61&quot;,&quot;iso&quot;:&quot;1000&quot;,&quot;shutter_speed&quot;:&quot;0.0055555555555556&quot;,&quot;title&quot;:&quot;&quot;,&quot;orientation&quot;:&quot;0&quot;}\" data-image-title=\"IMG_5017\" data-image-description=\"\" data-image-caption=\"\" data-large-file=\"https:\/\/www.legistdf.gob.ar\/wp-content\/uploads\/2026\/08\/IMG_5017-1024x683.jpg\" \/><\/a>\n\t\t\t<\/dt><\/dl><dl class='gallery-item'>\n\t\t\t<dt class='gallery-icon landscape'>\n\t\t\t\t<a href='https:\/\/www.legistdf.gob.ar\/index.php\/2026\/08\/30\/aniversario-el-nivel-primario-del-colegio-don-bosco-conmemoro-70-anos-de-historia\/img_5018-7\/'><img loading=\"lazy\" decoding=\"async\" width=\"150\" height=\"150\" src=\"https:\/\/www.legistdf.gob.ar\/wp-content\/uploads\/2026\/08\/IMG_5018-150x150.jpg\" class=\"attachment-thumbnail size-thumbnail\" alt=\"\" srcset=\"https:\/\/www.legistdf.gob.ar\/wp-content\/uploads\/2026\/08\/IMG_5018-150x150.jpg 150w, https:\/\/www.legistdf.gob.ar\/wp-content\/uploads\/2026\/08\/IMG_5018-64x64.jpg 64w\" sizes=\"auto, (max-width: 150px) 100vw, 150px\" data-attachment-id=\"49889\" data-permalink=\"https:\/\/www.legistdf.gob.ar\/index.php\/2026\/08\/30\/aniversario-el-nivel-primario-del-colegio-don-bosco-conmemoro-70-anos-de-historia\/img_5018-7\/\" data-orig-file=\"https:\/\/www.legistdf.gob.ar\/wp-content\/uploads\/2026\/08\/IMG_5018.jpg\" data-orig-size=\"1500,1000\" data-comments-opened=\"0\" data-image-meta=\"{&quot;aperture&quot;:&quot;3.2&quot;,&quot;credit&quot;:&quot;&quot;,&quot;camera&quot;:&quot;Canon EOS 6D&quot;,&quot;caption&quot;:&quot;&quot;,&quot;created_timestamp&quot;:&quot;1787926330&quot;,&quot;copyright&quot;:&quot;&quot;,&quot;focal_length&quot;:&quot;24&quot;,&quot;iso&quot;:&quot;1000&quot;,&quot;shutter_speed&quot;:&quot;0.0055555555555556&quot;,&quot;title&quot;:&quot;&quot;,&quot;orientation&quot;:&quot;0&quot;}\" data-image-title=\"IMG_5018\" data-image-description=\"\" data-image-caption=\"\" data-large-file=\"https:\/\/www.legistdf.gob.ar\/wp-content\/uploads\/2026\/08\/IMG_5018-1024x683.jpg\" \/><\/a>\n\t\t\t<\/dt><\/dl><dl class='gallery-item'>\n\t\t\t<dt class='gallery-icon landscape'>\n\t\t\t\t<a href='https:\/\/www.legistdf.gob.ar\/index.php\/2026\/08\/30\/aniversario-el-nivel-primario-del-colegio-don-bosco-conmemoro-70-anos-de-historia\/img_5026-5\/'><img loading=\"lazy\" decoding=\"async\" width=\"150\" height=\"150\" src=\"https:\/\/www.legistdf.gob.ar\/wp-content\/uploads\/2026\/08\/IMG_5026-150x150.jpg\" class=\"attachment-thumbnail size-thumbnail\" alt=\"\" srcset=\"https:\/\/www.legistdf.gob.ar\/wp-content\/uploads\/2026\/08\/IMG_5026-150x150.jpg 150w, https:\/\/www.legistdf.gob.ar\/wp-content\/uploads\/2026\/08\/IMG_5026-64x64.jpg 64w\" sizes=\"auto, (max-width: 150px) 100vw, 150px\" data-attachment-id=\"49890\" data-permalink=\"https:\/\/www.legistdf.gob.ar\/index.php\/2026\/08\/30\/aniversario-el-nivel-primario-del-colegio-don-bosco-conmemoro-70-anos-de-historia\/img_5026-5\/\" data-orig-file=\"https:\/\/www.legistdf.gob.ar\/wp-content\/uploads\/2026\/08\/IMG_5026.jpg\" data-orig-size=\"1500,1000\" data-comments-opened=\"0\" data-image-meta=\"{&quot;aperture&quot;:&quot;3.2&quot;,&quot;credit&quot;:&quot;&quot;,&quot;camera&quot;:&quot;Canon EOS 6D&quot;,&quot;caption&quot;:&quot;&quot;,&quot;created_timestamp&quot;:&quot;1787926580&quot;,&quot;copyright&quot;:&quot;&quot;,&quot;focal_length&quot;:&quot;70&quot;,&quot;iso&quot;:&quot;1000&quot;,&quot;shutter_speed&quot;:&quot;0.0055555555555556&quot;,&quot;title&quot;:&quot;&quot;,&quot;orientation&quot;:&quot;0&quot;}\" data-image-title=\"IMG_5026\" data-image-description=\"\" data-image-caption=\"\" data-large-file=\"https:\/\/www.legistdf.gob.ar\/wp-content\/uploads\/2026\/08\/IMG_5026-1024x683.jpg\" \/><\/a>\n\t\t\t<\/dt><\/dl><dl class='gallery-item'>\n\t\t\t<dt class='gallery-icon landscape'>\n\t\t\t\t<a href='https:\/\/www.legistdf.gob.ar\/index.php\/2026\/08\/30\/aniversario-el-nivel-primario-del-colegio-don-bosco-conmemoro-70-anos-de-historia\/img_5066-3\/'><img loading=\"lazy\" decoding=\"async\" width=\"150\" height=\"150\" src=\"https:\/\/www.legistdf.gob.ar\/wp-content\/uploads\/2026\/08\/IMG_5066-150x150.jpg\" class=\"attachment-thumbnail size-thumbnail\" alt=\"\" srcset=\"https:\/\/www.legistdf.gob.ar\/wp-content\/uploads\/2026\/08\/IMG_5066-150x150.jpg 150w, https:\/\/www.legistdf.gob.ar\/wp-content\/uploads\/2026\/08\/IMG_5066-64x64.jpg 64w\" sizes=\"auto, (max-width: 150px) 100vw, 150px\" data-attachment-id=\"49891\" data-permalink=\"https:\/\/www.legistdf.gob.ar\/index.php\/2026\/08\/30\/aniversario-el-nivel-primario-del-colegio-don-bosco-conmemoro-70-anos-de-historia\/img_5066-3\/\" data-orig-file=\"https:\/\/www.legistdf.gob.ar\/wp-content\/uploads\/2026\/08\/IMG_5066.jpg\" data-orig-size=\"1500,1000\" data-comments-opened=\"0\" data-image-meta=\"{&quot;aperture&quot;:&quot;3.2&quot;,&quot;credit&quot;:&quot;&quot;,&quot;camera&quot;:&quot;Canon EOS 6D&quot;,&quot;caption&quot;:&quot;&quot;,&quot;created_timestamp&quot;:&quot;1787928600&quot;,&quot;copyright&quot;:&quot;&quot;,&quot;focal_length&quot;:&quot;31&quot;,&quot;iso&quot;:&quot;1000&quot;,&quot;shutter_speed&quot;:&quot;0.0055555555555556&quot;,&quot;title&quot;:&quot;&quot;,&quot;orientation&quot;:&quot;0&quot;}\" data-image-title=\"IMG_5066\" data-image-description=\"\" data-image-caption=\"\" data-large-file=\"https:\/\/www.legistdf.gob.ar\/wp-content\/uploads\/2026\/08\/IMG_5066-1024x683.jpg\" \/><\/a>\n\t\t\t<\/dt><\/dl><dl class='gallery-item'>\n\t\t\t<dt class='gallery-icon landscape'>\n\t\t\t\t<a href='https:\/\/www.legistdf.gob.ar\/index.php\/2026\/08\/30\/aniversario-el-nivel-primario-del-colegio-don-bosco-conmemoro-70-anos-de-historia\/img_5074-3\/'><img loading=\"lazy\" decoding=\"async\" width=\"150\" height=\"150\" src=\"https:\/\/www.legistdf.gob.ar\/wp-content\/uploads\/2026\/08\/IMG_5074-150x150.jpg\" class=\"attachment-thumbnail size-thumbnail\" alt=\"\" srcset=\"https:\/\/www.legistdf.gob.ar\/wp-content\/uploads\/2026\/08\/IMG_5074-150x150.jpg 150w, https:\/\/www.legistdf.gob.ar\/wp-content\/uploads\/2026\/08\/IMG_5074-64x64.jpg 64w\" sizes=\"auto, (max-width: 150px) 100vw, 150px\" data-attachment-id=\"49892\" data-permalink=\"https:\/\/www.legistdf.gob.ar\/index.php\/2026\/08\/30\/aniversario-el-nivel-primario-del-colegio-don-bosco-conmemoro-70-anos-de-historia\/img_5074-3\/\" data-orig-file=\"https:\/\/www.legistdf.gob.ar\/wp-content\/uploads\/2026\/08\/IMG_5074.jpg\" data-orig-size=\"1500,1000\" data-comments-opened=\"0\" data-image-meta=\"{&quot;aperture&quot;:&quot;3.2&quot;,&quot;credit&quot;:&quot;&quot;,&quot;camera&quot;:&quot;Canon EOS 6D&quot;,&quot;caption&quot;:&quot;&quot;,&quot;created_timestamp&quot;:&quot;1787928939&quot;,&quot;copyright&quot;:&quot;&quot;,&quot;focal_length&quot;:&quot;24&quot;,&quot;iso&quot;:&quot;1000&quot;,&quot;shutter_speed&quot;:&quot;0.0055555555555556&quot;,&quot;title&quot;:&quot;&quot;,&quot;orientation&quot;:&quot;0&quot;}\" data-image-title=\"IMG_5074\" data-image-description=\"\" data-image-caption=\"\" data-large-file=\"https:\/\/www.legistdf.gob.ar\/wp-content\/uploads\/2026\/08\/IMG_5074-1024x683.jpg\" \/><\/a>\n\t\t\t<\/dt><\/dl><dl class='gallery-item'>\n\t\t\t<dt class='gallery-icon landscape'>\n\t\t\t\t<a href='https:\/\/www.legistdf.gob.ar\/index.php\/2026\/08\/30\/aniversario-el-nivel-primario-del-colegio-don-bosco-conmemoro-70-anos-de-historia\/img_5086-4\/'><img loading=\"lazy\" decoding=\"async\" width=\"150\" height=\"150\" src=\"https:\/\/www.legistdf.gob.ar\/wp-content\/uploads\/2026\/08\/IMG_5086-150x150.jpg\" class=\"attachment-thumbnail size-thumbnail\" alt=\"\" srcset=\"https:\/\/www.legistdf.gob.ar\/wp-content\/uploads\/2026\/08\/IMG_5086-150x150.jpg 150w, https:\/\/www.legistdf.gob.ar\/wp-content\/uploads\/2026\/08\/IMG_5086-64x64.jpg 64w\" sizes=\"auto, (max-width: 150px) 100vw, 150px\" data-attachment-id=\"49893\" data-permalink=\"https:\/\/www.legistdf.gob.ar\/index.php\/2026\/08\/30\/aniversario-el-nivel-primario-del-colegio-don-bosco-conmemoro-70-anos-de-historia\/img_5086-4\/\" data-orig-file=\"https:\/\/www.legistdf.gob.ar\/wp-content\/uploads\/2026\/08\/IMG_5086.jpg\" data-orig-size=\"1500,1000\" data-comments-opened=\"0\" data-image-meta=\"{&quot;aperture&quot;:&quot;3.2&quot;,&quot;credit&quot;:&quot;&quot;,&quot;camera&quot;:&quot;Canon EOS 6D&quot;,&quot;caption&quot;:&quot;&quot;,&quot;created_timestamp&quot;:&quot;1787929813&quot;,&quot;copyright&quot;:&quot;&quot;,&quot;focal_length&quot;:&quot;24&quot;,&quot;iso&quot;:&quot;1000&quot;,&quot;shutter_speed&quot;:&quot;0.0055555555555556&quot;,&quot;title&quot;:&quot;&quot;,&quot;orientation&quot;:&quot;0&quot;}\" data-image-title=\"IMG_5086\" data-image-description=\"\" data-image-caption=\"\" data-large-file=\"https:\/\/www.legistdf.gob.ar\/wp-content\/uploads\/2026\/08\/IMG_5086-1024x683.jpg\" \/><\/a>\n\t\t\t<\/dt><\/dl><br style=\"clear: both\" \/>\n\t\t<\/div>\n\n<p style=\"text-align: right\"><a href=\"https:\/\/drive.google.com\/drive\/folders\/1RtcB1J5AHQMDtPY0ngxNbe33GVC7coSr?usp=drive_link\" target=\"_blank\" rel=\"noopener\"><em>Galer\u00eda de im\u00e1genes\u00a0<\/em><\/a><\/p>\n","protected":false},"excerpt":{"rendered":"<p>Ushuaia, domingo 30 de agosto de 2026.- El Colegio Don Bosco de Ushuaia celebr\u00f3 el 70\u00b0 aniversario de su Nivel Primario con un encuentro realizado en el gimnasio de la instituci\u00f3n, que cont\u00f3 con la presencia de la vicegobernadora de la Provincia, M\u00f3nica Urquiza, quien entreg\u00f3 una placa de reconocimiento. La jornada combin\u00f3 las conmemoraciones [&hellip;]<\/p>\n","protected":false},"author":352,"featured_media":49892,"comment_status":"closed","ping_status":"closed","sticky":false,"template":"","format":"standard","meta":{"footnotes":"","jetpack_publicize_message":"","jetpack_publicize_feature_enabled":true,"jetpack_social_post_already_shared":true,"jetpack_social_options":{"image_generator_settings":{"template":"highway","default_image_id":0,"font":"","enabled":false},"version":2},"jetpack_post_was_ever_published":false},"categories":[1],"tags":[],"class_list":["post-49884","post","type-post","status-publish","format-standard","has-post-thumbnail","hentry","category-prensa"],"jetpack_publicize_connections":[],"jetpack_featured_media_url":"https:\/\/www.legistdf.gob.ar\/wp-content\/uploads\/2026\/08\/IMG_5074.jpg","jetpack-related-posts":[],"_links":{"self":[{"href":"https:\/\/www.legistdf.gob.ar\/index.php\/wp-json\/wp\/v2\/posts\/49884","targetHints":{"allow":["GET"]}}],"collection":[{"href":"https:\/\/www.legistdf.gob.ar\/index.php\/wp-json\/wp\/v2\/posts"}],"about":[{"href":"https:\/\/www.legistdf.gob.ar\/index.php\/wp-json\/wp\/v2\/types\/post"}],"author":[{"embeddable":true,"href":"https:\/\/www.legistdf.gob.ar\/index.php\/wp-json\/wp\/v2\/users\/352"}],"replies":[{"embeddable":true,"href":"https:\/\/www.legistdf.gob.ar\/index.php\/wp-json\/wp\/v2\/comments?post=49884"}],"version-history":[{"count":4,"href":"https:\/\/www.legistdf.gob.ar\/index.php\/wp-json\/wp\/v2\/posts\/49884\/revisions"}],"predecessor-version":[{"id":49898,"href":"https:\/\/www.legistdf.gob.ar\/index.php\/wp-json\/wp\/v2\/posts\/49884\/revisions\/49898"}],"wp:featuredmedia":[{"embeddable":true,"href":"https:\/\/www.legistdf.gob.ar\/index.php\/wp-json\/wp\/v2\/media\/49892"}],"wp:attachment":[{"href":"https:\/\/www.legistdf.gob.ar\/index.php\/wp-json\/wp\/v2\/media?parent=49884"}],"wp:term":[{"taxonomy":"category","embeddable":true,"href":"https:\/\/www.legistdf.gob.ar\/index.php\/wp-json\/wp\/v2\/categories?post=49884"},{"taxonomy":"post_tag","embeddable":true,"href":"https:\/\/www.legistdf.gob.ar\/index.php\/wp-json\/wp\/v2\/tags?post=49884"}],"curies":[{"name":"wp","href":"https:\/\/api.w.org\/{rel}","templated":true}]}}