{"id":49899,"date":"2026-08-31T12:41:19","date_gmt":"2026-08-31T15:41:19","guid":{"rendered":"https:\/\/www.legistdf.gob.ar\/?p=49899"},"modified":"2026-08-31T14:16:56","modified_gmt":"2026-08-31T17:16:56","slug":"prevencion-la-legislatura-se-consolida-como-espacio-cardioprotegido-con-nuevo-equipamiento-y-personal-capacitado","status":"publish","type":"post","link":"https:\/\/www.legistdf.gob.ar\/index.php\/2026\/08\/31\/prevencion-la-legislatura-se-consolida-como-espacio-cardioprotegido-con-nuevo-equipamiento-y-personal-capacitado\/","title":{"rendered":"PREVENCI\u00d3N: La Legislatura se consolida como espacio cardioprotegido con nuevo equipamiento y personal capacitado"},"content":{"rendered":"<p><span style=\"font-size: 14pt\"><strong><span style=\"font-family: arial, helvetica, sans-serif\"><img loading=\"lazy\" decoding=\"async\" data-attachment-id=\"49901\" data-permalink=\"https:\/\/www.legistdf.gob.ar\/index.php\/2026\/08\/31\/prevencion-la-legislatura-se-consolida-como-espacio-cardioprotegido-con-nuevo-equipamiento-y-personal-capacitado\/_mg_0083\/\" data-orig-file=\"https:\/\/www.legistdf.gob.ar\/wp-content\/uploads\/2026\/08\/MG_0083.jpg\" data-orig-size=\"1500,1000\" data-comments-opened=\"0\" data-image-meta=\"{&quot;aperture&quot;:&quot;5.6&quot;,&quot;credit&quot;:&quot;&quot;,&quot;camera&quot;:&quot;Canon EOS Rebel T6i&quot;,&quot;caption&quot;:&quot;&quot;,&quot;created_timestamp&quot;:&quot;1787916306&quot;,&quot;copyright&quot;:&quot;&quot;,&quot;focal_length&quot;:&quot;18&quot;,&quot;iso&quot;:&quot;1600&quot;,&quot;shutter_speed&quot;:&quot;0.0125&quot;,&quot;title&quot;:&quot;&quot;,&quot;orientation&quot;:&quot;0&quot;}\" data-image-title=\"_MG_0083\" data-image-description=\"\" data-image-caption=\"\" data-large-file=\"https:\/\/www.legistdf.gob.ar\/wp-content\/uploads\/2026\/08\/MG_0083-1024x683.jpg\" class=\"size-medium wp-image-49901 alignleft\" src=\"https:\/\/www.legistdf.gob.ar\/wp-content\/uploads\/2026\/08\/MG_0083-300x200.jpg\" alt=\"\" width=\"300\" height=\"200\" srcset=\"https:\/\/www.legistdf.gob.ar\/wp-content\/uploads\/2026\/08\/MG_0083-300x200.jpg 300w, https:\/\/www.legistdf.gob.ar\/wp-content\/uploads\/2026\/08\/MG_0083-1024x683.jpg 1024w, https:\/\/www.legistdf.gob.ar\/wp-content\/uploads\/2026\/08\/MG_0083-768x512.jpg 768w, https:\/\/www.legistdf.gob.ar\/wp-content\/uploads\/2026\/08\/MG_0083-160x107.jpg 160w, https:\/\/www.legistdf.gob.ar\/wp-content\/uploads\/2026\/08\/MG_0083.jpg 1500w\" sizes=\"auto, (max-width: 300px) 100vw, 300px\" \/>Ushuaia, lunes 31 de agosto de 2026.- En el marco de la Semana de la Lucha contra la Muerte S\u00fabita, la Legislatura impuls\u00f3 una jornada de formaci\u00f3n t\u00e9cnica para preparar a sus agentes como primeros respondientes ante emergencias m\u00e9dicas.<\/span><\/strong><\/span><\/p>\n<p>&nbsp;<\/p>\n<p><span style=\"font-family: arial, helvetica, sans-serif;font-size: 12pt\">Adem\u00e1s, se destac\u00f3 la incorporaci\u00f3n de un nuevo desfibrilador externo autom\u00e1tico en la instituci\u00f3n.<\/span><\/p>\n<p>&nbsp;<\/p>\n<p><span style=\"font-family: arial, helvetica, sans-serif;font-size: 12pt\">En las instalaciones del Recinto de Sesiones se realiz\u00f3 la jornada de capacitaci\u00f3n en primeros auxilios y Reanimaci\u00f3n Cardiopulmonar (RCP) destinada a todo su personal. La iniciativa busca dotar a los trabajadores legislativos de las herramientas necesarias para actuar de manera r\u00e1pida y eficaz ante situaciones de emergencia.<\/span><\/p>\n<p>&nbsp;<\/p>\n<p><span style=\"font-family: arial, helvetica, sans-serif;font-size: 12pt\"><img loading=\"lazy\" decoding=\"async\" data-attachment-id=\"49907\" data-permalink=\"https:\/\/www.legistdf.gob.ar\/index.php\/2026\/08\/31\/prevencion-la-legislatura-se-consolida-como-espacio-cardioprotegido-con-nuevo-equipamiento-y-personal-capacitado\/_mg_0117\/\" data-orig-file=\"https:\/\/www.legistdf.gob.ar\/wp-content\/uploads\/2026\/08\/MG_0117.jpg\" data-orig-size=\"1500,1000\" data-comments-opened=\"0\" data-image-meta=\"{&quot;aperture&quot;:&quot;5.6&quot;,&quot;credit&quot;:&quot;&quot;,&quot;camera&quot;:&quot;Canon EOS Rebel T6i&quot;,&quot;caption&quot;:&quot;&quot;,&quot;created_timestamp&quot;:&quot;1787917893&quot;,&quot;copyright&quot;:&quot;&quot;,&quot;focal_length&quot;:&quot;24&quot;,&quot;iso&quot;:&quot;1600&quot;,&quot;shutter_speed&quot;:&quot;0.0125&quot;,&quot;title&quot;:&quot;&quot;,&quot;orientation&quot;:&quot;0&quot;}\" data-image-title=\"_MG_0117\" data-image-description=\"\" data-image-caption=\"\" data-large-file=\"https:\/\/www.legistdf.gob.ar\/wp-content\/uploads\/2026\/08\/MG_0117-1024x683.jpg\" class=\"size-medium wp-image-49907 alignright\" src=\"https:\/\/www.legistdf.gob.ar\/wp-content\/uploads\/2026\/08\/MG_0117-300x200.jpg\" alt=\"\" width=\"300\" height=\"200\" srcset=\"https:\/\/www.legistdf.gob.ar\/wp-content\/uploads\/2026\/08\/MG_0117-300x200.jpg 300w, https:\/\/www.legistdf.gob.ar\/wp-content\/uploads\/2026\/08\/MG_0117-1024x683.jpg 1024w, https:\/\/www.legistdf.gob.ar\/wp-content\/uploads\/2026\/08\/MG_0117-768x512.jpg 768w, https:\/\/www.legistdf.gob.ar\/wp-content\/uploads\/2026\/08\/MG_0117-160x107.jpg 160w, https:\/\/www.legistdf.gob.ar\/wp-content\/uploads\/2026\/08\/MG_0117.jpg 1500w\" sizes=\"auto, (max-width: 300px) 100vw, 300px\" \/>La actividad se desarroll\u00f3 en consonancia con la Semana de la Lucha contra la Muerte S\u00fabita, que se conmemora del 21 al 27 de agosto.<\/span><\/p>\n<p>&nbsp;<\/p>\n<p><span style=\"font-family: arial, helvetica, sans-serif;font-size: 12pt\">Durante el taller se destac\u00f3 que la respuesta ante eventos como una parada card\u00edaca debe ser sumamente veloz, lo que resalta la necesidad de contar con personal entrenado en el lugar.<\/span><\/p>\n<p>&nbsp;<\/p>\n<p><span style=\"font-family: arial, helvetica, sans-serif;font-size: 12pt\">La finalidad fue generar \u201cun nuevo espacio cardioprotegido y personal preparado\u201d, destac\u00f3 el comandante General Rodolfo Canseco, jefe del cuerpo activo de Bomberos Ushuaia, en di\u00e1logo con Prensa Legislativa.<\/span><\/p>\n<p>&nbsp;<\/p>\n<p><span style=\"font-family: arial, helvetica, sans-serif;font-size: 12pt\">Uno de los puntos clave expuestos durante la jornada por los referentes de la capacitaci\u00f3n fue la adquisici\u00f3n de equipamiento de seguridad de \u00faltima generaci\u00f3n. \u00abVimos que en la Legislatura han incorporado un desfibrilador externo autom\u00e1tico\u00bb, se se\u00f1al\u00f3 con satisfacci\u00f3n. Esta medida cumple con la legislaci\u00f3n vigente, la cual establece que todos los entes p\u00fablicos deben contar con este tipo de dispositivos para la reanimaci\u00f3n.<\/span><\/p>\n<p>&nbsp;<\/p>\n<p><span style=\"font-family: arial, helvetica, sans-serif;font-size: 12pt\"><img loading=\"lazy\" decoding=\"async\" data-attachment-id=\"49905\" data-permalink=\"https:\/\/www.legistdf.gob.ar\/index.php\/2026\/08\/31\/prevencion-la-legislatura-se-consolida-como-espacio-cardioprotegido-con-nuevo-equipamiento-y-personal-capacitado\/_mg_0101\/\" data-orig-file=\"https:\/\/www.legistdf.gob.ar\/wp-content\/uploads\/2026\/08\/MG_0101.jpg\" data-orig-size=\"1500,1000\" data-comments-opened=\"0\" data-image-meta=\"{&quot;aperture&quot;:&quot;5.6&quot;,&quot;credit&quot;:&quot;&quot;,&quot;camera&quot;:&quot;Canon EOS Rebel T6i&quot;,&quot;caption&quot;:&quot;&quot;,&quot;created_timestamp&quot;:&quot;1787916691&quot;,&quot;copyright&quot;:&quot;&quot;,&quot;focal_length&quot;:&quot;63&quot;,&quot;iso&quot;:&quot;1600&quot;,&quot;shutter_speed&quot;:&quot;0.0125&quot;,&quot;title&quot;:&quot;&quot;,&quot;orientation&quot;:&quot;0&quot;}\" data-image-title=\"_MG_0101\" data-image-description=\"\" data-image-caption=\"\" data-large-file=\"https:\/\/www.legistdf.gob.ar\/wp-content\/uploads\/2026\/08\/MG_0101-1024x683.jpg\" class=\"size-medium wp-image-49905 alignleft\" src=\"https:\/\/www.legistdf.gob.ar\/wp-content\/uploads\/2026\/08\/MG_0101-300x200.jpg\" alt=\"\" width=\"300\" height=\"200\" srcset=\"https:\/\/www.legistdf.gob.ar\/wp-content\/uploads\/2026\/08\/MG_0101-300x200.jpg 300w, https:\/\/www.legistdf.gob.ar\/wp-content\/uploads\/2026\/08\/MG_0101-1024x683.jpg 1024w, https:\/\/www.legistdf.gob.ar\/wp-content\/uploads\/2026\/08\/MG_0101-768x512.jpg 768w, https:\/\/www.legistdf.gob.ar\/wp-content\/uploads\/2026\/08\/MG_0101-160x107.jpg 160w, https:\/\/www.legistdf.gob.ar\/wp-content\/uploads\/2026\/08\/MG_0101.jpg 1500w\" sizes=\"auto, (max-width: 300px) 100vw, 300px\" \/>Contar con la tecnolog\u00eda no es suficiente; la clave est\u00e1 en el factor humano. El taller se enfoc\u00f3 no solo en el uso t\u00e9cnico del desfibrilador y las maniobras de RCP, sino tambi\u00e9n en un conjunto de conocimientos b\u00e1sicos y fundamentales para la vida cotidiana. Entre ellos, se instruy\u00f3 sobre la desobstrucci\u00f3n de la v\u00eda a\u00e9rea por cuerpos extra\u00f1os (tanto en adultos como en ni\u00f1os), el manejo inicial de hemorragias, crisis de epilepsia, convulsiones y accidentes dom\u00e9sticos.<\/span><\/p>\n<p>&nbsp;<\/p>\n<p><span style=\"font-family: arial, helvetica, sans-serif;font-size: 12pt\">Orlando Flores, capacitador de Bomberos Ushuaia y encargado de la actividad, puso en valor la importancia del \u00abprimer respondiente\u00bb ante una emergencia. Al respecto, se\u00f1al\u00f3 que \u00abse trabaj\u00f3 sobre las maniobras y procedimientos de emergencia; si bien tienen una finalidad m\u00e9dica, en primera instancia deben ser ejecutados por la persona que se encuentra al lado de quien sufre el evento\u00bb.<\/span><\/p>\n<p>&nbsp;<\/p>\n<p><span style=\"font-family: arial, helvetica, sans-serif;font-size: 12pt\">\u00abLa primera respuesta no tiene que ser de un m\u00e9dico. La primera respuesta es de quien est\u00e1 ah\u00ed al lado. Que el que est\u00e1 al lado te pueda auxiliar es garant\u00eda de supervivencia\u00bb, explic\u00f3 Flores, y agreg\u00f3 que \u00abestas acciones aumentan sustancialmente las posibilidades de sobrevida de una v\u00edctima\u00bb.<\/span><\/p>\n<p>&nbsp;<\/p>\n<p><span style=\"font-family: arial, helvetica, sans-serif;font-size: 12pt\"><em>Balance t\u00e9cnico y convocatoria<\/em><\/span><\/p>\n<p>&nbsp;<\/p>\n<p><span style=\"font-family: arial, helvetica, sans-serif;font-size: 12pt\"><img loading=\"lazy\" decoding=\"async\" data-attachment-id=\"49902\" data-permalink=\"https:\/\/www.legistdf.gob.ar\/index.php\/2026\/08\/31\/prevencion-la-legislatura-se-consolida-como-espacio-cardioprotegido-con-nuevo-equipamiento-y-personal-capacitado\/_mg_0090\/\" data-orig-file=\"https:\/\/www.legistdf.gob.ar\/wp-content\/uploads\/2026\/08\/MG_0090.jpg\" data-orig-size=\"1500,1000\" data-comments-opened=\"0\" data-image-meta=\"{&quot;aperture&quot;:&quot;5.6&quot;,&quot;credit&quot;:&quot;&quot;,&quot;camera&quot;:&quot;Canon EOS Rebel T6i&quot;,&quot;caption&quot;:&quot;&quot;,&quot;created_timestamp&quot;:&quot;1787916437&quot;,&quot;copyright&quot;:&quot;&quot;,&quot;focal_length&quot;:&quot;28&quot;,&quot;iso&quot;:&quot;1600&quot;,&quot;shutter_speed&quot;:&quot;0.0125&quot;,&quot;title&quot;:&quot;&quot;,&quot;orientation&quot;:&quot;0&quot;}\" data-image-title=\"_MG_0090\" data-image-description=\"\" data-image-caption=\"\" data-large-file=\"https:\/\/www.legistdf.gob.ar\/wp-content\/uploads\/2026\/08\/MG_0090-1024x683.jpg\" class=\"size-medium wp-image-49902 alignright\" src=\"https:\/\/www.legistdf.gob.ar\/wp-content\/uploads\/2026\/08\/MG_0090-300x200.jpg\" alt=\"\" width=\"300\" height=\"200\" srcset=\"https:\/\/www.legistdf.gob.ar\/wp-content\/uploads\/2026\/08\/MG_0090-300x200.jpg 300w, https:\/\/www.legistdf.gob.ar\/wp-content\/uploads\/2026\/08\/MG_0090-1024x683.jpg 1024w, https:\/\/www.legistdf.gob.ar\/wp-content\/uploads\/2026\/08\/MG_0090-768x512.jpg 768w, https:\/\/www.legistdf.gob.ar\/wp-content\/uploads\/2026\/08\/MG_0090-160x107.jpg 160w, https:\/\/www.legistdf.gob.ar\/wp-content\/uploads\/2026\/08\/MG_0090.jpg 1500w\" sizes=\"auto, (max-width: 300px) 100vw, 300px\" \/>El capacitador a cargo del taller, Orlando Flores, mostr\u00f3 satisfacci\u00f3n con el desarrollo de la jornada y el desempe\u00f1o de los agentes de la Legislatura. \u00abAmbos cumplimos el objetivo de transmitir y de recibir todo este concepto de reanimar a cualquier persona; estamos completamente satisfechos\u00bb, valor\u00f3 Flores, quien calific\u00f3 la respuesta y el trabajo pr\u00e1ctico del personal legislativo como \u00abun espect\u00e1culo\u00bb por su comodidad y compromiso.<\/span><\/p>\n<p>&nbsp;<\/p>\n<p><span style=\"font-family: arial, helvetica, sans-serif;font-size: 12pt\">Flores detall\u00f3 que los contenidos priorizaron el reconocimiento y la resoluci\u00f3n de emergencias tanto en el \u00e1mbito laboral y domiciliario, como en zonas agrestes. Esto incluy\u00f3 desde la atenci\u00f3n a ni\u00f1os y beb\u00e9s hasta el proceso de espera controlada de la ambulancia.<\/span><\/p>\n<p>&nbsp;<\/p>\n<p><span style=\"font-family: arial, helvetica, sans-serif;font-size: 12pt\">Finalmente, el instructor sugiri\u00f3 que estas actividades de formaci\u00f3n deben actualizarse peri\u00f3dicamente. Dado que las instituciones de salud a nivel mundial modifican y perfeccionan los procedimientos de reanimaci\u00f3n y desobstrucci\u00f3n aproximadamente cada dos a\u00f1os (como ocurri\u00f3 recientemente con nuevas t\u00e9cnicas recomendadas para beb\u00e9s), Flores aconsej\u00f3 que el personal reitere estas capacitaciones al menos con esa frecuencia para mantener la informaci\u00f3n al d\u00eda y optimizar los tiempos de respuesta.<\/span><\/p>\n\n\t\t<style type=\"text\/css\">\n\t\t\t#gallery-1 {\n\t\t\t\tmargin: auto;\n\t\t\t}\n\t\t\t#gallery-1 .gallery-item {\n\t\t\t\tfloat: left;\n\t\t\t\tmargin-top: 10px;\n\t\t\t\ttext-align: center;\n\t\t\t\twidth: 14%;\n\t\t\t}\n\t\t\t#gallery-1 img {\n\t\t\t\tborder: 2px solid #cfcfcf;\n\t\t\t}\n\t\t\t#gallery-1 .gallery-caption {\n\t\t\t\tmargin-left: 0;\n\t\t\t}\n\t\t\t\/* see gallery_shortcode() in wp-includes\/media.php *\/\n\t\t<\/style>\n\t\t<div data-carousel-extra='{&quot;blog_id&quot;:1,&quot;permalink&quot;:&quot;https:\/\/www.legistdf.gob.ar\/index.php\/2026\/08\/31\/prevencion-la-legislatura-se-consolida-como-espacio-cardioprotegido-con-nuevo-equipamiento-y-personal-capacitado\/&quot;}' id='gallery-1' class='gallery galleryid-49899 gallery-columns-7 gallery-size-thumbnail'><dl class='gallery-item'>\n\t\t\t<dt class='gallery-icon landscape'>\n\t\t\t\t<a href='https:\/\/www.legistdf.gob.ar\/index.php\/2026\/08\/31\/prevencion-la-legislatura-se-consolida-como-espacio-cardioprotegido-con-nuevo-equipamiento-y-personal-capacitado\/_mg_0083\/'><img loading=\"lazy\" decoding=\"async\" width=\"150\" height=\"150\" src=\"https:\/\/www.legistdf.gob.ar\/wp-content\/uploads\/2026\/08\/MG_0083-150x150.jpg\" class=\"attachment-thumbnail size-thumbnail\" alt=\"\" srcset=\"https:\/\/www.legistdf.gob.ar\/wp-content\/uploads\/2026\/08\/MG_0083-150x150.jpg 150w, https:\/\/www.legistdf.gob.ar\/wp-content\/uploads\/2026\/08\/MG_0083-64x64.jpg 64w\" sizes=\"auto, (max-width: 150px) 100vw, 150px\" data-attachment-id=\"49901\" data-permalink=\"https:\/\/www.legistdf.gob.ar\/index.php\/2026\/08\/31\/prevencion-la-legislatura-se-consolida-como-espacio-cardioprotegido-con-nuevo-equipamiento-y-personal-capacitado\/_mg_0083\/\" data-orig-file=\"https:\/\/www.legistdf.gob.ar\/wp-content\/uploads\/2026\/08\/MG_0083.jpg\" data-orig-size=\"1500,1000\" data-comments-opened=\"0\" data-image-meta=\"{&quot;aperture&quot;:&quot;5.6&quot;,&quot;credit&quot;:&quot;&quot;,&quot;camera&quot;:&quot;Canon EOS Rebel T6i&quot;,&quot;caption&quot;:&quot;&quot;,&quot;created_timestamp&quot;:&quot;1787916306&quot;,&quot;copyright&quot;:&quot;&quot;,&quot;focal_length&quot;:&quot;18&quot;,&quot;iso&quot;:&quot;1600&quot;,&quot;shutter_speed&quot;:&quot;0.0125&quot;,&quot;title&quot;:&quot;&quot;,&quot;orientation&quot;:&quot;0&quot;}\" data-image-title=\"_MG_0083\" data-image-description=\"\" data-image-caption=\"\" data-large-file=\"https:\/\/www.legistdf.gob.ar\/wp-content\/uploads\/2026\/08\/MG_0083-1024x683.jpg\" \/><\/a>\n\t\t\t<\/dt><\/dl><dl class='gallery-item'>\n\t\t\t<dt class='gallery-icon landscape'>\n\t\t\t\t<a href='https:\/\/www.legistdf.gob.ar\/index.php\/2026\/08\/31\/prevencion-la-legislatura-se-consolida-como-espacio-cardioprotegido-con-nuevo-equipamiento-y-personal-capacitado\/_mg_0090\/'><img loading=\"lazy\" decoding=\"async\" width=\"150\" height=\"150\" src=\"https:\/\/www.legistdf.gob.ar\/wp-content\/uploads\/2026\/08\/MG_0090-150x150.jpg\" class=\"attachment-thumbnail size-thumbnail\" alt=\"\" srcset=\"https:\/\/www.legistdf.gob.ar\/wp-content\/uploads\/2026\/08\/MG_0090-150x150.jpg 150w, https:\/\/www.legistdf.gob.ar\/wp-content\/uploads\/2026\/08\/MG_0090-64x64.jpg 64w\" sizes=\"auto, (max-width: 150px) 100vw, 150px\" data-attachment-id=\"49902\" data-permalink=\"https:\/\/www.legistdf.gob.ar\/index.php\/2026\/08\/31\/prevencion-la-legislatura-se-consolida-como-espacio-cardioprotegido-con-nuevo-equipamiento-y-personal-capacitado\/_mg_0090\/\" data-orig-file=\"https:\/\/www.legistdf.gob.ar\/wp-content\/uploads\/2026\/08\/MG_0090.jpg\" data-orig-size=\"1500,1000\" data-comments-opened=\"0\" data-image-meta=\"{&quot;aperture&quot;:&quot;5.6&quot;,&quot;credit&quot;:&quot;&quot;,&quot;camera&quot;:&quot;Canon EOS Rebel T6i&quot;,&quot;caption&quot;:&quot;&quot;,&quot;created_timestamp&quot;:&quot;1787916437&quot;,&quot;copyright&quot;:&quot;&quot;,&quot;focal_length&quot;:&quot;28&quot;,&quot;iso&quot;:&quot;1600&quot;,&quot;shutter_speed&quot;:&quot;0.0125&quot;,&quot;title&quot;:&quot;&quot;,&quot;orientation&quot;:&quot;0&quot;}\" data-image-title=\"_MG_0090\" data-image-description=\"\" data-image-caption=\"\" data-large-file=\"https:\/\/www.legistdf.gob.ar\/wp-content\/uploads\/2026\/08\/MG_0090-1024x683.jpg\" \/><\/a>\n\t\t\t<\/dt><\/dl><dl class='gallery-item'>\n\t\t\t<dt class='gallery-icon landscape'>\n\t\t\t\t<a href='https:\/\/www.legistdf.gob.ar\/index.php\/2026\/08\/31\/prevencion-la-legislatura-se-consolida-como-espacio-cardioprotegido-con-nuevo-equipamiento-y-personal-capacitado\/_mg_0091\/'><img loading=\"lazy\" decoding=\"async\" width=\"150\" height=\"150\" src=\"https:\/\/www.legistdf.gob.ar\/wp-content\/uploads\/2026\/08\/MG_0091-150x150.jpg\" class=\"attachment-thumbnail size-thumbnail\" alt=\"\" srcset=\"https:\/\/www.legistdf.gob.ar\/wp-content\/uploads\/2026\/08\/MG_0091-150x150.jpg 150w, https:\/\/www.legistdf.gob.ar\/wp-content\/uploads\/2026\/08\/MG_0091-64x64.jpg 64w\" sizes=\"auto, (max-width: 150px) 100vw, 150px\" data-attachment-id=\"49903\" data-permalink=\"https:\/\/www.legistdf.gob.ar\/index.php\/2026\/08\/31\/prevencion-la-legislatura-se-consolida-como-espacio-cardioprotegido-con-nuevo-equipamiento-y-personal-capacitado\/_mg_0091\/\" data-orig-file=\"https:\/\/www.legistdf.gob.ar\/wp-content\/uploads\/2026\/08\/MG_0091.jpg\" data-orig-size=\"1500,1000\" data-comments-opened=\"0\" data-image-meta=\"{&quot;aperture&quot;:&quot;5.6&quot;,&quot;credit&quot;:&quot;&quot;,&quot;camera&quot;:&quot;Canon EOS Rebel T6i&quot;,&quot;caption&quot;:&quot;&quot;,&quot;created_timestamp&quot;:&quot;1787916453&quot;,&quot;copyright&quot;:&quot;&quot;,&quot;focal_length&quot;:&quot;106&quot;,&quot;iso&quot;:&quot;1600&quot;,&quot;shutter_speed&quot;:&quot;0.0125&quot;,&quot;title&quot;:&quot;&quot;,&quot;orientation&quot;:&quot;0&quot;}\" data-image-title=\"_MG_0091\" data-image-description=\"\" data-image-caption=\"\" data-large-file=\"https:\/\/www.legistdf.gob.ar\/wp-content\/uploads\/2026\/08\/MG_0091-1024x683.jpg\" \/><\/a>\n\t\t\t<\/dt><\/dl><dl class='gallery-item'>\n\t\t\t<dt class='gallery-icon landscape'>\n\t\t\t\t<a href='https:\/\/www.legistdf.gob.ar\/index.php\/2026\/08\/31\/prevencion-la-legislatura-se-consolida-como-espacio-cardioprotegido-con-nuevo-equipamiento-y-personal-capacitado\/_mg_0096\/'><img loading=\"lazy\" decoding=\"async\" width=\"150\" height=\"150\" src=\"https:\/\/www.legistdf.gob.ar\/wp-content\/uploads\/2026\/08\/MG_0096-150x150.jpg\" class=\"attachment-thumbnail size-thumbnail\" alt=\"\" srcset=\"https:\/\/www.legistdf.gob.ar\/wp-content\/uploads\/2026\/08\/MG_0096-150x150.jpg 150w, https:\/\/www.legistdf.gob.ar\/wp-content\/uploads\/2026\/08\/MG_0096-64x64.jpg 64w\" sizes=\"auto, (max-width: 150px) 100vw, 150px\" data-attachment-id=\"49904\" data-permalink=\"https:\/\/www.legistdf.gob.ar\/index.php\/2026\/08\/31\/prevencion-la-legislatura-se-consolida-como-espacio-cardioprotegido-con-nuevo-equipamiento-y-personal-capacitado\/_mg_0096\/\" data-orig-file=\"https:\/\/www.legistdf.gob.ar\/wp-content\/uploads\/2026\/08\/MG_0096.jpg\" data-orig-size=\"1500,1000\" data-comments-opened=\"0\" data-image-meta=\"{&quot;aperture&quot;:&quot;5.6&quot;,&quot;credit&quot;:&quot;&quot;,&quot;camera&quot;:&quot;Canon EOS Rebel T6i&quot;,&quot;caption&quot;:&quot;&quot;,&quot;created_timestamp&quot;:&quot;1787916595&quot;,&quot;copyright&quot;:&quot;&quot;,&quot;focal_length&quot;:&quot;28&quot;,&quot;iso&quot;:&quot;100&quot;,&quot;shutter_speed&quot;:&quot;0.0125&quot;,&quot;title&quot;:&quot;&quot;,&quot;orientation&quot;:&quot;0&quot;}\" data-image-title=\"_MG_0096\" data-image-description=\"\" data-image-caption=\"\" data-large-file=\"https:\/\/www.legistdf.gob.ar\/wp-content\/uploads\/2026\/08\/MG_0096-1024x683.jpg\" \/><\/a>\n\t\t\t<\/dt><\/dl><dl class='gallery-item'>\n\t\t\t<dt class='gallery-icon landscape'>\n\t\t\t\t<a href='https:\/\/www.legistdf.gob.ar\/index.php\/2026\/08\/31\/prevencion-la-legislatura-se-consolida-como-espacio-cardioprotegido-con-nuevo-equipamiento-y-personal-capacitado\/_mg_0101\/'><img loading=\"lazy\" decoding=\"async\" width=\"150\" height=\"150\" src=\"https:\/\/www.legistdf.gob.ar\/wp-content\/uploads\/2026\/08\/MG_0101-150x150.jpg\" class=\"attachment-thumbnail size-thumbnail\" alt=\"\" srcset=\"https:\/\/www.legistdf.gob.ar\/wp-content\/uploads\/2026\/08\/MG_0101-150x150.jpg 150w, https:\/\/www.legistdf.gob.ar\/wp-content\/uploads\/2026\/08\/MG_0101-64x64.jpg 64w\" sizes=\"auto, (max-width: 150px) 100vw, 150px\" data-attachment-id=\"49905\" data-permalink=\"https:\/\/www.legistdf.gob.ar\/index.php\/2026\/08\/31\/prevencion-la-legislatura-se-consolida-como-espacio-cardioprotegido-con-nuevo-equipamiento-y-personal-capacitado\/_mg_0101\/\" data-orig-file=\"https:\/\/www.legistdf.gob.ar\/wp-content\/uploads\/2026\/08\/MG_0101.jpg\" data-orig-size=\"1500,1000\" data-comments-opened=\"0\" data-image-meta=\"{&quot;aperture&quot;:&quot;5.6&quot;,&quot;credit&quot;:&quot;&quot;,&quot;camera&quot;:&quot;Canon EOS Rebel T6i&quot;,&quot;caption&quot;:&quot;&quot;,&quot;created_timestamp&quot;:&quot;1787916691&quot;,&quot;copyright&quot;:&quot;&quot;,&quot;focal_length&quot;:&quot;63&quot;,&quot;iso&quot;:&quot;1600&quot;,&quot;shutter_speed&quot;:&quot;0.0125&quot;,&quot;title&quot;:&quot;&quot;,&quot;orientation&quot;:&quot;0&quot;}\" data-image-title=\"_MG_0101\" data-image-description=\"\" data-image-caption=\"\" data-large-file=\"https:\/\/www.legistdf.gob.ar\/wp-content\/uploads\/2026\/08\/MG_0101-1024x683.jpg\" \/><\/a>\n\t\t\t<\/dt><\/dl><dl class='gallery-item'>\n\t\t\t<dt class='gallery-icon landscape'>\n\t\t\t\t<a href='https:\/\/www.legistdf.gob.ar\/index.php\/2026\/08\/31\/prevencion-la-legislatura-se-consolida-como-espacio-cardioprotegido-con-nuevo-equipamiento-y-personal-capacitado\/_mg_0107\/'><img loading=\"lazy\" decoding=\"async\" width=\"150\" height=\"150\" src=\"https:\/\/www.legistdf.gob.ar\/wp-content\/uploads\/2026\/08\/MG_0107-150x150.jpg\" class=\"attachment-thumbnail size-thumbnail\" alt=\"\" srcset=\"https:\/\/www.legistdf.gob.ar\/wp-content\/uploads\/2026\/08\/MG_0107-150x150.jpg 150w, https:\/\/www.legistdf.gob.ar\/wp-content\/uploads\/2026\/08\/MG_0107-64x64.jpg 64w\" sizes=\"auto, (max-width: 150px) 100vw, 150px\" data-attachment-id=\"49906\" data-permalink=\"https:\/\/www.legistdf.gob.ar\/index.php\/2026\/08\/31\/prevencion-la-legislatura-se-consolida-como-espacio-cardioprotegido-con-nuevo-equipamiento-y-personal-capacitado\/_mg_0107\/\" data-orig-file=\"https:\/\/www.legistdf.gob.ar\/wp-content\/uploads\/2026\/08\/MG_0107.jpg\" data-orig-size=\"1500,1000\" data-comments-opened=\"0\" data-image-meta=\"{&quot;aperture&quot;:&quot;5.6&quot;,&quot;credit&quot;:&quot;&quot;,&quot;camera&quot;:&quot;Canon EOS Rebel T6i&quot;,&quot;caption&quot;:&quot;&quot;,&quot;created_timestamp&quot;:&quot;1787916892&quot;,&quot;copyright&quot;:&quot;&quot;,&quot;focal_length&quot;:&quot;33&quot;,&quot;iso&quot;:&quot;1600&quot;,&quot;shutter_speed&quot;:&quot;0.0125&quot;,&quot;title&quot;:&quot;&quot;,&quot;orientation&quot;:&quot;0&quot;}\" data-image-title=\"_MG_0107\" data-image-description=\"\" data-image-caption=\"\" data-large-file=\"https:\/\/www.legistdf.gob.ar\/wp-content\/uploads\/2026\/08\/MG_0107-1024x683.jpg\" \/><\/a>\n\t\t\t<\/dt><\/dl><dl class='gallery-item'>\n\t\t\t<dt class='gallery-icon landscape'>\n\t\t\t\t<a href='https:\/\/www.legistdf.gob.ar\/index.php\/2026\/08\/31\/prevencion-la-legislatura-se-consolida-como-espacio-cardioprotegido-con-nuevo-equipamiento-y-personal-capacitado\/_mg_0117\/'><img loading=\"lazy\" decoding=\"async\" width=\"150\" height=\"150\" src=\"https:\/\/www.legistdf.gob.ar\/wp-content\/uploads\/2026\/08\/MG_0117-150x150.jpg\" class=\"attachment-thumbnail size-thumbnail\" alt=\"\" srcset=\"https:\/\/www.legistdf.gob.ar\/wp-content\/uploads\/2026\/08\/MG_0117-150x150.jpg 150w, https:\/\/www.legistdf.gob.ar\/wp-content\/uploads\/2026\/08\/MG_0117-64x64.jpg 64w\" sizes=\"auto, (max-width: 150px) 100vw, 150px\" data-attachment-id=\"49907\" data-permalink=\"https:\/\/www.legistdf.gob.ar\/index.php\/2026\/08\/31\/prevencion-la-legislatura-se-consolida-como-espacio-cardioprotegido-con-nuevo-equipamiento-y-personal-capacitado\/_mg_0117\/\" data-orig-file=\"https:\/\/www.legistdf.gob.ar\/wp-content\/uploads\/2026\/08\/MG_0117.jpg\" data-orig-size=\"1500,1000\" data-comments-opened=\"0\" data-image-meta=\"{&quot;aperture&quot;:&quot;5.6&quot;,&quot;credit&quot;:&quot;&quot;,&quot;camera&quot;:&quot;Canon EOS Rebel T6i&quot;,&quot;caption&quot;:&quot;&quot;,&quot;created_timestamp&quot;:&quot;1787917893&quot;,&quot;copyright&quot;:&quot;&quot;,&quot;focal_length&quot;:&quot;24&quot;,&quot;iso&quot;:&quot;1600&quot;,&quot;shutter_speed&quot;:&quot;0.0125&quot;,&quot;title&quot;:&quot;&quot;,&quot;orientation&quot;:&quot;0&quot;}\" data-image-title=\"_MG_0117\" data-image-description=\"\" data-image-caption=\"\" data-large-file=\"https:\/\/www.legistdf.gob.ar\/wp-content\/uploads\/2026\/08\/MG_0117-1024x683.jpg\" \/><\/a>\n\t\t\t<\/dt><\/dl><br style=\"clear: both\" \/>\n\t\t<\/div>\n\n","protected":false},"excerpt":{"rendered":"<p>Ushuaia, lunes 31 de agosto de 2026.- En el marco de la Semana de la Lucha contra la Muerte S\u00fabita, la Legislatura impuls\u00f3 una jornada de formaci\u00f3n t\u00e9cnica para preparar a sus agentes como primeros respondientes ante emergencias m\u00e9dicas. &nbsp; Adem\u00e1s, se destac\u00f3 la incorporaci\u00f3n de un nuevo desfibrilador externo autom\u00e1tico en la instituci\u00f3n. &nbsp; [&hellip;]<\/p>\n","protected":false},"author":346,"featured_media":49906,"comment_status":"closed","ping_status":"closed","sticky":false,"template":"","format":"standard","meta":{"footnotes":"","jetpack_publicize_message":"","jetpack_publicize_feature_enabled":true,"jetpack_social_post_already_shared":true,"jetpack_social_options":{"image_generator_settings":{"template":"highway","default_image_id":0,"font":"","enabled":false},"version":2},"jetpack_post_was_ever_published":false},"categories":[1],"tags":[3742,192,78,3684,3743],"class_list":["post-49899","post","type-post","status-publish","format-standard","has-post-thumbnail","hentry","category-prensa","tag-bomberos-ushuaia","tag-capacitacion","tag-legislatura","tag-rcp","tag-reanimacion"],"jetpack_publicize_connections":[],"jetpack_featured_media_url":"https:\/\/www.legistdf.gob.ar\/wp-content\/uploads\/2026\/08\/MG_0107.jpg","jetpack-related-posts":[],"_links":{"self":[{"href":"https:\/\/www.legistdf.gob.ar\/index.php\/wp-json\/wp\/v2\/posts\/49899","targetHints":{"allow":["GET"]}}],"collection":[{"href":"https:\/\/www.legistdf.gob.ar\/index.php\/wp-json\/wp\/v2\/posts"}],"about":[{"href":"https:\/\/www.legistdf.gob.ar\/index.php\/wp-json\/wp\/v2\/types\/post"}],"author":[{"embeddable":true,"href":"https:\/\/www.legistdf.gob.ar\/index.php\/wp-json\/wp\/v2\/users\/346"}],"replies":[{"embeddable":true,"href":"https:\/\/www.legistdf.gob.ar\/index.php\/wp-json\/wp\/v2\/comments?post=49899"}],"version-history":[{"count":1,"href":"https:\/\/www.legistdf.gob.ar\/index.php\/wp-json\/wp\/v2\/posts\/49899\/revisions"}],"predecessor-version":[{"id":49908,"href":"https:\/\/www.legistdf.gob.ar\/index.php\/wp-json\/wp\/v2\/posts\/49899\/revisions\/49908"}],"wp:featuredmedia":[{"embeddable":true,"href":"https:\/\/www.legistdf.gob.ar\/index.php\/wp-json\/wp\/v2\/media\/49906"}],"wp:attachment":[{"href":"https:\/\/www.legistdf.gob.ar\/index.php\/wp-json\/wp\/v2\/media?parent=49899"}],"wp:term":[{"taxonomy":"category","embeddable":true,"href":"https:\/\/www.legistdf.gob.ar\/index.php\/wp-json\/wp\/v2\/categories?post=49899"},{"taxonomy":"post_tag","embeddable":true,"href":"https:\/\/www.legistdf.gob.ar\/index.php\/wp-json\/wp\/v2\/tags?post=49899"}],"curies":[{"name":"wp","href":"https:\/\/api.w.org\/{rel}","templated":true}]}}