{"id":49909,"date":"2026-08-31T15:09:41","date_gmt":"2026-08-31T18:09:41","guid":{"rendered":"https:\/\/www.legistdf.gob.ar\/?p=49909"},"modified":"2026-08-31T15:09:41","modified_gmt":"2026-08-31T18:09:41","slug":"soberania-avanza-el-tratamiento-de-proyectos-para-fortalecer-la-educacion-sobre-malvinas-en-el-ambito-academico-fueguino","status":"publish","type":"post","link":"https:\/\/www.legistdf.gob.ar\/index.php\/2026\/08\/31\/soberania-avanza-el-tratamiento-de-proyectos-para-fortalecer-la-educacion-sobre-malvinas-en-el-ambito-academico-fueguino\/","title":{"rendered":"SOBERAN\u00cdA: Avanza el tratamiento de proyectos para fortalecer la educaci\u00f3n sobre Malvinas en el \u00e1mbito acad\u00e9mico fueguino"},"content":{"rendered":"<p><strong><span style=\"font-family: arial, helvetica, sans-serif;font-size: 14pt\"><img loading=\"lazy\" decoding=\"async\" data-attachment-id=\"49753\" data-permalink=\"https:\/\/www.legistdf.gob.ar\/index.php\/2026\/08\/20\/legislatura-analizaron-proyectos-para-garantizar-la-ensenanza-integral-de-la-causa-malvinas-en-todos-los-niveles-educativos\/_mg_9523\/\" data-orig-file=\"https:\/\/www.legistdf.gob.ar\/wp-content\/uploads\/2026\/08\/MG_9523.jpg\" data-orig-size=\"1500,1000\" data-comments-opened=\"0\" data-image-meta=\"{&quot;aperture&quot;:&quot;0&quot;,&quot;credit&quot;:&quot;&quot;,&quot;camera&quot;:&quot;&quot;,&quot;caption&quot;:&quot;&quot;,&quot;created_timestamp&quot;:&quot;0&quot;,&quot;copyright&quot;:&quot;&quot;,&quot;focal_length&quot;:&quot;0&quot;,&quot;iso&quot;:&quot;0&quot;,&quot;shutter_speed&quot;:&quot;0&quot;,&quot;title&quot;:&quot;&quot;,&quot;orientation&quot;:&quot;0&quot;}\" data-image-title=\"_MG_9523\" data-image-description=\"\" data-image-caption=\"\" data-large-file=\"https:\/\/www.legistdf.gob.ar\/wp-content\/uploads\/2026\/08\/MG_9523-1024x683.jpg\" class=\"size-medium wp-image-49753 alignleft\" src=\"https:\/\/www.legistdf.gob.ar\/wp-content\/uploads\/2026\/08\/MG_9523-300x200.jpg\" alt=\"\" width=\"300\" height=\"200\" srcset=\"https:\/\/www.legistdf.gob.ar\/wp-content\/uploads\/2026\/08\/MG_9523-300x200.jpg 300w, https:\/\/www.legistdf.gob.ar\/wp-content\/uploads\/2026\/08\/MG_9523-1024x683.jpg 1024w, https:\/\/www.legistdf.gob.ar\/wp-content\/uploads\/2026\/08\/MG_9523-768x512.jpg 768w, https:\/\/www.legistdf.gob.ar\/wp-content\/uploads\/2026\/08\/MG_9523-160x107.jpg 160w, https:\/\/www.legistdf.gob.ar\/wp-content\/uploads\/2026\/08\/MG_9523.jpg 1500w\" sizes=\"auto, (max-width: 300px) 100vw, 300px\" \/>Ushuaia, lunes 31 de agosto de 2026- Los legisladores Luciano Selzer (LLA) y Federico Sciurano (FORJA) encabezar\u00e1n un encuentro conjunto de las comisiones de Educaci\u00f3n N\u00ba 4 y de Malvinas N\u00ba 7. Seg\u00fan lo informado por la Direcci\u00f3n de Comisiones, continuar\u00e1n con el abordaje de diversas iniciativas sobre la inclusi\u00f3n de la Causa Malvinas en la curr\u00edcula acad\u00e9mica de la provincia.<\/span><\/strong><\/p>\n<p>&nbsp;<\/p>\n<p><span style=\"font-family: arial, helvetica, sans-serif;font-size: 12pt\"><img loading=\"lazy\" decoding=\"async\" data-attachment-id=\"49785\" data-permalink=\"https:\/\/www.legistdf.gob.ar\/index.php\/2026\/08\/21\/caso-leolabs-avanza-el-trabajo-de-la-comision-que-investiga-el-radar-ingles\/img_4614\/\" data-orig-file=\"https:\/\/www.legistdf.gob.ar\/wp-content\/uploads\/2026\/08\/IMG_4614.jpg\" data-orig-size=\"1500,1000\" data-comments-opened=\"0\" data-image-meta=\"{&quot;aperture&quot;:&quot;4&quot;,&quot;credit&quot;:&quot;&quot;,&quot;camera&quot;:&quot;Canon EOS 6D&quot;,&quot;caption&quot;:&quot;&quot;,&quot;created_timestamp&quot;:&quot;1787231208&quot;,&quot;copyright&quot;:&quot;&quot;,&quot;focal_length&quot;:&quot;70&quot;,&quot;iso&quot;:&quot;1250&quot;,&quot;shutter_speed&quot;:&quot;0.01&quot;,&quot;title&quot;:&quot;&quot;,&quot;orientation&quot;:&quot;0&quot;}\" data-image-title=\"IMG_4614\" data-image-description=\"\" data-image-caption=\"\" data-large-file=\"https:\/\/www.legistdf.gob.ar\/wp-content\/uploads\/2026\/08\/IMG_4614-1024x683.jpg\" class=\"size-medium wp-image-49785 alignright\" src=\"https:\/\/www.legistdf.gob.ar\/wp-content\/uploads\/2026\/08\/IMG_4614-300x200.jpg\" alt=\"\" width=\"300\" height=\"200\" srcset=\"https:\/\/www.legistdf.gob.ar\/wp-content\/uploads\/2026\/08\/IMG_4614-300x200.jpg 300w, https:\/\/www.legistdf.gob.ar\/wp-content\/uploads\/2026\/08\/IMG_4614-1024x683.jpg 1024w, https:\/\/www.legistdf.gob.ar\/wp-content\/uploads\/2026\/08\/IMG_4614-768x512.jpg 768w, https:\/\/www.legistdf.gob.ar\/wp-content\/uploads\/2026\/08\/IMG_4614-160x107.jpg 160w, https:\/\/www.legistdf.gob.ar\/wp-content\/uploads\/2026\/08\/IMG_4614.jpg 1500w\" sizes=\"auto, (max-width: 300px) 100vw, 300px\" \/>En este espacio tambi\u00e9n dar\u00e1n tratamiento a una propuesta surgida desde el bloque del Partido Justicialista, impulsada por la legisladora Mar\u00eda Victoria Vuoto y al proyecto del Centro de Veteranos de Guerra \u201cMalvinas Argentinas\u201d de R\u00edo Grande.<\/span><\/p>\n<p>&nbsp;<\/p>\n<p><span style=\"font-family: arial, helvetica, sans-serif;font-size: 12pt\">El jueves 3 de septiembre, desde las 14 h, tratar\u00e1n el siguiente orden del d\u00eda:<\/span><\/p>\n<p>&nbsp;<\/p>\n<p><a href=\"https:\/\/buscar.legistdf.gob.ar\/?doc=95207\" target=\"_blank\" rel=\"noopener\"><span style=\"font-family: arial, helvetica, sans-serif;font-size: 12pt\">Asunto N\u00ba 191\/26 Bloque LLA: Proyecto de Ley que establece la incorporaci\u00f3n obligatoria de la Causa Malvinas en la curr\u00edcula educativa provincial (Com. 4 y 7).<\/span><\/a><\/p>\n<p>&nbsp;<\/p>\n<p><a href=\"https:\/\/buscar.legistdf.gob.ar\/ver.php?id=95053\" target=\"_blank\" rel=\"noopener\"><span style=\"font-family: arial, helvetica, sans-serif;font-size: 12pt\">Asunto N\u00ba 225\/26 Bloque MPF: Proyecto de Ley que establece la obligatoriedad de la incorporaci\u00f3n de la \u201cCuesti\u00f3n Malvinas\u201d en todos los niveles y modalidades del Sistema Educativo Provincial. (Com 4 y 7).<\/span><\/a><\/p>\n<p>&nbsp;<\/p>\n<p><span style=\"font-family: arial, helvetica, sans-serif;font-size: 12pt\">Propuesta Pedag\u00f3gica \u201cEducar para Construir una Conciencia Soberana desde la Escuela Fueguina\u201d: Proyecto impulsado por el Centro de Veteranos de Guerra \u201cMalvinas Argentinas\u201d de R\u00edo Grande.<\/span><\/p>\n<p>&nbsp;<\/p>\n<p><span style=\"font-family: arial, helvetica, sans-serif;font-size: 12pt\">Propuesta presentada en reuni\u00f3n de Comisi\u00f3n N\u00ba 7, por la legisladora Vuoto: Proyecto de Ley vinculado al fortalecimiento en la ense\u00f1anza de la Cuesti\u00f3n Malvinas en el Sistema Educativo Provincial.<\/span><\/p>\n","protected":false},"excerpt":{"rendered":"<p>Ushuaia, lunes 31 de agosto de 2026- Los legisladores Luciano Selzer (LLA) y Federico Sciurano (FORJA) encabezar\u00e1n un encuentro conjunto de las comisiones de Educaci\u00f3n N\u00ba 4 y de Malvinas N\u00ba 7. Seg\u00fan lo informado por la Direcci\u00f3n de Comisiones, continuar\u00e1n con el abordaje de diversas iniciativas sobre la inclusi\u00f3n de la Causa Malvinas en [&hellip;]<\/p>\n","protected":false},"author":346,"featured_media":49755,"comment_status":"closed","ping_status":"closed","sticky":false,"template":"","format":"standard","meta":{"footnotes":"","jetpack_publicize_message":"","jetpack_publicize_feature_enabled":true,"jetpack_social_post_already_shared":true,"jetpack_social_options":{"image_generator_settings":{"template":"highway","default_image_id":0,"font":"","enabled":false},"version":2},"jetpack_post_was_ever_published":false},"categories":[1],"tags":[1020,80,78,141],"class_list":["post-49909","post","type-post","status-publish","format-standard","has-post-thumbnail","hentry","category-prensa","tag-causa-malvinas","tag-educacion","tag-legislatura","tag-malvinas"],"jetpack_publicize_connections":[],"jetpack_featured_media_url":"https:\/\/www.legistdf.gob.ar\/wp-content\/uploads\/2026\/08\/MG_9535.jpg","jetpack-related-posts":[],"_links":{"self":[{"href":"https:\/\/www.legistdf.gob.ar\/index.php\/wp-json\/wp\/v2\/posts\/49909","targetHints":{"allow":["GET"]}}],"collection":[{"href":"https:\/\/www.legistdf.gob.ar\/index.php\/wp-json\/wp\/v2\/posts"}],"about":[{"href":"https:\/\/www.legistdf.gob.ar\/index.php\/wp-json\/wp\/v2\/types\/post"}],"author":[{"embeddable":true,"href":"https:\/\/www.legistdf.gob.ar\/index.php\/wp-json\/wp\/v2\/users\/346"}],"replies":[{"embeddable":true,"href":"https:\/\/www.legistdf.gob.ar\/index.php\/wp-json\/wp\/v2\/comments?post=49909"}],"version-history":[{"count":1,"href":"https:\/\/www.legistdf.gob.ar\/index.php\/wp-json\/wp\/v2\/posts\/49909\/revisions"}],"predecessor-version":[{"id":49910,"href":"https:\/\/www.legistdf.gob.ar\/index.php\/wp-json\/wp\/v2\/posts\/49909\/revisions\/49910"}],"wp:featuredmedia":[{"embeddable":true,"href":"https:\/\/www.legistdf.gob.ar\/index.php\/wp-json\/wp\/v2\/media\/49755"}],"wp:attachment":[{"href":"https:\/\/www.legistdf.gob.ar\/index.php\/wp-json\/wp\/v2\/media?parent=49909"}],"wp:term":[{"taxonomy":"category","embeddable":true,"href":"https:\/\/www.legistdf.gob.ar\/index.php\/wp-json\/wp\/v2\/categories?post=49909"},{"taxonomy":"post_tag","embeddable":true,"href":"https:\/\/www.legistdf.gob.ar\/index.php\/wp-json\/wp\/v2\/tags?post=49909"}],"curies":[{"name":"wp","href":"https:\/\/api.w.org\/{rel}","templated":true}]}}