{"id":49918,"date":"2026-09-04T15:42:18","date_gmt":"2026-09-04T18:42:18","guid":{"rendered":"https:\/\/www.legistdf.gob.ar\/?p=49918"},"modified":"2026-09-04T15:42:18","modified_gmt":"2026-09-04T18:42:18","slug":"malvinas-la-legislatura-avanza-en-el-consenso-para-reformar-la-ensenanza-sobre-la-cuestion-malvinas-en-las-escuelas-fueguinas","status":"publish","type":"post","link":"https:\/\/www.legistdf.gob.ar\/index.php\/2026\/09\/04\/malvinas-la-legislatura-avanza-en-el-consenso-para-reformar-la-ensenanza-sobre-la-cuestion-malvinas-en-las-escuelas-fueguinas\/","title":{"rendered":"MALVINAS: La Legislatura avanza en el consenso para reformar la ense\u00f1anza sobre la Cuesti\u00f3n Malvinas en las escuelas fueguinas"},"content":{"rendered":"<p><span style=\"font-size: 14pt\"><strong><span style=\"font-family: arial, helvetica, sans-serif\"><img loading=\"lazy\" decoding=\"async\" data-attachment-id=\"49922\" data-permalink=\"https:\/\/www.legistdf.gob.ar\/index.php\/2026\/09\/04\/malvinas-la-legislatura-avanza-en-el-consenso-para-reformar-la-ensenanza-sobre-la-cuestion-malvinas-en-las-escuelas-fueguinas\/_mg_0295\/\" data-orig-file=\"https:\/\/www.legistdf.gob.ar\/wp-content\/uploads\/2026\/09\/MG_0295.jpg\" data-orig-size=\"1500,1000\" data-comments-opened=\"0\" data-image-meta=\"{&quot;aperture&quot;:&quot;0&quot;,&quot;credit&quot;:&quot;&quot;,&quot;camera&quot;:&quot;&quot;,&quot;caption&quot;:&quot;&quot;,&quot;created_timestamp&quot;:&quot;0&quot;,&quot;copyright&quot;:&quot;&quot;,&quot;focal_length&quot;:&quot;0&quot;,&quot;iso&quot;:&quot;0&quot;,&quot;shutter_speed&quot;:&quot;0&quot;,&quot;title&quot;:&quot;&quot;,&quot;orientation&quot;:&quot;0&quot;}\" data-image-title=\"_MG_0295\" data-image-description=\"\" data-image-caption=\"\" data-large-file=\"https:\/\/www.legistdf.gob.ar\/wp-content\/uploads\/2026\/09\/MG_0295-1024x683.jpg\" class=\"size-medium wp-image-49922 alignleft\" src=\"https:\/\/www.legistdf.gob.ar\/wp-content\/uploads\/2026\/09\/MG_0295-300x200.jpg\" alt=\"\" width=\"300\" height=\"200\" srcset=\"https:\/\/www.legistdf.gob.ar\/wp-content\/uploads\/2026\/09\/MG_0295-300x200.jpg 300w, https:\/\/www.legistdf.gob.ar\/wp-content\/uploads\/2026\/09\/MG_0295-1024x683.jpg 1024w, https:\/\/www.legistdf.gob.ar\/wp-content\/uploads\/2026\/09\/MG_0295-768x512.jpg 768w, https:\/\/www.legistdf.gob.ar\/wp-content\/uploads\/2026\/09\/MG_0295-160x107.jpg 160w, https:\/\/www.legistdf.gob.ar\/wp-content\/uploads\/2026\/09\/MG_0295.jpg 1500w\" sizes=\"auto, (max-width: 300px) 100vw, 300px\" \/>Ushuaia, viernes 4 de septiembre de 2026.- Las comisiones N\u00b0 4 y 7, presididas por Luciano Selzer y Federico Sciurano respectivamente, analizaron diversos proyectos para actualizar la curr\u00edcula educativa provincial sobre la Causa Malvinas. Para ello, se acord\u00f3 consultar al \u00e1rea de t\u00e9cnica legislativa y de Educaci\u00f3n para unificar un texto definitivo.<\/span><\/strong><\/span><\/p>\n<p>&nbsp;<\/p>\n<p><span style=\"font-family: arial, helvetica, sans-serif;font-size: 12pt\">Durante el encuentro de las comisiones conjuntas de Educaci\u00f3n N\u00b0 4 y de Malvinas, Atl\u00e1ntico Sur y Ant\u00e1rtida N\u00b0 7, analizaron la incorporaci\u00f3n obligatoria de la Cuesti\u00f3n Malvinas en todos los niveles del sistema educativo provincial. Si bien existen varios proyectos al respecto, la intenci\u00f3n es mejorar la propuesta y que se cuente con una herramienta legislativa superadora a la hora de plantear, en los establecimientos educativos, el abordaje de esos contenidos acad\u00e9micos.<\/span><\/p>\n<p>&nbsp;<\/p>\n<p><span style=\"font-family: arial, helvetica, sans-serif;font-size: 12pt\"><img loading=\"lazy\" decoding=\"async\" data-attachment-id=\"49919\" data-permalink=\"https:\/\/www.legistdf.gob.ar\/index.php\/2026\/09\/04\/malvinas-la-legislatura-avanza-en-el-consenso-para-reformar-la-ensenanza-sobre-la-cuestion-malvinas-en-las-escuelas-fueguinas\/_mg_0264\/\" data-orig-file=\"https:\/\/www.legistdf.gob.ar\/wp-content\/uploads\/2026\/09\/MG_0264.jpg\" data-orig-size=\"1500,1000\" data-comments-opened=\"0\" data-image-meta=\"{&quot;aperture&quot;:&quot;0&quot;,&quot;credit&quot;:&quot;&quot;,&quot;camera&quot;:&quot;&quot;,&quot;caption&quot;:&quot;&quot;,&quot;created_timestamp&quot;:&quot;0&quot;,&quot;copyright&quot;:&quot;&quot;,&quot;focal_length&quot;:&quot;0&quot;,&quot;iso&quot;:&quot;0&quot;,&quot;shutter_speed&quot;:&quot;0&quot;,&quot;title&quot;:&quot;&quot;,&quot;orientation&quot;:&quot;0&quot;}\" data-image-title=\"_MG_0264\" data-image-description=\"\" data-image-caption=\"\" data-large-file=\"https:\/\/www.legistdf.gob.ar\/wp-content\/uploads\/2026\/09\/MG_0264-1024x683.jpg\" class=\"size-medium wp-image-49919 alignright\" src=\"https:\/\/www.legistdf.gob.ar\/wp-content\/uploads\/2026\/09\/MG_0264-300x200.jpg\" alt=\"\" width=\"300\" height=\"200\" srcset=\"https:\/\/www.legistdf.gob.ar\/wp-content\/uploads\/2026\/09\/MG_0264-300x200.jpg 300w, https:\/\/www.legistdf.gob.ar\/wp-content\/uploads\/2026\/09\/MG_0264-1024x683.jpg 1024w, https:\/\/www.legistdf.gob.ar\/wp-content\/uploads\/2026\/09\/MG_0264-768x512.jpg 768w, https:\/\/www.legistdf.gob.ar\/wp-content\/uploads\/2026\/09\/MG_0264-160x107.jpg 160w, https:\/\/www.legistdf.gob.ar\/wp-content\/uploads\/2026\/09\/MG_0264.jpg 1500w\" sizes=\"auto, (max-width: 300px) 100vw, 300px\" \/>Durante el encuentro, las y los parlamentarios examinaron un conjunto de iniciativas presentadas por los bloques del MPF, LLA, PJ y una propuesta pedag\u00f3gica impulsada por el Centro de Veteranos de Guerra Malvinas Argentinas de R\u00edo Grande. El objetivo primordial fue unificar estas propuestas en un solo texto consensuado para lograr un dictamen por unanimidad.<\/span><\/p>\n<p>&nbsp;<\/p>\n<p><span style=\"font-family: arial, helvetica, sans-serif;font-size: 12pt\">Del an\u00e1lisis t\u00e9cnico y tras evaluar las primeras observaciones respecto a la redacci\u00f3n y la terminolog\u00eda de los art\u00edculos, la Comisi\u00f3n conjunta decidi\u00f3 solicitar la intervenci\u00f3n de organismos t\u00e9cnicos externos antes de avanzar con la aprobaci\u00f3n del dictamen.<\/span><\/p>\n<p>&nbsp;<\/p>\n<p><span style=\"font-family: arial, helvetica, sans-serif;font-size: 12pt\">Al respecto, el legislador Luciano Selzer explic\u00f3 a Prensa Legislativa que se decidi\u00f3 \u201cpor consenso, enviar los textos a la Secretar\u00eda de Malvinas para que revisen, sobre todo, la terminolog\u00eda. Un error puede ser muy sensible, sobre todo en la etapa diplom\u00e1tica que lleva a cabo Argentina\u00bb.<\/span><\/p>\n<p>&nbsp;<\/p>\n<p><span style=\"font-family: arial, helvetica, sans-serif;font-size: 12pt\"><img loading=\"lazy\" decoding=\"async\" data-attachment-id=\"49921\" data-permalink=\"https:\/\/www.legistdf.gob.ar\/index.php\/2026\/09\/04\/malvinas-la-legislatura-avanza-en-el-consenso-para-reformar-la-ensenanza-sobre-la-cuestion-malvinas-en-las-escuelas-fueguinas\/_mg_0283\/\" data-orig-file=\"https:\/\/www.legistdf.gob.ar\/wp-content\/uploads\/2026\/09\/MG_0283.jpg\" data-orig-size=\"1500,1000\" data-comments-opened=\"0\" data-image-meta=\"{&quot;aperture&quot;:&quot;0&quot;,&quot;credit&quot;:&quot;&quot;,&quot;camera&quot;:&quot;&quot;,&quot;caption&quot;:&quot;&quot;,&quot;created_timestamp&quot;:&quot;0&quot;,&quot;copyright&quot;:&quot;&quot;,&quot;focal_length&quot;:&quot;0&quot;,&quot;iso&quot;:&quot;0&quot;,&quot;shutter_speed&quot;:&quot;0&quot;,&quot;title&quot;:&quot;&quot;,&quot;orientation&quot;:&quot;0&quot;}\" data-image-title=\"_MG_0283\" data-image-description=\"\" data-image-caption=\"\" data-large-file=\"https:\/\/www.legistdf.gob.ar\/wp-content\/uploads\/2026\/09\/MG_0283-1024x683.jpg\" class=\"size-medium wp-image-49921 alignleft\" src=\"https:\/\/www.legistdf.gob.ar\/wp-content\/uploads\/2026\/09\/MG_0283-300x200.jpg\" alt=\"\" width=\"300\" height=\"200\" srcset=\"https:\/\/www.legistdf.gob.ar\/wp-content\/uploads\/2026\/09\/MG_0283-300x200.jpg 300w, https:\/\/www.legistdf.gob.ar\/wp-content\/uploads\/2026\/09\/MG_0283-1024x683.jpg 1024w, https:\/\/www.legistdf.gob.ar\/wp-content\/uploads\/2026\/09\/MG_0283-768x512.jpg 768w, https:\/\/www.legistdf.gob.ar\/wp-content\/uploads\/2026\/09\/MG_0283-160x107.jpg 160w, https:\/\/www.legistdf.gob.ar\/wp-content\/uploads\/2026\/09\/MG_0283.jpg 1500w\" sizes=\"auto, (max-width: 300px) 100vw, 300px\" \/>\u201cLos textos ser\u00e1n remitidos al Ministerio de Educaci\u00f3n para eval\u00faen el contenido y sume sus aportes pedag\u00f3gicos\u201d, adelant\u00f3 el legislador de La Libertad Avanza.<\/span><\/p>\n<p>&nbsp;<\/p>\n<p><span style=\"font-family: arial, helvetica, sans-serif;font-size: 12pt\">Las autoridades provinciales tendr\u00e1n un plazo para entregar sus recomendaciones por escrito y ser\u00e1n invitadas a participar de la pr\u00f3xima reuni\u00f3n de la Comisi\u00f3n para trabajar, directamente, sobre el articulado unificado.<\/span><\/p>\n<p>&nbsp;<\/p>\n<p><em><span style=\"font-family: arial, helvetica, sans-serif;font-size: 12pt\">Una \u00abdeuda hist\u00f3rica\u00bb en las aulas<\/span><\/em><\/p>\n<p>&nbsp;<\/p>\n<p><span style=\"font-family: arial, helvetica, sans-serif;font-size: 12pt\"><img loading=\"lazy\" decoding=\"async\" data-attachment-id=\"49920\" data-permalink=\"https:\/\/www.legistdf.gob.ar\/index.php\/2026\/09\/04\/malvinas-la-legislatura-avanza-en-el-consenso-para-reformar-la-ensenanza-sobre-la-cuestion-malvinas-en-las-escuelas-fueguinas\/_mg_0277\/\" data-orig-file=\"https:\/\/www.legistdf.gob.ar\/wp-content\/uploads\/2026\/09\/MG_0277.jpg\" data-orig-size=\"1500,1000\" data-comments-opened=\"0\" data-image-meta=\"{&quot;aperture&quot;:&quot;0&quot;,&quot;credit&quot;:&quot;&quot;,&quot;camera&quot;:&quot;&quot;,&quot;caption&quot;:&quot;&quot;,&quot;created_timestamp&quot;:&quot;0&quot;,&quot;copyright&quot;:&quot;&quot;,&quot;focal_length&quot;:&quot;0&quot;,&quot;iso&quot;:&quot;0&quot;,&quot;shutter_speed&quot;:&quot;0&quot;,&quot;title&quot;:&quot;&quot;,&quot;orientation&quot;:&quot;0&quot;}\" data-image-title=\"_MG_0277\" data-image-description=\"\" data-image-caption=\"\" data-large-file=\"https:\/\/www.legistdf.gob.ar\/wp-content\/uploads\/2026\/09\/MG_0277-1024x683.jpg\" class=\"size-medium wp-image-49920 alignright\" src=\"https:\/\/www.legistdf.gob.ar\/wp-content\/uploads\/2026\/09\/MG_0277-300x200.jpg\" alt=\"\" width=\"300\" height=\"200\" srcset=\"https:\/\/www.legistdf.gob.ar\/wp-content\/uploads\/2026\/09\/MG_0277-300x200.jpg 300w, https:\/\/www.legistdf.gob.ar\/wp-content\/uploads\/2026\/09\/MG_0277-1024x683.jpg 1024w, https:\/\/www.legistdf.gob.ar\/wp-content\/uploads\/2026\/09\/MG_0277-768x512.jpg 768w, https:\/\/www.legistdf.gob.ar\/wp-content\/uploads\/2026\/09\/MG_0277-160x107.jpg 160w, https:\/\/www.legistdf.gob.ar\/wp-content\/uploads\/2026\/09\/MG_0277.jpg 1500w\" sizes=\"auto, (max-width: 300px) 100vw, 300px\" \/>Al ser consultado sobre el impacto del proyecto, Selzer fue categ\u00f3rico al se\u00f1alar que las normativas vigentes en la provincia -entre ellas la ley provincial N\u00ba 817-, \u201cno han arrojado los resultados que la Legislatura esperaba al momento de su sanci\u00f3n\u201d.<\/span><\/p>\n<p>&nbsp;<\/p>\n<p><span style=\"font-family: arial, helvetica, sans-serif;font-size: 12pt\">\u00abVemos que hay una deuda hist\u00f3rica para que nuestros estudiantes conozcan a fondo la cuesti\u00f3n Malvinas y puedan defenderla adecuadamente\u00bb, afirm\u00f3 el parlamentario. En ese sentido, fundament\u00f3 que la decisi\u00f3n de reforzar el marco legal actual es indispensable para garantizar que la causa de soberan\u00eda se ense\u00f1e de manera adecuada y profunda en todas las escuelas de la provincia.<\/span><\/p>\n<p>&nbsp;<\/p>\n<p><span style=\"font-family: arial, helvetica, sans-serif;font-size: 12pt\">Del encuentro participaron los legisladores Myriam Mart\u00ednez (FORJA), Mar\u00eda Victoria Vuoto (PJ), Natalia Gracian\u00eda (LLA), Mar\u00eda Laura Colazo (PV), los legisladores Tom\u00e1s Garc\u00eda (PJ), Pablo Villegas (MPF), Mat\u00edas Lapadula (PG) y Federico Greve (FORJA) y referentes del Centro de Excombatientes de Malvinas.<\/span><\/p>\n<p style=\"text-align: right\"><em><a href=\"https:\/\/drive.google.com\/drive\/folders\/1QM60aTcfYCp9DZ034eyT0MScFDq8DxLD?usp=sharing\" target=\"_blank\" rel=\"noopener\">Galeria de im\u00e1genes<\/a><\/em><\/p>\n\n\t\t<style type=\"text\/css\">\n\t\t\t#gallery-1 {\n\t\t\t\tmargin: auto;\n\t\t\t}\n\t\t\t#gallery-1 .gallery-item {\n\t\t\t\tfloat: left;\n\t\t\t\tmargin-top: 10px;\n\t\t\t\ttext-align: center;\n\t\t\t\twidth: 20%;\n\t\t\t}\n\t\t\t#gallery-1 img {\n\t\t\t\tborder: 2px solid #cfcfcf;\n\t\t\t}\n\t\t\t#gallery-1 .gallery-caption {\n\t\t\t\tmargin-left: 0;\n\t\t\t}\n\t\t\t\/* see gallery_shortcode() in wp-includes\/media.php *\/\n\t\t<\/style>\n\t\t<div data-carousel-extra='{&quot;blog_id&quot;:1,&quot;permalink&quot;:&quot;https:\/\/www.legistdf.gob.ar\/index.php\/2026\/09\/04\/malvinas-la-legislatura-avanza-en-el-consenso-para-reformar-la-ensenanza-sobre-la-cuestion-malvinas-en-las-escuelas-fueguinas\/&quot;}' id='gallery-1' class='gallery galleryid-49918 gallery-columns-5 gallery-size-thumbnail'><dl class='gallery-item'>\n\t\t\t<dt class='gallery-icon landscape'>\n\t\t\t\t<a href='https:\/\/www.legistdf.gob.ar\/index.php\/2026\/09\/04\/malvinas-la-legislatura-avanza-en-el-consenso-para-reformar-la-ensenanza-sobre-la-cuestion-malvinas-en-las-escuelas-fueguinas\/_mg_0264\/'><img loading=\"lazy\" decoding=\"async\" width=\"150\" height=\"150\" src=\"https:\/\/www.legistdf.gob.ar\/wp-content\/uploads\/2026\/09\/MG_0264-150x150.jpg\" class=\"attachment-thumbnail size-thumbnail\" alt=\"\" srcset=\"https:\/\/www.legistdf.gob.ar\/wp-content\/uploads\/2026\/09\/MG_0264-150x150.jpg 150w, https:\/\/www.legistdf.gob.ar\/wp-content\/uploads\/2026\/09\/MG_0264-64x64.jpg 64w\" sizes=\"auto, (max-width: 150px) 100vw, 150px\" data-attachment-id=\"49919\" data-permalink=\"https:\/\/www.legistdf.gob.ar\/index.php\/2026\/09\/04\/malvinas-la-legislatura-avanza-en-el-consenso-para-reformar-la-ensenanza-sobre-la-cuestion-malvinas-en-las-escuelas-fueguinas\/_mg_0264\/\" data-orig-file=\"https:\/\/www.legistdf.gob.ar\/wp-content\/uploads\/2026\/09\/MG_0264.jpg\" data-orig-size=\"1500,1000\" data-comments-opened=\"0\" data-image-meta=\"{&quot;aperture&quot;:&quot;0&quot;,&quot;credit&quot;:&quot;&quot;,&quot;camera&quot;:&quot;&quot;,&quot;caption&quot;:&quot;&quot;,&quot;created_timestamp&quot;:&quot;0&quot;,&quot;copyright&quot;:&quot;&quot;,&quot;focal_length&quot;:&quot;0&quot;,&quot;iso&quot;:&quot;0&quot;,&quot;shutter_speed&quot;:&quot;0&quot;,&quot;title&quot;:&quot;&quot;,&quot;orientation&quot;:&quot;0&quot;}\" data-image-title=\"_MG_0264\" data-image-description=\"\" data-image-caption=\"\" data-large-file=\"https:\/\/www.legistdf.gob.ar\/wp-content\/uploads\/2026\/09\/MG_0264-1024x683.jpg\" \/><\/a>\n\t\t\t<\/dt><\/dl><dl class='gallery-item'>\n\t\t\t<dt class='gallery-icon landscape'>\n\t\t\t\t<a href='https:\/\/www.legistdf.gob.ar\/index.php\/2026\/09\/04\/malvinas-la-legislatura-avanza-en-el-consenso-para-reformar-la-ensenanza-sobre-la-cuestion-malvinas-en-las-escuelas-fueguinas\/_mg_0277\/'><img loading=\"lazy\" decoding=\"async\" width=\"150\" height=\"150\" src=\"https:\/\/www.legistdf.gob.ar\/wp-content\/uploads\/2026\/09\/MG_0277-150x150.jpg\" class=\"attachment-thumbnail size-thumbnail\" alt=\"\" srcset=\"https:\/\/www.legistdf.gob.ar\/wp-content\/uploads\/2026\/09\/MG_0277-150x150.jpg 150w, https:\/\/www.legistdf.gob.ar\/wp-content\/uploads\/2026\/09\/MG_0277-64x64.jpg 64w\" sizes=\"auto, (max-width: 150px) 100vw, 150px\" data-attachment-id=\"49920\" data-permalink=\"https:\/\/www.legistdf.gob.ar\/index.php\/2026\/09\/04\/malvinas-la-legislatura-avanza-en-el-consenso-para-reformar-la-ensenanza-sobre-la-cuestion-malvinas-en-las-escuelas-fueguinas\/_mg_0277\/\" data-orig-file=\"https:\/\/www.legistdf.gob.ar\/wp-content\/uploads\/2026\/09\/MG_0277.jpg\" data-orig-size=\"1500,1000\" data-comments-opened=\"0\" data-image-meta=\"{&quot;aperture&quot;:&quot;0&quot;,&quot;credit&quot;:&quot;&quot;,&quot;camera&quot;:&quot;&quot;,&quot;caption&quot;:&quot;&quot;,&quot;created_timestamp&quot;:&quot;0&quot;,&quot;copyright&quot;:&quot;&quot;,&quot;focal_length&quot;:&quot;0&quot;,&quot;iso&quot;:&quot;0&quot;,&quot;shutter_speed&quot;:&quot;0&quot;,&quot;title&quot;:&quot;&quot;,&quot;orientation&quot;:&quot;0&quot;}\" data-image-title=\"_MG_0277\" data-image-description=\"\" data-image-caption=\"\" data-large-file=\"https:\/\/www.legistdf.gob.ar\/wp-content\/uploads\/2026\/09\/MG_0277-1024x683.jpg\" \/><\/a>\n\t\t\t<\/dt><\/dl><dl class='gallery-item'>\n\t\t\t<dt class='gallery-icon landscape'>\n\t\t\t\t<a href='https:\/\/www.legistdf.gob.ar\/index.php\/2026\/09\/04\/malvinas-la-legislatura-avanza-en-el-consenso-para-reformar-la-ensenanza-sobre-la-cuestion-malvinas-en-las-escuelas-fueguinas\/_mg_0283\/'><img loading=\"lazy\" decoding=\"async\" width=\"150\" height=\"150\" src=\"https:\/\/www.legistdf.gob.ar\/wp-content\/uploads\/2026\/09\/MG_0283-150x150.jpg\" class=\"attachment-thumbnail size-thumbnail\" alt=\"\" srcset=\"https:\/\/www.legistdf.gob.ar\/wp-content\/uploads\/2026\/09\/MG_0283-150x150.jpg 150w, https:\/\/www.legistdf.gob.ar\/wp-content\/uploads\/2026\/09\/MG_0283-64x64.jpg 64w\" sizes=\"auto, (max-width: 150px) 100vw, 150px\" data-attachment-id=\"49921\" data-permalink=\"https:\/\/www.legistdf.gob.ar\/index.php\/2026\/09\/04\/malvinas-la-legislatura-avanza-en-el-consenso-para-reformar-la-ensenanza-sobre-la-cuestion-malvinas-en-las-escuelas-fueguinas\/_mg_0283\/\" data-orig-file=\"https:\/\/www.legistdf.gob.ar\/wp-content\/uploads\/2026\/09\/MG_0283.jpg\" data-orig-size=\"1500,1000\" data-comments-opened=\"0\" data-image-meta=\"{&quot;aperture&quot;:&quot;0&quot;,&quot;credit&quot;:&quot;&quot;,&quot;camera&quot;:&quot;&quot;,&quot;caption&quot;:&quot;&quot;,&quot;created_timestamp&quot;:&quot;0&quot;,&quot;copyright&quot;:&quot;&quot;,&quot;focal_length&quot;:&quot;0&quot;,&quot;iso&quot;:&quot;0&quot;,&quot;shutter_speed&quot;:&quot;0&quot;,&quot;title&quot;:&quot;&quot;,&quot;orientation&quot;:&quot;0&quot;}\" data-image-title=\"_MG_0283\" data-image-description=\"\" data-image-caption=\"\" data-large-file=\"https:\/\/www.legistdf.gob.ar\/wp-content\/uploads\/2026\/09\/MG_0283-1024x683.jpg\" \/><\/a>\n\t\t\t<\/dt><\/dl><dl class='gallery-item'>\n\t\t\t<dt class='gallery-icon landscape'>\n\t\t\t\t<a href='https:\/\/www.legistdf.gob.ar\/index.php\/2026\/09\/04\/malvinas-la-legislatura-avanza-en-el-consenso-para-reformar-la-ensenanza-sobre-la-cuestion-malvinas-en-las-escuelas-fueguinas\/_mg_0295\/'><img loading=\"lazy\" decoding=\"async\" width=\"150\" height=\"150\" src=\"https:\/\/www.legistdf.gob.ar\/wp-content\/uploads\/2026\/09\/MG_0295-150x150.jpg\" class=\"attachment-thumbnail size-thumbnail\" alt=\"\" srcset=\"https:\/\/www.legistdf.gob.ar\/wp-content\/uploads\/2026\/09\/MG_0295-150x150.jpg 150w, https:\/\/www.legistdf.gob.ar\/wp-content\/uploads\/2026\/09\/MG_0295-64x64.jpg 64w\" sizes=\"auto, (max-width: 150px) 100vw, 150px\" data-attachment-id=\"49922\" data-permalink=\"https:\/\/www.legistdf.gob.ar\/index.php\/2026\/09\/04\/malvinas-la-legislatura-avanza-en-el-consenso-para-reformar-la-ensenanza-sobre-la-cuestion-malvinas-en-las-escuelas-fueguinas\/_mg_0295\/\" data-orig-file=\"https:\/\/www.legistdf.gob.ar\/wp-content\/uploads\/2026\/09\/MG_0295.jpg\" data-orig-size=\"1500,1000\" data-comments-opened=\"0\" data-image-meta=\"{&quot;aperture&quot;:&quot;0&quot;,&quot;credit&quot;:&quot;&quot;,&quot;camera&quot;:&quot;&quot;,&quot;caption&quot;:&quot;&quot;,&quot;created_timestamp&quot;:&quot;0&quot;,&quot;copyright&quot;:&quot;&quot;,&quot;focal_length&quot;:&quot;0&quot;,&quot;iso&quot;:&quot;0&quot;,&quot;shutter_speed&quot;:&quot;0&quot;,&quot;title&quot;:&quot;&quot;,&quot;orientation&quot;:&quot;0&quot;}\" data-image-title=\"_MG_0295\" data-image-description=\"\" data-image-caption=\"\" data-large-file=\"https:\/\/www.legistdf.gob.ar\/wp-content\/uploads\/2026\/09\/MG_0295-1024x683.jpg\" \/><\/a>\n\t\t\t<\/dt><\/dl><dl class='gallery-item'>\n\t\t\t<dt class='gallery-icon landscape'>\n\t\t\t\t<a href='https:\/\/www.legistdf.gob.ar\/index.php\/2026\/09\/04\/malvinas-la-legislatura-avanza-en-el-consenso-para-reformar-la-ensenanza-sobre-la-cuestion-malvinas-en-las-escuelas-fueguinas\/_mg_0314\/'><img loading=\"lazy\" decoding=\"async\" width=\"150\" height=\"150\" src=\"https:\/\/www.legistdf.gob.ar\/wp-content\/uploads\/2026\/09\/MG_0314-150x150.jpg\" class=\"attachment-thumbnail size-thumbnail\" alt=\"\" srcset=\"https:\/\/www.legistdf.gob.ar\/wp-content\/uploads\/2026\/09\/MG_0314-150x150.jpg 150w, https:\/\/www.legistdf.gob.ar\/wp-content\/uploads\/2026\/09\/MG_0314-64x64.jpg 64w\" sizes=\"auto, (max-width: 150px) 100vw, 150px\" data-attachment-id=\"49923\" data-permalink=\"https:\/\/www.legistdf.gob.ar\/index.php\/2026\/09\/04\/malvinas-la-legislatura-avanza-en-el-consenso-para-reformar-la-ensenanza-sobre-la-cuestion-malvinas-en-las-escuelas-fueguinas\/_mg_0314\/\" data-orig-file=\"https:\/\/www.legistdf.gob.ar\/wp-content\/uploads\/2026\/09\/MG_0314.jpg\" data-orig-size=\"1500,1000\" data-comments-opened=\"0\" data-image-meta=\"{&quot;aperture&quot;:&quot;0&quot;,&quot;credit&quot;:&quot;&quot;,&quot;camera&quot;:&quot;&quot;,&quot;caption&quot;:&quot;&quot;,&quot;created_timestamp&quot;:&quot;0&quot;,&quot;copyright&quot;:&quot;&quot;,&quot;focal_length&quot;:&quot;0&quot;,&quot;iso&quot;:&quot;0&quot;,&quot;shutter_speed&quot;:&quot;0&quot;,&quot;title&quot;:&quot;&quot;,&quot;orientation&quot;:&quot;0&quot;}\" data-image-title=\"_MG_0314\" data-image-description=\"\" data-image-caption=\"\" data-large-file=\"https:\/\/www.legistdf.gob.ar\/wp-content\/uploads\/2026\/09\/MG_0314-1024x683.jpg\" \/><\/a>\n\t\t\t<\/dt><\/dl><br style=\"clear: both\" \/>\n\t\t<\/div>\n\n","protected":false},"excerpt":{"rendered":"<p>Ushuaia, viernes 4 de septiembre de 2026.- Las comisiones N\u00b0 4 y 7, presididas por Luciano Selzer y Federico Sciurano respectivamente, analizaron diversos proyectos para actualizar la curr\u00edcula educativa provincial sobre la Causa Malvinas. Para ello, se acord\u00f3 consultar al \u00e1rea de t\u00e9cnica legislativa y de Educaci\u00f3n para unificar un texto definitivo. &nbsp; Durante el [&hellip;]<\/p>\n","protected":false},"author":346,"featured_media":49922,"comment_status":"closed","ping_status":"closed","sticky":false,"template":"","format":"standard","meta":{"footnotes":"","jetpack_publicize_message":"","jetpack_publicize_feature_enabled":true,"jetpack_social_post_already_shared":true,"jetpack_social_options":{"image_generator_settings":{"template":"highway","default_image_id":0,"font":"","enabled":false},"version":2},"jetpack_post_was_ever_published":false},"categories":[1],"tags":[],"class_list":["post-49918","post","type-post","status-publish","format-standard","has-post-thumbnail","hentry","category-prensa"],"jetpack_publicize_connections":[],"jetpack_featured_media_url":"https:\/\/www.legistdf.gob.ar\/wp-content\/uploads\/2026\/09\/MG_0295.jpg","jetpack-related-posts":[],"_links":{"self":[{"href":"https:\/\/www.legistdf.gob.ar\/index.php\/wp-json\/wp\/v2\/posts\/49918","targetHints":{"allow":["GET"]}}],"collection":[{"href":"https:\/\/www.legistdf.gob.ar\/index.php\/wp-json\/wp\/v2\/posts"}],"about":[{"href":"https:\/\/www.legistdf.gob.ar\/index.php\/wp-json\/wp\/v2\/types\/post"}],"author":[{"embeddable":true,"href":"https:\/\/www.legistdf.gob.ar\/index.php\/wp-json\/wp\/v2\/users\/346"}],"replies":[{"embeddable":true,"href":"https:\/\/www.legistdf.gob.ar\/index.php\/wp-json\/wp\/v2\/comments?post=49918"}],"version-history":[{"count":1,"href":"https:\/\/www.legistdf.gob.ar\/index.php\/wp-json\/wp\/v2\/posts\/49918\/revisions"}],"predecessor-version":[{"id":49924,"href":"https:\/\/www.legistdf.gob.ar\/index.php\/wp-json\/wp\/v2\/posts\/49918\/revisions\/49924"}],"wp:featuredmedia":[{"embeddable":true,"href":"https:\/\/www.legistdf.gob.ar\/index.php\/wp-json\/wp\/v2\/media\/49922"}],"wp:attachment":[{"href":"https:\/\/www.legistdf.gob.ar\/index.php\/wp-json\/wp\/v2\/media?parent=49918"}],"wp:term":[{"taxonomy":"category","embeddable":true,"href":"https:\/\/www.legistdf.gob.ar\/index.php\/wp-json\/wp\/v2\/categories?post=49918"},{"taxonomy":"post_tag","embeddable":true,"href":"https:\/\/www.legistdf.gob.ar\/index.php\/wp-json\/wp\/v2\/tags?post=49918"}],"curies":[{"name":"wp","href":"https:\/\/api.w.org\/{rel}","templated":true}]}}