{"id":7015,"date":"2018-04-17T14:11:07","date_gmt":"2018-04-17T17:11:07","guid":{"rendered":"http:\/\/www.legistdf.gob.ar\/?p=7015"},"modified":"2018-04-17T14:11:07","modified_gmt":"2018-04-17T17:11:07","slug":"legislatura-plenario-legislativo-por-programa-de-desarrollo-costero-canal-beagle","status":"publish","type":"post","link":"https:\/\/www.legistdf.gob.ar\/index.php\/2018\/04\/17\/legislatura-plenario-legislativo-por-programa-de-desarrollo-costero-canal-beagle\/","title":{"rendered":"LEGISLATURA: Plenario legislativo por programa de desarrollo costero Canal Beagle"},"content":{"rendered":"<p>&nbsp;<\/p>\n<p><strong>Ushuaia, martes 17 de abril de 2018.- El Parlamento se reunir\u00e1 en Comisi\u00f3n, para dar tratamiento al asunto que trata sobre la \u201cexpropiaci\u00f3n de todos los inmuebles y dem\u00e1s bienes que resulten necesarios para la apertura y construcci\u00f3n de un camino costero desde Ushuaia hacia Almanza\u201d. Las Comisiones 5, 3, 2 y 1 se reunir\u00e1n este mi\u00e9rcoles, desde las 11 en el edificio legislativo.<\/strong><\/p>\n<p>&nbsp;<\/p>\n<p>El asunto N\u00ba 079\/17 del Ejecutivo, busca \u201cla declaraci\u00f3n de utilidad p\u00fablica, y sujetos a expropiaci\u00f3n, todos los inmuebles y dem\u00e1s bienes que resulten necesarios para la apertura y construcci\u00f3n de un camino costero desde Ushuaia hacia Almanza y luego a bah\u00eda Sloggett\u201d. Todo ello, dentro del Programa de Desarrollo Costero Canal Beagle, \u201cparte del plan de obras ya aprobado por la Legislatura Provincial mediante Leyes provinciales N\u00b0 1.142 y N\u00b0 1.149\u201d.<\/p>\n<p>Cabe se\u00f1alar, que el asunto de m\u00e1s de 100 fojas, contiene un informe t\u00e9cnico de \u201cla Secretar\u00eda de Planificaci\u00f3n Estrat\u00e9gica, Ordenamiento Territorial y Habitat; Ministerio de Agricultura, Ganader\u00eda y Pesca; Secretar\u00eda de Ambiente, Desarrollo Sostenible y Cambio Clim\u00e1tico y el Instituto Fueguino de Turismo (INFUETUR)\u201d.<\/p>\n<p>&nbsp;<\/p>\n<p>En este sentido, la gobernadora Dra. Rosana Bertone, sostiene en los fundamentos que \u201ca lo largo de las \u00faltimas d\u00e9cadas la Provincia de Tierra del Fuego estuvo signada por un fuerte crecimiento demogr\u00e1fico promovido principalmente por el incremento a gran escala de la actividad industrial\u201d. En este punto, considera como \u201cnecesidad\u201d la b\u00fasqueda de instancias para el \u201cdesarrollo econ\u00f3mico productivo y la generaci\u00f3n de empleo\u201d.<\/p>\n<p>&nbsp;<\/p>\n<p>El estudio de la \u201cmicro-regi\u00f3n costera del Canal Beagle y su prolongaci\u00f3n en la costa suroriental del mar Argentino, no solo se presenta como una oportunidad para indagar sobre las potencialidades de este sector del territorio insular\u201d, dice la titular del Poder Ejecutivo, en la elevaci\u00f3n al Poder Legislativo.<\/p>\n<p>&nbsp;<\/p>\n<p>&nbsp;<\/p>\n<p style=\"text-align: right\"><em>Con informaci\u00f3n y fotograf\u00edas de archivo<\/em><\/p>\n<div style=\"text-align: right\"><span style=\"font-family: arial, helvetica, sans-serif;font-size: 10pt\"><b><a href=\"https:\/\/es-la.facebook.com\/PrensaLegislaturatdf\" target=\"_blank\" rel=\"noopener\">Facebook<\/a>\u00a0 \u00a0 \u00a0<a href=\"https:\/\/twitter.com\/PrensaLegisTDF\" target=\"_blank\" rel=\"noopener\">Twitter<\/a>\u00a0 \u00a0 \u00a0\u00a0<a href=\"https:\/\/www.flickr.com\/photos\/prensalegistdf\/sets\/\" target=\"_blank\" rel=\"noopener\">Flickr<\/a><\/b><span style=\"color: #222222\"><b><br \/>\n<\/b><\/span><\/span><\/div>\n<div style=\"text-align: right\"><span style=\"color: #222222;font-family: arial, helvetica, sans-serif;font-size: 10pt\"><b>\u00a0<\/b><\/span><\/div>\n<div style=\"text-align: right\"><span style=\"font-family: arial, helvetica, sans-serif;font-size: 10pt\"><b>DIRECCI\u00d3N DE PRENSA Y\u00a0<\/b><\/span><\/div>\n<div style=\"text-align: right\"><span style=\"font-family: arial, helvetica, sans-serif;font-size: 10pt\"><b>DIFUSI\u00d3N INSTITUCIONAL<\/b><\/span><\/div>\n<div style=\"text-align: right\"><\/div>\n<div style=\"text-align: right\"><span style=\"font-family: arial, helvetica, sans-serif;font-size: 10pt\"><b>LEGISLATURA DE TIERRA DEL FUEGO<\/b><\/span><\/div>\n\n\t\t<style type=\"text\/css\">\n\t\t\t#gallery-1 {\n\t\t\t\tmargin: auto;\n\t\t\t}\n\t\t\t#gallery-1 .gallery-item {\n\t\t\t\tfloat: left;\n\t\t\t\tmargin-top: 10px;\n\t\t\t\ttext-align: center;\n\t\t\t\twidth: 33%;\n\t\t\t}\n\t\t\t#gallery-1 img {\n\t\t\t\tborder: 2px solid #cfcfcf;\n\t\t\t}\n\t\t\t#gallery-1 .gallery-caption {\n\t\t\t\tmargin-left: 0;\n\t\t\t}\n\t\t\t\/* see gallery_shortcode() in wp-includes\/media.php *\/\n\t\t<\/style>\n\t\t<div data-carousel-extra='{\"blog_id\":1,\"permalink\":\"https:\\\/\\\/www.legistdf.gob.ar\\\/index.php\\\/2018\\\/04\\\/17\\\/legislatura-plenario-legislativo-por-programa-de-desarrollo-costero-canal-beagle\\\/\"}' id='gallery-1' class='gallery galleryid-7015 gallery-columns-3 gallery-size-thumbnail'><dl class='gallery-item'>\n\t\t\t<dt class='gallery-icon landscape'>\n\t\t\t\t<a href='https:\/\/www.legistdf.gob.ar\/index.php\/2017\/10\/26\/presupuesto-freites-espera-que-la-provincia-tenga-la-herramienta-de-gestion-que-se-merece\/2-77\/'><img loading=\"lazy\" decoding=\"async\" width=\"150\" height=\"150\" src=\"https:\/\/www.legistdf.gob.ar\/wp-content\/uploads\/2017\/10\/2-13-150x150.jpg\" class=\"attachment-thumbnail size-thumbnail\" alt=\"\" srcset=\"https:\/\/www.legistdf.gob.ar\/wp-content\/uploads\/2017\/10\/2-13-150x150.jpg 150w, https:\/\/www.legistdf.gob.ar\/wp-content\/uploads\/2017\/10\/2-13-64x64.jpg 64w\" sizes=\"(max-width: 150px) 100vw, 150px\" data-attachment-id=\"4761\" data-permalink=\"https:\/\/www.legistdf.gob.ar\/index.php\/2017\/10\/26\/presupuesto-freites-espera-que-la-provincia-tenga-la-herramienta-de-gestion-que-se-merece\/2-77\/\" data-orig-file=\"https:\/\/www.legistdf.gob.ar\/wp-content\/uploads\/2017\/10\/2-13.jpg\" data-orig-size=\"1000,667\" data-comments-opened=\"0\" data-image-meta=\"{&quot;aperture&quot;:&quot;5.6&quot;,&quot;credit&quot;:&quot;PrensaLegislativa2015&quot;,&quot;camera&quot;:&quot;Canon EOS 70D&quot;,&quot;caption&quot;:&quot;&quot;,&quot;created_timestamp&quot;:&quot;1508908629&quot;,&quot;copyright&quot;:&quot;&quot;,&quot;focal_length&quot;:&quot;18&quot;,&quot;iso&quot;:&quot;400&quot;,&quot;shutter_speed&quot;:&quot;0.02&quot;,&quot;title&quot;:&quot;&quot;,&quot;orientation&quot;:&quot;0&quot;}\" data-image-title=\"2\" data-image-description=\"\" data-image-caption=\"\" data-medium-file=\"https:\/\/www.legistdf.gob.ar\/wp-content\/uploads\/2017\/10\/2-13-300x200.jpg\" data-large-file=\"https:\/\/www.legistdf.gob.ar\/wp-content\/uploads\/2017\/10\/2-13.jpg\" \/><\/a>\n\t\t\t<\/dt><\/dl><dl class='gallery-item'>\n\t\t\t<dt class='gallery-icon landscape'>\n\t\t\t\t<a href='https:\/\/www.legistdf.gob.ar\/index.php\/2017\/10\/24\/legislatura-inauguran-debate-del-proyecto-de-ley-presupuesto-2018\/2-75\/'><img loading=\"lazy\" decoding=\"async\" width=\"150\" height=\"150\" src=\"https:\/\/www.legistdf.gob.ar\/wp-content\/uploads\/2017\/10\/2-11-150x150.jpg\" class=\"attachment-thumbnail size-thumbnail\" alt=\"\" srcset=\"https:\/\/www.legistdf.gob.ar\/wp-content\/uploads\/2017\/10\/2-11-150x150.jpg 150w, https:\/\/www.legistdf.gob.ar\/wp-content\/uploads\/2017\/10\/2-11-64x64.jpg 64w\" sizes=\"(max-width: 150px) 100vw, 150px\" data-attachment-id=\"4728\" data-permalink=\"https:\/\/www.legistdf.gob.ar\/index.php\/2017\/10\/24\/legislatura-inauguran-debate-del-proyecto-de-ley-presupuesto-2018\/2-75\/\" data-orig-file=\"https:\/\/www.legistdf.gob.ar\/wp-content\/uploads\/2017\/10\/2-11.jpg\" data-orig-size=\"1000,667\" data-comments-opened=\"0\" data-image-meta=\"{&quot;aperture&quot;:&quot;0&quot;,&quot;credit&quot;:&quot;PrensaLegislativa2015&quot;,&quot;camera&quot;:&quot;&quot;,&quot;caption&quot;:&quot;&quot;,&quot;created_timestamp&quot;:&quot;0&quot;,&quot;copyright&quot;:&quot;&quot;,&quot;focal_length&quot;:&quot;0&quot;,&quot;iso&quot;:&quot;0&quot;,&quot;shutter_speed&quot;:&quot;0&quot;,&quot;title&quot;:&quot;&quot;,&quot;orientation&quot;:&quot;0&quot;}\" data-image-title=\"2\" data-image-description=\"\" data-image-caption=\"\" data-medium-file=\"https:\/\/www.legistdf.gob.ar\/wp-content\/uploads\/2017\/10\/2-11-300x200.jpg\" data-large-file=\"https:\/\/www.legistdf.gob.ar\/wp-content\/uploads\/2017\/10\/2-11.jpg\" \/><\/a>\n\t\t\t<\/dt><\/dl>\n\t\t\t<br style='clear: both' \/>\n\t\t<\/div>\n\n<p>&nbsp;<\/p>\n","protected":false},"excerpt":{"rendered":"<p>&nbsp; Ushuaia, martes 17 de abril de 2018.- El Parlamento se reunir\u00e1 en Comisi\u00f3n, para dar tratamiento al asunto que trata sobre la \u201cexpropiaci\u00f3n de todos los inmuebles y dem\u00e1s bienes que resulten necesarios para la apertura y construcci\u00f3n de un camino costero desde Ushuaia hacia Almanza\u201d. Las Comisiones 5, 3, 2 y 1 se [&hellip;]<\/p>\n","protected":false},"author":352,"featured_media":4761,"comment_status":"closed","ping_status":"open","sticky":false,"template":"","format":"standard","meta":{"jetpack_post_was_ever_published":false,"_jetpack_newsletter_access":"","_jetpack_dont_email_post_to_subs":false,"_jetpack_newsletter_tier_id":0,"footnotes":"","jetpack_publicize_message":"","jetpack_publicize_feature_enabled":true,"jetpack_social_post_already_shared":true,"jetpack_social_options":{"image_generator_settings":{"template":"highway","enabled":false}}},"categories":[1],"tags":[95,94,93,92,84,86,79,91,87],"jetpack_publicize_connections":[],"jetpack_sharing_enabled":true,"jetpack_featured_media_url":"https:\/\/www.legistdf.gob.ar\/wp-content\/uploads\/2017\/10\/2-13.jpg","jetpack-related-posts":[],"_links":{"self":[{"href":"https:\/\/www.legistdf.gob.ar\/index.php\/wp-json\/wp\/v2\/posts\/7015"}],"collection":[{"href":"https:\/\/www.legistdf.gob.ar\/index.php\/wp-json\/wp\/v2\/posts"}],"about":[{"href":"https:\/\/www.legistdf.gob.ar\/index.php\/wp-json\/wp\/v2\/types\/post"}],"author":[{"embeddable":true,"href":"https:\/\/www.legistdf.gob.ar\/index.php\/wp-json\/wp\/v2\/users\/352"}],"replies":[{"embeddable":true,"href":"https:\/\/www.legistdf.gob.ar\/index.php\/wp-json\/wp\/v2\/comments?post=7015"}],"version-history":[{"count":1,"href":"https:\/\/www.legistdf.gob.ar\/index.php\/wp-json\/wp\/v2\/posts\/7015\/revisions"}],"predecessor-version":[{"id":7016,"href":"https:\/\/www.legistdf.gob.ar\/index.php\/wp-json\/wp\/v2\/posts\/7015\/revisions\/7016"}],"wp:featuredmedia":[{"embeddable":true,"href":"https:\/\/www.legistdf.gob.ar\/index.php\/wp-json\/wp\/v2\/media\/4761"}],"wp:attachment":[{"href":"https:\/\/www.legistdf.gob.ar\/index.php\/wp-json\/wp\/v2\/media?parent=7015"}],"wp:term":[{"taxonomy":"category","embeddable":true,"href":"https:\/\/www.legistdf.gob.ar\/index.php\/wp-json\/wp\/v2\/categories?post=7015"},{"taxonomy":"post_tag","embeddable":true,"href":"https:\/\/www.legistdf.gob.ar\/index.php\/wp-json\/wp\/v2\/tags?post=7015"}],"curies":[{"name":"wp","href":"https:\/\/api.w.org\/{rel}","templated":true}]}}