{"id":7018,"date":"2018-04-17T16:24:05","date_gmt":"2018-04-17T19:24:05","guid":{"rendered":"http:\/\/www.legistdf.gob.ar\/?p=7018"},"modified":"2018-04-19T11:21:14","modified_gmt":"2018-04-19T14:21:14","slug":"rio-grande-arcando-destaco-la-funcion-educativa-del-centro-de-formacion-laboral-dr-manuel-belgrano","status":"publish","type":"post","link":"https:\/\/www.legistdf.gob.ar\/index.php\/2018\/04\/17\/rio-grande-arcando-destaco-la-funcion-educativa-del-centro-de-formacion-laboral-dr-manuel-belgrano\/","title":{"rendered":"R\u00cdO GRANDE: Arcando destac\u00f3 la funci\u00f3n educativa del Centro de Formaci\u00f3n laboral Dr. Manuel Belgrano"},"content":{"rendered":"<p><strong>Ushuaia, martes 17 de abril de 2018.- En Tierra del Fuego funcionan dos centros de Formaci\u00f3n Laboral, en los que el Gobierno provincial ofrece m\u00e1s de 20 perfiles profesionales. All\u00ed se brindan a la comunidad capacitaciones laborales de r\u00e1pida inserci\u00f3n en el mundo del trabajo, formaciones a las que cada a\u00f1o se inscriben y concurren m\u00e1s de 1300 personas. El Vicegobernador de la Provincia visit\u00f3 el centro de formaci\u00f3n y ponder\u00f3 su labor educativa y social.<\/strong><\/p>\n<p>&nbsp;<\/p>\n<p>Como eje prioritario en la educaci\u00f3n, la formaci\u00f3n de j\u00f3venes y adultos es una \u201cde nuestras l\u00edneas de gesti\u00f3n; fundamentalmente pensando en capacitar a los vecinos que concurren a los centros de formaci\u00f3n para el trabajo\u201d, se\u00f1al\u00f3 el vicegobernador Juan Carlos Arcando en una reciente visita que realiz\u00f3 al centro de R\u00edo Grande. Consider\u00f3 que el esquema actual de la econom\u00eda, \u201cdemanda mano de obra calificada en distintos oficios y a cubrir dichos prop\u00f3sitos. Acompa\u00f1amos brindando capacitaciones de inmediata inserci\u00f3n laboral\u00bb, resalt\u00f3.<\/p>\n<p>&nbsp;<\/p>\n<p>El Vicegobernador, indic\u00f3: \u201cTrabajamos constantemente para ofrecerle a los fueguinos mayores posibilidades de formaci\u00f3n, porque nos enfrentamos a diario con profundos cambios sociales que renuevan el compromiso pol\u00edtico y educativo de cada uno de los habitantes de nuestra Provincia\u201d. En este sentido, ampli\u00f3 al rese\u00f1ar: \u201cSe han ampliado el n\u00famero de perfiles profesionales y permanentemente se eval\u00faa la posibilidad de anexar m\u00e1s si surge la necesidad, pensando siempre en brindarle posibilidades para que puedan desarrollarse como trabajadores\u201d.<\/p>\n<p>&nbsp;<\/p>\n<p style=\"text-align: center;\"><em>AMPLIA OFERTA DE FORMACI\u00d3N PROFESIONAL<\/em><\/p>\n<p>&nbsp;<\/p>\n<p>El dise\u00f1o curricular presenta lineamientos en m\u00e1s de veinte perfiles profesionales orientados a la mejora de la calidad educativa en cada proyecto de formaci\u00f3n laboral que se desarrolla en la Tierra del Fuego.<\/p>\n<p>&nbsp;<\/p>\n<p>Se destacan como ofertas formativas: Armador y montador de paneles y cielorraso de placas de roca y de yeso; Asistente de Oficinas; Montador Electricista Domiciliario; Asistente de Oficina con orientaci\u00f3n en administraci\u00f3n; Asistente de oficina con orientaci\u00f3n en Salud; Atenci\u00f3n al cliente en gastronom\u00eda; Auxiliar de cocina; Auxiliar de familia especializado en cuidados; Auxiliar en instalaciones el\u00e9ctricas; Auxiliar en dise\u00f1os artesanales y muebles; Auxiliar en instalaciones sanitarias y de gas domiciliarias; Auxiliar panadero; mozo; corte y confecci\u00f3n; dise\u00f1ador y confeccionista de Indumentaria Artesanal; operador de Inform\u00e1tica para Administraci\u00f3n y Gesti\u00f3n; operador de PC para programa de dibujo asistido en 2D; operador en hilatura y fieltro artesanal; y soldador b\u00e1sico, entre otras.<\/p>\n<p>&nbsp;<\/p>\n\n\t\t<style type=\"text\/css\">\n\t\t\t#gallery-1 {\n\t\t\t\tmargin: auto;\n\t\t\t}\n\t\t\t#gallery-1 .gallery-item {\n\t\t\t\tfloat: left;\n\t\t\t\tmargin-top: 10px;\n\t\t\t\ttext-align: center;\n\t\t\t\twidth: 33%;\n\t\t\t}\n\t\t\t#gallery-1 img {\n\t\t\t\tborder: 2px solid #cfcfcf;\n\t\t\t}\n\t\t\t#gallery-1 .gallery-caption {\n\t\t\t\tmargin-left: 0;\n\t\t\t}\n\t\t\t\/* see gallery_shortcode() in wp-includes\/media.php *\/\n\t\t<\/style>\n\t\t<div data-carousel-extra='{\"blog_id\":1,\"permalink\":\"https:\\\/\\\/www.legistdf.gob.ar\\\/index.php\\\/2018\\\/04\\\/17\\\/rio-grande-arcando-destaco-la-funcion-educativa-del-centro-de-formacion-laboral-dr-manuel-belgrano\\\/\"}' id='gallery-1' class='gallery galleryid-7018 gallery-columns-3 gallery-size-thumbnail'><dl class='gallery-item'>\n\t\t\t<dt class='gallery-icon landscape'>\n\t\t\t\t<a href='https:\/\/www.legistdf.gob.ar\/index.php\/2018\/04\/17\/rio-grande-arcando-destaco-la-funcion-educativa-del-centro-de-formacion-laboral-dr-manuel-belgrano\/30703846_1909404765758348_2720722152418419456_n\/'><img loading=\"lazy\" decoding=\"async\" width=\"150\" height=\"150\" src=\"https:\/\/www.legistdf.gob.ar\/wp-content\/uploads\/2018\/04\/30703846_1909404765758348_2720722152418419456_n-150x150.jpg\" class=\"attachment-thumbnail size-thumbnail\" alt=\"\" srcset=\"https:\/\/www.legistdf.gob.ar\/wp-content\/uploads\/2018\/04\/30703846_1909404765758348_2720722152418419456_n-150x150.jpg 150w, https:\/\/www.legistdf.gob.ar\/wp-content\/uploads\/2018\/04\/30703846_1909404765758348_2720722152418419456_n-64x64.jpg 64w\" sizes=\"(max-width: 150px) 100vw, 150px\" data-attachment-id=\"7024\" data-permalink=\"https:\/\/www.legistdf.gob.ar\/index.php\/2018\/04\/17\/rio-grande-arcando-destaco-la-funcion-educativa-del-centro-de-formacion-laboral-dr-manuel-belgrano\/30703846_1909404765758348_2720722152418419456_n\/\" data-orig-file=\"https:\/\/www.legistdf.gob.ar\/wp-content\/uploads\/2018\/04\/30703846_1909404765758348_2720722152418419456_n.jpg\" data-orig-size=\"960,720\" data-comments-opened=\"0\" data-image-meta=\"{&quot;aperture&quot;:&quot;0&quot;,&quot;credit&quot;:&quot;&quot;,&quot;camera&quot;:&quot;&quot;,&quot;caption&quot;:&quot;&quot;,&quot;created_timestamp&quot;:&quot;0&quot;,&quot;copyright&quot;:&quot;&quot;,&quot;focal_length&quot;:&quot;0&quot;,&quot;iso&quot;:&quot;0&quot;,&quot;shutter_speed&quot;:&quot;0&quot;,&quot;title&quot;:&quot;&quot;,&quot;orientation&quot;:&quot;0&quot;}\" data-image-title=\"30703846_1909404765758348_2720722152418419456_n\" data-image-description=\"\" data-image-caption=\"\" data-medium-file=\"https:\/\/www.legistdf.gob.ar\/wp-content\/uploads\/2018\/04\/30703846_1909404765758348_2720722152418419456_n-300x225.jpg\" data-large-file=\"https:\/\/www.legistdf.gob.ar\/wp-content\/uploads\/2018\/04\/30703846_1909404765758348_2720722152418419456_n.jpg\" \/><\/a>\n\t\t\t<\/dt><\/dl><dl class='gallery-item'>\n\t\t\t<dt class='gallery-icon landscape'>\n\t\t\t\t<a href='https:\/\/www.legistdf.gob.ar\/index.php\/2018\/04\/17\/rio-grande-arcando-destaco-la-funcion-educativa-del-centro-de-formacion-laboral-dr-manuel-belgrano\/30707100_1909405345758290_5888532368248298404_n\/'><img loading=\"lazy\" decoding=\"async\" width=\"150\" height=\"150\" src=\"https:\/\/www.legistdf.gob.ar\/wp-content\/uploads\/2018\/04\/30707100_1909405345758290_5888532368248298404_n-150x150.jpg\" class=\"attachment-thumbnail size-thumbnail\" alt=\"\" srcset=\"https:\/\/www.legistdf.gob.ar\/wp-content\/uploads\/2018\/04\/30707100_1909405345758290_5888532368248298404_n-150x150.jpg 150w, https:\/\/www.legistdf.gob.ar\/wp-content\/uploads\/2018\/04\/30707100_1909405345758290_5888532368248298404_n-64x64.jpg 64w\" sizes=\"(max-width: 150px) 100vw, 150px\" data-attachment-id=\"7021\" data-permalink=\"https:\/\/www.legistdf.gob.ar\/index.php\/2018\/04\/17\/rio-grande-arcando-destaco-la-funcion-educativa-del-centro-de-formacion-laboral-dr-manuel-belgrano\/30707100_1909405345758290_5888532368248298404_n\/\" data-orig-file=\"https:\/\/www.legistdf.gob.ar\/wp-content\/uploads\/2018\/04\/30707100_1909405345758290_5888532368248298404_n.jpg\" data-orig-size=\"960,540\" data-comments-opened=\"0\" data-image-meta=\"{&quot;aperture&quot;:&quot;0&quot;,&quot;credit&quot;:&quot;&quot;,&quot;camera&quot;:&quot;&quot;,&quot;caption&quot;:&quot;&quot;,&quot;created_timestamp&quot;:&quot;0&quot;,&quot;copyright&quot;:&quot;&quot;,&quot;focal_length&quot;:&quot;0&quot;,&quot;iso&quot;:&quot;0&quot;,&quot;shutter_speed&quot;:&quot;0&quot;,&quot;title&quot;:&quot;&quot;,&quot;orientation&quot;:&quot;0&quot;}\" data-image-title=\"30707100_1909405345758290_5888532368248298404_n\" data-image-description=\"\" data-image-caption=\"\" data-medium-file=\"https:\/\/www.legistdf.gob.ar\/wp-content\/uploads\/2018\/04\/30707100_1909405345758290_5888532368248298404_n-300x169.jpg\" data-large-file=\"https:\/\/www.legistdf.gob.ar\/wp-content\/uploads\/2018\/04\/30707100_1909405345758290_5888532368248298404_n.jpg\" \/><\/a>\n\t\t\t<\/dt><\/dl><dl class='gallery-item'>\n\t\t\t<dt class='gallery-icon landscape'>\n\t\t\t\t<a href='https:\/\/www.legistdf.gob.ar\/index.php\/2018\/04\/17\/rio-grande-arcando-destaco-la-funcion-educativa-del-centro-de-formacion-laboral-dr-manuel-belgrano\/30727717_1909405212424970_8434523815593043983_n\/'><img loading=\"lazy\" decoding=\"async\" width=\"150\" height=\"150\" src=\"https:\/\/www.legistdf.gob.ar\/wp-content\/uploads\/2018\/04\/30727717_1909405212424970_8434523815593043983_n-150x150.jpg\" class=\"attachment-thumbnail size-thumbnail\" alt=\"\" srcset=\"https:\/\/www.legistdf.gob.ar\/wp-content\/uploads\/2018\/04\/30727717_1909405212424970_8434523815593043983_n-150x150.jpg 150w, https:\/\/www.legistdf.gob.ar\/wp-content\/uploads\/2018\/04\/30727717_1909405212424970_8434523815593043983_n-64x64.jpg 64w\" sizes=\"(max-width: 150px) 100vw, 150px\" data-attachment-id=\"7019\" data-permalink=\"https:\/\/www.legistdf.gob.ar\/index.php\/2018\/04\/17\/rio-grande-arcando-destaco-la-funcion-educativa-del-centro-de-formacion-laboral-dr-manuel-belgrano\/30727717_1909405212424970_8434523815593043983_n\/\" data-orig-file=\"https:\/\/www.legistdf.gob.ar\/wp-content\/uploads\/2018\/04\/30727717_1909405212424970_8434523815593043983_n.jpg\" data-orig-size=\"960,720\" data-comments-opened=\"0\" data-image-meta=\"{&quot;aperture&quot;:&quot;0&quot;,&quot;credit&quot;:&quot;&quot;,&quot;camera&quot;:&quot;&quot;,&quot;caption&quot;:&quot;&quot;,&quot;created_timestamp&quot;:&quot;0&quot;,&quot;copyright&quot;:&quot;&quot;,&quot;focal_length&quot;:&quot;0&quot;,&quot;iso&quot;:&quot;0&quot;,&quot;shutter_speed&quot;:&quot;0&quot;,&quot;title&quot;:&quot;&quot;,&quot;orientation&quot;:&quot;0&quot;}\" data-image-title=\"30727717_1909405212424970_8434523815593043983_n\" data-image-description=\"\" data-image-caption=\"\" data-medium-file=\"https:\/\/www.legistdf.gob.ar\/wp-content\/uploads\/2018\/04\/30727717_1909405212424970_8434523815593043983_n-300x225.jpg\" data-large-file=\"https:\/\/www.legistdf.gob.ar\/wp-content\/uploads\/2018\/04\/30727717_1909405212424970_8434523815593043983_n.jpg\" \/><\/a>\n\t\t\t<\/dt><\/dl><br style=\"clear: both\" \/><dl class='gallery-item'>\n\t\t\t<dt class='gallery-icon landscape'>\n\t\t\t\t<a href='https:\/\/www.legistdf.gob.ar\/index.php\/2018\/04\/17\/rio-grande-arcando-destaco-la-funcion-educativa-del-centro-de-formacion-laboral-dr-manuel-belgrano\/30705221_1909405085758316_9124853228311526719_n\/'><img loading=\"lazy\" decoding=\"async\" width=\"150\" height=\"150\" src=\"https:\/\/www.legistdf.gob.ar\/wp-content\/uploads\/2018\/04\/30705221_1909405085758316_9124853228311526719_n-150x150.jpg\" class=\"attachment-thumbnail size-thumbnail\" alt=\"\" srcset=\"https:\/\/www.legistdf.gob.ar\/wp-content\/uploads\/2018\/04\/30705221_1909405085758316_9124853228311526719_n-150x150.jpg 150w, https:\/\/www.legistdf.gob.ar\/wp-content\/uploads\/2018\/04\/30705221_1909405085758316_9124853228311526719_n-64x64.jpg 64w\" sizes=\"(max-width: 150px) 100vw, 150px\" data-attachment-id=\"7023\" data-permalink=\"https:\/\/www.legistdf.gob.ar\/index.php\/2018\/04\/17\/rio-grande-arcando-destaco-la-funcion-educativa-del-centro-de-formacion-laboral-dr-manuel-belgrano\/30705221_1909405085758316_9124853228311526719_n\/\" data-orig-file=\"https:\/\/www.legistdf.gob.ar\/wp-content\/uploads\/2018\/04\/30705221_1909405085758316_9124853228311526719_n.jpg\" data-orig-size=\"960,720\" data-comments-opened=\"0\" data-image-meta=\"{&quot;aperture&quot;:&quot;0&quot;,&quot;credit&quot;:&quot;&quot;,&quot;camera&quot;:&quot;&quot;,&quot;caption&quot;:&quot;&quot;,&quot;created_timestamp&quot;:&quot;0&quot;,&quot;copyright&quot;:&quot;&quot;,&quot;focal_length&quot;:&quot;0&quot;,&quot;iso&quot;:&quot;0&quot;,&quot;shutter_speed&quot;:&quot;0&quot;,&quot;title&quot;:&quot;&quot;,&quot;orientation&quot;:&quot;0&quot;}\" data-image-title=\"30705221_1909405085758316_9124853228311526719_n\" data-image-description=\"\" data-image-caption=\"\" data-medium-file=\"https:\/\/www.legistdf.gob.ar\/wp-content\/uploads\/2018\/04\/30705221_1909405085758316_9124853228311526719_n-300x225.jpg\" data-large-file=\"https:\/\/www.legistdf.gob.ar\/wp-content\/uploads\/2018\/04\/30705221_1909405085758316_9124853228311526719_n.jpg\" \/><\/a>\n\t\t\t<\/dt><\/dl><dl class='gallery-item'>\n\t\t\t<dt class='gallery-icon landscape'>\n\t\t\t\t<a href='https:\/\/www.legistdf.gob.ar\/index.php\/2018\/04\/17\/rio-grande-arcando-destaco-la-funcion-educativa-del-centro-de-formacion-laboral-dr-manuel-belgrano\/30727424_1909404289091729_1970005384686672830_n-1\/'><img loading=\"lazy\" decoding=\"async\" width=\"150\" height=\"150\" src=\"https:\/\/www.legistdf.gob.ar\/wp-content\/uploads\/2018\/04\/30727424_1909404289091729_1970005384686672830_n-1-150x150.jpg\" class=\"attachment-thumbnail size-thumbnail\" alt=\"\" srcset=\"https:\/\/www.legistdf.gob.ar\/wp-content\/uploads\/2018\/04\/30727424_1909404289091729_1970005384686672830_n-1-150x150.jpg 150w, https:\/\/www.legistdf.gob.ar\/wp-content\/uploads\/2018\/04\/30727424_1909404289091729_1970005384686672830_n-1-64x64.jpg 64w\" sizes=\"(max-width: 150px) 100vw, 150px\" data-attachment-id=\"7020\" data-permalink=\"https:\/\/www.legistdf.gob.ar\/index.php\/2018\/04\/17\/rio-grande-arcando-destaco-la-funcion-educativa-del-centro-de-formacion-laboral-dr-manuel-belgrano\/30727424_1909404289091729_1970005384686672830_n-1\/\" data-orig-file=\"https:\/\/www.legistdf.gob.ar\/wp-content\/uploads\/2018\/04\/30727424_1909404289091729_1970005384686672830_n-1.jpg\" data-orig-size=\"856,720\" data-comments-opened=\"0\" data-image-meta=\"{&quot;aperture&quot;:&quot;0&quot;,&quot;credit&quot;:&quot;&quot;,&quot;camera&quot;:&quot;&quot;,&quot;caption&quot;:&quot;&quot;,&quot;created_timestamp&quot;:&quot;0&quot;,&quot;copyright&quot;:&quot;&quot;,&quot;focal_length&quot;:&quot;0&quot;,&quot;iso&quot;:&quot;0&quot;,&quot;shutter_speed&quot;:&quot;0&quot;,&quot;title&quot;:&quot;&quot;,&quot;orientation&quot;:&quot;0&quot;}\" data-image-title=\"30727424_1909404289091729_1970005384686672830_n (1)\" data-image-description=\"\" data-image-caption=\"\" data-medium-file=\"https:\/\/www.legistdf.gob.ar\/wp-content\/uploads\/2018\/04\/30727424_1909404289091729_1970005384686672830_n-1-300x252.jpg\" data-large-file=\"https:\/\/www.legistdf.gob.ar\/wp-content\/uploads\/2018\/04\/30727424_1909404289091729_1970005384686672830_n-1.jpg\" \/><\/a>\n\t\t\t<\/dt><\/dl><dl class='gallery-item'>\n\t\t\t<dt class='gallery-icon landscape'>\n\t\t\t\t<a href='https:\/\/www.legistdf.gob.ar\/index.php\/2018\/04\/17\/rio-grande-arcando-destaco-la-funcion-educativa-del-centro-de-formacion-laboral-dr-manuel-belgrano\/30706557_1909405289091629_6042143050567291966_n\/'><img loading=\"lazy\" decoding=\"async\" width=\"150\" height=\"150\" src=\"https:\/\/www.legistdf.gob.ar\/wp-content\/uploads\/2018\/04\/30706557_1909405289091629_6042143050567291966_n-150x150.jpg\" class=\"attachment-thumbnail size-thumbnail\" alt=\"\" srcset=\"https:\/\/www.legistdf.gob.ar\/wp-content\/uploads\/2018\/04\/30706557_1909405289091629_6042143050567291966_n-150x150.jpg 150w, https:\/\/www.legistdf.gob.ar\/wp-content\/uploads\/2018\/04\/30706557_1909405289091629_6042143050567291966_n-64x64.jpg 64w\" sizes=\"(max-width: 150px) 100vw, 150px\" data-attachment-id=\"7022\" data-permalink=\"https:\/\/www.legistdf.gob.ar\/index.php\/2018\/04\/17\/rio-grande-arcando-destaco-la-funcion-educativa-del-centro-de-formacion-laboral-dr-manuel-belgrano\/30706557_1909405289091629_6042143050567291966_n\/\" data-orig-file=\"https:\/\/www.legistdf.gob.ar\/wp-content\/uploads\/2018\/04\/30706557_1909405289091629_6042143050567291966_n.jpg\" data-orig-size=\"960,540\" data-comments-opened=\"0\" data-image-meta=\"{&quot;aperture&quot;:&quot;0&quot;,&quot;credit&quot;:&quot;&quot;,&quot;camera&quot;:&quot;&quot;,&quot;caption&quot;:&quot;&quot;,&quot;created_timestamp&quot;:&quot;0&quot;,&quot;copyright&quot;:&quot;&quot;,&quot;focal_length&quot;:&quot;0&quot;,&quot;iso&quot;:&quot;0&quot;,&quot;shutter_speed&quot;:&quot;0&quot;,&quot;title&quot;:&quot;&quot;,&quot;orientation&quot;:&quot;0&quot;}\" data-image-title=\"30706557_1909405289091629_6042143050567291966_n\" data-image-description=\"\" data-image-caption=\"\" data-medium-file=\"https:\/\/www.legistdf.gob.ar\/wp-content\/uploads\/2018\/04\/30706557_1909405289091629_6042143050567291966_n-300x169.jpg\" data-large-file=\"https:\/\/www.legistdf.gob.ar\/wp-content\/uploads\/2018\/04\/30706557_1909405289091629_6042143050567291966_n.jpg\" \/><\/a>\n\t\t\t<\/dt><\/dl><br style=\"clear: both\" \/>\n\t\t<\/div>\n\n","protected":false},"excerpt":{"rendered":"<p>Ushuaia, martes 17 de abril de 2018.- En Tierra del Fuego funcionan dos centros de Formaci\u00f3n Laboral, en los que el Gobierno provincial ofrece m\u00e1s de 20 perfiles profesionales. All\u00ed se brindan a la comunidad capacitaciones laborales de r\u00e1pida inserci\u00f3n en el mundo del trabajo, formaciones a las que cada a\u00f1o se inscriben y concurren [&hellip;]<\/p>\n","protected":false},"author":352,"featured_media":7022,"comment_status":"closed","ping_status":"open","sticky":false,"template":"","format":"standard","meta":{"jetpack_post_was_ever_published":false,"_jetpack_newsletter_access":"","_jetpack_dont_email_post_to_subs":false,"_jetpack_newsletter_tier_id":0,"footnotes":"","jetpack_publicize_message":"","jetpack_publicize_feature_enabled":true,"jetpack_social_post_already_shared":true,"jetpack_social_options":{"image_generator_settings":{"template":"highway","enabled":false}}},"categories":[1],"tags":[80,97,78,96,79],"jetpack_publicize_connections":[],"jetpack_sharing_enabled":true,"jetpack_featured_media_url":"https:\/\/www.legistdf.gob.ar\/wp-content\/uploads\/2018\/04\/30706557_1909405289091629_6042143050567291966_n.jpg","jetpack-related-posts":[],"_links":{"self":[{"href":"https:\/\/www.legistdf.gob.ar\/index.php\/wp-json\/wp\/v2\/posts\/7018"}],"collection":[{"href":"https:\/\/www.legistdf.gob.ar\/index.php\/wp-json\/wp\/v2\/posts"}],"about":[{"href":"https:\/\/www.legistdf.gob.ar\/index.php\/wp-json\/wp\/v2\/types\/post"}],"author":[{"embeddable":true,"href":"https:\/\/www.legistdf.gob.ar\/index.php\/wp-json\/wp\/v2\/users\/352"}],"replies":[{"embeddable":true,"href":"https:\/\/www.legistdf.gob.ar\/index.php\/wp-json\/wp\/v2\/comments?post=7018"}],"version-history":[{"count":2,"href":"https:\/\/www.legistdf.gob.ar\/index.php\/wp-json\/wp\/v2\/posts\/7018\/revisions"}],"predecessor-version":[{"id":7028,"href":"https:\/\/www.legistdf.gob.ar\/index.php\/wp-json\/wp\/v2\/posts\/7018\/revisions\/7028"}],"wp:featuredmedia":[{"embeddable":true,"href":"https:\/\/www.legistdf.gob.ar\/index.php\/wp-json\/wp\/v2\/media\/7022"}],"wp:attachment":[{"href":"https:\/\/www.legistdf.gob.ar\/index.php\/wp-json\/wp\/v2\/media?parent=7018"}],"wp:term":[{"taxonomy":"category","embeddable":true,"href":"https:\/\/www.legistdf.gob.ar\/index.php\/wp-json\/wp\/v2\/categories?post=7018"},{"taxonomy":"post_tag","embeddable":true,"href":"https:\/\/www.legistdf.gob.ar\/index.php\/wp-json\/wp\/v2\/tags?post=7018"}],"curies":[{"name":"wp","href":"https:\/\/api.w.org\/{rel}","templated":true}]}}