{"id":7331,"date":"2018-05-09T15:17:09","date_gmt":"2018-05-09T18:17:09","guid":{"rendered":"http:\/\/www.legistdf.gob.ar\/?p=7331"},"modified":"2018-05-10T09:26:08","modified_gmt":"2018-05-10T12:26:08","slug":"salud-arcando-visito-el-centro-de-salud-n-3-de-ushuaia","status":"publish","type":"post","link":"https:\/\/www.legistdf.gob.ar\/index.php\/2018\/05\/09\/salud-arcando-visito-el-centro-de-salud-n-3-de-ushuaia\/","title":{"rendered":"SALUD: Arcando visit\u00f3 el Centro de Salud N\u00b0 3 de Ushuaia"},"content":{"rendered":"<p><strong>Ushuaia, mi\u00e9rcoles 9 de mayo de 2018.- El vicegobernador Juan Carlos Arcando, visit\u00f3 hoy el Centro de Atenci\u00f3n Primaria de la Salud (CAPS) N\u00b0 3, del barrio Los Calafates. El Presidente del Parlamento fue recibido por la Dra. Silvina Gonz\u00e1lez, m\u00e9dica de familia a cargo de la Direcci\u00f3n General de Atenci\u00f3n Primaria de Salud zona sur, y la subsecretaria de Atenci\u00f3n Primaria de la Salud (APS) Laura Gim\u00e9nez. \u201cQuiero destacar el trabajo que, d\u00eda a d\u00eda, realizan los agentes de este Centro de Salud, atendiendo a la comunidad\u201d, dijo Arcando.<\/strong><\/p>\n<p><strong>\u00a0<\/strong><\/p>\n<p>En su visita, el titular del Parlamento hizo entrega a las responsables y a los trabajadores del lugar, de una bandera nacional y una provincial, para ser colocadas en los m\u00e1stiles externos del edificio. Asimismo, invitado por el personal, recorri\u00f3 los distintos consultorios y se interioriz\u00f3 de la tarea que realizan los profesionales de la salud en ese CAPS.<\/p>\n<p>&nbsp;<\/p>\n<p>\u201cQuiero destacar el trabajo que, d\u00eda a d\u00eda, realizan los agentes de este Centro de Salud, atendiendo a la comunidad de Ushuaia\u201d, remarc\u00f3 Arcando. Destac\u00f3 tambi\u00e9n, el esmero que ponen los trabajadores para atender las necesidades tanto de los vecinos m\u00e1s peque\u00f1os, como de las personas mayores que concurren diariamente. \u201cEsto demuestra la importancia que tiene que, por ejemplo, el servicio de enfermer\u00eda funcione de lunes a viernes de 8 a 20 horas, tanto para controles rutinarios, como para prevenci\u00f3n de la salud o campa\u00f1as de vacunaci\u00f3n, entre otras\u201d, ejemplific\u00f3.<\/p>\n<p>&nbsp;<\/p>\n<p>En di\u00e1logo con Prensa Legislativa, la Dra. Gonz\u00e1lez explic\u00f3 que \u201cen los Centros de Salud se lleva a cabo un trabajo de medicina preventiva\u201d. Detall\u00f3 que hay \u201cm\u00e9dicos generalistas, pediatras, odontolog\u00eda, oftalmolog\u00eda, enfermer\u00eda, que atienden de 8 a 20 horas, fonoaudiolog\u00eda, nutricionistas\u201d.<\/p>\n<p>&nbsp;<\/p>\n<p>En particular, en el CAPS 3 \u201chay un d\u00eda que atienden especialistas en diabetes, ya que en este Centro se comparte el espacio con profesionales del Hospital Regional, como es el caso tambi\u00e9n del servicio de rehabilitaci\u00f3n, que antes funcionaba en el Hospital Naval\u201d, explic\u00f3.<\/p>\n<p>&nbsp;<\/p>\n<p>El edificio, que fue inaugurado en junio de 2015, se encuentra en un \u00e1rea de influencia de unas 2.500 viviendas y unos 10.000 vecinos. Tiene \u201cuna importante afluencia de pacientes, ya que con el nuevo sistema de gesti\u00f3n de turnos digitalizado, es m\u00e1s f\u00e1cil para cada persona gestionarlo de forma directa\u201d, asegur\u00f3 Gonz\u00e1lez.<\/p>\n<p>&nbsp;<\/p>\n<p>Galer\u00eda:\u00a0<a href=\"https:\/\/flic.kr\/s\/aHsmkhYiLr\">https:\/\/flic.kr\/s\/aHsmkhYiLr<\/a><\/p>\n<p><img loading=\"lazy\" decoding=\"async\" data-attachment-id=\"7332\" data-permalink=\"https:\/\/www.legistdf.gob.ar\/index.php\/2018\/05\/09\/salud-arcando-visito-el-centro-de-salud-n-3-de-ushuaia\/img_1205\/\" data-orig-file=\"https:\/\/www.legistdf.gob.ar\/wp-content\/uploads\/2018\/05\/IMG_1205.jpg\" data-orig-size=\"1000,667\" data-comments-opened=\"0\" data-image-meta=\"{&quot;aperture&quot;:&quot;8&quot;,&quot;credit&quot;:&quot;&quot;,&quot;camera&quot;:&quot;Canon EOS 6D&quot;,&quot;caption&quot;:&quot;&quot;,&quot;created_timestamp&quot;:&quot;1525844165&quot;,&quot;copyright&quot;:&quot;&quot;,&quot;focal_length&quot;:&quot;24&quot;,&quot;iso&quot;:&quot;250&quot;,&quot;shutter_speed&quot;:&quot;0.005&quot;,&quot;title&quot;:&quot;&quot;,&quot;orientation&quot;:&quot;0&quot;}\" data-image-title=\"IMG_1205\" data-image-description=\"\" data-image-caption=\"\" data-medium-file=\"https:\/\/www.legistdf.gob.ar\/wp-content\/uploads\/2018\/05\/IMG_1205-300x200.jpg\" data-large-file=\"https:\/\/www.legistdf.gob.ar\/wp-content\/uploads\/2018\/05\/IMG_1205.jpg\" class=\"alignnone size-medium wp-image-7332\" src=\"http:\/\/www.legistdf.gob.ar\/wp-content\/uploads\/2018\/05\/IMG_1205-300x200.jpg\" alt=\"\" width=\"300\" height=\"200\" srcset=\"https:\/\/www.legistdf.gob.ar\/wp-content\/uploads\/2018\/05\/IMG_1205-300x200.jpg 300w, https:\/\/www.legistdf.gob.ar\/wp-content\/uploads\/2018\/05\/IMG_1205-768x512.jpg 768w, https:\/\/www.legistdf.gob.ar\/wp-content\/uploads\/2018\/05\/IMG_1205-160x107.jpg 160w, https:\/\/www.legistdf.gob.ar\/wp-content\/uploads\/2018\/05\/IMG_1205.jpg 1000w\" sizes=\"(max-width: 300px) 100vw, 300px\" \/> <img loading=\"lazy\" decoding=\"async\" data-attachment-id=\"7333\" data-permalink=\"https:\/\/www.legistdf.gob.ar\/index.php\/2018\/05\/09\/salud-arcando-visito-el-centro-de-salud-n-3-de-ushuaia\/img_1206\/\" data-orig-file=\"https:\/\/www.legistdf.gob.ar\/wp-content\/uploads\/2018\/05\/IMG_1206.jpg\" data-orig-size=\"1000,667\" data-comments-opened=\"0\" data-image-meta=\"{&quot;aperture&quot;:&quot;16&quot;,&quot;credit&quot;:&quot;&quot;,&quot;camera&quot;:&quot;Canon EOS 6D&quot;,&quot;caption&quot;:&quot;&quot;,&quot;created_timestamp&quot;:&quot;1525844274&quot;,&quot;copyright&quot;:&quot;&quot;,&quot;focal_length&quot;:&quot;24&quot;,&quot;iso&quot;:&quot;250&quot;,&quot;shutter_speed&quot;:&quot;0.005&quot;,&quot;title&quot;:&quot;&quot;,&quot;orientation&quot;:&quot;0&quot;}\" data-image-title=\"IMG_1206\" data-image-description=\"\" data-image-caption=\"\" data-medium-file=\"https:\/\/www.legistdf.gob.ar\/wp-content\/uploads\/2018\/05\/IMG_1206-300x200.jpg\" data-large-file=\"https:\/\/www.legistdf.gob.ar\/wp-content\/uploads\/2018\/05\/IMG_1206.jpg\" class=\"alignnone size-medium wp-image-7333\" src=\"http:\/\/www.legistdf.gob.ar\/wp-content\/uploads\/2018\/05\/IMG_1206-300x200.jpg\" alt=\"\" width=\"300\" height=\"200\" srcset=\"https:\/\/www.legistdf.gob.ar\/wp-content\/uploads\/2018\/05\/IMG_1206-300x200.jpg 300w, https:\/\/www.legistdf.gob.ar\/wp-content\/uploads\/2018\/05\/IMG_1206-768x512.jpg 768w, https:\/\/www.legistdf.gob.ar\/wp-content\/uploads\/2018\/05\/IMG_1206-160x107.jpg 160w, https:\/\/www.legistdf.gob.ar\/wp-content\/uploads\/2018\/05\/IMG_1206.jpg 1000w\" sizes=\"(max-width: 300px) 100vw, 300px\" \/> <img loading=\"lazy\" decoding=\"async\" data-attachment-id=\"7334\" data-permalink=\"https:\/\/www.legistdf.gob.ar\/index.php\/2018\/05\/09\/salud-arcando-visito-el-centro-de-salud-n-3-de-ushuaia\/img_1211\/\" data-orig-file=\"https:\/\/www.legistdf.gob.ar\/wp-content\/uploads\/2018\/05\/IMG_1211.jpg\" data-orig-size=\"1000,667\" data-comments-opened=\"0\" data-image-meta=\"{&quot;aperture&quot;:&quot;7.1&quot;,&quot;credit&quot;:&quot;&quot;,&quot;camera&quot;:&quot;Canon EOS 6D&quot;,&quot;caption&quot;:&quot;&quot;,&quot;created_timestamp&quot;:&quot;1525845883&quot;,&quot;copyright&quot;:&quot;&quot;,&quot;focal_length&quot;:&quot;28&quot;,&quot;iso&quot;:&quot;800&quot;,&quot;shutter_speed&quot;:&quot;0.005&quot;,&quot;title&quot;:&quot;&quot;,&quot;orientation&quot;:&quot;0&quot;}\" data-image-title=\"IMG_1211\" data-image-description=\"\" data-image-caption=\"\" data-medium-file=\"https:\/\/www.legistdf.gob.ar\/wp-content\/uploads\/2018\/05\/IMG_1211-300x200.jpg\" data-large-file=\"https:\/\/www.legistdf.gob.ar\/wp-content\/uploads\/2018\/05\/IMG_1211.jpg\" class=\"alignnone size-medium wp-image-7334\" src=\"http:\/\/www.legistdf.gob.ar\/wp-content\/uploads\/2018\/05\/IMG_1211-300x200.jpg\" alt=\"\" width=\"300\" height=\"200\" srcset=\"https:\/\/www.legistdf.gob.ar\/wp-content\/uploads\/2018\/05\/IMG_1211-300x200.jpg 300w, https:\/\/www.legistdf.gob.ar\/wp-content\/uploads\/2018\/05\/IMG_1211-768x512.jpg 768w, https:\/\/www.legistdf.gob.ar\/wp-content\/uploads\/2018\/05\/IMG_1211-160x107.jpg 160w, https:\/\/www.legistdf.gob.ar\/wp-content\/uploads\/2018\/05\/IMG_1211.jpg 1000w\" sizes=\"(max-width: 300px) 100vw, 300px\" \/> <img loading=\"lazy\" decoding=\"async\" data-attachment-id=\"7335\" data-permalink=\"https:\/\/www.legistdf.gob.ar\/index.php\/2018\/05\/09\/salud-arcando-visito-el-centro-de-salud-n-3-de-ushuaia\/img_1216\/\" data-orig-file=\"https:\/\/www.legistdf.gob.ar\/wp-content\/uploads\/2018\/05\/IMG_1216.jpg\" data-orig-size=\"1000,697\" data-comments-opened=\"0\" data-image-meta=\"{&quot;aperture&quot;:&quot;8&quot;,&quot;credit&quot;:&quot;&quot;,&quot;camera&quot;:&quot;Canon EOS 6D&quot;,&quot;caption&quot;:&quot;&quot;,&quot;created_timestamp&quot;:&quot;1525845933&quot;,&quot;copyright&quot;:&quot;&quot;,&quot;focal_length&quot;:&quot;28&quot;,&quot;iso&quot;:&quot;1000&quot;,&quot;shutter_speed&quot;:&quot;0.033333333333333&quot;,&quot;title&quot;:&quot;&quot;,&quot;orientation&quot;:&quot;0&quot;}\" data-image-title=\"IMG_1216\" data-image-description=\"\" data-image-caption=\"\" data-medium-file=\"https:\/\/www.legistdf.gob.ar\/wp-content\/uploads\/2018\/05\/IMG_1216-300x209.jpg\" data-large-file=\"https:\/\/www.legistdf.gob.ar\/wp-content\/uploads\/2018\/05\/IMG_1216.jpg\" class=\"alignnone size-medium wp-image-7335\" src=\"http:\/\/www.legistdf.gob.ar\/wp-content\/uploads\/2018\/05\/IMG_1216-300x209.jpg\" alt=\"\" width=\"300\" height=\"209\" srcset=\"https:\/\/www.legistdf.gob.ar\/wp-content\/uploads\/2018\/05\/IMG_1216-300x209.jpg 300w, https:\/\/www.legistdf.gob.ar\/wp-content\/uploads\/2018\/05\/IMG_1216-768x535.jpg 768w, https:\/\/www.legistdf.gob.ar\/wp-content\/uploads\/2018\/05\/IMG_1216-160x112.jpg 160w, https:\/\/www.legistdf.gob.ar\/wp-content\/uploads\/2018\/05\/IMG_1216.jpg 1000w\" sizes=\"(max-width: 300px) 100vw, 300px\" \/> <img loading=\"lazy\" decoding=\"async\" data-attachment-id=\"7336\" data-permalink=\"https:\/\/www.legistdf.gob.ar\/index.php\/2018\/05\/09\/salud-arcando-visito-el-centro-de-salud-n-3-de-ushuaia\/img_1220\/\" data-orig-file=\"https:\/\/www.legistdf.gob.ar\/wp-content\/uploads\/2018\/05\/IMG_1220.jpg\" data-orig-size=\"1000,667\" data-comments-opened=\"0\" data-image-meta=\"{&quot;aperture&quot;:&quot;18&quot;,&quot;credit&quot;:&quot;&quot;,&quot;camera&quot;:&quot;Canon EOS 6D&quot;,&quot;caption&quot;:&quot;&quot;,&quot;created_timestamp&quot;:&quot;1525846017&quot;,&quot;copyright&quot;:&quot;&quot;,&quot;focal_length&quot;:&quot;28&quot;,&quot;iso&quot;:&quot;1000&quot;,&quot;shutter_speed&quot;:&quot;0.033333333333333&quot;,&quot;title&quot;:&quot;&quot;,&quot;orientation&quot;:&quot;0&quot;}\" data-image-title=\"IMG_1220\" data-image-description=\"\" data-image-caption=\"\" data-medium-file=\"https:\/\/www.legistdf.gob.ar\/wp-content\/uploads\/2018\/05\/IMG_1220-300x200.jpg\" data-large-file=\"https:\/\/www.legistdf.gob.ar\/wp-content\/uploads\/2018\/05\/IMG_1220.jpg\" class=\"alignnone size-medium wp-image-7336\" src=\"http:\/\/www.legistdf.gob.ar\/wp-content\/uploads\/2018\/05\/IMG_1220-300x200.jpg\" alt=\"\" width=\"300\" height=\"200\" srcset=\"https:\/\/www.legistdf.gob.ar\/wp-content\/uploads\/2018\/05\/IMG_1220-300x200.jpg 300w, https:\/\/www.legistdf.gob.ar\/wp-content\/uploads\/2018\/05\/IMG_1220-768x512.jpg 768w, https:\/\/www.legistdf.gob.ar\/wp-content\/uploads\/2018\/05\/IMG_1220-160x107.jpg 160w, https:\/\/www.legistdf.gob.ar\/wp-content\/uploads\/2018\/05\/IMG_1220.jpg 1000w\" sizes=\"(max-width: 300px) 100vw, 300px\" \/> <img loading=\"lazy\" decoding=\"async\" data-attachment-id=\"7337\" data-permalink=\"https:\/\/www.legistdf.gob.ar\/index.php\/2018\/05\/09\/salud-arcando-visito-el-centro-de-salud-n-3-de-ushuaia\/img_1231\/\" data-orig-file=\"https:\/\/www.legistdf.gob.ar\/wp-content\/uploads\/2018\/05\/IMG_1231.jpg\" data-orig-size=\"1000,667\" data-comments-opened=\"0\" data-image-meta=\"{&quot;aperture&quot;:&quot;16&quot;,&quot;credit&quot;:&quot;&quot;,&quot;camera&quot;:&quot;Canon EOS 6D&quot;,&quot;caption&quot;:&quot;&quot;,&quot;created_timestamp&quot;:&quot;1525847364&quot;,&quot;copyright&quot;:&quot;&quot;,&quot;focal_length&quot;:&quot;31&quot;,&quot;iso&quot;:&quot;500&quot;,&quot;shutter_speed&quot;:&quot;0.066666666666667&quot;,&quot;title&quot;:&quot;&quot;,&quot;orientation&quot;:&quot;0&quot;}\" data-image-title=\"IMG_1231\" data-image-description=\"\" data-image-caption=\"\" data-medium-file=\"https:\/\/www.legistdf.gob.ar\/wp-content\/uploads\/2018\/05\/IMG_1231-300x200.jpg\" data-large-file=\"https:\/\/www.legistdf.gob.ar\/wp-content\/uploads\/2018\/05\/IMG_1231.jpg\" class=\"alignnone size-medium wp-image-7337\" src=\"http:\/\/www.legistdf.gob.ar\/wp-content\/uploads\/2018\/05\/IMG_1231-300x200.jpg\" alt=\"\" width=\"300\" height=\"200\" srcset=\"https:\/\/www.legistdf.gob.ar\/wp-content\/uploads\/2018\/05\/IMG_1231-300x200.jpg 300w, https:\/\/www.legistdf.gob.ar\/wp-content\/uploads\/2018\/05\/IMG_1231-768x512.jpg 768w, https:\/\/www.legistdf.gob.ar\/wp-content\/uploads\/2018\/05\/IMG_1231-160x107.jpg 160w, https:\/\/www.legistdf.gob.ar\/wp-content\/uploads\/2018\/05\/IMG_1231.jpg 1000w\" sizes=\"(max-width: 300px) 100vw, 300px\" \/><\/p>\n","protected":false},"excerpt":{"rendered":"<p>Ushuaia, mi\u00e9rcoles 9 de mayo de 2018.- El vicegobernador Juan Carlos Arcando, visit\u00f3 hoy el Centro de Atenci\u00f3n Primaria de la Salud (CAPS) N\u00b0 3, del barrio Los Calafates. El Presidente del Parlamento fue recibido por la Dra. Silvina Gonz\u00e1lez, m\u00e9dica de familia a cargo de la Direcci\u00f3n General de Atenci\u00f3n Primaria de Salud zona [&hellip;]<\/p>\n","protected":false},"author":352,"featured_media":7332,"comment_status":"closed","ping_status":"open","sticky":false,"template":"","format":"standard","meta":{"jetpack_post_was_ever_published":false,"_jetpack_newsletter_access":"","_jetpack_dont_email_post_to_subs":false,"_jetpack_newsletter_tier_id":0,"footnotes":"","jetpack_publicize_message":"","jetpack_publicize_feature_enabled":true,"jetpack_social_post_already_shared":true,"jetpack_social_options":{"image_generator_settings":{"template":"highway","enabled":false}}},"categories":[1],"tags":[99,156,157,48,87],"jetpack_publicize_connections":[],"jetpack_sharing_enabled":true,"jetpack_featured_media_url":"https:\/\/www.legistdf.gob.ar\/wp-content\/uploads\/2018\/05\/IMG_1205.jpg","jetpack-related-posts":[],"_links":{"self":[{"href":"https:\/\/www.legistdf.gob.ar\/index.php\/wp-json\/wp\/v2\/posts\/7331"}],"collection":[{"href":"https:\/\/www.legistdf.gob.ar\/index.php\/wp-json\/wp\/v2\/posts"}],"about":[{"href":"https:\/\/www.legistdf.gob.ar\/index.php\/wp-json\/wp\/v2\/types\/post"}],"author":[{"embeddable":true,"href":"https:\/\/www.legistdf.gob.ar\/index.php\/wp-json\/wp\/v2\/users\/352"}],"replies":[{"embeddable":true,"href":"https:\/\/www.legistdf.gob.ar\/index.php\/wp-json\/wp\/v2\/comments?post=7331"}],"version-history":[{"count":4,"href":"https:\/\/www.legistdf.gob.ar\/index.php\/wp-json\/wp\/v2\/posts\/7331\/revisions"}],"predecessor-version":[{"id":7358,"href":"https:\/\/www.legistdf.gob.ar\/index.php\/wp-json\/wp\/v2\/posts\/7331\/revisions\/7358"}],"wp:featuredmedia":[{"embeddable":true,"href":"https:\/\/www.legistdf.gob.ar\/index.php\/wp-json\/wp\/v2\/media\/7332"}],"wp:attachment":[{"href":"https:\/\/www.legistdf.gob.ar\/index.php\/wp-json\/wp\/v2\/media?parent=7331"}],"wp:term":[{"taxonomy":"category","embeddable":true,"href":"https:\/\/www.legistdf.gob.ar\/index.php\/wp-json\/wp\/v2\/categories?post=7331"},{"taxonomy":"post_tag","embeddable":true,"href":"https:\/\/www.legistdf.gob.ar\/index.php\/wp-json\/wp\/v2\/tags?post=7331"}],"curies":[{"name":"wp","href":"https:\/\/api.w.org\/{rel}","templated":true}]}}