{"id":7362,"date":"2018-05-10T18:30:43","date_gmt":"2018-05-10T21:30:43","guid":{"rendered":"http:\/\/www.legistdf.gob.ar\/?p=7362"},"modified":"2018-05-10T18:30:43","modified_gmt":"2018-05-10T21:30:43","slug":"legislatura-comision-1-convocara-a-partidos-politicos-por-reformas","status":"publish","type":"post","link":"https:\/\/www.legistdf.gob.ar\/index.php\/2018\/05\/10\/legislatura-comision-1-convocara-a-partidos-politicos-por-reformas\/","title":{"rendered":"LEGISLATURA: Comisi\u00f3n 1 convocar\u00e1 a partidos pol\u00edticos por reformas"},"content":{"rendered":"<p><strong>Ushuaia, jueves 10 de mayo de 2018.- El debate por la reforma constitucional, electoral y pol\u00edtica protagoniz\u00f3 los encuentros de la Comisi\u00f3n que preside Myriam Mart\u00ednez (FPV \u2013 PJ). La Legisladora junto a sus pares, dieron lugar a numerosas voces que expusieron su parecer respecto de los asuntos presentados por el Ejecutivo y distintos bloques pol\u00edticos. La semana arroja \u201cun balance positivo\u201d, dijo a Prensa Legislativa y lo lig\u00f3 a la \u201cmasiva participaci\u00f3n\u201d de distintos sectores. Se avecina la convocatoria a referentes de fuerzas partidarias en el an\u00e1lisis.<\/strong><\/p>\n<p>&nbsp;<\/p>\n<p>Dijo que se expusieron \u201cmuchas dudas y consultas\u201d y puso en valor los encuentros con Intendentes, miembros de la justicia electoral y Concejales. En este sentido, asumi\u00f3 que la condici\u00f3n de garantizar el voto secreto, es el t\u00f3pico m\u00e1s abordado junto a \u201clos tiempos para llegar a la pr\u00f3xima elecci\u00f3n; boleta \u00fanica o el voto electr\u00f3nico mediante soporte papel\u201d, enumer\u00f3.<\/p>\n<p>&nbsp;<\/p>\n<p>Consider\u00f3 que la preocupaci\u00f3n de los expositores, est\u00e1 relacionada con la aplicaci\u00f3n del sistema electr\u00f3nico. Adelant\u00f3, que se espera generar una convocatoria \u201camplia y contar con una simulaci\u00f3n\u201d sobre la instrumentaci\u00f3n de la urna electr\u00f3nica y conocer las voces \u201cde expertos que est\u00e9n a favor y en contra\u201d. En este punto, se esperanz\u00f3 en que, no solo la clase pol\u00edtica despeje dudas sino tambi\u00e9n, \u201clos vecinos puedan tener contacto con esta herramienta\u201d.<\/p>\n<p>&nbsp;<\/p>\n<p>Respecto de la propuesta de reforma de la Ley de Partidos Pol\u00edticos, Mart\u00ednez entendi\u00f3 que hay consenso entre todas las fuerzas. \u201cLa Ley se tiene que modificar\u201d, dijo. No sucede del mismo modo con la implementaci\u00f3n de las Primarias Abiertas Simultaneas y Obligatorias (PASO), \u201cah\u00ed tenemos muchas disidencias\u201d dijo a la prensa acreditada, aunque no dud\u00f3 en considerar la situaci\u00f3n como \u201cuna buena oportunidad\u201d.<\/p>\n<p>&nbsp;<\/p>\n<p>\u201cLa semana pr\u00f3xima citar\u00edamos a los partidos pol\u00edticos\u201d, adelant\u00f3 y luego prev\u00e9n la convocatoria a expertos con urnas electr\u00f3nicas para que ejemplifiquen con una simulaci\u00f3n, el funcionamiento del sistema. En este sentido, aleg\u00f3 que \u201ces muy diferente el informe te\u00f3rico del Consejo Nacional de Investigaciones Cient\u00edficas y T\u00e9cnicas (CONICET)\u00a0\u201ca la pr\u00e1ctica real de lo que significa votar con una urna electr\u00f3nica\u201d, concluy\u00f3.<\/p>\n<p>&nbsp;<\/p>\n<p>Galer\u00edas:\u00a0<a href=\"https:\/\/flic.kr\/s\/aHsmkhzJcM\">https:\/\/flic.kr\/s\/aHsmkhzJcM<\/a><\/p>\n<p><a href=\"https:\/\/flic.kr\/s\/aHskxPzsEi\">https:\/\/flic.kr\/s\/aHskxPzsEi<\/a><\/p>\n<p><a href=\"https:\/\/flic.kr\/s\/aHsmkkUVYg\">https:\/\/flic.kr\/s\/aHsmkkUVYg<\/a><\/p>\n<p><a href=\"https:\/\/flic.kr\/s\/aHsmjnjcfo\">https:\/\/flic.kr\/s\/aHsmjnjcfo<\/a><\/p>\n\n\t\t<style type=\"text\/css\">\n\t\t\t#gallery-1 {\n\t\t\t\tmargin: auto;\n\t\t\t}\n\t\t\t#gallery-1 .gallery-item {\n\t\t\t\tfloat: left;\n\t\t\t\tmargin-top: 10px;\n\t\t\t\ttext-align: center;\n\t\t\t\twidth: 33%;\n\t\t\t}\n\t\t\t#gallery-1 img {\n\t\t\t\tborder: 2px solid #cfcfcf;\n\t\t\t}\n\t\t\t#gallery-1 .gallery-caption {\n\t\t\t\tmargin-left: 0;\n\t\t\t}\n\t\t\t\/* see gallery_shortcode() in wp-includes\/media.php *\/\n\t\t<\/style>\n\t\t<div data-carousel-extra='{\"blog_id\":1,\"permalink\":\"https:\\\/\\\/www.legistdf.gob.ar\\\/index.php\\\/2018\\\/05\\\/10\\\/legislatura-comision-1-convocara-a-partidos-politicos-por-reformas\\\/\"}' id='gallery-1' class='gallery galleryid-7362 gallery-columns-3 gallery-size-thumbnail'><dl class='gallery-item'>\n\t\t\t<dt class='gallery-icon landscape'>\n\t\t\t\t<a href='https:\/\/www.legistdf.gob.ar\/index.php\/2018\/05\/10\/legislatura-comision-1-convocara-a-partidos-politicos-por-reformas\/img_1328\/'><img loading=\"lazy\" decoding=\"async\" width=\"150\" height=\"150\" src=\"https:\/\/www.legistdf.gob.ar\/wp-content\/uploads\/2018\/05\/IMG_1328-150x150.jpg\" class=\"attachment-thumbnail size-thumbnail\" alt=\"\" srcset=\"https:\/\/www.legistdf.gob.ar\/wp-content\/uploads\/2018\/05\/IMG_1328-150x150.jpg 150w, https:\/\/www.legistdf.gob.ar\/wp-content\/uploads\/2018\/05\/IMG_1328-64x64.jpg 64w\" sizes=\"(max-width: 150px) 100vw, 150px\" data-attachment-id=\"7363\" data-permalink=\"https:\/\/www.legistdf.gob.ar\/index.php\/2018\/05\/10\/legislatura-comision-1-convocara-a-partidos-politicos-por-reformas\/img_1328\/\" data-orig-file=\"https:\/\/www.legistdf.gob.ar\/wp-content\/uploads\/2018\/05\/IMG_1328.jpg\" data-orig-size=\"1000,667\" data-comments-opened=\"0\" data-image-meta=\"{&quot;aperture&quot;:&quot;0&quot;,&quot;credit&quot;:&quot;&quot;,&quot;camera&quot;:&quot;&quot;,&quot;caption&quot;:&quot;&quot;,&quot;created_timestamp&quot;:&quot;1525926119&quot;,&quot;copyright&quot;:&quot;&quot;,&quot;focal_length&quot;:&quot;0&quot;,&quot;iso&quot;:&quot;0&quot;,&quot;shutter_speed&quot;:&quot;0&quot;,&quot;title&quot;:&quot;&quot;,&quot;orientation&quot;:&quot;1&quot;}\" data-image-title=\"IMG_1328\" data-image-description=\"\" data-image-caption=\"\" data-medium-file=\"https:\/\/www.legistdf.gob.ar\/wp-content\/uploads\/2018\/05\/IMG_1328-300x200.jpg\" data-large-file=\"https:\/\/www.legistdf.gob.ar\/wp-content\/uploads\/2018\/05\/IMG_1328.jpg\" \/><\/a>\n\t\t\t<\/dt><\/dl><dl class='gallery-item'>\n\t\t\t<dt class='gallery-icon landscape'>\n\t\t\t\t<a href='https:\/\/www.legistdf.gob.ar\/index.php\/2018\/05\/10\/legislatura-comision-1-convocara-a-partidos-politicos-por-reformas\/img_1400\/'><img loading=\"lazy\" decoding=\"async\" width=\"150\" height=\"150\" src=\"https:\/\/www.legistdf.gob.ar\/wp-content\/uploads\/2018\/05\/IMG_1400-150x150.jpg\" class=\"attachment-thumbnail size-thumbnail\" alt=\"\" srcset=\"https:\/\/www.legistdf.gob.ar\/wp-content\/uploads\/2018\/05\/IMG_1400-150x150.jpg 150w, https:\/\/www.legistdf.gob.ar\/wp-content\/uploads\/2018\/05\/IMG_1400-64x64.jpg 64w\" sizes=\"(max-width: 150px) 100vw, 150px\" data-attachment-id=\"7364\" data-permalink=\"https:\/\/www.legistdf.gob.ar\/index.php\/2018\/05\/10\/legislatura-comision-1-convocara-a-partidos-politicos-por-reformas\/img_1400\/\" data-orig-file=\"https:\/\/www.legistdf.gob.ar\/wp-content\/uploads\/2018\/05\/IMG_1400.jpg\" data-orig-size=\"1000,667\" data-comments-opened=\"0\" data-image-meta=\"{&quot;aperture&quot;:&quot;5.6&quot;,&quot;credit&quot;:&quot;&quot;,&quot;camera&quot;:&quot;Canon EOS 6D&quot;,&quot;caption&quot;:&quot;&quot;,&quot;created_timestamp&quot;:&quot;1525940260&quot;,&quot;copyright&quot;:&quot;&quot;,&quot;focal_length&quot;:&quot;70&quot;,&quot;iso&quot;:&quot;320&quot;,&quot;shutter_speed&quot;:&quot;0.016666666666667&quot;,&quot;title&quot;:&quot;&quot;,&quot;orientation&quot;:&quot;0&quot;}\" data-image-title=\"IMG_1400\" data-image-description=\"\" data-image-caption=\"\" data-medium-file=\"https:\/\/www.legistdf.gob.ar\/wp-content\/uploads\/2018\/05\/IMG_1400-300x200.jpg\" data-large-file=\"https:\/\/www.legistdf.gob.ar\/wp-content\/uploads\/2018\/05\/IMG_1400.jpg\" \/><\/a>\n\t\t\t<\/dt><\/dl><dl class='gallery-item'>\n\t\t\t<dt class='gallery-icon landscape'>\n\t\t\t\t<a href='https:\/\/www.legistdf.gob.ar\/index.php\/2018\/05\/10\/legislatura-comision-1-convocara-a-partidos-politicos-por-reformas\/img_1417\/'><img loading=\"lazy\" decoding=\"async\" width=\"150\" height=\"150\" src=\"https:\/\/www.legistdf.gob.ar\/wp-content\/uploads\/2018\/05\/IMG_1417-150x150.jpg\" class=\"attachment-thumbnail size-thumbnail\" alt=\"\" srcset=\"https:\/\/www.legistdf.gob.ar\/wp-content\/uploads\/2018\/05\/IMG_1417-150x150.jpg 150w, https:\/\/www.legistdf.gob.ar\/wp-content\/uploads\/2018\/05\/IMG_1417-64x64.jpg 64w\" sizes=\"(max-width: 150px) 100vw, 150px\" data-attachment-id=\"7365\" data-permalink=\"https:\/\/www.legistdf.gob.ar\/index.php\/2018\/05\/10\/legislatura-comision-1-convocara-a-partidos-politicos-por-reformas\/img_1417\/\" data-orig-file=\"https:\/\/www.legistdf.gob.ar\/wp-content\/uploads\/2018\/05\/IMG_1417.jpg\" data-orig-size=\"1000,667\" data-comments-opened=\"0\" data-image-meta=\"{&quot;aperture&quot;:&quot;5.6&quot;,&quot;credit&quot;:&quot;&quot;,&quot;camera&quot;:&quot;Canon EOS 6D&quot;,&quot;caption&quot;:&quot;&quot;,&quot;created_timestamp&quot;:&quot;1525940864&quot;,&quot;copyright&quot;:&quot;&quot;,&quot;focal_length&quot;:&quot;70&quot;,&quot;iso&quot;:&quot;320&quot;,&quot;shutter_speed&quot;:&quot;0.016666666666667&quot;,&quot;title&quot;:&quot;&quot;,&quot;orientation&quot;:&quot;0&quot;}\" data-image-title=\"IMG_1417\" data-image-description=\"\" data-image-caption=\"\" data-medium-file=\"https:\/\/www.legistdf.gob.ar\/wp-content\/uploads\/2018\/05\/IMG_1417-300x200.jpg\" data-large-file=\"https:\/\/www.legistdf.gob.ar\/wp-content\/uploads\/2018\/05\/IMG_1417.jpg\" \/><\/a>\n\t\t\t<\/dt><\/dl><br style=\"clear: both\" \/><dl class='gallery-item'>\n\t\t\t<dt class='gallery-icon landscape'>\n\t\t\t\t<a href='https:\/\/www.legistdf.gob.ar\/index.php\/2018\/05\/10\/legislatura-comision-1-convocara-a-partidos-politicos-por-reformas\/img_3628\/'><img loading=\"lazy\" decoding=\"async\" width=\"150\" height=\"150\" src=\"https:\/\/www.legistdf.gob.ar\/wp-content\/uploads\/2018\/05\/IMG_3628-150x150.jpg\" class=\"attachment-thumbnail size-thumbnail\" alt=\"\" srcset=\"https:\/\/www.legistdf.gob.ar\/wp-content\/uploads\/2018\/05\/IMG_3628-150x150.jpg 150w, https:\/\/www.legistdf.gob.ar\/wp-content\/uploads\/2018\/05\/IMG_3628-64x64.jpg 64w\" sizes=\"(max-width: 150px) 100vw, 150px\" data-attachment-id=\"7366\" data-permalink=\"https:\/\/www.legistdf.gob.ar\/index.php\/2018\/05\/10\/legislatura-comision-1-convocara-a-partidos-politicos-por-reformas\/img_3628\/\" data-orig-file=\"https:\/\/www.legistdf.gob.ar\/wp-content\/uploads\/2018\/05\/IMG_3628.jpg\" data-orig-size=\"1000,667\" data-comments-opened=\"0\" data-image-meta=\"{&quot;aperture&quot;:&quot;5&quot;,&quot;credit&quot;:&quot;PrensaLegislativa2015&quot;,&quot;camera&quot;:&quot;Canon EOS 70D&quot;,&quot;caption&quot;:&quot;&quot;,&quot;created_timestamp&quot;:&quot;1525771641&quot;,&quot;copyright&quot;:&quot;&quot;,&quot;focal_length&quot;:&quot;40&quot;,&quot;iso&quot;:&quot;400&quot;,&quot;shutter_speed&quot;:&quot;0.016666666666667&quot;,&quot;title&quot;:&quot;&quot;,&quot;orientation&quot;:&quot;0&quot;}\" data-image-title=\"IMG_3628\" data-image-description=\"\" data-image-caption=\"\" data-medium-file=\"https:\/\/www.legistdf.gob.ar\/wp-content\/uploads\/2018\/05\/IMG_3628-300x200.jpg\" data-large-file=\"https:\/\/www.legistdf.gob.ar\/wp-content\/uploads\/2018\/05\/IMG_3628.jpg\" \/><\/a>\n\t\t\t<\/dt><\/dl><dl class='gallery-item'>\n\t\t\t<dt class='gallery-icon landscape'>\n\t\t\t\t<a href='https:\/\/www.legistdf.gob.ar\/index.php\/2018\/05\/10\/legislatura-comision-1-convocara-a-partidos-politicos-por-reformas\/img_3685\/'><img loading=\"lazy\" decoding=\"async\" width=\"150\" height=\"150\" src=\"https:\/\/www.legistdf.gob.ar\/wp-content\/uploads\/2018\/05\/IMG_3685-150x150.jpg\" class=\"attachment-thumbnail size-thumbnail\" alt=\"\" srcset=\"https:\/\/www.legistdf.gob.ar\/wp-content\/uploads\/2018\/05\/IMG_3685-150x150.jpg 150w, https:\/\/www.legistdf.gob.ar\/wp-content\/uploads\/2018\/05\/IMG_3685-64x64.jpg 64w\" sizes=\"(max-width: 150px) 100vw, 150px\" data-attachment-id=\"7367\" data-permalink=\"https:\/\/www.legistdf.gob.ar\/index.php\/2018\/05\/10\/legislatura-comision-1-convocara-a-partidos-politicos-por-reformas\/img_3685\/\" data-orig-file=\"https:\/\/www.legistdf.gob.ar\/wp-content\/uploads\/2018\/05\/IMG_3685.jpg\" data-orig-size=\"1000,667\" data-comments-opened=\"0\" data-image-meta=\"{&quot;aperture&quot;:&quot;3.5&quot;,&quot;credit&quot;:&quot;PrensaLegislativa2015&quot;,&quot;camera&quot;:&quot;Canon EOS 70D&quot;,&quot;caption&quot;:&quot;&quot;,&quot;created_timestamp&quot;:&quot;1525854033&quot;,&quot;copyright&quot;:&quot;&quot;,&quot;focal_length&quot;:&quot;11&quot;,&quot;iso&quot;:&quot;1000&quot;,&quot;shutter_speed&quot;:&quot;0.005&quot;,&quot;title&quot;:&quot;&quot;,&quot;orientation&quot;:&quot;0&quot;}\" data-image-title=\"IMG_3685\" data-image-description=\"\" data-image-caption=\"\" data-medium-file=\"https:\/\/www.legistdf.gob.ar\/wp-content\/uploads\/2018\/05\/IMG_3685-300x200.jpg\" data-large-file=\"https:\/\/www.legistdf.gob.ar\/wp-content\/uploads\/2018\/05\/IMG_3685.jpg\" \/><\/a>\n\t\t\t<\/dt><\/dl>\n\t\t\t<br style='clear: both' \/>\n\t\t<\/div>\n\n","protected":false},"excerpt":{"rendered":"<p>Ushuaia, jueves 10 de mayo de 2018.- El debate por la reforma constitucional, electoral y pol\u00edtica protagoniz\u00f3 los encuentros de la Comisi\u00f3n que preside Myriam Mart\u00ednez (FPV \u2013 PJ). La Legisladora junto a sus pares, dieron lugar a numerosas voces que expusieron su parecer respecto de los asuntos presentados por el Ejecutivo y distintos bloques [&hellip;]<\/p>\n","protected":false},"author":352,"featured_media":7365,"comment_status":"closed","ping_status":"open","sticky":false,"template":"","format":"standard","meta":{"jetpack_post_was_ever_published":false,"_jetpack_newsletter_access":"","_jetpack_dont_email_post_to_subs":false,"_jetpack_newsletter_tier_id":0,"footnotes":"","jetpack_publicize_message":"","jetpack_publicize_feature_enabled":true,"jetpack_social_post_already_shared":true,"jetpack_social_options":{"image_generator_settings":{"template":"highway","enabled":false}}},"categories":[1],"tags":[84,130,82,153,87,159],"jetpack_publicize_connections":[],"jetpack_sharing_enabled":true,"jetpack_featured_media_url":"https:\/\/www.legistdf.gob.ar\/wp-content\/uploads\/2018\/05\/IMG_1417.jpg","jetpack-related-posts":[],"_links":{"self":[{"href":"https:\/\/www.legistdf.gob.ar\/index.php\/wp-json\/wp\/v2\/posts\/7362"}],"collection":[{"href":"https:\/\/www.legistdf.gob.ar\/index.php\/wp-json\/wp\/v2\/posts"}],"about":[{"href":"https:\/\/www.legistdf.gob.ar\/index.php\/wp-json\/wp\/v2\/types\/post"}],"author":[{"embeddable":true,"href":"https:\/\/www.legistdf.gob.ar\/index.php\/wp-json\/wp\/v2\/users\/352"}],"replies":[{"embeddable":true,"href":"https:\/\/www.legistdf.gob.ar\/index.php\/wp-json\/wp\/v2\/comments?post=7362"}],"version-history":[{"count":1,"href":"https:\/\/www.legistdf.gob.ar\/index.php\/wp-json\/wp\/v2\/posts\/7362\/revisions"}],"predecessor-version":[{"id":7368,"href":"https:\/\/www.legistdf.gob.ar\/index.php\/wp-json\/wp\/v2\/posts\/7362\/revisions\/7368"}],"wp:featuredmedia":[{"embeddable":true,"href":"https:\/\/www.legistdf.gob.ar\/index.php\/wp-json\/wp\/v2\/media\/7365"}],"wp:attachment":[{"href":"https:\/\/www.legistdf.gob.ar\/index.php\/wp-json\/wp\/v2\/media?parent=7362"}],"wp:term":[{"taxonomy":"category","embeddable":true,"href":"https:\/\/www.legistdf.gob.ar\/index.php\/wp-json\/wp\/v2\/categories?post=7362"},{"taxonomy":"post_tag","embeddable":true,"href":"https:\/\/www.legistdf.gob.ar\/index.php\/wp-json\/wp\/v2\/tags?post=7362"}],"curies":[{"name":"wp","href":"https:\/\/api.w.org\/{rel}","templated":true}]}}