{"id":7374,"date":"2018-05-11T20:43:13","date_gmt":"2018-05-11T23:43:13","guid":{"rendered":"http:\/\/www.legistdf.gob.ar\/?p=7374"},"modified":"2018-05-11T20:43:13","modified_gmt":"2018-05-11T23:43:13","slug":"justicia-el-parlamento-participo-de-la-inauguracion-del-edificio-del-superior-tribunal-en-rio-grande","status":"publish","type":"post","link":"https:\/\/www.legistdf.gob.ar\/index.php\/2018\/05\/11\/justicia-el-parlamento-participo-de-la-inauguracion-del-edificio-del-superior-tribunal-en-rio-grande\/","title":{"rendered":"JUSTICIA: El Parlamento particip\u00f3 de la inauguraci\u00f3n del edificio del Superior Tribunal en R\u00edo Grande"},"content":{"rendered":"<p><strong>R\u00edo Grande, viernes 11 de mayo de 2018.- El Superior Tribunal de Justicia de\u00a0la Provincia\u00a0(STJ) inaugur\u00f3 hoy su nuevo edificio en la ciudad. El acto fue presidido por su\u00a0titular, Dr. Javier Muchnik; la vicepresidenta, Dra. Mar\u00eda del Carmen Battaini, la gobernadora Dra. Rosana Bertone y el Juez Dr. Gonzalo Sagastume. Tambi\u00e9n, participaron los legisladores Federico Bilota, Myriam Mart\u00ednez y Pablo Blanco.<\/strong><\/p>\n<p>&nbsp;<\/p>\n<p>Durante la ceremonia, el Dr. Muchnik resalt\u00f3 la importancia del nuevo edificio ya que \u201cdesde el nacimiento del Poder Judicial, el Superior Tribunal de Justicia nunca tuvo una sede propia en esta ciudad\u201d. De todas formas record\u00f3 que igualmente el alto tribunal se trasladaba, cada vez que era necesario, a la ciudad del norte de\u00a0la Provincia.<\/p>\n<p>&nbsp;<\/p>\n<p>La habilitaci\u00f3n del nuevo espacio judicial \u201cno solamente tiene que ser le\u00edda como una posibilidad de generar lazos m\u00e1s directos e inmediatos con los magistrados y funcionarios, sino que fundamentalmente, lazos m\u00e1s estrechos con la comunidad de R\u00edo Grande\u201d, remarc\u00f3 el Presidente del STJ.<\/p>\n<p>&nbsp;<\/p>\n<p>\u201cQueremos seguir generando contacto directo con la comunidad\u201d dijo el magistrado y record\u00f3 que ese Poder, \u201cdebe acercarse a la comunidad\u201d. En este sentido, se\u00f1al\u00f3 los diversos programas que lo permiten como \u201cla oficina de atenci\u00f3n a la v\u00edctima, y para fortalecer estos programas es fundamental contar con un espacio propio\u201d, cerr\u00f3 Muchnik.<\/p>\n<p>&nbsp;<\/p>\n<p>Luego de finalizada la ceremonia de inauguraci\u00f3n, el legislador Federico Bilota (FPV \u2013 PJ) en di\u00e1logo con Prensa Legislativa, calific\u00f3 como \u201cmuy importante\u201d que el Superior Tribunal de Justicia cuente con un edificio propio. \u201cDesde la constituci\u00f3n del Poder Judicial en la d\u00e9cada del 90, que no ten\u00eda unas instalaciones propias en R\u00edo Grande\u201d, al tiempo que remarc\u00f3 que la sede del m\u00e1ximo tribunal se encuentra en la capital de\u00a0la Provincia.<\/p>\n<p>&nbsp;<\/p>\n<p>\u201cLas autoridades judiciales, plantearon la necesidad de tener m\u00e1s contacto con los Magistrados del distrito judicial norte y obviamente con la comunidad de R\u00edo Grande\u201d. De este modo, Bilota se mostr\u00f3 satisfecho por el objetivo alcanzado desde el Poder Judicial. \u201cEsto va acompa\u00f1ado del crecimiento demogr\u00e1fico de\u00a0la Provincia; con infraestructura, con juzgados y tribunales nuevos\u201d, en relaci\u00f3n a las vacantes cubiertas por el Consejo de\u00a0la Magistratura.<\/p>\n<p>&nbsp;<\/p>\n<p>Finalmente, el Parlamentario se refiri\u00f3 a los concursos que se llevan adelante en el Consejo. Sostuvo que \u201calgunas evaluaciones ya se cerraron y otras est\u00e1n en los procesos de ex\u00e1menes y entrevistas\u201d, cerr\u00f3 Bilota.<\/p>\n<p>&nbsp;<\/p>\n<p>Participaron tambi\u00e9n del evento funcionarios provinciales y judiciales, representantes de las fuerzas armadas y de seguridad, empleados judiciales en actividad y jubilados e invitados especiales.<\/p>\n<p>&nbsp;<\/p>\n\n\t\t<style type=\"text\/css\">\n\t\t\t#gallery-1 {\n\t\t\t\tmargin: auto;\n\t\t\t}\n\t\t\t#gallery-1 .gallery-item {\n\t\t\t\tfloat: left;\n\t\t\t\tmargin-top: 10px;\n\t\t\t\ttext-align: center;\n\t\t\t\twidth: 33%;\n\t\t\t}\n\t\t\t#gallery-1 img {\n\t\t\t\tborder: 2px solid #cfcfcf;\n\t\t\t}\n\t\t\t#gallery-1 .gallery-caption {\n\t\t\t\tmargin-left: 0;\n\t\t\t}\n\t\t\t\/* see gallery_shortcode() in wp-includes\/media.php *\/\n\t\t<\/style>\n\t\t<div data-carousel-extra='{\"blog_id\":1,\"permalink\":\"https:\\\/\\\/www.legistdf.gob.ar\\\/index.php\\\/2018\\\/05\\\/11\\\/justicia-el-parlamento-participo-de-la-inauguracion-del-edificio-del-superior-tribunal-en-rio-grande\\\/\"}' id='gallery-1' class='gallery galleryid-7374 gallery-columns-3 gallery-size-thumbnail'><dl class='gallery-item'>\n\t\t\t<dt class='gallery-icon landscape'>\n\t\t\t\t<a href='https:\/\/www.legistdf.gob.ar\/index.php\/2018\/05\/11\/justicia-el-parlamento-participo-de-la-inauguracion-del-edificio-del-superior-tribunal-en-rio-grande\/img_3797\/'><img loading=\"lazy\" decoding=\"async\" width=\"150\" height=\"150\" src=\"https:\/\/www.legistdf.gob.ar\/wp-content\/uploads\/2018\/05\/IMG_3797-150x150.jpg\" class=\"attachment-thumbnail size-thumbnail\" alt=\"\" srcset=\"https:\/\/www.legistdf.gob.ar\/wp-content\/uploads\/2018\/05\/IMG_3797-150x150.jpg 150w, https:\/\/www.legistdf.gob.ar\/wp-content\/uploads\/2018\/05\/IMG_3797-64x64.jpg 64w\" sizes=\"(max-width: 150px) 100vw, 150px\" data-attachment-id=\"7375\" data-permalink=\"https:\/\/www.legistdf.gob.ar\/index.php\/2018\/05\/11\/justicia-el-parlamento-participo-de-la-inauguracion-del-edificio-del-superior-tribunal-en-rio-grande\/img_3797\/\" data-orig-file=\"https:\/\/www.legistdf.gob.ar\/wp-content\/uploads\/2018\/05\/IMG_3797.jpg\" data-orig-size=\"1000,667\" data-comments-opened=\"0\" data-image-meta=\"{&quot;aperture&quot;:&quot;25&quot;,&quot;credit&quot;:&quot;PrensaLegislativa2015&quot;,&quot;camera&quot;:&quot;Canon EOS 70D&quot;,&quot;caption&quot;:&quot;&quot;,&quot;created_timestamp&quot;:&quot;1526025515&quot;,&quot;copyright&quot;:&quot;&quot;,&quot;focal_length&quot;:&quot;14&quot;,&quot;iso&quot;:&quot;400&quot;,&quot;shutter_speed&quot;:&quot;0.00625&quot;,&quot;title&quot;:&quot;&quot;,&quot;orientation&quot;:&quot;0&quot;}\" data-image-title=\"IMG_3797\" data-image-description=\"\" data-image-caption=\"\" data-medium-file=\"https:\/\/www.legistdf.gob.ar\/wp-content\/uploads\/2018\/05\/IMG_3797-300x200.jpg\" data-large-file=\"https:\/\/www.legistdf.gob.ar\/wp-content\/uploads\/2018\/05\/IMG_3797.jpg\" \/><\/a>\n\t\t\t<\/dt><\/dl><dl class='gallery-item'>\n\t\t\t<dt class='gallery-icon landscape'>\n\t\t\t\t<a href='https:\/\/www.legistdf.gob.ar\/index.php\/2018\/05\/11\/justicia-el-parlamento-participo-de-la-inauguracion-del-edificio-del-superior-tribunal-en-rio-grande\/img_3801\/'><img loading=\"lazy\" decoding=\"async\" width=\"150\" height=\"150\" src=\"https:\/\/www.legistdf.gob.ar\/wp-content\/uploads\/2018\/05\/IMG_3801-150x150.jpg\" class=\"attachment-thumbnail size-thumbnail\" alt=\"\" srcset=\"https:\/\/www.legistdf.gob.ar\/wp-content\/uploads\/2018\/05\/IMG_3801-150x150.jpg 150w, https:\/\/www.legistdf.gob.ar\/wp-content\/uploads\/2018\/05\/IMG_3801-64x64.jpg 64w\" sizes=\"(max-width: 150px) 100vw, 150px\" data-attachment-id=\"7376\" data-permalink=\"https:\/\/www.legistdf.gob.ar\/index.php\/2018\/05\/11\/justicia-el-parlamento-participo-de-la-inauguracion-del-edificio-del-superior-tribunal-en-rio-grande\/img_3801\/\" data-orig-file=\"https:\/\/www.legistdf.gob.ar\/wp-content\/uploads\/2018\/05\/IMG_3801.jpg\" data-orig-size=\"1000,667\" data-comments-opened=\"0\" data-image-meta=\"{&quot;aperture&quot;:&quot;18&quot;,&quot;credit&quot;:&quot;PrensaLegislativa2015&quot;,&quot;camera&quot;:&quot;Canon EOS 70D&quot;,&quot;caption&quot;:&quot;&quot;,&quot;created_timestamp&quot;:&quot;1526026136&quot;,&quot;copyright&quot;:&quot;&quot;,&quot;focal_length&quot;:&quot;15&quot;,&quot;iso&quot;:&quot;400&quot;,&quot;shutter_speed&quot;:&quot;0.00625&quot;,&quot;title&quot;:&quot;&quot;,&quot;orientation&quot;:&quot;0&quot;}\" data-image-title=\"IMG_3801\" data-image-description=\"\" data-image-caption=\"\" data-medium-file=\"https:\/\/www.legistdf.gob.ar\/wp-content\/uploads\/2018\/05\/IMG_3801-300x200.jpg\" data-large-file=\"https:\/\/www.legistdf.gob.ar\/wp-content\/uploads\/2018\/05\/IMG_3801.jpg\" \/><\/a>\n\t\t\t<\/dt><\/dl><dl class='gallery-item'>\n\t\t\t<dt class='gallery-icon landscape'>\n\t\t\t\t<a href='https:\/\/www.legistdf.gob.ar\/index.php\/2018\/05\/11\/justicia-el-parlamento-participo-de-la-inauguracion-del-edificio-del-superior-tribunal-en-rio-grande\/img_3808\/'><img loading=\"lazy\" decoding=\"async\" width=\"150\" height=\"150\" src=\"https:\/\/www.legistdf.gob.ar\/wp-content\/uploads\/2018\/05\/IMG_3808-150x150.jpg\" class=\"attachment-thumbnail size-thumbnail\" alt=\"\" srcset=\"https:\/\/www.legistdf.gob.ar\/wp-content\/uploads\/2018\/05\/IMG_3808-150x150.jpg 150w, https:\/\/www.legistdf.gob.ar\/wp-content\/uploads\/2018\/05\/IMG_3808-64x64.jpg 64w\" sizes=\"(max-width: 150px) 100vw, 150px\" data-attachment-id=\"7377\" data-permalink=\"https:\/\/www.legistdf.gob.ar\/index.php\/2018\/05\/11\/justicia-el-parlamento-participo-de-la-inauguracion-del-edificio-del-superior-tribunal-en-rio-grande\/img_3808\/\" data-orig-file=\"https:\/\/www.legistdf.gob.ar\/wp-content\/uploads\/2018\/05\/IMG_3808.jpg\" data-orig-size=\"1000,667\" data-comments-opened=\"0\" data-image-meta=\"{&quot;aperture&quot;:&quot;4&quot;,&quot;credit&quot;:&quot;PrensaLegislativa2015&quot;,&quot;camera&quot;:&quot;Canon EOS 70D&quot;,&quot;caption&quot;:&quot;&quot;,&quot;created_timestamp&quot;:&quot;1526027788&quot;,&quot;copyright&quot;:&quot;&quot;,&quot;focal_length&quot;:&quot;17&quot;,&quot;iso&quot;:&quot;1000&quot;,&quot;shutter_speed&quot;:&quot;0.00625&quot;,&quot;title&quot;:&quot;&quot;,&quot;orientation&quot;:&quot;0&quot;}\" data-image-title=\"IMG_3808\" data-image-description=\"\" data-image-caption=\"\" data-medium-file=\"https:\/\/www.legistdf.gob.ar\/wp-content\/uploads\/2018\/05\/IMG_3808-300x200.jpg\" data-large-file=\"https:\/\/www.legistdf.gob.ar\/wp-content\/uploads\/2018\/05\/IMG_3808.jpg\" \/><\/a>\n\t\t\t<\/dt><\/dl><br style=\"clear: both\" \/><dl class='gallery-item'>\n\t\t\t<dt class='gallery-icon landscape'>\n\t\t\t\t<a href='https:\/\/www.legistdf.gob.ar\/index.php\/2018\/05\/11\/justicia-el-parlamento-participo-de-la-inauguracion-del-edificio-del-superior-tribunal-en-rio-grande\/img_3812\/'><img loading=\"lazy\" decoding=\"async\" width=\"150\" height=\"150\" src=\"https:\/\/www.legistdf.gob.ar\/wp-content\/uploads\/2018\/05\/IMG_3812-150x150.jpg\" class=\"attachment-thumbnail size-thumbnail\" alt=\"\" srcset=\"https:\/\/www.legistdf.gob.ar\/wp-content\/uploads\/2018\/05\/IMG_3812-150x150.jpg 150w, https:\/\/www.legistdf.gob.ar\/wp-content\/uploads\/2018\/05\/IMG_3812-64x64.jpg 64w\" sizes=\"(max-width: 150px) 100vw, 150px\" data-attachment-id=\"7378\" data-permalink=\"https:\/\/www.legistdf.gob.ar\/index.php\/2018\/05\/11\/justicia-el-parlamento-participo-de-la-inauguracion-del-edificio-del-superior-tribunal-en-rio-grande\/img_3812\/\" data-orig-file=\"https:\/\/www.legistdf.gob.ar\/wp-content\/uploads\/2018\/05\/IMG_3812.jpg\" data-orig-size=\"1000,667\" data-comments-opened=\"0\" data-image-meta=\"{&quot;aperture&quot;:&quot;4&quot;,&quot;credit&quot;:&quot;PrensaLegislativa2015&quot;,&quot;camera&quot;:&quot;Canon EOS 70D&quot;,&quot;caption&quot;:&quot;&quot;,&quot;created_timestamp&quot;:&quot;1526028563&quot;,&quot;copyright&quot;:&quot;&quot;,&quot;focal_length&quot;:&quot;17&quot;,&quot;iso&quot;:&quot;1000&quot;,&quot;shutter_speed&quot;:&quot;0.00625&quot;,&quot;title&quot;:&quot;&quot;,&quot;orientation&quot;:&quot;0&quot;}\" data-image-title=\"IMG_3812\" data-image-description=\"\" data-image-caption=\"\" data-medium-file=\"https:\/\/www.legistdf.gob.ar\/wp-content\/uploads\/2018\/05\/IMG_3812-300x200.jpg\" data-large-file=\"https:\/\/www.legistdf.gob.ar\/wp-content\/uploads\/2018\/05\/IMG_3812.jpg\" \/><\/a>\n\t\t\t<\/dt><\/dl><dl class='gallery-item'>\n\t\t\t<dt class='gallery-icon landscape'>\n\t\t\t\t<a href='https:\/\/www.legistdf.gob.ar\/index.php\/2018\/05\/11\/justicia-el-parlamento-participo-de-la-inauguracion-del-edificio-del-superior-tribunal-en-rio-grande\/img_3814-2\/'><img loading=\"lazy\" decoding=\"async\" width=\"150\" height=\"150\" src=\"https:\/\/www.legistdf.gob.ar\/wp-content\/uploads\/2018\/05\/IMG_3814-150x150.jpg\" class=\"attachment-thumbnail size-thumbnail\" alt=\"\" srcset=\"https:\/\/www.legistdf.gob.ar\/wp-content\/uploads\/2018\/05\/IMG_3814-150x150.jpg 150w, https:\/\/www.legistdf.gob.ar\/wp-content\/uploads\/2018\/05\/IMG_3814-64x64.jpg 64w\" sizes=\"(max-width: 150px) 100vw, 150px\" data-attachment-id=\"7379\" data-permalink=\"https:\/\/www.legistdf.gob.ar\/index.php\/2018\/05\/11\/justicia-el-parlamento-participo-de-la-inauguracion-del-edificio-del-superior-tribunal-en-rio-grande\/img_3814-2\/\" data-orig-file=\"https:\/\/www.legistdf.gob.ar\/wp-content\/uploads\/2018\/05\/IMG_3814.jpg\" data-orig-size=\"1000,667\" data-comments-opened=\"0\" data-image-meta=\"{&quot;aperture&quot;:&quot;4.5&quot;,&quot;credit&quot;:&quot;PrensaLegislativa2015&quot;,&quot;camera&quot;:&quot;Canon EOS 70D&quot;,&quot;caption&quot;:&quot;&quot;,&quot;created_timestamp&quot;:&quot;1526028758&quot;,&quot;copyright&quot;:&quot;&quot;,&quot;focal_length&quot;:&quot;22&quot;,&quot;iso&quot;:&quot;1000&quot;,&quot;shutter_speed&quot;:&quot;0.00625&quot;,&quot;title&quot;:&quot;&quot;,&quot;orientation&quot;:&quot;0&quot;}\" data-image-title=\"IMG_3814\" data-image-description=\"\" data-image-caption=\"\" data-medium-file=\"https:\/\/www.legistdf.gob.ar\/wp-content\/uploads\/2018\/05\/IMG_3814-300x200.jpg\" data-large-file=\"https:\/\/www.legistdf.gob.ar\/wp-content\/uploads\/2018\/05\/IMG_3814.jpg\" \/><\/a>\n\t\t\t<\/dt><\/dl><dl class='gallery-item'>\n\t\t\t<dt class='gallery-icon landscape'>\n\t\t\t\t<a href='https:\/\/www.legistdf.gob.ar\/index.php\/2018\/05\/11\/justicia-el-parlamento-participo-de-la-inauguracion-del-edificio-del-superior-tribunal-en-rio-grande\/img_3829\/'><img loading=\"lazy\" decoding=\"async\" width=\"150\" height=\"150\" src=\"https:\/\/www.legistdf.gob.ar\/wp-content\/uploads\/2018\/05\/IMG_3829-150x150.jpg\" class=\"attachment-thumbnail size-thumbnail\" alt=\"\" srcset=\"https:\/\/www.legistdf.gob.ar\/wp-content\/uploads\/2018\/05\/IMG_3829-150x150.jpg 150w, https:\/\/www.legistdf.gob.ar\/wp-content\/uploads\/2018\/05\/IMG_3829-64x64.jpg 64w\" sizes=\"(max-width: 150px) 100vw, 150px\" data-attachment-id=\"7380\" data-permalink=\"https:\/\/www.legistdf.gob.ar\/index.php\/2018\/05\/11\/justicia-el-parlamento-participo-de-la-inauguracion-del-edificio-del-superior-tribunal-en-rio-grande\/img_3829\/\" data-orig-file=\"https:\/\/www.legistdf.gob.ar\/wp-content\/uploads\/2018\/05\/IMG_3829.jpg\" data-orig-size=\"1000,667\" data-comments-opened=\"0\" data-image-meta=\"{&quot;aperture&quot;:&quot;11&quot;,&quot;credit&quot;:&quot;PrensaLegislativa2015&quot;,&quot;camera&quot;:&quot;Canon EOS 70D&quot;,&quot;caption&quot;:&quot;&quot;,&quot;created_timestamp&quot;:&quot;1526030111&quot;,&quot;copyright&quot;:&quot;&quot;,&quot;focal_length&quot;:&quot;19&quot;,&quot;iso&quot;:&quot;1000&quot;,&quot;shutter_speed&quot;:&quot;0.00625&quot;,&quot;title&quot;:&quot;&quot;,&quot;orientation&quot;:&quot;0&quot;}\" data-image-title=\"IMG_3829\" data-image-description=\"\" data-image-caption=\"\" data-medium-file=\"https:\/\/www.legistdf.gob.ar\/wp-content\/uploads\/2018\/05\/IMG_3829-300x200.jpg\" data-large-file=\"https:\/\/www.legistdf.gob.ar\/wp-content\/uploads\/2018\/05\/IMG_3829.jpg\" \/><\/a>\n\t\t\t<\/dt><\/dl><br style=\"clear: both\" \/>\n\t\t<\/div>\n\n<p>&nbsp;<\/p>\n","protected":false},"excerpt":{"rendered":"<p>R\u00edo Grande, viernes 11 de mayo de 2018.- El Superior Tribunal de Justicia de\u00a0la Provincia\u00a0(STJ) inaugur\u00f3 hoy su nuevo edificio en la ciudad. El acto fue presidido por su\u00a0titular, Dr. Javier Muchnik; la vicepresidenta, Dra. Mar\u00eda del Carmen Battaini, la gobernadora Dra. Rosana Bertone y el Juez Dr. Gonzalo Sagastume. Tambi\u00e9n, participaron los legisladores Federico [&hellip;]<\/p>\n","protected":false},"author":352,"featured_media":7377,"comment_status":"closed","ping_status":"open","sticky":false,"template":"","format":"standard","meta":{"jetpack_post_was_ever_published":false,"_jetpack_newsletter_access":"","_jetpack_dont_email_post_to_subs":false,"_jetpack_newsletter_tier_id":0,"footnotes":"","jetpack_publicize_message":"","jetpack_publicize_feature_enabled":true,"jetpack_social_post_already_shared":true,"jetpack_social_options":{"image_generator_settings":{"template":"highway","enabled":false}}},"categories":[1],"tags":[163,122,162,130,82,83,96,161],"jetpack_publicize_connections":[],"jetpack_sharing_enabled":true,"jetpack_featured_media_url":"https:\/\/www.legistdf.gob.ar\/wp-content\/uploads\/2018\/05\/IMG_3808.jpg","jetpack-related-posts":[],"_links":{"self":[{"href":"https:\/\/www.legistdf.gob.ar\/index.php\/wp-json\/wp\/v2\/posts\/7374"}],"collection":[{"href":"https:\/\/www.legistdf.gob.ar\/index.php\/wp-json\/wp\/v2\/posts"}],"about":[{"href":"https:\/\/www.legistdf.gob.ar\/index.php\/wp-json\/wp\/v2\/types\/post"}],"author":[{"embeddable":true,"href":"https:\/\/www.legistdf.gob.ar\/index.php\/wp-json\/wp\/v2\/users\/352"}],"replies":[{"embeddable":true,"href":"https:\/\/www.legistdf.gob.ar\/index.php\/wp-json\/wp\/v2\/comments?post=7374"}],"version-history":[{"count":1,"href":"https:\/\/www.legistdf.gob.ar\/index.php\/wp-json\/wp\/v2\/posts\/7374\/revisions"}],"predecessor-version":[{"id":7381,"href":"https:\/\/www.legistdf.gob.ar\/index.php\/wp-json\/wp\/v2\/posts\/7374\/revisions\/7381"}],"wp:featuredmedia":[{"embeddable":true,"href":"https:\/\/www.legistdf.gob.ar\/index.php\/wp-json\/wp\/v2\/media\/7377"}],"wp:attachment":[{"href":"https:\/\/www.legistdf.gob.ar\/index.php\/wp-json\/wp\/v2\/media?parent=7374"}],"wp:term":[{"taxonomy":"category","embeddable":true,"href":"https:\/\/www.legistdf.gob.ar\/index.php\/wp-json\/wp\/v2\/categories?post=7374"},{"taxonomy":"post_tag","embeddable":true,"href":"https:\/\/www.legistdf.gob.ar\/index.php\/wp-json\/wp\/v2\/tags?post=7374"}],"curies":[{"name":"wp","href":"https:\/\/api.w.org\/{rel}","templated":true}]}}