{"id":7601,"date":"2018-05-24T19:16:37","date_gmt":"2018-05-24T22:16:37","guid":{"rendered":"http:\/\/www.legistdf.gob.ar\/?p=7601"},"modified":"2018-05-24T19:16:37","modified_gmt":"2018-05-24T22:16:37","slug":"sesion-la-composicion-cameral-no-es-quien-puede-dictar-la-nulidad-de-una-acto-administrativo-dijo-freites","status":"publish","type":"post","link":"https:\/\/www.legistdf.gob.ar\/index.php\/2018\/05\/24\/sesion-la-composicion-cameral-no-es-quien-puede-dictar-la-nulidad-de-una-acto-administrativo-dijo-freites\/","title":{"rendered":"SESI\u00d3N: La composici\u00f3n cameral \u201cno es quien puede dictar la nulidad de una acto administrativo\u201d, dijo Freites"},"content":{"rendered":"<p>&nbsp;<\/p>\n<p><strong>Ushuaia, jueves 24 de mayo de 2018.- En relaci\u00f3n al asunto presentado por el bloque del MPF sobre la intervenci\u00f3n del Instituto Provincial de Educaci\u00f3n Superior \u201cFlorentino Ameghino\u201d, la legisladora Andrea Freites aclar\u00f3 que la Legislatura \u201cno es el \u00f3rgano de control de los actos administrativos\u201d del Ejecutivo. Entendi\u00f3 que se deben continuar las gestiones por las v\u00edas que correspondan y adelant\u00f3 un encuentro de la Comisi\u00f3n de Educaci\u00f3n para abordar la cuesti\u00f3n. La composici\u00f3n cameral \u201cno es quien puede dictar la nulidad de un acto administrativo\u201d, consider\u00f3.<\/strong><\/p>\n<p>&nbsp;<\/p>\n<p>En este sentido, al momento de exponer sobre la iniciativa que pretendi\u00f3 ingresar al Bolet\u00edn de Asuntos Entrados (BAE) el bloque del MPF, Freites realiz\u00f3 una intervenci\u00f3n donde se\u00f1al\u00f3 cu\u00e1les son las orbitas institucionales, administrativas y judiciales \u2013de corresponder-, para dirimir la cuesti\u00f3n del IPESFA.<\/p>\n<p>&nbsp;<\/p>\n<p>Dijo, en di\u00e1logo con Prensa Legislativa, que durante el transcurso de la semana entrante \u201cse podr\u00e1 llevar adelante una reuni\u00f3n de la Comisi\u00f3n de Educaci\u00f3n\u201d. En ese espacio, analizar\u00e1n la informaci\u00f3n solicitada al Poder Ejecutivo. \u201cSe lo record\u00e9 al legislador Pablo Villegas y Oscar Rubinos\u201d, quien tambi\u00e9n intervino en el debate dado en el Recinto legislativo.<\/p>\n<p>&nbsp;<\/p>\n<p>La Legisladora del FPV \u2013 PJ, reflexion\u00f3: \u201cHacer demagogia con la educaci\u00f3n y con problemas que no podemos resolver, me parece lamentable\u201d. En este punto, sum\u00f3: \u201cRespeto a mis pares, pero soy muy clara y democr\u00e1tica. Si es un proyecto de ley, el Legislador lo puede ingresar en la Comisi\u00f3n de Labor Parlamentaria\u201d.<\/p>\n<p>&nbsp;<\/p>\n<p>Agreg\u00f3, para cerrar, que en la Comisi\u00f3n de Educaci\u00f3n que ella preside, \u201cse trabajan los proyectos que se presentan\u201d desde todos los bloques pol\u00edticos. \u201cSe dan tratamiento, entendiendo que el Poder Legislativo lo puede hacer\u201d. Reiter\u00f3 que la composici\u00f3n cameral \u201cno es quien puede dictar la nulidad de una acto administrativo\u201d.<\/p>\n<p>&nbsp;<\/p>\n\n\t\t<style type=\"text\/css\">\n\t\t\t#gallery-1 {\n\t\t\t\tmargin: auto;\n\t\t\t}\n\t\t\t#gallery-1 .gallery-item {\n\t\t\t\tfloat: left;\n\t\t\t\tmargin-top: 10px;\n\t\t\t\ttext-align: center;\n\t\t\t\twidth: 50%;\n\t\t\t}\n\t\t\t#gallery-1 img {\n\t\t\t\tborder: 2px solid #cfcfcf;\n\t\t\t}\n\t\t\t#gallery-1 .gallery-caption {\n\t\t\t\tmargin-left: 0;\n\t\t\t}\n\t\t\t\/* see gallery_shortcode() in wp-includes\/media.php *\/\n\t\t<\/style>\n\t\t<div data-carousel-extra='{\"blog_id\":1,\"permalink\":\"https:\\\/\\\/www.legistdf.gob.ar\\\/index.php\\\/2018\\\/05\\\/24\\\/sesion-la-composicion-cameral-no-es-quien-puede-dictar-la-nulidad-de-una-acto-administrativo-dijo-freites\\\/\"}' id='gallery-1' class='gallery galleryid-7601 gallery-columns-2 gallery-size-thumbnail'><dl class='gallery-item'>\n\t\t\t<dt class='gallery-icon landscape'>\n\t\t\t\t<a href='https:\/\/www.legistdf.gob.ar\/index.php\/2018\/05\/24\/fotografias-4o-sesion-ordinaria-i\/img_5266\/'><img loading=\"lazy\" decoding=\"async\" width=\"150\" height=\"150\" src=\"https:\/\/www.legistdf.gob.ar\/wp-content\/uploads\/2018\/05\/IMG_5266-150x150.jpg\" class=\"attachment-thumbnail size-thumbnail\" alt=\"\" srcset=\"https:\/\/www.legistdf.gob.ar\/wp-content\/uploads\/2018\/05\/IMG_5266-150x150.jpg 150w, https:\/\/www.legistdf.gob.ar\/wp-content\/uploads\/2018\/05\/IMG_5266-64x64.jpg 64w\" sizes=\"(max-width: 150px) 100vw, 150px\" data-attachment-id=\"7574\" data-permalink=\"https:\/\/www.legistdf.gob.ar\/index.php\/2018\/05\/24\/fotografias-4o-sesion-ordinaria-i\/img_5266\/\" data-orig-file=\"https:\/\/www.legistdf.gob.ar\/wp-content\/uploads\/2018\/05\/IMG_5266.jpg\" data-orig-size=\"1000,667\" data-comments-opened=\"0\" data-image-meta=\"{&quot;aperture&quot;:&quot;0&quot;,&quot;credit&quot;:&quot;PrensaLegislativa2015&quot;,&quot;camera&quot;:&quot;&quot;,&quot;caption&quot;:&quot;&quot;,&quot;created_timestamp&quot;:&quot;1527137978&quot;,&quot;copyright&quot;:&quot;&quot;,&quot;focal_length&quot;:&quot;0&quot;,&quot;iso&quot;:&quot;0&quot;,&quot;shutter_speed&quot;:&quot;0&quot;,&quot;title&quot;:&quot;&quot;,&quot;orientation&quot;:&quot;1&quot;}\" data-image-title=\"IMG_5266\" data-image-description=\"\" data-image-caption=\"\" data-medium-file=\"https:\/\/www.legistdf.gob.ar\/wp-content\/uploads\/2018\/05\/IMG_5266-300x200.jpg\" data-large-file=\"https:\/\/www.legistdf.gob.ar\/wp-content\/uploads\/2018\/05\/IMG_5266.jpg\" \/><\/a>\n\t\t\t<\/dt><\/dl><dl class='gallery-item'>\n\t\t\t<dt class='gallery-icon landscape'>\n\t\t\t\t<a href='https:\/\/www.legistdf.gob.ar\/index.php\/2018\/05\/24\/fotografias-4o-sesion-ordinaria-i\/img_5255\/'><img loading=\"lazy\" decoding=\"async\" width=\"150\" height=\"150\" src=\"https:\/\/www.legistdf.gob.ar\/wp-content\/uploads\/2018\/05\/IMG_5255-150x150.jpg\" class=\"attachment-thumbnail size-thumbnail\" alt=\"\" srcset=\"https:\/\/www.legistdf.gob.ar\/wp-content\/uploads\/2018\/05\/IMG_5255-150x150.jpg 150w, https:\/\/www.legistdf.gob.ar\/wp-content\/uploads\/2018\/05\/IMG_5255-64x64.jpg 64w\" sizes=\"(max-width: 150px) 100vw, 150px\" data-attachment-id=\"7568\" data-permalink=\"https:\/\/www.legistdf.gob.ar\/index.php\/2018\/05\/24\/fotografias-4o-sesion-ordinaria-i\/img_5255\/\" data-orig-file=\"https:\/\/www.legistdf.gob.ar\/wp-content\/uploads\/2018\/05\/IMG_5255.jpg\" data-orig-size=\"1000,667\" data-comments-opened=\"0\" data-image-meta=\"{&quot;aperture&quot;:&quot;0&quot;,&quot;credit&quot;:&quot;PrensaLegislativa2015&quot;,&quot;camera&quot;:&quot;&quot;,&quot;caption&quot;:&quot;&quot;,&quot;created_timestamp&quot;:&quot;1527137862&quot;,&quot;copyright&quot;:&quot;&quot;,&quot;focal_length&quot;:&quot;0&quot;,&quot;iso&quot;:&quot;0&quot;,&quot;shutter_speed&quot;:&quot;0&quot;,&quot;title&quot;:&quot;&quot;,&quot;orientation&quot;:&quot;1&quot;}\" data-image-title=\"IMG_5255\" data-image-description=\"\" data-image-caption=\"\" data-medium-file=\"https:\/\/www.legistdf.gob.ar\/wp-content\/uploads\/2018\/05\/IMG_5255-300x200.jpg\" data-large-file=\"https:\/\/www.legistdf.gob.ar\/wp-content\/uploads\/2018\/05\/IMG_5255.jpg\" \/><\/a>\n\t\t\t<\/dt><\/dl><br style=\"clear: both\" \/>\n\t\t<\/div>\n\n","protected":false},"excerpt":{"rendered":"<p>&nbsp; Ushuaia, jueves 24 de mayo de 2018.- En relaci\u00f3n al asunto presentado por el bloque del MPF sobre la intervenci\u00f3n del Instituto Provincial de Educaci\u00f3n Superior \u201cFlorentino Ameghino\u201d, la legisladora Andrea Freites aclar\u00f3 que la Legislatura \u201cno es el \u00f3rgano de control de los actos administrativos\u201d del Ejecutivo. Entendi\u00f3 que se deben continuar las [&hellip;]<\/p>\n","protected":false},"author":352,"featured_media":7574,"comment_status":"closed","ping_status":"open","sticky":false,"template":"","format":"standard","meta":{"jetpack_post_was_ever_published":false,"_jetpack_newsletter_access":"","_jetpack_dont_email_post_to_subs":false,"_jetpack_newsletter_tier_id":0,"footnotes":"","jetpack_publicize_message":"","jetpack_publicize_feature_enabled":true,"jetpack_social_post_already_shared":true,"jetpack_social_options":{"image_generator_settings":{"template":"highway","enabled":false}}},"categories":[1],"tags":[81,205,207,78,98,79,87],"jetpack_publicize_connections":[],"jetpack_sharing_enabled":true,"jetpack_featured_media_url":"https:\/\/www.legistdf.gob.ar\/wp-content\/uploads\/2018\/05\/IMG_5266.jpg","jetpack-related-posts":[],"_links":{"self":[{"href":"https:\/\/www.legistdf.gob.ar\/index.php\/wp-json\/wp\/v2\/posts\/7601"}],"collection":[{"href":"https:\/\/www.legistdf.gob.ar\/index.php\/wp-json\/wp\/v2\/posts"}],"about":[{"href":"https:\/\/www.legistdf.gob.ar\/index.php\/wp-json\/wp\/v2\/types\/post"}],"author":[{"embeddable":true,"href":"https:\/\/www.legistdf.gob.ar\/index.php\/wp-json\/wp\/v2\/users\/352"}],"replies":[{"embeddable":true,"href":"https:\/\/www.legistdf.gob.ar\/index.php\/wp-json\/wp\/v2\/comments?post=7601"}],"version-history":[{"count":1,"href":"https:\/\/www.legistdf.gob.ar\/index.php\/wp-json\/wp\/v2\/posts\/7601\/revisions"}],"predecessor-version":[{"id":7602,"href":"https:\/\/www.legistdf.gob.ar\/index.php\/wp-json\/wp\/v2\/posts\/7601\/revisions\/7602"}],"wp:featuredmedia":[{"embeddable":true,"href":"https:\/\/www.legistdf.gob.ar\/index.php\/wp-json\/wp\/v2\/media\/7574"}],"wp:attachment":[{"href":"https:\/\/www.legistdf.gob.ar\/index.php\/wp-json\/wp\/v2\/media?parent=7601"}],"wp:term":[{"taxonomy":"category","embeddable":true,"href":"https:\/\/www.legistdf.gob.ar\/index.php\/wp-json\/wp\/v2\/categories?post=7601"},{"taxonomy":"post_tag","embeddable":true,"href":"https:\/\/www.legistdf.gob.ar\/index.php\/wp-json\/wp\/v2\/tags?post=7601"}],"curies":[{"name":"wp","href":"https:\/\/api.w.org\/{rel}","templated":true}]}}