{"id":7603,"date":"2018-05-26T10:17:34","date_gmt":"2018-05-26T13:17:34","guid":{"rendered":"http:\/\/www.legistdf.gob.ar\/?p=7603"},"modified":"2018-05-26T10:17:34","modified_gmt":"2018-05-26T13:17:34","slug":"condolencias-12","status":"publish","type":"post","link":"https:\/\/www.legistdf.gob.ar\/index.php\/2018\/05\/26\/condolencias-12\/","title":{"rendered":"CONDOLENCIAS"},"content":{"rendered":"<p><span style=\"font-weight: 400\">El Presidente del Poder Legislativo, vicegobernador Juan Carlos Arcando; Legisladores Provinciales; autoridades de C\u00e1mara y personal legislativo, expresan sus condolencias a los hijos y familiares, ante la perdida de qui\u00e9n en vida fuera el Legislador Provincial MC, Carlos Fernando Saladino, acaecido en las \u00faltimas horas en R\u00edo Grande. Elevamos una plegaria por su eterno descanso.<\/span><\/p>\n","protected":false},"excerpt":{"rendered":"<p>El Presidente del Poder Legislativo, vicegobernador Juan Carlos Arcando; Legisladores Provinciales; autoridades de C\u00e1mara y personal legislativo, expresan sus condolencias a los hijos y familiares, ante la perdida de qui\u00e9n en vida fuera el Legislador Provincial MC, Carlos Fernando Saladino, acaecido en las \u00faltimas horas en R\u00edo Grande. Elevamos una plegaria por su eterno descanso.<\/p>\n","protected":false},"author":352,"featured_media":0,"comment_status":"closed","ping_status":"open","sticky":false,"template":"","format":"standard","meta":{"jetpack_post_was_ever_published":false,"_jetpack_newsletter_access":"","_jetpack_dont_email_post_to_subs":false,"_jetpack_newsletter_tier_id":0,"footnotes":"","jetpack_publicize_message":"","jetpack_publicize_feature_enabled":true,"jetpack_social_post_already_shared":true,"jetpack_social_options":{"image_generator_settings":{"template":"highway","enabled":false}}},"categories":[1],"tags":[],"jetpack_publicize_connections":[],"jetpack_sharing_enabled":true,"jetpack_featured_media_url":"","jetpack-related-posts":[],"_links":{"self":[{"href":"https:\/\/www.legistdf.gob.ar\/index.php\/wp-json\/wp\/v2\/posts\/7603"}],"collection":[{"href":"https:\/\/www.legistdf.gob.ar\/index.php\/wp-json\/wp\/v2\/posts"}],"about":[{"href":"https:\/\/www.legistdf.gob.ar\/index.php\/wp-json\/wp\/v2\/types\/post"}],"author":[{"embeddable":true,"href":"https:\/\/www.legistdf.gob.ar\/index.php\/wp-json\/wp\/v2\/users\/352"}],"replies":[{"embeddable":true,"href":"https:\/\/www.legistdf.gob.ar\/index.php\/wp-json\/wp\/v2\/comments?post=7603"}],"version-history":[{"count":1,"href":"https:\/\/www.legistdf.gob.ar\/index.php\/wp-json\/wp\/v2\/posts\/7603\/revisions"}],"predecessor-version":[{"id":7604,"href":"https:\/\/www.legistdf.gob.ar\/index.php\/wp-json\/wp\/v2\/posts\/7603\/revisions\/7604"}],"wp:attachment":[{"href":"https:\/\/www.legistdf.gob.ar\/index.php\/wp-json\/wp\/v2\/media?parent=7603"}],"wp:term":[{"taxonomy":"category","embeddable":true,"href":"https:\/\/www.legistdf.gob.ar\/index.php\/wp-json\/wp\/v2\/categories?post=7603"},{"taxonomy":"post_tag","embeddable":true,"href":"https:\/\/www.legistdf.gob.ar\/index.php\/wp-json\/wp\/v2\/tags?post=7603"}],"curies":[{"name":"wp","href":"https:\/\/api.w.org\/{rel}","templated":true}]}}