{"id":7670,"date":"2018-05-31T13:42:39","date_gmt":"2018-05-31T16:42:39","guid":{"rendered":"http:\/\/www.legistdf.gob.ar\/?p=7670"},"modified":"2018-05-31T13:42:39","modified_gmt":"2018-05-31T16:42:39","slug":"sesion-solicitaron-al-gobierno-provincial-sea-parte-de-negociaciones-con-gran-bretana","status":"publish","type":"post","link":"https:\/\/www.legistdf.gob.ar\/index.php\/2018\/05\/31\/sesion-solicitaron-al-gobierno-provincial-sea-parte-de-negociaciones-con-gran-bretana\/","title":{"rendered":"SESI\u00d3N: Solicitaron al Gobierno provincial sea parte de negociaciones con Gran Breta\u00f1a"},"content":{"rendered":"<p><strong>Ushuaia, jueves 31 de mayo de 2018.- Ante las negociaciones que se realizan a nivel nacional con el Reino Unido por la cuesti\u00f3n Malvinas, el Parlamento solicit\u00f3 al Gobierno provincial que participe de ellas, por ser de inter\u00e9s para la Provincia. El di\u00e1logo que se gestiona a trav\u00e9s de la Canciller\u00eda, es de incumbencia del Estado por pertenecer a la jurisdicci\u00f3n de Tierra del Fuego, Ant\u00e1rtida e Islas del Atl\u00e1ntico Sur. El asunto N\u00ba 045\/18, autor\u00eda del MPF, fue aprobado por unanimidad. Hoy en el Senado de la Naci\u00f3n, la Gobernadora, Dra. Rosana Bertone, se reuni\u00f3 con destacados referentes para avanzar en este sentido. <\/strong><\/p>\n<p>&nbsp;<\/p>\n<p>Las negociaciones conjuntas entre Argentina y el Reino Unido de Gran Breta\u00f1a e Irlanda del Norte ante los gobiernos de Brasil, Chile, Uruguay y Paraguay buscan facilitar el establecimiento de conexiones a\u00e9reas entre las Islas Malvinas y esos pa\u00edses. Los Parlamentarios fueguinos, como representantes del pueblo de la Provincia, manifestaron su descontento por no ser convocados para participar.<\/p>\n<p>&nbsp;<\/p>\n<p>\u201cNo tenemos el derecho de hacernos los distra\u00eddos sin reclamar una debida, necesaria y efectiva participaci\u00f3n en decisiones que, sin duda alguna, afectar\u00e1n el leg\u00edtimo reclamo de soberan\u00eda plena sobre nuestras Islas Malvinas, Georgias del Sur, S\u00e1ndwich del Sur y los espacios mar\u00edtimos circundantes\u201d, se desprende de las primeras l\u00edneas del proyecto de declaraci\u00f3n aprobado por la C\u00e1mara legislativa.<\/p>\n<p>&nbsp;<\/p>\n<p>\u201cSabemos que existe una nueva orientaci\u00f3n en la pol\u00edtica exterior de la Rep\u00fablica Argentina relativa a la cuesti\u00f3n Malvinas, enmarcada en el Comunicado Conjunto del 13 de septiembre del 2016\u201d, mencionan los legisladores del MPF, autores de la iniciativa.<\/p>\n<p>&nbsp;<\/p>\n<p>La decisi\u00f3n de garantizar un corredor a\u00e9reo entre un pa\u00eds vecino con escala en un aeropuerto de importancia de Argentina y las Islas Malvinas, \u201cva a facilitar &#8211; entre otras consecuencias &#8211; la conectividad y por ende la explotaci\u00f3n a quienes actualmente se encuentran usurpando territorio argentino y fueguino\u201d.<\/p>\n<p>&nbsp;<\/p>\n<p>Adem\u00e1s, el pedido del gobierno ingl\u00e9s responde a una agenda m\u00e1s amplia de objetivos para con la Argentina desde la diplomacia del Reino Unido respecto de la cuesti\u00f3n Malvinas. Se destacan entre ellas: La posesi\u00f3n y explotaci\u00f3n de los recursos naturales; la proyecci\u00f3n al continente ant\u00e1rtico y el control del espacio a\u00e9reo y mar\u00edtimo del Atl\u00e1ntico Sur. \u201cNos interpela y nos obliga a exigir una mayor participaci\u00f3n en la toma de decisiones de parte de nuestro Gobierno federal\u201d, manifiestan en los fundamentos.<\/p>\n<p>&nbsp;<\/p>\n<p>En la puesta en com\u00fan del petitorio, los Legisladores destacan el progresivo proceso de militarizaci\u00f3n brit\u00e1nico en el Atl\u00e1ntico Sur que se traduce en la existencia de una base militar, armamento nuclear y provocaciones a trav\u00e9s de diversos ejercicios militares, seg\u00fan se desprende del asunto abordado el jueves pasado.<\/p>\n<p>&nbsp;<\/p>\n<p>\u201cEstamos convencidos que la presencia de una potencia extranjera en nuestro territorio quebranta la integridad territorial de nuestra Provincia y de la Rep\u00fablica Argentina y representa sin m\u00e1s, una indubitable amenaza a la seguridad nacional\u201d.<\/p>\n<p>&nbsp;<\/p>\n<p>El pedido parlamentario, responde a las cuestiones detalladas para que desde el Gobierno fueguino se adopten los mecanismos institucionales pertinentes. En este sentido, se espera que se gestione, ante la Canciller\u00eda Argentina en lo que refiere a la cuesti\u00f3n Malvinas, que la provincia de Tierra del Fuego, Ant\u00e1rtida e Islas del Atl\u00e1ntico Sur sea considerada como un actor racional facultado para ser parte del proceso de negociaci\u00f3n internacional que se da entre la Rep\u00fablica Argentina y el Reino Unido de Gran Breta\u00f1a e Irlanda del Norte.<\/p>\n<p>&nbsp;<\/p>\n<p>Cabe se\u00f1alar que el articulado qued\u00f3 redactado del siguiente modo: \u201cSolicitar al Poder Ejecutivo, a trav\u00e9s de los mecanismos institucionales pertinentes, gestione ante la Canciller\u00eda Argentina en lo concerniente a la Cuesti\u00f3n Malvinas, que la Provincia de Tierra del Fuego, Ant\u00e1rtida e Islas del Atl\u00e1ntico Sur sea considerada como un actor racional facultado para ser parte del proceso de negociaci\u00f3n internacional que se da entre la Rep\u00fablica Argentina y el Reino Unido de Gran Breta\u00f1a e Irlanda del Norte.\u201d<\/p>\n<p>&nbsp;<\/p>\n\n\t\t<style type=\"text\/css\">\n\t\t\t#gallery-1 {\n\t\t\t\tmargin: auto;\n\t\t\t}\n\t\t\t#gallery-1 .gallery-item {\n\t\t\t\tfloat: left;\n\t\t\t\tmargin-top: 10px;\n\t\t\t\ttext-align: center;\n\t\t\t\twidth: 100%;\n\t\t\t}\n\t\t\t#gallery-1 img {\n\t\t\t\tborder: 2px solid #cfcfcf;\n\t\t\t}\n\t\t\t#gallery-1 .gallery-caption {\n\t\t\t\tmargin-left: 0;\n\t\t\t}\n\t\t\t\/* see gallery_shortcode() in wp-includes\/media.php *\/\n\t\t<\/style>\n\t\t<div data-carousel-extra='{\"blog_id\":1,\"permalink\":\"https:\\\/\\\/www.legistdf.gob.ar\\\/index.php\\\/2018\\\/05\\\/31\\\/sesion-solicitaron-al-gobierno-provincial-sea-parte-de-negociaciones-con-gran-bretana\\\/\"}' id='gallery-1' class='gallery galleryid-7670 gallery-columns-1 gallery-size-thumbnail'><dl class='gallery-item'>\n\t\t\t<dt class='gallery-icon landscape'>\n\t\t\t\t<a href='https:\/\/www.legistdf.gob.ar\/index.php\/2018\/05\/24\/fotografias-4o-sesion-ordinaria-i\/img_5256\/'><img loading=\"lazy\" decoding=\"async\" width=\"150\" height=\"150\" src=\"https:\/\/www.legistdf.gob.ar\/wp-content\/uploads\/2018\/05\/IMG_5256-150x150.jpg\" class=\"attachment-thumbnail size-thumbnail\" alt=\"\" srcset=\"https:\/\/www.legistdf.gob.ar\/wp-content\/uploads\/2018\/05\/IMG_5256-150x150.jpg 150w, https:\/\/www.legistdf.gob.ar\/wp-content\/uploads\/2018\/05\/IMG_5256-64x64.jpg 64w\" sizes=\"(max-width: 150px) 100vw, 150px\" data-attachment-id=\"7569\" data-permalink=\"https:\/\/www.legistdf.gob.ar\/index.php\/2018\/05\/24\/fotografias-4o-sesion-ordinaria-i\/img_5256\/\" data-orig-file=\"https:\/\/www.legistdf.gob.ar\/wp-content\/uploads\/2018\/05\/IMG_5256.jpg\" data-orig-size=\"1000,667\" data-comments-opened=\"0\" data-image-meta=\"{&quot;aperture&quot;:&quot;0&quot;,&quot;credit&quot;:&quot;PrensaLegislativa2015&quot;,&quot;camera&quot;:&quot;&quot;,&quot;caption&quot;:&quot;&quot;,&quot;created_timestamp&quot;:&quot;1527137871&quot;,&quot;copyright&quot;:&quot;&quot;,&quot;focal_length&quot;:&quot;0&quot;,&quot;iso&quot;:&quot;0&quot;,&quot;shutter_speed&quot;:&quot;0&quot;,&quot;title&quot;:&quot;&quot;,&quot;orientation&quot;:&quot;1&quot;}\" data-image-title=\"IMG_5256\" data-image-description=\"\" data-image-caption=\"\" data-medium-file=\"https:\/\/www.legistdf.gob.ar\/wp-content\/uploads\/2018\/05\/IMG_5256-300x200.jpg\" data-large-file=\"https:\/\/www.legistdf.gob.ar\/wp-content\/uploads\/2018\/05\/IMG_5256.jpg\" \/><\/a>\n\t\t\t<\/dt><\/dl><br style=\"clear: both\" \/>\n\t\t<\/div>\n\n","protected":false},"excerpt":{"rendered":"<p>Ushuaia, jueves 31 de mayo de 2018.- Ante las negociaciones que se realizan a nivel nacional con el Reino Unido por la cuesti\u00f3n Malvinas, el Parlamento solicit\u00f3 al Gobierno provincial que participe de ellas, por ser de inter\u00e9s para la Provincia. El di\u00e1logo que se gestiona a trav\u00e9s de la Canciller\u00eda, es de incumbencia del [&hellip;]<\/p>\n","protected":false},"author":352,"featured_media":7568,"comment_status":"closed","ping_status":"open","sticky":false,"template":"","format":"standard","meta":{"jetpack_post_was_ever_published":false,"_jetpack_newsletter_access":"","_jetpack_dont_email_post_to_subs":false,"_jetpack_newsletter_tier_id":0,"footnotes":"","jetpack_publicize_message":"","jetpack_publicize_feature_enabled":true,"jetpack_social_post_already_shared":true,"jetpack_social_options":{"image_generator_settings":{"template":"highway","enabled":false}}},"categories":[1],"tags":[78,141,113,225,117,79,87],"jetpack_publicize_connections":[],"jetpack_sharing_enabled":true,"jetpack_featured_media_url":"https:\/\/www.legistdf.gob.ar\/wp-content\/uploads\/2018\/05\/IMG_5255.jpg","jetpack-related-posts":[],"_links":{"self":[{"href":"https:\/\/www.legistdf.gob.ar\/index.php\/wp-json\/wp\/v2\/posts\/7670"}],"collection":[{"href":"https:\/\/www.legistdf.gob.ar\/index.php\/wp-json\/wp\/v2\/posts"}],"about":[{"href":"https:\/\/www.legistdf.gob.ar\/index.php\/wp-json\/wp\/v2\/types\/post"}],"author":[{"embeddable":true,"href":"https:\/\/www.legistdf.gob.ar\/index.php\/wp-json\/wp\/v2\/users\/352"}],"replies":[{"embeddable":true,"href":"https:\/\/www.legistdf.gob.ar\/index.php\/wp-json\/wp\/v2\/comments?post=7670"}],"version-history":[{"count":1,"href":"https:\/\/www.legistdf.gob.ar\/index.php\/wp-json\/wp\/v2\/posts\/7670\/revisions"}],"predecessor-version":[{"id":7671,"href":"https:\/\/www.legistdf.gob.ar\/index.php\/wp-json\/wp\/v2\/posts\/7670\/revisions\/7671"}],"wp:featuredmedia":[{"embeddable":true,"href":"https:\/\/www.legistdf.gob.ar\/index.php\/wp-json\/wp\/v2\/media\/7568"}],"wp:attachment":[{"href":"https:\/\/www.legistdf.gob.ar\/index.php\/wp-json\/wp\/v2\/media?parent=7670"}],"wp:term":[{"taxonomy":"category","embeddable":true,"href":"https:\/\/www.legistdf.gob.ar\/index.php\/wp-json\/wp\/v2\/categories?post=7670"},{"taxonomy":"post_tag","embeddable":true,"href":"https:\/\/www.legistdf.gob.ar\/index.php\/wp-json\/wp\/v2\/tags?post=7670"}],"curies":[{"name":"wp","href":"https:\/\/api.w.org\/{rel}","templated":true}]}}