{"id":7822,"date":"2018-06-07T00:00:22","date_gmt":"2018-06-07T03:00:22","guid":{"rendered":"http:\/\/www.legistdf.gob.ar\/?p=7822"},"modified":"2018-06-06T16:36:15","modified_gmt":"2018-06-06T19:36:15","slug":"medios-martinez-allende-saludo-los-periodistas-en-su-dia","status":"publish","type":"post","link":"https:\/\/www.legistdf.gob.ar\/index.php\/2018\/06\/07\/medios-martinez-allende-saludo-los-periodistas-en-su-dia\/","title":{"rendered":"MEDIOS: Mart\u00ednez Allende salud\u00f3 los periodistas en su d\u00eda"},"content":{"rendered":"<p><strong>Ushuaia, jueves 7 de junio de 2018.- La legisladora Liliana Mart\u00ednez Allende (UCR &#8211; Cambiemos) envi\u00f3 a Prensa Legislativa, la salutaci\u00f3n a los colegas periodistas de Tierra del Fuego quienes conmemoran el D\u00eda del Periodista. Sostuvo que \u00abpor definici\u00f3n, forman parte de esos trabajadores que son los incansables de raza\u201d. Cabe recordar, que el d\u00eda del periodista fue instaurado en nuestro pa\u00eds, al recordar que el 7 de junio de 1810 se public\u00f3 La Gazeta de Buenos Ayres por parte de Mariano Moreno.\u00a0<\/strong><\/p>\n<p style=\"font-weight: 400\">\u00abQueridos periodistas:<\/p>\n<p style=\"font-weight: 400\">Ustedes por definici\u00f3n, forman parte de esos trabajadores que son \u201clos incansables de raza\u201d: los que viven sin horarios fijos, sin fines de semana ni feriados, con largas jornadas de mate y caf\u00e9 compartidas, con las familias que muchas veces se suman y ofician de colaboradores, con guardias de fr\u00edo y ansiedad por la primicia.<\/p>\n<p style=\"font-weight: 400\">Los hay distra\u00eddos, prolijos, obsesivos, memoriosos y combativos. Todos con el mismo objetivo de llevar a la comunidad, las noticias de toda \u00edndole y afrontando esta responsabilidad que en muchos casos, se ha llevado hasta sus vidas.<\/p>\n<p style=\"font-weight: 400\">Hoy quiero hacerles llegar un afectuoso saludo, agradecerles su labor, su cr\u00edtica cotidiana a nuestro desempe\u00f1o, la eterna b\u00fasqueda de la verdad y el equilibrio \u00e9tico, y por sobre todas las cosas, quiero desearles de coraz\u00f3n que Dios los bendiga para que sigan creciendo y manteniendo la fuerza que los lleva d\u00eda a d\u00eda, a encender un micr\u00f3fono, una c\u00e1mara o una computadora, con el impulso que es el propio desaf\u00edo de comenzar un nuevo d\u00eda siendo el canal de comunicaci\u00f3n por excelencia con la sociedad fueguina.<\/p>\n<p style=\"font-weight: 400\">\u00a1Muchas gracias a todos y disfruten su d\u00eda!\u00bb<\/p>\n<p>&nbsp;<\/p>\n\n\t\t<style type=\"text\/css\">\n\t\t\t#gallery-1 {\n\t\t\t\tmargin: auto;\n\t\t\t}\n\t\t\t#gallery-1 .gallery-item {\n\t\t\t\tfloat: left;\n\t\t\t\tmargin-top: 10px;\n\t\t\t\ttext-align: center;\n\t\t\t\twidth: 50%;\n\t\t\t}\n\t\t\t#gallery-1 img {\n\t\t\t\tborder: 2px solid #cfcfcf;\n\t\t\t}\n\t\t\t#gallery-1 .gallery-caption {\n\t\t\t\tmargin-left: 0;\n\t\t\t}\n\t\t\t\/* see gallery_shortcode() in wp-includes\/media.php *\/\n\t\t<\/style>\n\t\t<div data-carousel-extra='{\"blog_id\":1,\"permalink\":\"https:\\\/\\\/www.legistdf.gob.ar\\\/index.php\\\/2018\\\/06\\\/07\\\/medios-martinez-allende-saludo-los-periodistas-en-su-dia\\\/\"}' id='gallery-1' class='gallery galleryid-7822 gallery-columns-2 gallery-size-thumbnail'><dl class='gallery-item'>\n\t\t\t<dt class='gallery-icon landscape'>\n\t\t\t\t<a href='https:\/\/www.legistdf.gob.ar\/index.php\/2018\/06\/07\/medios-martinez-allende-saludo-los-periodistas-en-su-dia\/715x402_periodistas\/'><img loading=\"lazy\" decoding=\"async\" width=\"150\" height=\"150\" src=\"https:\/\/www.legistdf.gob.ar\/wp-content\/uploads\/2018\/06\/715x402_periodistas-150x150.jpg\" class=\"attachment-thumbnail size-thumbnail\" alt=\"\" srcset=\"https:\/\/www.legistdf.gob.ar\/wp-content\/uploads\/2018\/06\/715x402_periodistas-150x150.jpg 150w, https:\/\/www.legistdf.gob.ar\/wp-content\/uploads\/2018\/06\/715x402_periodistas-64x64.jpg 64w\" sizes=\"(max-width: 150px) 100vw, 150px\" data-attachment-id=\"7824\" data-permalink=\"https:\/\/www.legistdf.gob.ar\/index.php\/2018\/06\/07\/medios-martinez-allende-saludo-los-periodistas-en-su-dia\/715x402_periodistas\/\" data-orig-file=\"https:\/\/www.legistdf.gob.ar\/wp-content\/uploads\/2018\/06\/715x402_periodistas.jpg\" data-orig-size=\"715,402\" data-comments-opened=\"0\" data-image-meta=\"{&quot;aperture&quot;:&quot;0&quot;,&quot;credit&quot;:&quot;&quot;,&quot;camera&quot;:&quot;&quot;,&quot;caption&quot;:&quot;&quot;,&quot;created_timestamp&quot;:&quot;0&quot;,&quot;copyright&quot;:&quot;&quot;,&quot;focal_length&quot;:&quot;0&quot;,&quot;iso&quot;:&quot;0&quot;,&quot;shutter_speed&quot;:&quot;0&quot;,&quot;title&quot;:&quot;&quot;,&quot;orientation&quot;:&quot;0&quot;}\" data-image-title=\"715x402_periodistas\" data-image-description=\"\" data-image-caption=\"\" data-medium-file=\"https:\/\/www.legistdf.gob.ar\/wp-content\/uploads\/2018\/06\/715x402_periodistas-300x169.jpg\" data-large-file=\"https:\/\/www.legistdf.gob.ar\/wp-content\/uploads\/2018\/06\/715x402_periodistas.jpg\" \/><\/a>\n\t\t\t<\/dt><\/dl><dl class='gallery-item'>\n\t\t\t<dt class='gallery-icon landscape'>\n\t\t\t\t<a href='https:\/\/www.legistdf.gob.ar\/index.php\/2018\/05\/09\/comisiones-dictamen-sobre-leche-medicamentosa-y-salud-mental\/img_3663\/'><img loading=\"lazy\" decoding=\"async\" width=\"150\" height=\"150\" src=\"https:\/\/www.legistdf.gob.ar\/wp-content\/uploads\/2018\/05\/IMG_3663-150x150.jpg\" class=\"attachment-thumbnail size-thumbnail\" alt=\"\" srcset=\"https:\/\/www.legistdf.gob.ar\/wp-content\/uploads\/2018\/05\/IMG_3663-150x150.jpg 150w, https:\/\/www.legistdf.gob.ar\/wp-content\/uploads\/2018\/05\/IMG_3663-64x64.jpg 64w\" sizes=\"(max-width: 150px) 100vw, 150px\" data-attachment-id=\"7350\" data-permalink=\"https:\/\/www.legistdf.gob.ar\/index.php\/2018\/05\/09\/comisiones-dictamen-sobre-leche-medicamentosa-y-salud-mental\/img_3663\/\" data-orig-file=\"https:\/\/www.legistdf.gob.ar\/wp-content\/uploads\/2018\/05\/IMG_3663.jpg\" data-orig-size=\"1000,667\" data-comments-opened=\"0\" data-image-meta=\"{&quot;aperture&quot;:&quot;4.5&quot;,&quot;credit&quot;:&quot;PrensaLegislativa2015&quot;,&quot;camera&quot;:&quot;Canon EOS 70D&quot;,&quot;caption&quot;:&quot;&quot;,&quot;created_timestamp&quot;:&quot;1525846748&quot;,&quot;copyright&quot;:&quot;&quot;,&quot;focal_length&quot;:&quot;80&quot;,&quot;iso&quot;:&quot;400&quot;,&quot;shutter_speed&quot;:&quot;0.025&quot;,&quot;title&quot;:&quot;&quot;,&quot;orientation&quot;:&quot;0&quot;}\" data-image-title=\"IMG_3663\" data-image-description=\"\" data-image-caption=\"\" data-medium-file=\"https:\/\/www.legistdf.gob.ar\/wp-content\/uploads\/2018\/05\/IMG_3663-300x200.jpg\" data-large-file=\"https:\/\/www.legistdf.gob.ar\/wp-content\/uploads\/2018\/05\/IMG_3663.jpg\" \/><\/a>\n\t\t\t<\/dt><\/dl><br style=\"clear: both\" \/>\n\t\t<\/div>\n\n","protected":false},"excerpt":{"rendered":"<p>Ushuaia, jueves 7 de junio de 2018.- La legisladora Liliana Mart\u00ednez Allende (UCR &#8211; Cambiemos) envi\u00f3 a Prensa Legislativa, la salutaci\u00f3n a los colegas periodistas de Tierra del Fuego quienes conmemoran el D\u00eda del Periodista. Sostuvo que \u00abpor definici\u00f3n, forman parte de esos trabajadores que son los incansables de raza\u201d. Cabe recordar, que el d\u00eda [&hellip;]<\/p>\n","protected":false},"author":352,"featured_media":7824,"comment_status":"closed","ping_status":"open","sticky":false,"template":"","format":"standard","meta":{"jetpack_post_was_ever_published":false,"_jetpack_newsletter_access":"","_jetpack_dont_email_post_to_subs":false,"_jetpack_newsletter_tier_id":0,"footnotes":"","jetpack_publicize_message":"","jetpack_publicize_feature_enabled":true,"jetpack_social_post_already_shared":true,"jetpack_social_options":{"image_generator_settings":{"template":"highway","enabled":false}}},"categories":[1],"tags":[78,155,88,247,248,79],"jetpack_publicize_connections":[],"jetpack_sharing_enabled":true,"jetpack_featured_media_url":"https:\/\/www.legistdf.gob.ar\/wp-content\/uploads\/2018\/06\/715x402_periodistas.jpg","jetpack-related-posts":[],"_links":{"self":[{"href":"https:\/\/www.legistdf.gob.ar\/index.php\/wp-json\/wp\/v2\/posts\/7822"}],"collection":[{"href":"https:\/\/www.legistdf.gob.ar\/index.php\/wp-json\/wp\/v2\/posts"}],"about":[{"href":"https:\/\/www.legistdf.gob.ar\/index.php\/wp-json\/wp\/v2\/types\/post"}],"author":[{"embeddable":true,"href":"https:\/\/www.legistdf.gob.ar\/index.php\/wp-json\/wp\/v2\/users\/352"}],"replies":[{"embeddable":true,"href":"https:\/\/www.legistdf.gob.ar\/index.php\/wp-json\/wp\/v2\/comments?post=7822"}],"version-history":[{"count":3,"href":"https:\/\/www.legistdf.gob.ar\/index.php\/wp-json\/wp\/v2\/posts\/7822\/revisions"}],"predecessor-version":[{"id":7827,"href":"https:\/\/www.legistdf.gob.ar\/index.php\/wp-json\/wp\/v2\/posts\/7822\/revisions\/7827"}],"wp:featuredmedia":[{"embeddable":true,"href":"https:\/\/www.legistdf.gob.ar\/index.php\/wp-json\/wp\/v2\/media\/7824"}],"wp:attachment":[{"href":"https:\/\/www.legistdf.gob.ar\/index.php\/wp-json\/wp\/v2\/media?parent=7822"}],"wp:term":[{"taxonomy":"category","embeddable":true,"href":"https:\/\/www.legistdf.gob.ar\/index.php\/wp-json\/wp\/v2\/categories?post=7822"},{"taxonomy":"post_tag","embeddable":true,"href":"https:\/\/www.legistdf.gob.ar\/index.php\/wp-json\/wp\/v2\/tags?post=7822"}],"curies":[{"name":"wp","href":"https:\/\/api.w.org\/{rel}","templated":true}]}}