{"id":7831,"date":"2018-06-07T16:23:42","date_gmt":"2018-06-07T19:23:42","guid":{"rendered":"http:\/\/www.legistdf.gob.ar\/?p=7831"},"modified":"2018-06-08T16:07:26","modified_gmt":"2018-06-08T19:07:26","slug":"malvinas-el-parlamento-aprobo-la-creacion-de-la-secretaria-de-representacion-oficial-para-la-cuestion-malvinas","status":"publish","type":"post","link":"https:\/\/www.legistdf.gob.ar\/index.php\/2018\/06\/07\/malvinas-el-parlamento-aprobo-la-creacion-de-la-secretaria-de-representacion-oficial-para-la-cuestion-malvinas\/","title":{"rendered":"MALVINAS: El Parlamento sancion\u00f3 la creaci\u00f3n de la Secretar\u00eda de Representaci\u00f3n Oficial para la Cuesti\u00f3n Malvinas"},"content":{"rendered":"<p>&nbsp;<\/p>\n<p><strong>Ushuaia, jueves 7 de junio de 2018.- En sesi\u00f3n especial, el Parlamento sancion\u00f3 hoy el asunto N\u00b0 239\/18, mediante el cual, el Ejecutivo provincial propone crear la Secretar\u00eda de Estado de Representaci\u00f3n Oficial para la Cuesti\u00f3n Malvinas. El encuentro, que cont\u00f3 con la presencia de los 15 Parlamentarios, fue presidido por la legisladora Myriam Mart\u00ednez. En tiempo de homenajes, destacaron la labor de los trabajadores de prensa, en el marco del d\u00eda del periodista, y se record\u00f3 la figura del legislador (MC) Carlos Saladino, fallecido recientemente en R\u00edo Grande.<\/strong><\/p>\n<p><strong>\u00a0<\/strong><\/p>\n<p>Pasadas las 11 de la ma\u00f1ana inici\u00f3 la 2\u00aa sesi\u00f3n especial del a\u00f1o, donde los legisladores M\u00f3nica Urquiza y Oscar Rubinos fueron los encargados de izar las banderas nacional y provincial. Luego, en tiempo de homenajes, el legislador Federico Bilota pidi\u00f3 la palabra, para reconocer el trabajo que d\u00eda a d\u00eda desarrollan los trabajadores de prensa, al conmemorarse hoy el d\u00eda del periodista. El Presidente del bloque del FPV \u2013 PJ record\u00f3 la figura de Mariano Moreno, quien public\u00f3 la \u201cGazeta de Buenos Ayres\u201d, primer peri\u00f3dico nacional, en el a\u00f1o 1810.<\/p>\n<p>&nbsp;<\/p>\n<p>Luego, el legislador Ricardo Furlan hizo lo propio para recordar al legislador (MC) Carlos Saladino, quien falleci\u00f3 recientemente en R\u00edo Grande. Saladino ocup\u00f3 una banca parlamentaria por el Partido Justicialista, en el per\u00edodo 2003 \u2013 2007. Durante su gesti\u00f3n, trabaj\u00f3 fundamentalmente en las \u00e1reas de Salud, Educaci\u00f3n y Familia. Testimonio de ello es el extenso archivo de iniciativas que le son propias, particularmente la adhesi\u00f3n de la Provincia a la Ley de Parto Humanizado N\u00ba 691 SALUD P\u00daBLICA &#8211; PARTO HUMANIZADO: ADHESI\u00d3N A LA LEY NACIONAL N\u00ba 25929, SOBRE OBLIGACIONES DE LAS OBRAS SOCIALES Y MEDICINA PREPAGA<\/p>\n<p>&nbsp;<\/p>\n<p>Una vez abordado el asunto para el cual fue convocada la sesi\u00f3n, los Parlamentarios sancionaron por unanimidad, primero en comisi\u00f3n y luego en sesi\u00f3n de manera nominal, la Ley de creaci\u00f3n de la Secretar\u00eda de Estado de Representaci\u00f3n Oficial para la Cuesti\u00f3n Malvinas. Los legisladores Pablo Villegas y M\u00f3nica Urquiza (MPF); Pablo Blanco (UCR \u2013 Cambiemos) y Federico Bilota (FPV \u2013 PJ), fundamentaron el acompa\u00f1amiento de sus respectivos bloques a la iniciativa del Poder Ejecutivo provincial.<\/p>\n<p>&nbsp;<\/p>\n<p style=\"text-align: center\"><em>VOCES: Satisfacci\u00f3n por sanci\u00f3n un\u00e1nime de la Ley<\/em><\/p>\n<p>&nbsp;<\/p>\n<p>La legisladora Myriam Mart\u00ednez dijo que \u201cestamos orgullosos de obtener el acompa\u00f1amiento de la Canciller\u00eda para que la Provincia pueda tener su representante en temas tan importantes que hacen a la defensa de nuestra soberan\u00eda\u201d.<\/p>\n<p>&nbsp;<\/p>\n<p>\u201cLa Gobernadora trabaja hace a\u00f1os con la sociedad, en la defensa de nuestros derechos soberanos sobre las islas. Cuando asumi\u00f3 la gobernaci\u00f3n continu\u00f3 con el di\u00e1logo para sumar pol\u00edticas que hoy suman un representante, con una voz \u00fanica en este tema fundamental\u201d, concluy\u00f3.<\/p>\n<p>&nbsp;<\/p>\n<p>El presidente del bloque del FPV \u2013 PJ Federico Bilota, sostuvo que \u201ceste es el camino que se ha marcado toda la clase pol\u00edtica con la Gobernadora. Hoy contamos con esta herramienta que le facilita a la Provincia estar incluida en ese \u00e1mbito de discusi\u00f3n. La pol\u00edtica exterior est\u00e1 reservada al Gobierno nacional; entendemos que Tierra del Fuego, atento a la situaci\u00f3n especial que tenemos frente a la cuesti\u00f3n Malvinas, usurpada por una potencia extranjera y otra parte, el sector ant\u00e1rtico, sometido a un tratado internacional\u201d, debe ser parte de toda instancia de intercambio.<\/p>\n<p>&nbsp;<\/p>\n<p>\u201cLo importante no es solo tener una posici\u00f3n, sino tambi\u00e9n como representantes del pueblo, mantener informado a los fueguinos de qu\u00e9 es lo que se est\u00e1 debatiendo en una causa tan importante y trascendental como Malvinas\u201d, cerr\u00f3 Bilota.<\/p>\n<p>&nbsp;<\/p>\n<p>Por su parte Marcela G\u00f3mez asegur\u00f3 que \u201ccon el tiempo, con todas estas acciones que hacen a la cuesti\u00f3n Malvinas, vamos a poder arribar a buen puerto y recuperarlas\u201d.<\/p>\n<p>&nbsp;<\/p>\n<p>Sobre el nombre de la persona que representar\u00e1 a la Provincia en la cuesti\u00f3n, G\u00f3mez estim\u00f3 que tiene \u201clas capacidades necesarias, trayectoria y conocimiento del tema, para lograr los objetivos marcados\u201d.<\/p>\n<p>&nbsp;<\/p>\n<p>En di\u00e1logo con la prensa, Angelina Carrasco destac\u00f3 que \u201cla Ley fue sancionada por unanimidad y esto tiene que ver directamente con el trabajo que realiza el Gobierno de la Provincia. Es un tema que m\u00e1s all\u00e1 de las diferencias pol\u00edticas, debe unir a todos los sectores que intervienen y esto es un claro ejemplo del trabajo que se realiz\u00f3 por este tema\u201d, dijo.<\/p>\n<p>&nbsp;<\/p>\n<p>\u201cLo que se persigue con el proyecto, es tener un representante oficial del Ejecutivo en la cuesti\u00f3n Malvinas, y a la vez, en una jerarqu\u00eda de Secretar\u00eda de Estado, para darle la importancia y relevancia que tiene como pol\u00edtica de Estado\u201d, explic\u00f3 Carrasco.<\/p>\n<p>&nbsp;<\/p>\n<p>Tambi\u00e9n, el legislador Pablo Blanco se expres\u00f3 respecto del asunto tratado. \u201cNosotros lo sostenemos desde siempre, Malvinas es una causa nacional y provincial. No estamos de acuerdo con aquellos que la utilizan para sacar r\u00e9dito pol\u00edtico partidario\u201d, dijo a Prensa Legislativa. Desde esa bancada, el Parlamentario se\u00f1al\u00f3 que \u201capoyamos siempre la reivindicaci\u00f3n de los derechos sobre Malvinas y creo que esto, m\u00e1s all\u00e1 de una modificaci\u00f3n a la Ley de Ministerios, tiene un sentido mucho m\u00e1s amplio que es que, por primera vez desde hace muchos a\u00f1os, Tierra del Fuego va a tener voz para la discusi\u00f3n de estos temas\u201d.<\/p>\n<p>&nbsp;<\/p>\n<p>Explic\u00f3 que se \u201cdeber\u00e1 hacer la s\u00edntesis del pensamiento de la Provincia en todos sus estamentos sobre la causa. Malvinas forma parte de nuestro territorio y debemos defender eso\u201d. cerr\u00f3.<\/p>\n<p>&nbsp;<\/p>\n<p>Por su parte, el legislador Ricardo Romano destac\u00f3 que \u201ca pesar de cualquier diferencia ideol\u00f3gica o pol\u00edtica en el tema Malvinas, hay una unidad completa\u201d. En este sentido, destac\u00f3 la sanci\u00f3n un\u00e1nime de la norma. Record\u00f3 la reuni\u00f3n convocada recientemente por la Gobernadora en Buenos Aires, \u201cdonde estuvieron representados los tres bloques pol\u00edticos\u201d.<\/p>\n<p>&nbsp;<\/p>\n<p>Resalt\u00f3 la figura del futuro secretario Jorge Arg\u00fcello: \u201cTiene un curriculum muy importante\u201d. Explic\u00f3 que el funcionario \u201cva a asesorar al Poder Ejecutivo y lo va a representar en foros nacionales e internacionales\u201d, en todo lo que tenga que ver con la cuesti\u00f3n Malvinas. \u201cLa Gobernadora ha dicho que el Gobierno nacional tiene una pol\u00edtica err\u00e1tica con respecto a Malvinas, palabras que comparto\u201d, finaliz\u00f3 Romano.<\/p>\n<p>&nbsp;<\/p>\n<p>El legislador Pablo Villegas manifest\u00f3 que \u201choy celebramos que la Sra. Gobernadora tenga una actitud mucho m\u00e1s proactiva en este tema tan caro a los sentimientos de los fueguinos, y lo ponemos de relieve porque creemos que es lo mejor para nuestra Provincia\u201d.<\/p>\n<p>&nbsp;<\/p>\n<p>\u201cSoy un convencido, como seguramente lo son todos los que est\u00e1n aqu\u00ed presentes que, m\u00e1s all\u00e1 de las diferencias que tenemos con la gesti\u00f3n de gobierno de la Dra. Rosana Bertone, esas diferencias hay que dejarlas de lado \u00a0cuando hablamos de un tema tan importante\u201d. En este punto, refiri\u00f3 al inter\u00e9s nacional y provincial en defender los intereses de los recursos naturales y energ\u00e9ticos. As\u00ed, consider\u00f3 que \u201cest\u00e1n en peligro, en funci\u00f3n al alcance que se le pueden dar a algunos acuerdos que se han suscripto por parte del Gobierno nacional\u201d, dijo Villegas.<\/p>\n<p>&nbsp;<\/p>\n<p>\u201cLa causa Malvinas nos tiene que encontrar, principalmente a los fueguinos, unidos, detr\u00e1s de ese sue\u00f1o, que ojal\u00e1 alg\u00fan d\u00eda sea realidad, de volver a recuperar efectivamente la soberan\u00eda sobre las islas Malvinas, Sandwich y Georgias y sus espacios mar\u00edtimos circundantes\u201d. Agreg\u00f3 que desde el Parlamento, \u201cexpresamos nuestro leal y sentido acompa\u00f1amiento a este proyecto de Ley\u201d, cerr\u00f3 el referente del bloque del MPF.<\/p>\n<p>&nbsp;<\/p>\n<p>Por su parte, la legisladora M\u00f3nica Urquiza sentenci\u00f3 que \u201cnosotros compartimos la creaci\u00f3n de esta Secretar\u00eda\u201d. Pidi\u00f3, ante sus pares, \u201cincorporar fundamentos al diario de sesiones, que est\u00e1n relacionados con la historia y la posici\u00f3n de nuestro partido con respecto a la causa Malvinas\u201d, dijo la presidenta del bloque del MPF.<\/p>\n<p>&nbsp;<\/p>\n<p>La subsecretaria de Relaciones Internacionales, Mar\u00eda Cecilia Fiocchi, en di\u00e1logo con Prensa Legislativa, dijo que \u201cel balance es m\u00e1s que satisfactorio. Esto institucionaliza lo que la Gobernadora convoc\u00f3 el 31 de mayo en el Senado de la Naci\u00f3n. Llevar adelante una pol\u00edtica de Estado, en la que todos los actores con representaci\u00f3n pol\u00edtica, dejemos de lado la cuesti\u00f3n partidaria y se trate el asunto de una manera institucional transversal, porque est\u00e1 estrictamente vinculado con nuestra jurisdicci\u00f3n provincial\u201d.<\/p>\n<p>&nbsp;<\/p>\n<p>\u201cLo dice la Ley y la Constituci\u00f3n Nacional: Ratifica la soberan\u00eda argentina y establece que, a trav\u00e9s del dialogo y los principios del derecho internacional, es como se debe lograr la recuperaci\u00f3n de los ejercicios efectivos de soberan\u00eda\u201d, afirm\u00f3.<\/p>\n<p>Respecto del futuro secretario Jorge Arg\u00fcello, la Funcionaria lo describi\u00f3 como \u201cuna persona que llev\u00f3 adelante un rol legislativo en la Ciudad Aut\u00f3noma de Buenos Aires, diputado de la Naci\u00f3n y en su labor como presidente de la Comisi\u00f3n de Relaciones Exteriores y Culto, llev\u00f3 adelante la conformaci\u00f3n del observatorio Malvinas. Fue embajador ante la misi\u00f3n de las Naciones Unidas, ante Estados Unidos y ante Portugal tambi\u00e9n, por lo que tiene una larga trayectoria; es un diplom\u00e1tico reconocido. Creemos que es la persona id\u00f3nea para representar a nuestra Provincia en esta materia\u201d, cerr\u00f3 Fiocchi.<\/p>\n<p>&nbsp;<\/p>\n\n\t\t<style type=\"text\/css\">\n\t\t\t#gallery-1 {\n\t\t\t\tmargin: auto;\n\t\t\t}\n\t\t\t#gallery-1 .gallery-item {\n\t\t\t\tfloat: left;\n\t\t\t\tmargin-top: 10px;\n\t\t\t\ttext-align: center;\n\t\t\t\twidth: 33%;\n\t\t\t}\n\t\t\t#gallery-1 img {\n\t\t\t\tborder: 2px solid #cfcfcf;\n\t\t\t}\n\t\t\t#gallery-1 .gallery-caption {\n\t\t\t\tmargin-left: 0;\n\t\t\t}\n\t\t\t\/* see gallery_shortcode() in wp-includes\/media.php *\/\n\t\t<\/style>\n\t\t<div data-carousel-extra='{\"blog_id\":1,\"permalink\":\"https:\\\/\\\/www.legistdf.gob.ar\\\/index.php\\\/2018\\\/06\\\/07\\\/malvinas-el-parlamento-aprobo-la-creacion-de-la-secretaria-de-representacion-oficial-para-la-cuestion-malvinas\\\/\"}' id='gallery-1' class='gallery galleryid-7831 gallery-columns-3 gallery-size-thumbnail'><dl class='gallery-item'>\n\t\t\t<dt class='gallery-icon landscape'>\n\t\t\t\t<a href='https:\/\/www.legistdf.gob.ar\/index.php\/2018\/06\/07\/malvinas-el-parlamento-aprobo-la-creacion-de-la-secretaria-de-representacion-oficial-para-la-cuestion-malvinas\/40841051380_c38d742969_o\/'><img loading=\"lazy\" decoding=\"async\" width=\"150\" height=\"150\" src=\"https:\/\/www.legistdf.gob.ar\/wp-content\/uploads\/2018\/06\/40841051380_c38d742969_o-150x150.jpg\" class=\"attachment-thumbnail size-thumbnail\" alt=\"\" srcset=\"https:\/\/www.legistdf.gob.ar\/wp-content\/uploads\/2018\/06\/40841051380_c38d742969_o-150x150.jpg 150w, https:\/\/www.legistdf.gob.ar\/wp-content\/uploads\/2018\/06\/40841051380_c38d742969_o-64x64.jpg 64w\" sizes=\"(max-width: 150px) 100vw, 150px\" data-attachment-id=\"7832\" data-permalink=\"https:\/\/www.legistdf.gob.ar\/index.php\/2018\/06\/07\/malvinas-el-parlamento-aprobo-la-creacion-de-la-secretaria-de-representacion-oficial-para-la-cuestion-malvinas\/40841051380_c38d742969_o\/\" data-orig-file=\"https:\/\/www.legistdf.gob.ar\/wp-content\/uploads\/2018\/06\/40841051380_c38d742969_o.jpg\" data-orig-size=\"1000,667\" data-comments-opened=\"0\" data-image-meta=\"{&quot;aperture&quot;:&quot;0&quot;,&quot;credit&quot;:&quot;PrensaLegislativa2015&quot;,&quot;camera&quot;:&quot;&quot;,&quot;caption&quot;:&quot;&quot;,&quot;created_timestamp&quot;:&quot;1528352680&quot;,&quot;copyright&quot;:&quot;&quot;,&quot;focal_length&quot;:&quot;0&quot;,&quot;iso&quot;:&quot;0&quot;,&quot;shutter_speed&quot;:&quot;0&quot;,&quot;title&quot;:&quot;&quot;,&quot;orientation&quot;:&quot;1&quot;}\" data-image-title=\"40841051380_c38d742969_o\" data-image-description=\"\" data-image-caption=\"\" data-medium-file=\"https:\/\/www.legistdf.gob.ar\/wp-content\/uploads\/2018\/06\/40841051380_c38d742969_o-300x200.jpg\" data-large-file=\"https:\/\/www.legistdf.gob.ar\/wp-content\/uploads\/2018\/06\/40841051380_c38d742969_o.jpg\" \/><\/a>\n\t\t\t<\/dt><\/dl><dl class='gallery-item'>\n\t\t\t<dt class='gallery-icon landscape'>\n\t\t\t\t<a href='https:\/\/www.legistdf.gob.ar\/index.php\/2018\/06\/07\/malvinas-el-parlamento-aprobo-la-creacion-de-la-secretaria-de-representacion-oficial-para-la-cuestion-malvinas\/27780595147_1e3461652b_o\/'><img loading=\"lazy\" decoding=\"async\" width=\"150\" height=\"150\" src=\"https:\/\/www.legistdf.gob.ar\/wp-content\/uploads\/2018\/06\/27780595147_1e3461652b_o-150x150.jpg\" class=\"attachment-thumbnail size-thumbnail\" alt=\"\" srcset=\"https:\/\/www.legistdf.gob.ar\/wp-content\/uploads\/2018\/06\/27780595147_1e3461652b_o-150x150.jpg 150w, https:\/\/www.legistdf.gob.ar\/wp-content\/uploads\/2018\/06\/27780595147_1e3461652b_o-64x64.jpg 64w\" sizes=\"(max-width: 150px) 100vw, 150px\" data-attachment-id=\"7833\" data-permalink=\"https:\/\/www.legistdf.gob.ar\/index.php\/2018\/06\/07\/malvinas-el-parlamento-aprobo-la-creacion-de-la-secretaria-de-representacion-oficial-para-la-cuestion-malvinas\/27780595147_1e3461652b_o\/\" data-orig-file=\"https:\/\/www.legistdf.gob.ar\/wp-content\/uploads\/2018\/06\/27780595147_1e3461652b_o.jpg\" data-orig-size=\"1000,563\" data-comments-opened=\"0\" data-image-meta=\"{&quot;aperture&quot;:&quot;0&quot;,&quot;credit&quot;:&quot;PrensaLegislativa2015&quot;,&quot;camera&quot;:&quot;&quot;,&quot;caption&quot;:&quot;&quot;,&quot;created_timestamp&quot;:&quot;1528352617&quot;,&quot;copyright&quot;:&quot;&quot;,&quot;focal_length&quot;:&quot;0&quot;,&quot;iso&quot;:&quot;0&quot;,&quot;shutter_speed&quot;:&quot;0&quot;,&quot;title&quot;:&quot;&quot;,&quot;orientation&quot;:&quot;1&quot;}\" data-image-title=\"27780595147_1e3461652b_o\" data-image-description=\"\" data-image-caption=\"\" data-medium-file=\"https:\/\/www.legistdf.gob.ar\/wp-content\/uploads\/2018\/06\/27780595147_1e3461652b_o-300x169.jpg\" data-large-file=\"https:\/\/www.legistdf.gob.ar\/wp-content\/uploads\/2018\/06\/27780595147_1e3461652b_o.jpg\" \/><\/a>\n\t\t\t<\/dt><\/dl><dl class='gallery-item'>\n\t\t\t<dt class='gallery-icon landscape'>\n\t\t\t\t<a href='https:\/\/www.legistdf.gob.ar\/index.php\/2018\/06\/07\/malvinas-el-parlamento-aprobo-la-creacion-de-la-secretaria-de-representacion-oficial-para-la-cuestion-malvinas\/42649451891_a790971b4c_o\/'><img loading=\"lazy\" decoding=\"async\" width=\"150\" height=\"150\" src=\"https:\/\/www.legistdf.gob.ar\/wp-content\/uploads\/2018\/06\/42649451891_a790971b4c_o-150x150.jpg\" class=\"attachment-thumbnail size-thumbnail\" alt=\"\" srcset=\"https:\/\/www.legistdf.gob.ar\/wp-content\/uploads\/2018\/06\/42649451891_a790971b4c_o-150x150.jpg 150w, https:\/\/www.legistdf.gob.ar\/wp-content\/uploads\/2018\/06\/42649451891_a790971b4c_o-64x64.jpg 64w\" sizes=\"(max-width: 150px) 100vw, 150px\" data-attachment-id=\"7834\" data-permalink=\"https:\/\/www.legistdf.gob.ar\/index.php\/2018\/06\/07\/malvinas-el-parlamento-aprobo-la-creacion-de-la-secretaria-de-representacion-oficial-para-la-cuestion-malvinas\/42649451891_a790971b4c_o\/\" data-orig-file=\"https:\/\/www.legistdf.gob.ar\/wp-content\/uploads\/2018\/06\/42649451891_a790971b4c_o.jpg\" data-orig-size=\"1000,667\" data-comments-opened=\"0\" data-image-meta=\"{&quot;aperture&quot;:&quot;0&quot;,&quot;credit&quot;:&quot;PrensaLegislativa2015&quot;,&quot;camera&quot;:&quot;&quot;,&quot;caption&quot;:&quot;&quot;,&quot;created_timestamp&quot;:&quot;1528352011&quot;,&quot;copyright&quot;:&quot;&quot;,&quot;focal_length&quot;:&quot;0&quot;,&quot;iso&quot;:&quot;0&quot;,&quot;shutter_speed&quot;:&quot;0&quot;,&quot;title&quot;:&quot;&quot;,&quot;orientation&quot;:&quot;1&quot;}\" data-image-title=\"42649451891_a790971b4c_o\" data-image-description=\"\" data-image-caption=\"\" data-medium-file=\"https:\/\/www.legistdf.gob.ar\/wp-content\/uploads\/2018\/06\/42649451891_a790971b4c_o-300x200.jpg\" data-large-file=\"https:\/\/www.legistdf.gob.ar\/wp-content\/uploads\/2018\/06\/42649451891_a790971b4c_o.jpg\" \/><\/a>\n\t\t\t<\/dt><\/dl><br style=\"clear: both\" \/>\n\t\t<\/div>\n\n","protected":false},"excerpt":{"rendered":"<p>&nbsp; Ushuaia, jueves 7 de junio de 2018.- En sesi\u00f3n especial, el Parlamento sancion\u00f3 hoy el asunto N\u00b0 239\/18, mediante el cual, el Ejecutivo provincial propone crear la Secretar\u00eda de Estado de Representaci\u00f3n Oficial para la Cuesti\u00f3n Malvinas. El encuentro, que cont\u00f3 con la presencia de los 15 Parlamentarios, fue presidido por la legisladora Myriam [&hellip;]<\/p>\n","protected":false},"author":352,"featured_media":7834,"comment_status":"closed","ping_status":"open","sticky":false,"template":"","format":"standard","meta":{"jetpack_post_was_ever_published":false,"_jetpack_newsletter_access":"","_jetpack_dont_email_post_to_subs":false,"_jetpack_newsletter_tier_id":0,"footnotes":"","jetpack_publicize_message":"","jetpack_publicize_feature_enabled":true,"jetpack_social_post_already_shared":true,"jetpack_social_options":{"image_generator_settings":{"template":"highway","enabled":false}}},"categories":[1],"tags":[78,141,82,241,79,87],"jetpack_publicize_connections":[],"jetpack_sharing_enabled":true,"jetpack_featured_media_url":"https:\/\/www.legistdf.gob.ar\/wp-content\/uploads\/2018\/06\/42649451891_a790971b4c_o.jpg","jetpack-related-posts":[],"_links":{"self":[{"href":"https:\/\/www.legistdf.gob.ar\/index.php\/wp-json\/wp\/v2\/posts\/7831"}],"collection":[{"href":"https:\/\/www.legistdf.gob.ar\/index.php\/wp-json\/wp\/v2\/posts"}],"about":[{"href":"https:\/\/www.legistdf.gob.ar\/index.php\/wp-json\/wp\/v2\/types\/post"}],"author":[{"embeddable":true,"href":"https:\/\/www.legistdf.gob.ar\/index.php\/wp-json\/wp\/v2\/users\/352"}],"replies":[{"embeddable":true,"href":"https:\/\/www.legistdf.gob.ar\/index.php\/wp-json\/wp\/v2\/comments?post=7831"}],"version-history":[{"count":3,"href":"https:\/\/www.legistdf.gob.ar\/index.php\/wp-json\/wp\/v2\/posts\/7831\/revisions"}],"predecessor-version":[{"id":7842,"href":"https:\/\/www.legistdf.gob.ar\/index.php\/wp-json\/wp\/v2\/posts\/7831\/revisions\/7842"}],"wp:featuredmedia":[{"embeddable":true,"href":"https:\/\/www.legistdf.gob.ar\/index.php\/wp-json\/wp\/v2\/media\/7834"}],"wp:attachment":[{"href":"https:\/\/www.legistdf.gob.ar\/index.php\/wp-json\/wp\/v2\/media?parent=7831"}],"wp:term":[{"taxonomy":"category","embeddable":true,"href":"https:\/\/www.legistdf.gob.ar\/index.php\/wp-json\/wp\/v2\/categories?post=7831"},{"taxonomy":"post_tag","embeddable":true,"href":"https:\/\/www.legistdf.gob.ar\/index.php\/wp-json\/wp\/v2\/tags?post=7831"}],"curies":[{"name":"wp","href":"https:\/\/api.w.org\/{rel}","templated":true}]}}