{"id":7836,"date":"2018-06-07T18:00:40","date_gmt":"2018-06-07T21:00:40","guid":{"rendered":"http:\/\/www.legistdf.gob.ar\/?p=7836"},"modified":"2018-06-07T17:42:19","modified_gmt":"2018-06-07T20:42:19","slug":"legislatura-luego-de-la-sesion-especial-agasajaron-a-periodistas","status":"publish","type":"post","link":"https:\/\/www.legistdf.gob.ar\/index.php\/2018\/06\/07\/legislatura-luego-de-la-sesion-especial-agasajaron-a-periodistas\/","title":{"rendered":"LEGISLATURA: Luego de la sesi\u00f3n especial agasajaron a periodistas"},"content":{"rendered":"<p><strong>Ushuaia, jueves 7 de junio de 2018.- El Parlamento salud\u00f3 en su d\u00eda a los periodistas y trabajadores de prensa luego de la 2\u00aa sesi\u00f3n especial del a\u00f1o. En representaci\u00f3n de la composici\u00f3n de la C\u00e1mara, el legislador Daniel Harrington puso en valor su compromiso en la tarea cotidiana. Participaron la vicepresidenta 1\u00aa a cargo del Poder Legislativo, legisladora Myriam Mart\u00ednez junto a los dem\u00e1s Parlamentarios. La formaci\u00f3n acad\u00e9mica \u201ces la clave del avance en el periodismo\u201d dijo el periodista Roberto Castellano. El Parlamento, tambi\u00e9n, se expres\u00f3 por la desaparici\u00f3n f\u00edsica de la periodista Lulu Loaces de R\u00edo Grande.<\/strong><\/p>\n<p>&nbsp;<\/p>\n<p>Harrington, referente del FPV \u2013 PJ, subray\u00f3 el compromiso \u201cpuesto de manifiesto en esa funci\u00f3n social\u201d y agradeci\u00f3 \u201cacompa\u00f1ar el ejercicio democr\u00e1tico; por hacer llegar nuestra voz y llevarla a toda la comunidad\u201d.<\/p>\n<p>&nbsp;<\/p>\n<p>Por su parte, consultada por Prensa Legislativa acerca de lo que le dejaba como reflexi\u00f3n esta celebraci\u00f3n, la periodista Luz Scarpati, dijo: \u201cEs un d\u00eda para reflexionar acerca del rol del periodismo en la sociedad. Hay que entender que el periodismo, como ente abstracto, no existe. Es una ilusi\u00f3n. Existen hombres y mujeres que ejercen la profesi\u00f3n y lo hacen desde sus propias construcciones subjetivas, por lo tanto, no podemos pensar en un periodismo objetivo\u201d.<\/p>\n<p>&nbsp;<\/p>\n<p>En este sentido, pidi\u00f3 a sus colegas \u201cbuscar la pluralidad de voces que son las que, efectivamente, nos van a dar un panorama real de esta construcci\u00f3n de la realidad a la que apuntan los medios en cada acontecimiento noticioso\u201d.<\/p>\n<p>&nbsp;<\/p>\n<p>Adem\u00e1s, mencion\u00f3 que no es un dato menor la celebraci\u00f3n del d\u00eda del periodista el 7 de junio. \u201cHoy se celebra el primer antecedente del bolet\u00edn oficial, que fue la Gazeta de Buenos Ayres. M\u00e1s all\u00e1 de las nobles intenciones de Mariano Moreno, cabe preguntarnos si el periodismo es la gacetilla oficial, si es un intermediario de ello que apunta a una relaci\u00f3n que pretendi\u00f3 ser transparente, o si efectivamente somos esa gacetilla oficial. Qu\u00e9 es lo que pasa con los otros hechos que forman parte de la realidad\u201d, se pregunt\u00f3.<\/p>\n<p>&nbsp;<\/p>\n<p>Roberto Castellano, por su parte resalt\u00f3 el cambio de paradigmas en el periodismo. \u201cVeo libertad de expresi\u00f3n en el pa\u00eds. Mucha juventud preparada, que no eran los m\u00e1s en el periodismo de antes. Creo que esta es la clave del avance en el periodismo. Tener cada vez m\u00e1s personas capacitadas en la materia\u201d.<\/p>\n<p>&nbsp;<\/p>\n<p>\u201cLa libertad de expresi\u00f3n y c\u00f3mo se da la informaci\u00f3n es otro de los puntos importantes\u201d, advirti\u00f3. \u201cA veces damos la informaci\u00f3n muy r\u00e1pido y la fuente hay que consultarla siempre. Apresurarse y ser el primero, no da la mejor informaci\u00f3n y trabajamos para eso, para lograr lo mejor de nosotros\u201d, sintetiz\u00f3 el periodista de m\u00e1s de dos d\u00e9cadas de trayectoria radial.<\/p>\n<p>&nbsp;<\/p>\n<p>P\u00e1rrafo aparte, el Parlamento elev\u00f3 un comunicado en que acompa\u00f1a a familiares y amigos de la periodista deportiva Lulu Loaces de R\u00edo Grande. La profesional, falleci\u00f3 en las primeras horas de hoy, d\u00eda del periodista. Desde esta Direcci\u00f3n de Prensa y Difusi\u00f3n Institucional, resaltamos su calidad humana y su trayectoria.<\/p>\n\n\t\t<style type=\"text\/css\">\n\t\t\t#gallery-1 {\n\t\t\t\tmargin: auto;\n\t\t\t}\n\t\t\t#gallery-1 .gallery-item {\n\t\t\t\tfloat: left;\n\t\t\t\tmargin-top: 10px;\n\t\t\t\ttext-align: center;\n\t\t\t\twidth: 100%;\n\t\t\t}\n\t\t\t#gallery-1 img {\n\t\t\t\tborder: 2px solid #cfcfcf;\n\t\t\t}\n\t\t\t#gallery-1 .gallery-caption {\n\t\t\t\tmargin-left: 0;\n\t\t\t}\n\t\t\t\/* see gallery_shortcode() in wp-includes\/media.php *\/\n\t\t<\/style>\n\t\t<div data-carousel-extra='{\"blog_id\":1,\"permalink\":\"https:\\\/\\\/www.legistdf.gob.ar\\\/index.php\\\/2018\\\/06\\\/07\\\/legislatura-luego-de-la-sesion-especial-agasajaron-a-periodistas\\\/\"}' id='gallery-1' class='gallery galleryid-7836 gallery-columns-1 gallery-size-thumbnail'><dl class='gallery-item'>\n\t\t\t<dt class='gallery-icon landscape'>\n\t\t\t\t<a href='https:\/\/www.legistdf.gob.ar\/index.php\/2018\/06\/07\/legislatura-luego-de-la-sesion-especial-agasajaron-a-periodistas\/img_6217-2\/'><img loading=\"lazy\" decoding=\"async\" width=\"150\" height=\"150\" src=\"https:\/\/www.legistdf.gob.ar\/wp-content\/uploads\/2018\/06\/IMG_6217-1-150x150.jpg\" class=\"attachment-thumbnail size-thumbnail\" alt=\"\" srcset=\"https:\/\/www.legistdf.gob.ar\/wp-content\/uploads\/2018\/06\/IMG_6217-1-150x150.jpg 150w, https:\/\/www.legistdf.gob.ar\/wp-content\/uploads\/2018\/06\/IMG_6217-1-64x64.jpg 64w\" sizes=\"(max-width: 150px) 100vw, 150px\" data-attachment-id=\"7838\" data-permalink=\"https:\/\/www.legistdf.gob.ar\/index.php\/2018\/06\/07\/legislatura-luego-de-la-sesion-especial-agasajaron-a-periodistas\/img_6217-2\/\" data-orig-file=\"https:\/\/www.legistdf.gob.ar\/wp-content\/uploads\/2018\/06\/IMG_6217-1.jpg\" data-orig-size=\"1000,563\" data-comments-opened=\"0\" data-image-meta=\"{&quot;aperture&quot;:&quot;0&quot;,&quot;credit&quot;:&quot;PrensaLegislativa2015&quot;,&quot;camera&quot;:&quot;&quot;,&quot;caption&quot;:&quot;&quot;,&quot;created_timestamp&quot;:&quot;1528355781&quot;,&quot;copyright&quot;:&quot;&quot;,&quot;focal_length&quot;:&quot;0&quot;,&quot;iso&quot;:&quot;0&quot;,&quot;shutter_speed&quot;:&quot;0&quot;,&quot;title&quot;:&quot;&quot;,&quot;orientation&quot;:&quot;1&quot;}\" data-image-title=\"IMG_6217\" data-image-description=\"\" data-image-caption=\"\" data-medium-file=\"https:\/\/www.legistdf.gob.ar\/wp-content\/uploads\/2018\/06\/IMG_6217-1-300x169.jpg\" data-large-file=\"https:\/\/www.legistdf.gob.ar\/wp-content\/uploads\/2018\/06\/IMG_6217-1.jpg\" \/><\/a>\n\t\t\t<\/dt><\/dl><br style=\"clear: both\" \/>\n\t\t<\/div>\n\n","protected":false},"excerpt":{"rendered":"<p>Ushuaia, jueves 7 de junio de 2018.- El Parlamento salud\u00f3 en su d\u00eda a los periodistas y trabajadores de prensa luego de la 2\u00aa sesi\u00f3n especial del a\u00f1o. En representaci\u00f3n de la composici\u00f3n de la C\u00e1mara, el legislador Daniel Harrington puso en valor su compromiso en la tarea cotidiana. Participaron la vicepresidenta 1\u00aa a cargo [&hellip;]<\/p>\n","protected":false},"author":352,"featured_media":7837,"comment_status":"closed","ping_status":"open","sticky":false,"template":"","format":"standard","meta":{"jetpack_post_was_ever_published":false,"_jetpack_newsletter_access":"","_jetpack_dont_email_post_to_subs":false,"_jetpack_newsletter_tier_id":0,"footnotes":"","jetpack_publicize_message":"","jetpack_publicize_feature_enabled":true,"jetpack_social_post_already_shared":true,"jetpack_social_options":{"image_generator_settings":{"template":"highway","enabled":false}}},"categories":[1],"tags":[180,78,250,251,247,249,252,241,79,87],"jetpack_publicize_connections":[],"jetpack_sharing_enabled":true,"jetpack_featured_media_url":"https:\/\/www.legistdf.gob.ar\/wp-content\/uploads\/2018\/06\/IMG_6217.jpg","jetpack-related-posts":[],"_links":{"self":[{"href":"https:\/\/www.legistdf.gob.ar\/index.php\/wp-json\/wp\/v2\/posts\/7836"}],"collection":[{"href":"https:\/\/www.legistdf.gob.ar\/index.php\/wp-json\/wp\/v2\/posts"}],"about":[{"href":"https:\/\/www.legistdf.gob.ar\/index.php\/wp-json\/wp\/v2\/types\/post"}],"author":[{"embeddable":true,"href":"https:\/\/www.legistdf.gob.ar\/index.php\/wp-json\/wp\/v2\/users\/352"}],"replies":[{"embeddable":true,"href":"https:\/\/www.legistdf.gob.ar\/index.php\/wp-json\/wp\/v2\/comments?post=7836"}],"version-history":[{"count":1,"href":"https:\/\/www.legistdf.gob.ar\/index.php\/wp-json\/wp\/v2\/posts\/7836\/revisions"}],"predecessor-version":[{"id":7839,"href":"https:\/\/www.legistdf.gob.ar\/index.php\/wp-json\/wp\/v2\/posts\/7836\/revisions\/7839"}],"wp:featuredmedia":[{"embeddable":true,"href":"https:\/\/www.legistdf.gob.ar\/index.php\/wp-json\/wp\/v2\/media\/7837"}],"wp:attachment":[{"href":"https:\/\/www.legistdf.gob.ar\/index.php\/wp-json\/wp\/v2\/media?parent=7836"}],"wp:term":[{"taxonomy":"category","embeddable":true,"href":"https:\/\/www.legistdf.gob.ar\/index.php\/wp-json\/wp\/v2\/categories?post=7836"},{"taxonomy":"post_tag","embeddable":true,"href":"https:\/\/www.legistdf.gob.ar\/index.php\/wp-json\/wp\/v2\/tags?post=7836"}],"curies":[{"name":"wp","href":"https:\/\/api.w.org\/{rel}","templated":true}]}}