{"id":7848,"date":"2018-06-10T20:00:41","date_gmt":"2018-06-10T23:00:41","guid":{"rendered":"http:\/\/www.legistdf.gob.ar\/?p=7848"},"modified":"2018-06-10T20:38:36","modified_gmt":"2018-06-10T23:38:36","slug":"municipalidad-inauguran-el-hito-urbano-en-la-bahia-ushuaia","status":"publish","type":"post","link":"https:\/\/www.legistdf.gob.ar\/index.php\/2018\/06\/10\/municipalidad-inauguran-el-hito-urbano-en-la-bahia-ushuaia\/","title":{"rendered":"MUNICIPALIDAD: Inauguran el hito urbano en la bah\u00eda Ushuaia"},"content":{"rendered":"<p><strong>Ushuaia, domingo 10 de junio de 2018.- Bajo una t\u00edmida nevada, la Ciudad inaugur\u00f3 el hito urbano ubicado en Luis P. Fique y avenida Garramu\u00f1o en la capital fueguina. El acto, que cont\u00f3 con la participaci\u00f3n de numerosos vecinos y se inscribe en los festejos de la Fiesta Nacional de la Noche m\u00e1s Larga, descubri\u00f3 el cartel Ushuaia que corona la bah\u00eda del mismo nombre. Fue presidido por el intendente, Walter Vuoto y participaron el vicegobernador de la Provincia, Juan Carlos Arcando y las legisladoras Marcela G\u00f3mez y Angelina Carrasco.<\/strong><\/p>\n<p>&nbsp;<\/p>\n<p>Desde el municipio, destacaron el asesoramiento del Colegio de Arquitectos y la Agencia Desarrollo Ushuaia a quienes le entregaron sendos reconocimientos por su aporte. En tanto, luego del encendido del hito, las distintas academias de baile, realizaron una muestra de danzas.<\/p>\n<p>&nbsp;<\/p>\n<p>El Presidente de la Legislatura consider\u00f3 que la inauguraci\u00f3n del cartel \u201ces un momento muy especial\u201d y destac\u00f3 el dise\u00f1o y el aporte de las distintas c\u00e1maras que intervinieron en su realizaci\u00f3n. \u201cVa a marcar un antes y despu\u00e9s en los aspectos tur\u00edsticos de la Provincia\u201d. Destac\u00f3 el aporte de la Direcci\u00f3n Provincial de Energ\u00eda (DPE) que aport\u00f3 el sistema el\u00e9ctrico para iluminarlo.<\/p>\n<p>&nbsp;<\/p>\n<p>Entendi\u00f3 que la iluminaci\u00f3n y el parquizado del sector, significa un nuevo punto para fotografiar con la vista del Canal Beagle y la bah\u00eda Ushuaia con marco paisaj\u00edstico. \u201cMuy feliz, como fueguino por adopci\u00f3n, de tener este nuevo hito urbano\u201d, cerr\u00f3.<\/p>\n<p>Del acto, participaron tambi\u00e9n concejales de Ushuaia, integrantes del gabinete municipal y funcionarios provinciales.<\/p>\n<p>&nbsp;<\/p>\n<p>Galer\u00eda:\u00a0<a href=\"https:\/\/flic.kr\/s\/aHskCGqDJo\">https:\/\/flic.kr\/s\/aHskCGqDJo<\/a><\/p>\n<p>&nbsp;<\/p>\n\n\t\t<style type=\"text\/css\">\n\t\t\t#gallery-1 {\n\t\t\t\tmargin: auto;\n\t\t\t}\n\t\t\t#gallery-1 .gallery-item {\n\t\t\t\tfloat: left;\n\t\t\t\tmargin-top: 10px;\n\t\t\t\ttext-align: center;\n\t\t\t\twidth: 33%;\n\t\t\t}\n\t\t\t#gallery-1 img {\n\t\t\t\tborder: 2px solid #cfcfcf;\n\t\t\t}\n\t\t\t#gallery-1 .gallery-caption {\n\t\t\t\tmargin-left: 0;\n\t\t\t}\n\t\t\t\/* see gallery_shortcode() in wp-includes\/media.php *\/\n\t\t<\/style>\n\t\t<div data-carousel-extra='{\"blog_id\":1,\"permalink\":\"https:\\\/\\\/www.legistdf.gob.ar\\\/index.php\\\/2018\\\/06\\\/10\\\/municipalidad-inauguran-el-hito-urbano-en-la-bahia-ushuaia\\\/\"}' id='gallery-1' class='gallery galleryid-7848 gallery-columns-3 gallery-size-thumbnail'><dl class='gallery-item'>\n\t\t\t<dt class='gallery-icon landscape'>\n\t\t\t\t<a href='https:\/\/www.legistdf.gob.ar\/index.php\/2018\/06\/10\/municipalidad-inauguran-el-hito-urbano-en-la-bahia-ushuaia\/img_5689\/'><img loading=\"lazy\" decoding=\"async\" width=\"150\" height=\"150\" src=\"https:\/\/www.legistdf.gob.ar\/wp-content\/uploads\/2018\/06\/IMG_5689-150x150.jpg\" class=\"attachment-thumbnail size-thumbnail\" alt=\"\" srcset=\"https:\/\/www.legistdf.gob.ar\/wp-content\/uploads\/2018\/06\/IMG_5689-150x150.jpg 150w, https:\/\/www.legistdf.gob.ar\/wp-content\/uploads\/2018\/06\/IMG_5689-64x64.jpg 64w\" sizes=\"(max-width: 150px) 100vw, 150px\" data-attachment-id=\"7849\" data-permalink=\"https:\/\/www.legistdf.gob.ar\/index.php\/2018\/06\/10\/municipalidad-inauguran-el-hito-urbano-en-la-bahia-ushuaia\/img_5689\/\" data-orig-file=\"https:\/\/www.legistdf.gob.ar\/wp-content\/uploads\/2018\/06\/IMG_5689.jpg\" data-orig-size=\"1500,844\" data-comments-opened=\"0\" data-image-meta=\"{&quot;aperture&quot;:&quot;0&quot;,&quot;credit&quot;:&quot;&quot;,&quot;camera&quot;:&quot;&quot;,&quot;caption&quot;:&quot;&quot;,&quot;created_timestamp&quot;:&quot;0&quot;,&quot;copyright&quot;:&quot;&quot;,&quot;focal_length&quot;:&quot;0&quot;,&quot;iso&quot;:&quot;0&quot;,&quot;shutter_speed&quot;:&quot;0&quot;,&quot;title&quot;:&quot;&quot;,&quot;orientation&quot;:&quot;1&quot;}\" data-image-title=\"IMG_5689\" data-image-description=\"\" data-image-caption=\"\" data-medium-file=\"https:\/\/www.legistdf.gob.ar\/wp-content\/uploads\/2018\/06\/IMG_5689-300x169.jpg\" data-large-file=\"https:\/\/www.legistdf.gob.ar\/wp-content\/uploads\/2018\/06\/IMG_5689-1024x576.jpg\" \/><\/a>\n\t\t\t<\/dt><\/dl><dl class='gallery-item'>\n\t\t\t<dt class='gallery-icon landscape'>\n\t\t\t\t<a href='https:\/\/www.legistdf.gob.ar\/index.php\/2018\/06\/10\/municipalidad-inauguran-el-hito-urbano-en-la-bahia-ushuaia\/img_5697\/'><img loading=\"lazy\" decoding=\"async\" width=\"150\" height=\"150\" src=\"https:\/\/www.legistdf.gob.ar\/wp-content\/uploads\/2018\/06\/IMG_5697-150x150.jpg\" class=\"attachment-thumbnail size-thumbnail\" alt=\"\" srcset=\"https:\/\/www.legistdf.gob.ar\/wp-content\/uploads\/2018\/06\/IMG_5697-150x150.jpg 150w, https:\/\/www.legistdf.gob.ar\/wp-content\/uploads\/2018\/06\/IMG_5697-64x64.jpg 64w\" sizes=\"(max-width: 150px) 100vw, 150px\" data-attachment-id=\"7850\" data-permalink=\"https:\/\/www.legistdf.gob.ar\/index.php\/2018\/06\/10\/municipalidad-inauguran-el-hito-urbano-en-la-bahia-ushuaia\/img_5697\/\" data-orig-file=\"https:\/\/www.legistdf.gob.ar\/wp-content\/uploads\/2018\/06\/IMG_5697.jpg\" data-orig-size=\"1500,844\" data-comments-opened=\"0\" data-image-meta=\"{&quot;aperture&quot;:&quot;0&quot;,&quot;credit&quot;:&quot;&quot;,&quot;camera&quot;:&quot;&quot;,&quot;caption&quot;:&quot;&quot;,&quot;created_timestamp&quot;:&quot;0&quot;,&quot;copyright&quot;:&quot;&quot;,&quot;focal_length&quot;:&quot;0&quot;,&quot;iso&quot;:&quot;0&quot;,&quot;shutter_speed&quot;:&quot;0&quot;,&quot;title&quot;:&quot;&quot;,&quot;orientation&quot;:&quot;1&quot;}\" data-image-title=\"IMG_5697\" data-image-description=\"\" data-image-caption=\"\" data-medium-file=\"https:\/\/www.legistdf.gob.ar\/wp-content\/uploads\/2018\/06\/IMG_5697-300x169.jpg\" data-large-file=\"https:\/\/www.legistdf.gob.ar\/wp-content\/uploads\/2018\/06\/IMG_5697-1024x576.jpg\" \/><\/a>\n\t\t\t<\/dt><\/dl><dl class='gallery-item'>\n\t\t\t<dt class='gallery-icon landscape'>\n\t\t\t\t<a href='https:\/\/www.legistdf.gob.ar\/index.php\/2018\/06\/10\/municipalidad-inauguran-el-hito-urbano-en-la-bahia-ushuaia\/img_5701\/'><img loading=\"lazy\" decoding=\"async\" width=\"150\" height=\"150\" src=\"https:\/\/www.legistdf.gob.ar\/wp-content\/uploads\/2018\/06\/IMG_5701-150x150.jpg\" class=\"attachment-thumbnail size-thumbnail\" alt=\"\" srcset=\"https:\/\/www.legistdf.gob.ar\/wp-content\/uploads\/2018\/06\/IMG_5701-150x150.jpg 150w, https:\/\/www.legistdf.gob.ar\/wp-content\/uploads\/2018\/06\/IMG_5701-64x64.jpg 64w\" sizes=\"(max-width: 150px) 100vw, 150px\" data-attachment-id=\"7851\" data-permalink=\"https:\/\/www.legistdf.gob.ar\/index.php\/2018\/06\/10\/municipalidad-inauguran-el-hito-urbano-en-la-bahia-ushuaia\/img_5701\/\" data-orig-file=\"https:\/\/www.legistdf.gob.ar\/wp-content\/uploads\/2018\/06\/IMG_5701.jpg\" data-orig-size=\"1500,844\" data-comments-opened=\"0\" data-image-meta=\"{&quot;aperture&quot;:&quot;0&quot;,&quot;credit&quot;:&quot;&quot;,&quot;camera&quot;:&quot;&quot;,&quot;caption&quot;:&quot;&quot;,&quot;created_timestamp&quot;:&quot;0&quot;,&quot;copyright&quot;:&quot;&quot;,&quot;focal_length&quot;:&quot;0&quot;,&quot;iso&quot;:&quot;0&quot;,&quot;shutter_speed&quot;:&quot;0&quot;,&quot;title&quot;:&quot;&quot;,&quot;orientation&quot;:&quot;1&quot;}\" data-image-title=\"IMG_5701\" data-image-description=\"\" data-image-caption=\"\" data-medium-file=\"https:\/\/www.legistdf.gob.ar\/wp-content\/uploads\/2018\/06\/IMG_5701-300x169.jpg\" data-large-file=\"https:\/\/www.legistdf.gob.ar\/wp-content\/uploads\/2018\/06\/IMG_5701-1024x576.jpg\" \/><\/a>\n\t\t\t<\/dt><\/dl><br style=\"clear: both\" \/><dl class='gallery-item'>\n\t\t\t<dt class='gallery-icon landscape'>\n\t\t\t\t<a href='https:\/\/www.legistdf.gob.ar\/index.php\/2018\/06\/10\/municipalidad-inauguran-el-hito-urbano-en-la-bahia-ushuaia\/img_5703\/'><img loading=\"lazy\" decoding=\"async\" width=\"150\" height=\"150\" src=\"https:\/\/www.legistdf.gob.ar\/wp-content\/uploads\/2018\/06\/IMG_5703-150x150.jpg\" class=\"attachment-thumbnail size-thumbnail\" alt=\"\" srcset=\"https:\/\/www.legistdf.gob.ar\/wp-content\/uploads\/2018\/06\/IMG_5703-150x150.jpg 150w, https:\/\/www.legistdf.gob.ar\/wp-content\/uploads\/2018\/06\/IMG_5703-64x64.jpg 64w\" sizes=\"(max-width: 150px) 100vw, 150px\" data-attachment-id=\"7852\" data-permalink=\"https:\/\/www.legistdf.gob.ar\/index.php\/2018\/06\/10\/municipalidad-inauguran-el-hito-urbano-en-la-bahia-ushuaia\/img_5703\/\" data-orig-file=\"https:\/\/www.legistdf.gob.ar\/wp-content\/uploads\/2018\/06\/IMG_5703.jpg\" data-orig-size=\"1500,844\" data-comments-opened=\"0\" data-image-meta=\"{&quot;aperture&quot;:&quot;0&quot;,&quot;credit&quot;:&quot;&quot;,&quot;camera&quot;:&quot;&quot;,&quot;caption&quot;:&quot;&quot;,&quot;created_timestamp&quot;:&quot;0&quot;,&quot;copyright&quot;:&quot;&quot;,&quot;focal_length&quot;:&quot;0&quot;,&quot;iso&quot;:&quot;0&quot;,&quot;shutter_speed&quot;:&quot;0&quot;,&quot;title&quot;:&quot;&quot;,&quot;orientation&quot;:&quot;1&quot;}\" data-image-title=\"IMG_5703\" data-image-description=\"\" data-image-caption=\"\" data-medium-file=\"https:\/\/www.legistdf.gob.ar\/wp-content\/uploads\/2018\/06\/IMG_5703-300x169.jpg\" data-large-file=\"https:\/\/www.legistdf.gob.ar\/wp-content\/uploads\/2018\/06\/IMG_5703-1024x576.jpg\" \/><\/a>\n\t\t\t<\/dt><\/dl><dl class='gallery-item'>\n\t\t\t<dt class='gallery-icon landscape'>\n\t\t\t\t<a href='https:\/\/www.legistdf.gob.ar\/index.php\/2018\/06\/10\/municipalidad-inauguran-el-hito-urbano-en-la-bahia-ushuaia\/img_5704\/'><img loading=\"lazy\" decoding=\"async\" width=\"150\" height=\"150\" src=\"https:\/\/www.legistdf.gob.ar\/wp-content\/uploads\/2018\/06\/IMG_5704-150x150.jpg\" class=\"attachment-thumbnail size-thumbnail\" alt=\"\" srcset=\"https:\/\/www.legistdf.gob.ar\/wp-content\/uploads\/2018\/06\/IMG_5704-150x150.jpg 150w, https:\/\/www.legistdf.gob.ar\/wp-content\/uploads\/2018\/06\/IMG_5704-64x64.jpg 64w\" sizes=\"(max-width: 150px) 100vw, 150px\" data-attachment-id=\"7853\" data-permalink=\"https:\/\/www.legistdf.gob.ar\/index.php\/2018\/06\/10\/municipalidad-inauguran-el-hito-urbano-en-la-bahia-ushuaia\/img_5704\/\" data-orig-file=\"https:\/\/www.legistdf.gob.ar\/wp-content\/uploads\/2018\/06\/IMG_5704.jpg\" data-orig-size=\"1500,844\" data-comments-opened=\"0\" data-image-meta=\"{&quot;aperture&quot;:&quot;0&quot;,&quot;credit&quot;:&quot;&quot;,&quot;camera&quot;:&quot;&quot;,&quot;caption&quot;:&quot;&quot;,&quot;created_timestamp&quot;:&quot;0&quot;,&quot;copyright&quot;:&quot;&quot;,&quot;focal_length&quot;:&quot;0&quot;,&quot;iso&quot;:&quot;0&quot;,&quot;shutter_speed&quot;:&quot;0&quot;,&quot;title&quot;:&quot;&quot;,&quot;orientation&quot;:&quot;1&quot;}\" data-image-title=\"IMG_5704\" data-image-description=\"\" data-image-caption=\"\" data-medium-file=\"https:\/\/www.legistdf.gob.ar\/wp-content\/uploads\/2018\/06\/IMG_5704-300x169.jpg\" data-large-file=\"https:\/\/www.legistdf.gob.ar\/wp-content\/uploads\/2018\/06\/IMG_5704-1024x576.jpg\" \/><\/a>\n\t\t\t<\/dt><\/dl><dl class='gallery-item'>\n\t\t\t<dt class='gallery-icon landscape'>\n\t\t\t\t<a href='https:\/\/www.legistdf.gob.ar\/index.php\/2018\/06\/10\/municipalidad-inauguran-el-hito-urbano-en-la-bahia-ushuaia\/img_5705\/'><img loading=\"lazy\" decoding=\"async\" width=\"150\" height=\"150\" src=\"https:\/\/www.legistdf.gob.ar\/wp-content\/uploads\/2018\/06\/IMG_5705-150x150.jpg\" class=\"attachment-thumbnail size-thumbnail\" alt=\"\" srcset=\"https:\/\/www.legistdf.gob.ar\/wp-content\/uploads\/2018\/06\/IMG_5705-150x150.jpg 150w, https:\/\/www.legistdf.gob.ar\/wp-content\/uploads\/2018\/06\/IMG_5705-64x64.jpg 64w\" sizes=\"(max-width: 150px) 100vw, 150px\" data-attachment-id=\"7854\" data-permalink=\"https:\/\/www.legistdf.gob.ar\/index.php\/2018\/06\/10\/municipalidad-inauguran-el-hito-urbano-en-la-bahia-ushuaia\/img_5705\/\" data-orig-file=\"https:\/\/www.legistdf.gob.ar\/wp-content\/uploads\/2018\/06\/IMG_5705.jpg\" data-orig-size=\"1500,844\" data-comments-opened=\"0\" data-image-meta=\"{&quot;aperture&quot;:&quot;0&quot;,&quot;credit&quot;:&quot;&quot;,&quot;camera&quot;:&quot;&quot;,&quot;caption&quot;:&quot;&quot;,&quot;created_timestamp&quot;:&quot;0&quot;,&quot;copyright&quot;:&quot;&quot;,&quot;focal_length&quot;:&quot;0&quot;,&quot;iso&quot;:&quot;0&quot;,&quot;shutter_speed&quot;:&quot;0&quot;,&quot;title&quot;:&quot;&quot;,&quot;orientation&quot;:&quot;1&quot;}\" data-image-title=\"IMG_5705\" data-image-description=\"\" data-image-caption=\"\" data-medium-file=\"https:\/\/www.legistdf.gob.ar\/wp-content\/uploads\/2018\/06\/IMG_5705-300x169.jpg\" data-large-file=\"https:\/\/www.legistdf.gob.ar\/wp-content\/uploads\/2018\/06\/IMG_5705-1024x576.jpg\" \/><\/a>\n\t\t\t<\/dt><\/dl><br style=\"clear: both\" \/><dl class='gallery-item'>\n\t\t\t<dt class='gallery-icon landscape'>\n\t\t\t\t<a href='https:\/\/www.legistdf.gob.ar\/index.php\/2018\/06\/10\/municipalidad-inauguran-el-hito-urbano-en-la-bahia-ushuaia\/img_5707\/'><img loading=\"lazy\" decoding=\"async\" width=\"150\" height=\"150\" src=\"https:\/\/www.legistdf.gob.ar\/wp-content\/uploads\/2018\/06\/IMG_5707-150x150.jpg\" class=\"attachment-thumbnail size-thumbnail\" alt=\"\" srcset=\"https:\/\/www.legistdf.gob.ar\/wp-content\/uploads\/2018\/06\/IMG_5707-150x150.jpg 150w, https:\/\/www.legistdf.gob.ar\/wp-content\/uploads\/2018\/06\/IMG_5707-64x64.jpg 64w\" sizes=\"(max-width: 150px) 100vw, 150px\" data-attachment-id=\"7855\" data-permalink=\"https:\/\/www.legistdf.gob.ar\/index.php\/2018\/06\/10\/municipalidad-inauguran-el-hito-urbano-en-la-bahia-ushuaia\/img_5707\/\" data-orig-file=\"https:\/\/www.legistdf.gob.ar\/wp-content\/uploads\/2018\/06\/IMG_5707.jpg\" data-orig-size=\"1500,844\" data-comments-opened=\"0\" data-image-meta=\"{&quot;aperture&quot;:&quot;0&quot;,&quot;credit&quot;:&quot;&quot;,&quot;camera&quot;:&quot;&quot;,&quot;caption&quot;:&quot;&quot;,&quot;created_timestamp&quot;:&quot;0&quot;,&quot;copyright&quot;:&quot;&quot;,&quot;focal_length&quot;:&quot;0&quot;,&quot;iso&quot;:&quot;0&quot;,&quot;shutter_speed&quot;:&quot;0&quot;,&quot;title&quot;:&quot;&quot;,&quot;orientation&quot;:&quot;1&quot;}\" data-image-title=\"IMG_5707\" data-image-description=\"\" data-image-caption=\"\" data-medium-file=\"https:\/\/www.legistdf.gob.ar\/wp-content\/uploads\/2018\/06\/IMG_5707-300x169.jpg\" data-large-file=\"https:\/\/www.legistdf.gob.ar\/wp-content\/uploads\/2018\/06\/IMG_5707-1024x576.jpg\" \/><\/a>\n\t\t\t<\/dt><\/dl><dl class='gallery-item'>\n\t\t\t<dt class='gallery-icon landscape'>\n\t\t\t\t<a href='https:\/\/www.legistdf.gob.ar\/index.php\/2018\/06\/10\/municipalidad-inauguran-el-hito-urbano-en-la-bahia-ushuaia\/img_5709\/'><img loading=\"lazy\" decoding=\"async\" width=\"150\" height=\"150\" src=\"https:\/\/www.legistdf.gob.ar\/wp-content\/uploads\/2018\/06\/IMG_5709-150x150.jpg\" class=\"attachment-thumbnail size-thumbnail\" alt=\"\" srcset=\"https:\/\/www.legistdf.gob.ar\/wp-content\/uploads\/2018\/06\/IMG_5709-150x150.jpg 150w, https:\/\/www.legistdf.gob.ar\/wp-content\/uploads\/2018\/06\/IMG_5709-64x64.jpg 64w\" sizes=\"(max-width: 150px) 100vw, 150px\" data-attachment-id=\"7856\" data-permalink=\"https:\/\/www.legistdf.gob.ar\/index.php\/2018\/06\/10\/municipalidad-inauguran-el-hito-urbano-en-la-bahia-ushuaia\/img_5709\/\" data-orig-file=\"https:\/\/www.legistdf.gob.ar\/wp-content\/uploads\/2018\/06\/IMG_5709.jpg\" data-orig-size=\"1500,844\" data-comments-opened=\"0\" data-image-meta=\"{&quot;aperture&quot;:&quot;0&quot;,&quot;credit&quot;:&quot;&quot;,&quot;camera&quot;:&quot;&quot;,&quot;caption&quot;:&quot;&quot;,&quot;created_timestamp&quot;:&quot;0&quot;,&quot;copyright&quot;:&quot;&quot;,&quot;focal_length&quot;:&quot;0&quot;,&quot;iso&quot;:&quot;0&quot;,&quot;shutter_speed&quot;:&quot;0&quot;,&quot;title&quot;:&quot;&quot;,&quot;orientation&quot;:&quot;1&quot;}\" data-image-title=\"IMG_5709\" data-image-description=\"\" data-image-caption=\"\" data-medium-file=\"https:\/\/www.legistdf.gob.ar\/wp-content\/uploads\/2018\/06\/IMG_5709-300x169.jpg\" data-large-file=\"https:\/\/www.legistdf.gob.ar\/wp-content\/uploads\/2018\/06\/IMG_5709-1024x576.jpg\" \/><\/a>\n\t\t\t<\/dt><\/dl><dl class='gallery-item'>\n\t\t\t<dt class='gallery-icon landscape'>\n\t\t\t\t<a href='https:\/\/www.legistdf.gob.ar\/index.php\/2018\/06\/10\/municipalidad-inauguran-el-hito-urbano-en-la-bahia-ushuaia\/img_5710\/'><img loading=\"lazy\" decoding=\"async\" width=\"150\" height=\"150\" src=\"https:\/\/www.legistdf.gob.ar\/wp-content\/uploads\/2018\/06\/IMG_5710-150x150.jpg\" class=\"attachment-thumbnail size-thumbnail\" alt=\"\" srcset=\"https:\/\/www.legistdf.gob.ar\/wp-content\/uploads\/2018\/06\/IMG_5710-150x150.jpg 150w, https:\/\/www.legistdf.gob.ar\/wp-content\/uploads\/2018\/06\/IMG_5710-64x64.jpg 64w\" sizes=\"(max-width: 150px) 100vw, 150px\" data-attachment-id=\"7857\" data-permalink=\"https:\/\/www.legistdf.gob.ar\/index.php\/2018\/06\/10\/municipalidad-inauguran-el-hito-urbano-en-la-bahia-ushuaia\/img_5710\/\" data-orig-file=\"https:\/\/www.legistdf.gob.ar\/wp-content\/uploads\/2018\/06\/IMG_5710.jpg\" data-orig-size=\"1500,844\" data-comments-opened=\"0\" data-image-meta=\"{&quot;aperture&quot;:&quot;0&quot;,&quot;credit&quot;:&quot;&quot;,&quot;camera&quot;:&quot;&quot;,&quot;caption&quot;:&quot;&quot;,&quot;created_timestamp&quot;:&quot;0&quot;,&quot;copyright&quot;:&quot;&quot;,&quot;focal_length&quot;:&quot;0&quot;,&quot;iso&quot;:&quot;0&quot;,&quot;shutter_speed&quot;:&quot;0&quot;,&quot;title&quot;:&quot;&quot;,&quot;orientation&quot;:&quot;1&quot;}\" data-image-title=\"IMG_5710\" data-image-description=\"\" data-image-caption=\"\" data-medium-file=\"https:\/\/www.legistdf.gob.ar\/wp-content\/uploads\/2018\/06\/IMG_5710-300x169.jpg\" data-large-file=\"https:\/\/www.legistdf.gob.ar\/wp-content\/uploads\/2018\/06\/IMG_5710-1024x576.jpg\" \/><\/a>\n\t\t\t<\/dt><\/dl><br style=\"clear: both\" \/><dl class='gallery-item'>\n\t\t\t<dt class='gallery-icon landscape'>\n\t\t\t\t<a href='https:\/\/www.legistdf.gob.ar\/index.php\/2018\/06\/10\/municipalidad-inauguran-el-hito-urbano-en-la-bahia-ushuaia\/img_5713\/'><img loading=\"lazy\" decoding=\"async\" width=\"150\" height=\"150\" src=\"https:\/\/www.legistdf.gob.ar\/wp-content\/uploads\/2018\/06\/IMG_5713-150x150.jpg\" class=\"attachment-thumbnail size-thumbnail\" alt=\"\" srcset=\"https:\/\/www.legistdf.gob.ar\/wp-content\/uploads\/2018\/06\/IMG_5713-150x150.jpg 150w, https:\/\/www.legistdf.gob.ar\/wp-content\/uploads\/2018\/06\/IMG_5713-64x64.jpg 64w\" sizes=\"(max-width: 150px) 100vw, 150px\" data-attachment-id=\"7858\" data-permalink=\"https:\/\/www.legistdf.gob.ar\/index.php\/2018\/06\/10\/municipalidad-inauguran-el-hito-urbano-en-la-bahia-ushuaia\/img_5713\/\" data-orig-file=\"https:\/\/www.legistdf.gob.ar\/wp-content\/uploads\/2018\/06\/IMG_5713.jpg\" data-orig-size=\"1500,844\" data-comments-opened=\"0\" data-image-meta=\"{&quot;aperture&quot;:&quot;0&quot;,&quot;credit&quot;:&quot;&quot;,&quot;camera&quot;:&quot;&quot;,&quot;caption&quot;:&quot;&quot;,&quot;created_timestamp&quot;:&quot;0&quot;,&quot;copyright&quot;:&quot;&quot;,&quot;focal_length&quot;:&quot;0&quot;,&quot;iso&quot;:&quot;0&quot;,&quot;shutter_speed&quot;:&quot;0&quot;,&quot;title&quot;:&quot;&quot;,&quot;orientation&quot;:&quot;1&quot;}\" data-image-title=\"IMG_5713\" data-image-description=\"\" data-image-caption=\"\" data-medium-file=\"https:\/\/www.legistdf.gob.ar\/wp-content\/uploads\/2018\/06\/IMG_5713-300x169.jpg\" data-large-file=\"https:\/\/www.legistdf.gob.ar\/wp-content\/uploads\/2018\/06\/IMG_5713-1024x576.jpg\" \/><\/a>\n\t\t\t<\/dt><\/dl><dl class='gallery-item'>\n\t\t\t<dt class='gallery-icon landscape'>\n\t\t\t\t<a href='https:\/\/www.legistdf.gob.ar\/index.php\/2018\/06\/10\/municipalidad-inauguran-el-hito-urbano-en-la-bahia-ushuaia\/img_5714\/'><img loading=\"lazy\" decoding=\"async\" width=\"150\" height=\"150\" src=\"https:\/\/www.legistdf.gob.ar\/wp-content\/uploads\/2018\/06\/IMG_5714-150x150.jpg\" class=\"attachment-thumbnail size-thumbnail\" alt=\"\" srcset=\"https:\/\/www.legistdf.gob.ar\/wp-content\/uploads\/2018\/06\/IMG_5714-150x150.jpg 150w, https:\/\/www.legistdf.gob.ar\/wp-content\/uploads\/2018\/06\/IMG_5714-64x64.jpg 64w\" sizes=\"(max-width: 150px) 100vw, 150px\" data-attachment-id=\"7859\" data-permalink=\"https:\/\/www.legistdf.gob.ar\/index.php\/2018\/06\/10\/municipalidad-inauguran-el-hito-urbano-en-la-bahia-ushuaia\/img_5714\/\" data-orig-file=\"https:\/\/www.legistdf.gob.ar\/wp-content\/uploads\/2018\/06\/IMG_5714.jpg\" data-orig-size=\"1500,844\" data-comments-opened=\"0\" data-image-meta=\"{&quot;aperture&quot;:&quot;0&quot;,&quot;credit&quot;:&quot;&quot;,&quot;camera&quot;:&quot;&quot;,&quot;caption&quot;:&quot;&quot;,&quot;created_timestamp&quot;:&quot;0&quot;,&quot;copyright&quot;:&quot;&quot;,&quot;focal_length&quot;:&quot;0&quot;,&quot;iso&quot;:&quot;0&quot;,&quot;shutter_speed&quot;:&quot;0&quot;,&quot;title&quot;:&quot;&quot;,&quot;orientation&quot;:&quot;1&quot;}\" data-image-title=\"IMG_5714\" data-image-description=\"\" data-image-caption=\"\" data-medium-file=\"https:\/\/www.legistdf.gob.ar\/wp-content\/uploads\/2018\/06\/IMG_5714-300x169.jpg\" data-large-file=\"https:\/\/www.legistdf.gob.ar\/wp-content\/uploads\/2018\/06\/IMG_5714-1024x576.jpg\" \/><\/a>\n\t\t\t<\/dt><\/dl><dl class='gallery-item'>\n\t\t\t<dt class='gallery-icon landscape'>\n\t\t\t\t<a href='https:\/\/www.legistdf.gob.ar\/index.php\/2018\/06\/10\/municipalidad-inauguran-el-hito-urbano-en-la-bahia-ushuaia\/img_5715\/'><img loading=\"lazy\" decoding=\"async\" width=\"150\" height=\"150\" src=\"https:\/\/www.legistdf.gob.ar\/wp-content\/uploads\/2018\/06\/IMG_5715-150x150.jpg\" class=\"attachment-thumbnail size-thumbnail\" alt=\"\" srcset=\"https:\/\/www.legistdf.gob.ar\/wp-content\/uploads\/2018\/06\/IMG_5715-150x150.jpg 150w, https:\/\/www.legistdf.gob.ar\/wp-content\/uploads\/2018\/06\/IMG_5715-64x64.jpg 64w\" sizes=\"(max-width: 150px) 100vw, 150px\" data-attachment-id=\"7860\" data-permalink=\"https:\/\/www.legistdf.gob.ar\/index.php\/2018\/06\/10\/municipalidad-inauguran-el-hito-urbano-en-la-bahia-ushuaia\/img_5715\/\" data-orig-file=\"https:\/\/www.legistdf.gob.ar\/wp-content\/uploads\/2018\/06\/IMG_5715.jpg\" data-orig-size=\"1500,844\" data-comments-opened=\"0\" data-image-meta=\"{&quot;aperture&quot;:&quot;0&quot;,&quot;credit&quot;:&quot;&quot;,&quot;camera&quot;:&quot;&quot;,&quot;caption&quot;:&quot;&quot;,&quot;created_timestamp&quot;:&quot;0&quot;,&quot;copyright&quot;:&quot;&quot;,&quot;focal_length&quot;:&quot;0&quot;,&quot;iso&quot;:&quot;0&quot;,&quot;shutter_speed&quot;:&quot;0&quot;,&quot;title&quot;:&quot;&quot;,&quot;orientation&quot;:&quot;1&quot;}\" data-image-title=\"IMG_5715\" data-image-description=\"\" data-image-caption=\"\" data-medium-file=\"https:\/\/www.legistdf.gob.ar\/wp-content\/uploads\/2018\/06\/IMG_5715-300x169.jpg\" data-large-file=\"https:\/\/www.legistdf.gob.ar\/wp-content\/uploads\/2018\/06\/IMG_5715-1024x576.jpg\" \/><\/a>\n\t\t\t<\/dt><\/dl><br style=\"clear: both\" \/>\n\t\t<\/div>\n\n","protected":false},"excerpt":{"rendered":"<p>Ushuaia, domingo 10 de junio de 2018.- Bajo una t\u00edmida nevada, la Ciudad inaugur\u00f3 el hito urbano ubicado en Luis P. Fique y avenida Garramu\u00f1o en la capital fueguina. El acto, que cont\u00f3 con la participaci\u00f3n de numerosos vecinos y se inscribe en los festejos de la Fiesta Nacional de la Noche m\u00e1s Larga, descubri\u00f3 [&hellip;]<\/p>\n","protected":false},"author":352,"featured_media":7858,"comment_status":"closed","ping_status":"open","sticky":false,"template":"","format":"standard","meta":{"jetpack_post_was_ever_published":false,"_jetpack_newsletter_access":"","_jetpack_dont_email_post_to_subs":false,"_jetpack_newsletter_tier_id":0,"footnotes":"","jetpack_publicize_message":"","jetpack_publicize_feature_enabled":true,"jetpack_social_post_already_shared":true,"jetpack_social_options":{"image_generator_settings":{"template":"highway","enabled":false}}},"categories":[1],"tags":[124,253,97,123,79,87,254],"jetpack_publicize_connections":[],"jetpack_sharing_enabled":true,"jetpack_featured_media_url":"https:\/\/www.legistdf.gob.ar\/wp-content\/uploads\/2018\/06\/IMG_5713.jpg","jetpack-related-posts":[],"_links":{"self":[{"href":"https:\/\/www.legistdf.gob.ar\/index.php\/wp-json\/wp\/v2\/posts\/7848"}],"collection":[{"href":"https:\/\/www.legistdf.gob.ar\/index.php\/wp-json\/wp\/v2\/posts"}],"about":[{"href":"https:\/\/www.legistdf.gob.ar\/index.php\/wp-json\/wp\/v2\/types\/post"}],"author":[{"embeddable":true,"href":"https:\/\/www.legistdf.gob.ar\/index.php\/wp-json\/wp\/v2\/users\/352"}],"replies":[{"embeddable":true,"href":"https:\/\/www.legistdf.gob.ar\/index.php\/wp-json\/wp\/v2\/comments?post=7848"}],"version-history":[{"count":4,"href":"https:\/\/www.legistdf.gob.ar\/index.php\/wp-json\/wp\/v2\/posts\/7848\/revisions"}],"predecessor-version":[{"id":7864,"href":"https:\/\/www.legistdf.gob.ar\/index.php\/wp-json\/wp\/v2\/posts\/7848\/revisions\/7864"}],"wp:featuredmedia":[{"embeddable":true,"href":"https:\/\/www.legistdf.gob.ar\/index.php\/wp-json\/wp\/v2\/media\/7858"}],"wp:attachment":[{"href":"https:\/\/www.legistdf.gob.ar\/index.php\/wp-json\/wp\/v2\/media?parent=7848"}],"wp:term":[{"taxonomy":"category","embeddable":true,"href":"https:\/\/www.legistdf.gob.ar\/index.php\/wp-json\/wp\/v2\/categories?post=7848"},{"taxonomy":"post_tag","embeddable":true,"href":"https:\/\/www.legistdf.gob.ar\/index.php\/wp-json\/wp\/v2\/tags?post=7848"}],"curies":[{"name":"wp","href":"https:\/\/api.w.org\/{rel}","templated":true}]}}