{"id":7928,"date":"2018-06-13T15:10:16","date_gmt":"2018-06-13T18:10:16","guid":{"rendered":"http:\/\/www.legistdf.gob.ar\/?p=7928"},"modified":"2018-06-13T15:34:51","modified_gmt":"2018-06-13T18:34:51","slug":"cultura-el-coro-del-fin-del-mundo-se-presentara-en-el-centro-cultural-kirchner","status":"publish","type":"post","link":"https:\/\/www.legistdf.gob.ar\/index.php\/2018\/06\/13\/cultura-el-coro-del-fin-del-mundo-se-presentara-en-el-centro-cultural-kirchner\/","title":{"rendered":"CULTURA: El Coro del Fin del Mundo se presentar\u00e1 en el Centro Cultural Kirchner"},"content":{"rendered":"<p><strong>Ushuaia, mi\u00e9rcoles 13 de junio de 2018.- En el sal\u00f3n Islas Malvinas de Casa de Gobierno se llev\u00f3 a cabo este mediod\u00eda, una conferencia de prensa, con motivo de la pr\u00f3xima presentaci\u00f3n que realizar\u00e1 el Coro del Fin del Mundo en la Ciudad Aut\u00f3noma de Buenos Aires. La participaci\u00f3n de los fueguinos ser\u00e1 el s\u00e1bado 16 de junio, en la sala Argentina del Centro Cultural Kirchner (CCK). Los legisladores Liliana Mart\u00ednez Allende (UCR \u2013 Cambiemos) y Federico Bilota (FPV \u2013 PJ) participaron del evento de la conferencia.<\/strong><\/p>\n<p><strong>\u00a0<\/strong><\/p>\n<p>La legisladora Liliana Mart\u00ednez Allende celebr\u00f3 \u201cque el Coro va a tener la posibilidad de participar en el Centro Cultural Kirchner, lugar emblem\u00e1tico en la cultura\u201d. La referente radical aprovech\u00f3 la ocasi\u00f3n para agradecer al titular del Sistema Federal de Medios y Contenidos P\u00fablicos, Hern\u00e1n Lombardi, \u201cque tuvo la buena iniciativa de aceptar el pedido de la Provincia, para que el Coro haga su presentaci\u00f3n en ese lugar\u201d.<\/p>\n<p>&nbsp;<\/p>\n<p>Mart\u00ednez Allende reconoci\u00f3 el esfuerzo realizado por los Parlamentarios, ya que \u201cdispusimos entre todos un aporte econ\u00f3mico\u201d para que los integrantes del Coro puedan viajar. \u201cSi no colaboramos entre todos, es imposible que el Coro, con tantos integrantes, se pueda trasladar fuera de la Provincia\u201d, e inst\u00f3 a la comunidad a sumarse. Refiri\u00f3 a la colaboraci\u00f3n \u201cmensual con la Fundaci\u00f3n, para que tengan un aporte que aunque sea poquito, si lo hacemos entre todos, les ayudar\u00e1 a que ellos tengan sus propios recursos\u201d, cerr\u00f3.<\/p>\n<p>&nbsp;<\/p>\n<p>Por su parte, el legislador Federico Bilota consider\u00f3 \u201cmuy auspiciosa la presentaci\u00f3n del Coro oficial fuera de la Provincia\u201d. Remarc\u00f3 que es una instancia donde se van a mostrar \u201cel arte y las capacidades culturales de los fueguinos. Es un Coro de primer nivel\u201d.<\/p>\n<p>&nbsp;<\/p>\n<p>El Presidente del bloque del FPV \u2013 PJ recalc\u00f3 que esta es una instancia que \u201cconlleva un desaf\u00edo muy importante, ante una gran cantidad de p\u00fablico, en un lugar con una envergadura y un reconocimiento donde han pasado much\u00edsimos artistas\u201d. Para cerrar, Bilota calific\u00f3 como una \u201cposibilidad, demostrar al resto del pa\u00eds una faceta distinta, propia de Tierra del Fuego, pero que en este caso est\u00e1 vinculado a la cultura provincial\u201d, cerr\u00f3 el Parlamentario.<\/p>\n<p>&nbsp;<\/p>\n<p>La conferencia de prensa, de la que participaron varios medios locales, fue encabezada por el ministro Jefe de Gabinete Leonardo Gorbacz, el secretario de Cultura de la Provincia Gonzalo Benito Zamora y el presidente de la Fundaci\u00f3n Coro del Fin del Mundo, Gustavo Zamora.<\/p>\n<p><img loading=\"lazy\" decoding=\"async\" data-attachment-id=\"7929\" data-permalink=\"https:\/\/www.legistdf.gob.ar\/index.php\/2018\/06\/13\/cultura-el-coro-del-fin-del-mundo-se-presentara-en-el-centro-cultural-kirchner\/1-126\/\" data-orig-file=\"https:\/\/www.legistdf.gob.ar\/wp-content\/uploads\/2018\/06\/1-7.jpg\" data-orig-size=\"1000,669\" data-comments-opened=\"0\" data-image-meta=\"{&quot;aperture&quot;:&quot;0&quot;,&quot;credit&quot;:&quot;PrensaLegislativa2015&quot;,&quot;camera&quot;:&quot;&quot;,&quot;caption&quot;:&quot;&quot;,&quot;created_timestamp&quot;:&quot;1528870339&quot;,&quot;copyright&quot;:&quot;&quot;,&quot;focal_length&quot;:&quot;0&quot;,&quot;iso&quot;:&quot;0&quot;,&quot;shutter_speed&quot;:&quot;0&quot;,&quot;title&quot;:&quot;&quot;,&quot;orientation&quot;:&quot;1&quot;}\" data-image-title=\"1\" data-image-description=\"\" data-image-caption=\"\" data-medium-file=\"https:\/\/www.legistdf.gob.ar\/wp-content\/uploads\/2018\/06\/1-7-300x201.jpg\" data-large-file=\"https:\/\/www.legistdf.gob.ar\/wp-content\/uploads\/2018\/06\/1-7.jpg\" class=\"aligncenter size-medium wp-image-7929\" src=\"http:\/\/www.legistdf.gob.ar\/wp-content\/uploads\/2018\/06\/1-7-300x201.jpg\" alt=\"\" width=\"300\" height=\"201\" srcset=\"https:\/\/www.legistdf.gob.ar\/wp-content\/uploads\/2018\/06\/1-7-300x201.jpg 300w, https:\/\/www.legistdf.gob.ar\/wp-content\/uploads\/2018\/06\/1-7-768x514.jpg 768w, https:\/\/www.legistdf.gob.ar\/wp-content\/uploads\/2018\/06\/1-7-160x107.jpg 160w, https:\/\/www.legistdf.gob.ar\/wp-content\/uploads\/2018\/06\/1-7.jpg 1000w\" sizes=\"(max-width: 300px) 100vw, 300px\" \/> <img loading=\"lazy\" decoding=\"async\" data-attachment-id=\"7930\" data-permalink=\"https:\/\/www.legistdf.gob.ar\/index.php\/2018\/06\/13\/cultura-el-coro-del-fin-del-mundo-se-presentara-en-el-centro-cultural-kirchner\/2-123\/\" data-orig-file=\"https:\/\/www.legistdf.gob.ar\/wp-content\/uploads\/2018\/06\/2-6.jpg\" data-orig-size=\"1000,667\" data-comments-opened=\"0\" data-image-meta=\"{&quot;aperture&quot;:&quot;0&quot;,&quot;credit&quot;:&quot;PrensaLegislativa2015&quot;,&quot;camera&quot;:&quot;&quot;,&quot;caption&quot;:&quot;&quot;,&quot;created_timestamp&quot;:&quot;1528870647&quot;,&quot;copyright&quot;:&quot;&quot;,&quot;focal_length&quot;:&quot;0&quot;,&quot;iso&quot;:&quot;0&quot;,&quot;shutter_speed&quot;:&quot;0&quot;,&quot;title&quot;:&quot;&quot;,&quot;orientation&quot;:&quot;1&quot;}\" data-image-title=\"2\" data-image-description=\"\" data-image-caption=\"\" data-medium-file=\"https:\/\/www.legistdf.gob.ar\/wp-content\/uploads\/2018\/06\/2-6-300x200.jpg\" data-large-file=\"https:\/\/www.legistdf.gob.ar\/wp-content\/uploads\/2018\/06\/2-6.jpg\" class=\"aligncenter size-medium wp-image-7930\" src=\"http:\/\/www.legistdf.gob.ar\/wp-content\/uploads\/2018\/06\/2-6-300x200.jpg\" alt=\"\" width=\"300\" height=\"200\" srcset=\"https:\/\/www.legistdf.gob.ar\/wp-content\/uploads\/2018\/06\/2-6-300x200.jpg 300w, https:\/\/www.legistdf.gob.ar\/wp-content\/uploads\/2018\/06\/2-6-768x512.jpg 768w, https:\/\/www.legistdf.gob.ar\/wp-content\/uploads\/2018\/06\/2-6-160x107.jpg 160w, https:\/\/www.legistdf.gob.ar\/wp-content\/uploads\/2018\/06\/2-6.jpg 1000w\" sizes=\"(max-width: 300px) 100vw, 300px\" \/> <img loading=\"lazy\" decoding=\"async\" data-attachment-id=\"7931\" data-permalink=\"https:\/\/www.legistdf.gob.ar\/index.php\/2018\/06\/13\/cultura-el-coro-del-fin-del-mundo-se-presentara-en-el-centro-cultural-kirchner\/3-112\/\" data-orig-file=\"https:\/\/www.legistdf.gob.ar\/wp-content\/uploads\/2018\/06\/3-8.jpg\" data-orig-size=\"1000,667\" data-comments-opened=\"0\" data-image-meta=\"{&quot;aperture&quot;:&quot;0&quot;,&quot;credit&quot;:&quot;PrensaLegislativa2015&quot;,&quot;camera&quot;:&quot;&quot;,&quot;caption&quot;:&quot;&quot;,&quot;created_timestamp&quot;:&quot;1528869810&quot;,&quot;copyright&quot;:&quot;&quot;,&quot;focal_length&quot;:&quot;0&quot;,&quot;iso&quot;:&quot;0&quot;,&quot;shutter_speed&quot;:&quot;0&quot;,&quot;title&quot;:&quot;&quot;,&quot;orientation&quot;:&quot;1&quot;}\" data-image-title=\"3\" data-image-description=\"\" data-image-caption=\"\" data-medium-file=\"https:\/\/www.legistdf.gob.ar\/wp-content\/uploads\/2018\/06\/3-8-300x200.jpg\" data-large-file=\"https:\/\/www.legistdf.gob.ar\/wp-content\/uploads\/2018\/06\/3-8.jpg\" class=\"aligncenter size-medium wp-image-7931\" src=\"http:\/\/www.legistdf.gob.ar\/wp-content\/uploads\/2018\/06\/3-8-300x200.jpg\" alt=\"\" width=\"300\" height=\"200\" srcset=\"https:\/\/www.legistdf.gob.ar\/wp-content\/uploads\/2018\/06\/3-8-300x200.jpg 300w, https:\/\/www.legistdf.gob.ar\/wp-content\/uploads\/2018\/06\/3-8-768x512.jpg 768w, https:\/\/www.legistdf.gob.ar\/wp-content\/uploads\/2018\/06\/3-8-160x107.jpg 160w, https:\/\/www.legistdf.gob.ar\/wp-content\/uploads\/2018\/06\/3-8.jpg 1000w\" sizes=\"(max-width: 300px) 100vw, 300px\" \/> <img loading=\"lazy\" decoding=\"async\" data-attachment-id=\"7932\" data-permalink=\"https:\/\/www.legistdf.gob.ar\/index.php\/2018\/06\/13\/cultura-el-coro-del-fin-del-mundo-se-presentara-en-el-centro-cultural-kirchner\/4-101\/\" data-orig-file=\"https:\/\/www.legistdf.gob.ar\/wp-content\/uploads\/2018\/06\/4-6.jpg\" data-orig-size=\"1000,667\" data-comments-opened=\"0\" data-image-meta=\"{&quot;aperture&quot;:&quot;0&quot;,&quot;credit&quot;:&quot;PrensaLegislativa2015&quot;,&quot;camera&quot;:&quot;&quot;,&quot;caption&quot;:&quot;&quot;,&quot;created_timestamp&quot;:&quot;1528869834&quot;,&quot;copyright&quot;:&quot;&quot;,&quot;focal_length&quot;:&quot;0&quot;,&quot;iso&quot;:&quot;0&quot;,&quot;shutter_speed&quot;:&quot;0&quot;,&quot;title&quot;:&quot;&quot;,&quot;orientation&quot;:&quot;1&quot;}\" data-image-title=\"4\" data-image-description=\"\" data-image-caption=\"\" data-medium-file=\"https:\/\/www.legistdf.gob.ar\/wp-content\/uploads\/2018\/06\/4-6-300x200.jpg\" data-large-file=\"https:\/\/www.legistdf.gob.ar\/wp-content\/uploads\/2018\/06\/4-6.jpg\" class=\"aligncenter size-medium wp-image-7932\" src=\"http:\/\/www.legistdf.gob.ar\/wp-content\/uploads\/2018\/06\/4-6-300x200.jpg\" alt=\"\" width=\"300\" height=\"200\" srcset=\"https:\/\/www.legistdf.gob.ar\/wp-content\/uploads\/2018\/06\/4-6-300x200.jpg 300w, https:\/\/www.legistdf.gob.ar\/wp-content\/uploads\/2018\/06\/4-6-768x512.jpg 768w, https:\/\/www.legistdf.gob.ar\/wp-content\/uploads\/2018\/06\/4-6-160x107.jpg 160w, https:\/\/www.legistdf.gob.ar\/wp-content\/uploads\/2018\/06\/4-6.jpg 1000w\" sizes=\"(max-width: 300px) 100vw, 300px\" \/> <img loading=\"lazy\" decoding=\"async\" data-attachment-id=\"7933\" data-permalink=\"https:\/\/www.legistdf.gob.ar\/index.php\/2018\/06\/13\/cultura-el-coro-del-fin-del-mundo-se-presentara-en-el-centro-cultural-kirchner\/5-94\/\" data-orig-file=\"https:\/\/www.legistdf.gob.ar\/wp-content\/uploads\/2018\/06\/5-7.jpg\" data-orig-size=\"1000,667\" data-comments-opened=\"0\" data-image-meta=\"{&quot;aperture&quot;:&quot;0&quot;,&quot;credit&quot;:&quot;PrensaLegislativa2015&quot;,&quot;camera&quot;:&quot;&quot;,&quot;caption&quot;:&quot;&quot;,&quot;created_timestamp&quot;:&quot;1528871412&quot;,&quot;copyright&quot;:&quot;&quot;,&quot;focal_length&quot;:&quot;0&quot;,&quot;iso&quot;:&quot;0&quot;,&quot;shutter_speed&quot;:&quot;0&quot;,&quot;title&quot;:&quot;&quot;,&quot;orientation&quot;:&quot;1&quot;}\" data-image-title=\"5\" data-image-description=\"\" data-image-caption=\"\" data-medium-file=\"https:\/\/www.legistdf.gob.ar\/wp-content\/uploads\/2018\/06\/5-7-300x200.jpg\" data-large-file=\"https:\/\/www.legistdf.gob.ar\/wp-content\/uploads\/2018\/06\/5-7.jpg\" class=\"aligncenter size-medium wp-image-7933\" src=\"http:\/\/www.legistdf.gob.ar\/wp-content\/uploads\/2018\/06\/5-7-300x200.jpg\" alt=\"\" width=\"300\" height=\"200\" srcset=\"https:\/\/www.legistdf.gob.ar\/wp-content\/uploads\/2018\/06\/5-7-300x200.jpg 300w, https:\/\/www.legistdf.gob.ar\/wp-content\/uploads\/2018\/06\/5-7-768x512.jpg 768w, https:\/\/www.legistdf.gob.ar\/wp-content\/uploads\/2018\/06\/5-7-160x107.jpg 160w, https:\/\/www.legistdf.gob.ar\/wp-content\/uploads\/2018\/06\/5-7.jpg 1000w\" sizes=\"(max-width: 300px) 100vw, 300px\" \/><\/p>\n<p>&nbsp;<\/p>\n","protected":false},"excerpt":{"rendered":"<p>Ushuaia, mi\u00e9rcoles 13 de junio de 2018.- En el sal\u00f3n Islas Malvinas de Casa de Gobierno se llev\u00f3 a cabo este mediod\u00eda, una conferencia de prensa, con motivo de la pr\u00f3xima presentaci\u00f3n que realizar\u00e1 el Coro del Fin del Mundo en la Ciudad Aut\u00f3noma de Buenos Aires. La participaci\u00f3n de los fueguinos ser\u00e1 el s\u00e1bado [&hellip;]<\/p>\n","protected":false},"author":352,"featured_media":7929,"comment_status":"closed","ping_status":"open","sticky":false,"template":"","format":"standard","meta":{"jetpack_post_was_ever_published":false,"_jetpack_newsletter_access":"","_jetpack_dont_email_post_to_subs":false,"_jetpack_newsletter_tier_id":0,"footnotes":"","jetpack_publicize_message":"","jetpack_publicize_feature_enabled":true,"jetpack_social_post_already_shared":true,"jetpack_social_options":{"image_generator_settings":{"template":"highway","enabled":false}}},"categories":[1],"tags":[209,273,272,47,122,130,155],"jetpack_publicize_connections":[],"jetpack_sharing_enabled":true,"jetpack_featured_media_url":"https:\/\/www.legistdf.gob.ar\/wp-content\/uploads\/2018\/06\/1-7.jpg","jetpack-related-posts":[],"_links":{"self":[{"href":"https:\/\/www.legistdf.gob.ar\/index.php\/wp-json\/wp\/v2\/posts\/7928"}],"collection":[{"href":"https:\/\/www.legistdf.gob.ar\/index.php\/wp-json\/wp\/v2\/posts"}],"about":[{"href":"https:\/\/www.legistdf.gob.ar\/index.php\/wp-json\/wp\/v2\/types\/post"}],"author":[{"embeddable":true,"href":"https:\/\/www.legistdf.gob.ar\/index.php\/wp-json\/wp\/v2\/users\/352"}],"replies":[{"embeddable":true,"href":"https:\/\/www.legistdf.gob.ar\/index.php\/wp-json\/wp\/v2\/comments?post=7928"}],"version-history":[{"count":3,"href":"https:\/\/www.legistdf.gob.ar\/index.php\/wp-json\/wp\/v2\/posts\/7928\/revisions"}],"predecessor-version":[{"id":7936,"href":"https:\/\/www.legistdf.gob.ar\/index.php\/wp-json\/wp\/v2\/posts\/7928\/revisions\/7936"}],"wp:featuredmedia":[{"embeddable":true,"href":"https:\/\/www.legistdf.gob.ar\/index.php\/wp-json\/wp\/v2\/media\/7929"}],"wp:attachment":[{"href":"https:\/\/www.legistdf.gob.ar\/index.php\/wp-json\/wp\/v2\/media?parent=7928"}],"wp:term":[{"taxonomy":"category","embeddable":true,"href":"https:\/\/www.legistdf.gob.ar\/index.php\/wp-json\/wp\/v2\/categories?post=7928"},{"taxonomy":"post_tag","embeddable":true,"href":"https:\/\/www.legistdf.gob.ar\/index.php\/wp-json\/wp\/v2\/tags?post=7928"}],"curies":[{"name":"wp","href":"https:\/\/api.w.org\/{rel}","templated":true}]}}