{"id":8053,"date":"2018-06-19T15:19:18","date_gmt":"2018-06-19T18:19:18","guid":{"rendered":"http:\/\/www.legistdf.gob.ar\/?p=8053"},"modified":"2018-06-19T15:30:38","modified_gmt":"2018-06-19T18:30:38","slug":"deportes-agostina-melgarejo-participara-del-campeonato-argentino-xco","status":"publish","type":"post","link":"https:\/\/www.legistdf.gob.ar\/index.php\/2018\/06\/19\/deportes-agostina-melgarejo-participara-del-campeonato-argentino-xco\/","title":{"rendered":"DEPORTES: Agostina Melgarejo participar\u00e1 del Campeonato Argentino XCO"},"content":{"rendered":"<p><strong>R\u00edo Grande, martes 19 de junio de 2018.- Agostina Melgarejo representar\u00e1 a Tierra del Fuego en el campeonato Nacional de Mountain Bike XCO \u2013categor\u00eda juvenil- en R\u00edo Ceballos (C\u00f3rdoba). Se trata de una de las competencias m\u00e1s duras, ya que se disputa en modalidad circuito y su metraje es por vueltas. La competencia convoca a ciclistas de todo el pa\u00eds y del mundo. Desde el Parlamento, el vicegobernador Juan Carlos Arcando, colabor\u00f3 con la estad\u00eda y la pensi\u00f3n de la joven deportista riograndense.<\/strong><\/p>\n<p>&nbsp;<\/p>\n<p>Desde la Asociaci\u00f3n ciclista Pedaleando el Karukinka, de R\u00edo Grande, informaron que la joven sumar\u00e1 puntaje para el mundial que se disputar\u00e1 pr\u00f3ximamente en Tokio (Jap\u00f3n). Asimismo, Ivonne Naveas, presidente de la Asociaci\u00f3n, inform\u00f3 que preparan el pr\u00f3ximo rally marat\u00f3n Harberton \u2013 Moat \u2013 Harberton.<\/p>\n<p>&nbsp;<\/p>\n<p>En di\u00e1logo con Prensa Legislativa, Naveas destac\u00f3 la predisposici\u00f3n de Arcando para con las instituciones deportivas y, en particular, con el ciclismo, actividad que buscan fomentar entre los m\u00e1s j\u00f3venes. Esperamos \u201ccrecer en el ciclismo en Tierra del Fuego\u201d, dijo esta tarde y agreg\u00f3 que siempre obtuvo \u201cuna respuesta inmediata\u201d por parte del Poder Legislativo ante este tipo de requerimientos.<\/p>\n<p>&nbsp;<\/p>\n<p>El campeonato argentino se disputar\u00e1 el 29 de julio pr\u00f3ximo en la localidad de R\u00edo Ceballos (C\u00f3rdoba).<\/p>\n\n\t\t<style type=\"text\/css\">\n\t\t\t#gallery-1 {\n\t\t\t\tmargin: auto;\n\t\t\t}\n\t\t\t#gallery-1 .gallery-item {\n\t\t\t\tfloat: left;\n\t\t\t\tmargin-top: 10px;\n\t\t\t\ttext-align: center;\n\t\t\t\twidth: 100%;\n\t\t\t}\n\t\t\t#gallery-1 img {\n\t\t\t\tborder: 2px solid #cfcfcf;\n\t\t\t}\n\t\t\t#gallery-1 .gallery-caption {\n\t\t\t\tmargin-left: 0;\n\t\t\t}\n\t\t\t\/* see gallery_shortcode() in wp-includes\/media.php *\/\n\t\t<\/style>\n\t\t<div data-carousel-extra='{\"blog_id\":1,\"permalink\":\"https:\\\/\\\/www.legistdf.gob.ar\\\/index.php\\\/2018\\\/06\\\/19\\\/deportes-agostina-melgarejo-participara-del-campeonato-argentino-xco\\\/\"}' id='gallery-1' class='gallery galleryid-8053 gallery-columns-1 gallery-size-thumbnail'><dl class='gallery-item'>\n\t\t\t<dt class='gallery-icon portrait'>\n\t\t\t\t<a href='https:\/\/www.legistdf.gob.ar\/index.php\/2018\/06\/19\/deportes-agostina-melgarejo-participara-del-campeonato-argentino-xco\/deportes-2\/'><img loading=\"lazy\" decoding=\"async\" width=\"150\" height=\"150\" src=\"https:\/\/www.legistdf.gob.ar\/wp-content\/uploads\/2018\/06\/deportes-1-150x150.jpg\" class=\"attachment-thumbnail size-thumbnail\" alt=\"\" srcset=\"https:\/\/www.legistdf.gob.ar\/wp-content\/uploads\/2018\/06\/deportes-1-150x150.jpg 150w, https:\/\/www.legistdf.gob.ar\/wp-content\/uploads\/2018\/06\/deportes-1-64x64.jpg 64w\" sizes=\"(max-width: 150px) 100vw, 150px\" data-attachment-id=\"8059\" data-permalink=\"https:\/\/www.legistdf.gob.ar\/index.php\/2018\/06\/19\/deportes-agostina-melgarejo-participara-del-campeonato-argentino-xco\/deportes-2\/\" data-orig-file=\"https:\/\/www.legistdf.gob.ar\/wp-content\/uploads\/2018\/06\/deportes-1.jpg\" data-orig-size=\"1143,1500\" data-comments-opened=\"0\" data-image-meta=\"{&quot;aperture&quot;:&quot;0&quot;,&quot;credit&quot;:&quot;&quot;,&quot;camera&quot;:&quot;&quot;,&quot;caption&quot;:&quot;&quot;,&quot;created_timestamp&quot;:&quot;0&quot;,&quot;copyright&quot;:&quot;&quot;,&quot;focal_length&quot;:&quot;0&quot;,&quot;iso&quot;:&quot;0&quot;,&quot;shutter_speed&quot;:&quot;0&quot;,&quot;title&quot;:&quot;&quot;,&quot;orientation&quot;:&quot;1&quot;}\" data-image-title=\"deportes\" data-image-description=\"\" data-image-caption=\"\" data-medium-file=\"https:\/\/www.legistdf.gob.ar\/wp-content\/uploads\/2018\/06\/deportes-1-229x300.jpg\" data-large-file=\"https:\/\/www.legistdf.gob.ar\/wp-content\/uploads\/2018\/06\/deportes-1-780x1024.jpg\" \/><\/a>\n\t\t\t<\/dt><\/dl><br style=\"clear: both\" \/>\n\t\t<\/div>\n\n","protected":false},"excerpt":{"rendered":"<p>R\u00edo Grande, martes 19 de junio de 2018.- Agostina Melgarejo representar\u00e1 a Tierra del Fuego en el campeonato Nacional de Mountain Bike XCO \u2013categor\u00eda juvenil- en R\u00edo Ceballos (C\u00f3rdoba). Se trata de una de las competencias m\u00e1s duras, ya que se disputa en modalidad circuito y su metraje es por vueltas. La competencia convoca a [&hellip;]<\/p>\n","protected":false},"author":352,"featured_media":8058,"comment_status":"closed","ping_status":"open","sticky":false,"template":"","format":"standard","meta":{"jetpack_post_was_ever_published":false,"_jetpack_newsletter_access":"","_jetpack_dont_email_post_to_subs":false,"_jetpack_newsletter_tier_id":0,"footnotes":"","jetpack_publicize_message":"","jetpack_publicize_feature_enabled":true,"jetpack_social_post_already_shared":true,"jetpack_social_options":{"image_generator_settings":{"template":"highway","enabled":false}}},"categories":[1],"tags":[291,97,78,96],"jetpack_publicize_connections":[],"jetpack_sharing_enabled":true,"jetpack_featured_media_url":"https:\/\/www.legistdf.gob.ar\/wp-content\/uploads\/2018\/06\/deportes.jpg","jetpack-related-posts":[],"_links":{"self":[{"href":"https:\/\/www.legistdf.gob.ar\/index.php\/wp-json\/wp\/v2\/posts\/8053"}],"collection":[{"href":"https:\/\/www.legistdf.gob.ar\/index.php\/wp-json\/wp\/v2\/posts"}],"about":[{"href":"https:\/\/www.legistdf.gob.ar\/index.php\/wp-json\/wp\/v2\/types\/post"}],"author":[{"embeddable":true,"href":"https:\/\/www.legistdf.gob.ar\/index.php\/wp-json\/wp\/v2\/users\/352"}],"replies":[{"embeddable":true,"href":"https:\/\/www.legistdf.gob.ar\/index.php\/wp-json\/wp\/v2\/comments?post=8053"}],"version-history":[{"count":3,"href":"https:\/\/www.legistdf.gob.ar\/index.php\/wp-json\/wp\/v2\/posts\/8053\/revisions"}],"predecessor-version":[{"id":8060,"href":"https:\/\/www.legistdf.gob.ar\/index.php\/wp-json\/wp\/v2\/posts\/8053\/revisions\/8060"}],"wp:featuredmedia":[{"embeddable":true,"href":"https:\/\/www.legistdf.gob.ar\/index.php\/wp-json\/wp\/v2\/media\/8058"}],"wp:attachment":[{"href":"https:\/\/www.legistdf.gob.ar\/index.php\/wp-json\/wp\/v2\/media?parent=8053"}],"wp:term":[{"taxonomy":"category","embeddable":true,"href":"https:\/\/www.legistdf.gob.ar\/index.php\/wp-json\/wp\/v2\/categories?post=8053"},{"taxonomy":"post_tag","embeddable":true,"href":"https:\/\/www.legistdf.gob.ar\/index.php\/wp-json\/wp\/v2\/tags?post=8053"}],"curies":[{"name":"wp","href":"https:\/\/api.w.org\/{rel}","templated":true}]}}