{"id":8162,"date":"2018-06-26T18:52:34","date_gmt":"2018-06-26T21:52:34","guid":{"rendered":"http:\/\/www.legistdf.gob.ar\/?p=8162"},"modified":"2018-06-26T18:52:34","modified_gmt":"2018-06-26T21:52:34","slug":"legislatura-destacaron-la-relacion-del-bim-5-con-los-riograndenses-en-nuevo-aniversario","status":"publish","type":"post","link":"https:\/\/www.legistdf.gob.ar\/index.php\/2018\/06\/26\/legislatura-destacaron-la-relacion-del-bim-5-con-los-riograndenses-en-nuevo-aniversario\/","title":{"rendered":"LEGISLATURA: Destacaron la relaci\u00f3n del BIM 5 con los riograndenses en nuevo aniversario"},"content":{"rendered":"<p>&nbsp;<\/p>\n<p><strong>R\u00edo Grande, martes 26 de junio de 2018.- El Batall\u00f3n de Infanter\u00eda de Marina N\u00b0 5 Escuela de R\u00edo Grande, conmemor\u00f3 71 a\u00f1os de vida al servicio de la patria y la comunidad de Tierra del Fuego, especialmente la de R\u00edo Grande. Con un acto en la plaza central del \u201cBIM\u201d, como lo llama con afecto la familia riograndense, fue presidido por el titular del \u00c1rea Naval Austral, contraalmirante Marcos Henson y el Presidente del Poder Legislativo, vicegobernador Juan Carlos Arcando.<\/strong><\/p>\n<p>&nbsp;<\/p>\n<p>La historia de la instituci\u00f3n en Tierra del Fuego, Ant\u00e1rtida e Islas del Atl\u00e1ntico Sur se remonta al a\u00f1o 19471, cuando el Batall\u00f3n de Infanter\u00eda traz\u00f3 una relaci\u00f3n cercana con los fueguinos. Fue primero en la capital y luego, cuando se asent\u00f3 por vez definitiva en el norte de la Isla Grande, en 1952. \u201cLa ciudad de R\u00edo Grande y el BIM N\u00b0 5, han estado unidos\u201d desde hace 66 a\u00f1os, y ha contribuido al desarrollo y consolidaci\u00f3n de una comunidad que no ha cesado de crecer.<\/p>\n<p>&nbsp;<\/p>\n<p>Desde la organizaci\u00f3n, recordaron la vinculaci\u00f3n de aquel peque\u00f1o pueblo a orillas del r\u00edo Grande y el mar Argentino con la panader\u00eda, la usina, la maternidad y los bomberos, entre otros servicios que ofrec\u00eda el cuartel \u201cque en sus inicios se encontraba fuera de los l\u00edmites urbanos\u201d. Hoy, est\u00e1 abrazado a la ciudad. En este sentido, consideraron que esa situaci\u00f3n, dio lugar a \u201cuna relaci\u00f3n \u00fanica entre una unidad de combate de infanter\u00eda y una comunidad, que mutuamente se ayudan y prosperan\u201d, en el conf\u00edn de la patria.<\/p>\n<p>&nbsp;<\/p>\n<p>En otro p\u00e1rrafo, pusieron en valor la actuaci\u00f3n del cuartel en el conflicto del Atl\u00e1ntico Sur, cuando \u201ces destacado para defender una porci\u00f3n de suelo patrio, una porci\u00f3n de esta Provincia\u201d. Relataron que R\u00edo Grande, durante el enfrentamiento, tambi\u00e9n se vio inmersa en la guerra, \u201capoyando a su batall\u00f3n y al resto de las fuerzas de la Armada Argentina\u201d, que operaban en esta zona de influencia.<\/p>\n<p>&nbsp;<\/p>\n<p>\u201cEl Batall\u00f3n de Infanter\u00eda de Marina N\u00b0 5 Escuela, escribi\u00f3 su p\u00e1gina m\u00e1s gloriosa en el combate de monte Tumbledown\u201d, enfrentamiento al que calificaron como \u201ccruento\u201d y que logr\u00f3 \u2013por sus adversarios- el reconocimiento como \u201cun contrincante duro, profesional y honorable\u201d.<\/p>\n<p>&nbsp;<\/p>\n<p>En di\u00e1logo con Prensa Legislativa, el titular del Poder Legislativo en ejercicio del Poder Ejecutivo, vicegobernador Juan Carlos Arcando, dijo que tambi\u00e9n sum\u00f3 la mirada como un batall\u00f3n \u201cglorioso\u201d luego de la guerra del Atl\u00e1ntico Sur. Entre su reconocimiento, destac\u00f3 la presencia de conscriptos que cumplieron el servicio militar obligatorio en el BIM. \u201cVinieron a acompa\u00f1ar el acto, porque sienten en el coraz\u00f3n, ac\u00e1 aprendieron el amor a la patria\u201d, dijo.<\/p>\n<p>&nbsp;<\/p>\n<p>Tambi\u00e9n destac\u00f3 a la comunidad de residentes salte\u00f1os que, a trav\u00e9s de un representante de esa provincia del noroeste argentino, \u201crenov\u00f3 la bandera de la Provincia de Salta, que est\u00e1 en custodia del Batall\u00f3n\u201d. En este punto, agradeci\u00f3 al gobierno salte\u00f1o \u201cpor mantener vivas las tradiciones con su bandera presente en Tierra del Fuego\u201d, cerr\u00f3.<\/p>\n<p>&nbsp;<\/p>\n<p>En tanto, el titular del ANAU, contraalmirante Marcos Henson celebr\u00f3 el aniversario del Batall\u00f3n y destac\u00f3 \u201cla relaci\u00f3n funcional con R\u00edo Grande y es un gusto acompa\u00f1ar a la gente del BIM N\u00b0 5 en este d\u00eda especial\u201d.<\/p>\n<p>&nbsp;<\/p>\n<p>Sobre la relaci\u00f3n que mantiene la instituci\u00f3n con los riograndenses, Henson sostuvo que \u201cobviamente es desde toda la vida\u201d y agreg\u00f3 que la Armada tiene similar interacci\u00f3n con nuestra Provincia. \u201cEs importante que se contin\u00fae trabajando en conjunto\u201d y puso en relieve \u201cel esp\u00edritu de camarader\u00eda de la gente que ha pasado por este Batall\u00f3n\u201d, cerr\u00f3.<\/p>\n<p>&nbsp;<\/p>\n<p>Del acto participaron referentes de todas las fuerzas de seguridad y representantes diplom\u00e1ticos; de la Ciudad, eclesi\u00e1sticos y antiguos pobladores. La presencia de los excombatientes de Malvinas, con sus estandartes y banderas, puso emoci\u00f3n y respeto a la conmemoraci\u00f3n que finaliz\u00f3 con un breve \u00e1gape en el sal\u00f3n comedor de la instituci\u00f3n.<\/p>\n<p>&nbsp;<\/p>\n<p>Galer\u00eda:\u00a0<a href=\"https:\/\/flic.kr\/s\/aHsmnfAiYQ\">https:\/\/flic.kr\/s\/aHsmnfAiYQ<\/a><\/p>\n<p>&nbsp;<\/p>\n\n\t\t<style type=\"text\/css\">\n\t\t\t#gallery-1 {\n\t\t\t\tmargin: auto;\n\t\t\t}\n\t\t\t#gallery-1 .gallery-item {\n\t\t\t\tfloat: left;\n\t\t\t\tmargin-top: 10px;\n\t\t\t\ttext-align: center;\n\t\t\t\twidth: 33%;\n\t\t\t}\n\t\t\t#gallery-1 img {\n\t\t\t\tborder: 2px solid #cfcfcf;\n\t\t\t}\n\t\t\t#gallery-1 .gallery-caption {\n\t\t\t\tmargin-left: 0;\n\t\t\t}\n\t\t\t\/* see gallery_shortcode() in wp-includes\/media.php *\/\n\t\t<\/style>\n\t\t<div data-carousel-extra='{\"blog_id\":1,\"permalink\":\"https:\\\/\\\/www.legistdf.gob.ar\\\/index.php\\\/2018\\\/06\\\/26\\\/legislatura-destacaron-la-relacion-del-bim-5-con-los-riograndenses-en-nuevo-aniversario\\\/\"}' id='gallery-1' class='gallery galleryid-8162 gallery-columns-3 gallery-size-thumbnail'><dl class='gallery-item'>\n\t\t\t<dt class='gallery-icon landscape'>\n\t\t\t\t<a href='https:\/\/www.legistdf.gob.ar\/index.php\/2018\/06\/26\/legislatura-destacaron-la-relacion-del-bim-5-con-los-riograndenses-en-nuevo-aniversario\/img_8847\/'><img loading=\"lazy\" decoding=\"async\" width=\"150\" height=\"150\" src=\"https:\/\/www.legistdf.gob.ar\/wp-content\/uploads\/2018\/06\/IMG_8847-150x150.jpg\" class=\"attachment-thumbnail size-thumbnail\" alt=\"\" srcset=\"https:\/\/www.legistdf.gob.ar\/wp-content\/uploads\/2018\/06\/IMG_8847-150x150.jpg 150w, https:\/\/www.legistdf.gob.ar\/wp-content\/uploads\/2018\/06\/IMG_8847-64x64.jpg 64w\" sizes=\"(max-width: 150px) 100vw, 150px\" data-attachment-id=\"8163\" data-permalink=\"https:\/\/www.legistdf.gob.ar\/index.php\/2018\/06\/26\/legislatura-destacaron-la-relacion-del-bim-5-con-los-riograndenses-en-nuevo-aniversario\/img_8847\/\" data-orig-file=\"https:\/\/www.legistdf.gob.ar\/wp-content\/uploads\/2018\/06\/IMG_8847.jpg\" data-orig-size=\"1000,667\" data-comments-opened=\"0\" data-image-meta=\"{&quot;aperture&quot;:&quot;5&quot;,&quot;credit&quot;:&quot;PrensaLegislativa2015&quot;,&quot;camera&quot;:&quot;Canon EOS 70D&quot;,&quot;caption&quot;:&quot;&quot;,&quot;created_timestamp&quot;:&quot;1529995047&quot;,&quot;copyright&quot;:&quot;&quot;,&quot;focal_length&quot;:&quot;24&quot;,&quot;iso&quot;:&quot;100&quot;,&quot;shutter_speed&quot;:&quot;0.01&quot;,&quot;title&quot;:&quot;&quot;,&quot;orientation&quot;:&quot;1&quot;}\" data-image-title=\"IMG_8847\" data-image-description=\"\" data-image-caption=\"\" data-medium-file=\"https:\/\/www.legistdf.gob.ar\/wp-content\/uploads\/2018\/06\/IMG_8847-300x200.jpg\" data-large-file=\"https:\/\/www.legistdf.gob.ar\/wp-content\/uploads\/2018\/06\/IMG_8847.jpg\" \/><\/a>\n\t\t\t<\/dt><\/dl><dl class='gallery-item'>\n\t\t\t<dt class='gallery-icon landscape'>\n\t\t\t\t<a href='https:\/\/www.legistdf.gob.ar\/index.php\/2018\/06\/26\/legislatura-destacaron-la-relacion-del-bim-5-con-los-riograndenses-en-nuevo-aniversario\/img_8856\/'><img loading=\"lazy\" decoding=\"async\" width=\"150\" height=\"150\" src=\"https:\/\/www.legistdf.gob.ar\/wp-content\/uploads\/2018\/06\/IMG_8856-150x150.jpg\" class=\"attachment-thumbnail size-thumbnail\" alt=\"\" srcset=\"https:\/\/www.legistdf.gob.ar\/wp-content\/uploads\/2018\/06\/IMG_8856-150x150.jpg 150w, https:\/\/www.legistdf.gob.ar\/wp-content\/uploads\/2018\/06\/IMG_8856-64x64.jpg 64w\" sizes=\"(max-width: 150px) 100vw, 150px\" data-attachment-id=\"8164\" data-permalink=\"https:\/\/www.legistdf.gob.ar\/index.php\/2018\/06\/26\/legislatura-destacaron-la-relacion-del-bim-5-con-los-riograndenses-en-nuevo-aniversario\/img_8856\/\" data-orig-file=\"https:\/\/www.legistdf.gob.ar\/wp-content\/uploads\/2018\/06\/IMG_8856.jpg\" data-orig-size=\"1000,667\" data-comments-opened=\"0\" data-image-meta=\"{&quot;aperture&quot;:&quot;5&quot;,&quot;credit&quot;:&quot;PrensaLegislativa2015&quot;,&quot;camera&quot;:&quot;Canon EOS 70D&quot;,&quot;caption&quot;:&quot;&quot;,&quot;created_timestamp&quot;:&quot;1529995144&quot;,&quot;copyright&quot;:&quot;&quot;,&quot;focal_length&quot;:&quot;63&quot;,&quot;iso&quot;:&quot;100&quot;,&quot;shutter_speed&quot;:&quot;0.01&quot;,&quot;title&quot;:&quot;&quot;,&quot;orientation&quot;:&quot;1&quot;}\" data-image-title=\"IMG_8856\" data-image-description=\"\" data-image-caption=\"\" data-medium-file=\"https:\/\/www.legistdf.gob.ar\/wp-content\/uploads\/2018\/06\/IMG_8856-300x200.jpg\" data-large-file=\"https:\/\/www.legistdf.gob.ar\/wp-content\/uploads\/2018\/06\/IMG_8856.jpg\" \/><\/a>\n\t\t\t<\/dt><\/dl><dl class='gallery-item'>\n\t\t\t<dt class='gallery-icon landscape'>\n\t\t\t\t<a href='https:\/\/www.legistdf.gob.ar\/index.php\/2018\/06\/26\/legislatura-destacaron-la-relacion-del-bim-5-con-los-riograndenses-en-nuevo-aniversario\/img_8859\/'><img loading=\"lazy\" decoding=\"async\" width=\"150\" height=\"150\" src=\"https:\/\/www.legistdf.gob.ar\/wp-content\/uploads\/2018\/06\/IMG_8859-150x150.jpg\" class=\"attachment-thumbnail size-thumbnail\" alt=\"\" srcset=\"https:\/\/www.legistdf.gob.ar\/wp-content\/uploads\/2018\/06\/IMG_8859-150x150.jpg 150w, https:\/\/www.legistdf.gob.ar\/wp-content\/uploads\/2018\/06\/IMG_8859-64x64.jpg 64w\" sizes=\"(max-width: 150px) 100vw, 150px\" data-attachment-id=\"8165\" data-permalink=\"https:\/\/www.legistdf.gob.ar\/index.php\/2018\/06\/26\/legislatura-destacaron-la-relacion-del-bim-5-con-los-riograndenses-en-nuevo-aniversario\/img_8859\/\" data-orig-file=\"https:\/\/www.legistdf.gob.ar\/wp-content\/uploads\/2018\/06\/IMG_8859.jpg\" data-orig-size=\"1000,667\" data-comments-opened=\"0\" data-image-meta=\"{&quot;aperture&quot;:&quot;7.1&quot;,&quot;credit&quot;:&quot;PrensaLegislativa2015&quot;,&quot;camera&quot;:&quot;Canon EOS 70D&quot;,&quot;caption&quot;:&quot;&quot;,&quot;created_timestamp&quot;:&quot;1529995177&quot;,&quot;copyright&quot;:&quot;&quot;,&quot;focal_length&quot;:&quot;35&quot;,&quot;iso&quot;:&quot;100&quot;,&quot;shutter_speed&quot;:&quot;0.01&quot;,&quot;title&quot;:&quot;&quot;,&quot;orientation&quot;:&quot;1&quot;}\" data-image-title=\"IMG_8859\" data-image-description=\"\" data-image-caption=\"\" data-medium-file=\"https:\/\/www.legistdf.gob.ar\/wp-content\/uploads\/2018\/06\/IMG_8859-300x200.jpg\" data-large-file=\"https:\/\/www.legistdf.gob.ar\/wp-content\/uploads\/2018\/06\/IMG_8859.jpg\" \/><\/a>\n\t\t\t<\/dt><\/dl><br style=\"clear: both\" \/><dl class='gallery-item'>\n\t\t\t<dt class='gallery-icon landscape'>\n\t\t\t\t<a href='https:\/\/www.legistdf.gob.ar\/index.php\/2018\/06\/26\/legislatura-destacaron-la-relacion-del-bim-5-con-los-riograndenses-en-nuevo-aniversario\/img_8862\/'><img loading=\"lazy\" decoding=\"async\" width=\"150\" height=\"150\" src=\"https:\/\/www.legistdf.gob.ar\/wp-content\/uploads\/2018\/06\/IMG_8862-150x150.jpg\" class=\"attachment-thumbnail size-thumbnail\" alt=\"\" srcset=\"https:\/\/www.legistdf.gob.ar\/wp-content\/uploads\/2018\/06\/IMG_8862-150x150.jpg 150w, https:\/\/www.legistdf.gob.ar\/wp-content\/uploads\/2018\/06\/IMG_8862-64x64.jpg 64w\" sizes=\"(max-width: 150px) 100vw, 150px\" data-attachment-id=\"8166\" data-permalink=\"https:\/\/www.legistdf.gob.ar\/index.php\/2018\/06\/26\/legislatura-destacaron-la-relacion-del-bim-5-con-los-riograndenses-en-nuevo-aniversario\/img_8862\/\" data-orig-file=\"https:\/\/www.legistdf.gob.ar\/wp-content\/uploads\/2018\/06\/IMG_8862.jpg\" data-orig-size=\"1000,667\" data-comments-opened=\"0\" data-image-meta=\"{&quot;aperture&quot;:&quot;6.3&quot;,&quot;credit&quot;:&quot;PrensaLegislativa2015&quot;,&quot;camera&quot;:&quot;Canon EOS 70D&quot;,&quot;caption&quot;:&quot;&quot;,&quot;created_timestamp&quot;:&quot;1529995240&quot;,&quot;copyright&quot;:&quot;&quot;,&quot;focal_length&quot;:&quot;45&quot;,&quot;iso&quot;:&quot;100&quot;,&quot;shutter_speed&quot;:&quot;0.0125&quot;,&quot;title&quot;:&quot;&quot;,&quot;orientation&quot;:&quot;1&quot;}\" data-image-title=\"IMG_8862\" data-image-description=\"\" data-image-caption=\"\" data-medium-file=\"https:\/\/www.legistdf.gob.ar\/wp-content\/uploads\/2018\/06\/IMG_8862-300x200.jpg\" data-large-file=\"https:\/\/www.legistdf.gob.ar\/wp-content\/uploads\/2018\/06\/IMG_8862.jpg\" \/><\/a>\n\t\t\t<\/dt><\/dl><dl class='gallery-item'>\n\t\t\t<dt class='gallery-icon landscape'>\n\t\t\t\t<a href='https:\/\/www.legistdf.gob.ar\/index.php\/2018\/06\/26\/legislatura-destacaron-la-relacion-del-bim-5-con-los-riograndenses-en-nuevo-aniversario\/img_8874\/'><img loading=\"lazy\" decoding=\"async\" width=\"150\" height=\"150\" src=\"https:\/\/www.legistdf.gob.ar\/wp-content\/uploads\/2018\/06\/IMG_8874-150x150.jpg\" class=\"attachment-thumbnail size-thumbnail\" alt=\"\" srcset=\"https:\/\/www.legistdf.gob.ar\/wp-content\/uploads\/2018\/06\/IMG_8874-150x150.jpg 150w, https:\/\/www.legistdf.gob.ar\/wp-content\/uploads\/2018\/06\/IMG_8874-64x64.jpg 64w\" sizes=\"(max-width: 150px) 100vw, 150px\" data-attachment-id=\"8167\" data-permalink=\"https:\/\/www.legistdf.gob.ar\/index.php\/2018\/06\/26\/legislatura-destacaron-la-relacion-del-bim-5-con-los-riograndenses-en-nuevo-aniversario\/img_8874\/\" data-orig-file=\"https:\/\/www.legistdf.gob.ar\/wp-content\/uploads\/2018\/06\/IMG_8874.jpg\" data-orig-size=\"1000,667\" data-comments-opened=\"0\" data-image-meta=\"{&quot;aperture&quot;:&quot;5.6&quot;,&quot;credit&quot;:&quot;PrensaLegislativa2015&quot;,&quot;camera&quot;:&quot;Canon EOS 70D&quot;,&quot;caption&quot;:&quot;&quot;,&quot;created_timestamp&quot;:&quot;1529995552&quot;,&quot;copyright&quot;:&quot;&quot;,&quot;focal_length&quot;:&quot;24&quot;,&quot;iso&quot;:&quot;100&quot;,&quot;shutter_speed&quot;:&quot;0.0125&quot;,&quot;title&quot;:&quot;&quot;,&quot;orientation&quot;:&quot;1&quot;}\" data-image-title=\"IMG_8874\" data-image-description=\"\" data-image-caption=\"\" data-medium-file=\"https:\/\/www.legistdf.gob.ar\/wp-content\/uploads\/2018\/06\/IMG_8874-300x200.jpg\" data-large-file=\"https:\/\/www.legistdf.gob.ar\/wp-content\/uploads\/2018\/06\/IMG_8874.jpg\" \/><\/a>\n\t\t\t<\/dt><\/dl><dl class='gallery-item'>\n\t\t\t<dt class='gallery-icon landscape'>\n\t\t\t\t<a href='https:\/\/www.legistdf.gob.ar\/index.php\/2018\/06\/26\/legislatura-destacaron-la-relacion-del-bim-5-con-los-riograndenses-en-nuevo-aniversario\/img_8886\/'><img loading=\"lazy\" decoding=\"async\" width=\"150\" height=\"150\" src=\"https:\/\/www.legistdf.gob.ar\/wp-content\/uploads\/2018\/06\/IMG_8886-150x150.jpg\" class=\"attachment-thumbnail size-thumbnail\" alt=\"\" srcset=\"https:\/\/www.legistdf.gob.ar\/wp-content\/uploads\/2018\/06\/IMG_8886-150x150.jpg 150w, https:\/\/www.legistdf.gob.ar\/wp-content\/uploads\/2018\/06\/IMG_8886-64x64.jpg 64w\" sizes=\"(max-width: 150px) 100vw, 150px\" data-attachment-id=\"8168\" data-permalink=\"https:\/\/www.legistdf.gob.ar\/index.php\/2018\/06\/26\/legislatura-destacaron-la-relacion-del-bim-5-con-los-riograndenses-en-nuevo-aniversario\/img_8886\/\" data-orig-file=\"https:\/\/www.legistdf.gob.ar\/wp-content\/uploads\/2018\/06\/IMG_8886.jpg\" data-orig-size=\"1000,667\" data-comments-opened=\"0\" data-image-meta=\"{&quot;aperture&quot;:&quot;5.6&quot;,&quot;credit&quot;:&quot;PrensaLegislativa2015&quot;,&quot;camera&quot;:&quot;Canon EOS 70D&quot;,&quot;caption&quot;:&quot;&quot;,&quot;created_timestamp&quot;:&quot;1529995684&quot;,&quot;copyright&quot;:&quot;&quot;,&quot;focal_length&quot;:&quot;45&quot;,&quot;iso&quot;:&quot;100&quot;,&quot;shutter_speed&quot;:&quot;0.0125&quot;,&quot;title&quot;:&quot;&quot;,&quot;orientation&quot;:&quot;1&quot;}\" data-image-title=\"IMG_8886\" data-image-description=\"\" data-image-caption=\"\" data-medium-file=\"https:\/\/www.legistdf.gob.ar\/wp-content\/uploads\/2018\/06\/IMG_8886-300x200.jpg\" data-large-file=\"https:\/\/www.legistdf.gob.ar\/wp-content\/uploads\/2018\/06\/IMG_8886.jpg\" \/><\/a>\n\t\t\t<\/dt><\/dl><br style=\"clear: both\" \/><dl class='gallery-item'>\n\t\t\t<dt class='gallery-icon landscape'>\n\t\t\t\t<a href='https:\/\/www.legistdf.gob.ar\/index.php\/2018\/06\/26\/legislatura-destacaron-la-relacion-del-bim-5-con-los-riograndenses-en-nuevo-aniversario\/img_8912\/'><img loading=\"lazy\" decoding=\"async\" width=\"150\" height=\"150\" src=\"https:\/\/www.legistdf.gob.ar\/wp-content\/uploads\/2018\/06\/IMG_8912-150x150.jpg\" class=\"attachment-thumbnail size-thumbnail\" alt=\"\" srcset=\"https:\/\/www.legistdf.gob.ar\/wp-content\/uploads\/2018\/06\/IMG_8912-150x150.jpg 150w, https:\/\/www.legistdf.gob.ar\/wp-content\/uploads\/2018\/06\/IMG_8912-64x64.jpg 64w\" sizes=\"(max-width: 150px) 100vw, 150px\" data-attachment-id=\"8169\" data-permalink=\"https:\/\/www.legistdf.gob.ar\/index.php\/2018\/06\/26\/legislatura-destacaron-la-relacion-del-bim-5-con-los-riograndenses-en-nuevo-aniversario\/img_8912\/\" data-orig-file=\"https:\/\/www.legistdf.gob.ar\/wp-content\/uploads\/2018\/06\/IMG_8912.jpg\" data-orig-size=\"1000,667\" data-comments-opened=\"0\" data-image-meta=\"{&quot;aperture&quot;:&quot;8&quot;,&quot;credit&quot;:&quot;PrensaLegislativa2015&quot;,&quot;camera&quot;:&quot;Canon EOS 70D&quot;,&quot;caption&quot;:&quot;&quot;,&quot;created_timestamp&quot;:&quot;1529996012&quot;,&quot;copyright&quot;:&quot;&quot;,&quot;focal_length&quot;:&quot;39&quot;,&quot;iso&quot;:&quot;125&quot;,&quot;shutter_speed&quot;:&quot;0.0125&quot;,&quot;title&quot;:&quot;&quot;,&quot;orientation&quot;:&quot;1&quot;}\" data-image-title=\"IMG_8912\" data-image-description=\"\" data-image-caption=\"\" data-medium-file=\"https:\/\/www.legistdf.gob.ar\/wp-content\/uploads\/2018\/06\/IMG_8912-300x200.jpg\" data-large-file=\"https:\/\/www.legistdf.gob.ar\/wp-content\/uploads\/2018\/06\/IMG_8912.jpg\" \/><\/a>\n\t\t\t<\/dt><\/dl><dl class='gallery-item'>\n\t\t\t<dt class='gallery-icon landscape'>\n\t\t\t\t<a href='https:\/\/www.legistdf.gob.ar\/index.php\/2018\/06\/26\/legislatura-destacaron-la-relacion-del-bim-5-con-los-riograndenses-en-nuevo-aniversario\/img_8934\/'><img loading=\"lazy\" decoding=\"async\" width=\"150\" height=\"150\" src=\"https:\/\/www.legistdf.gob.ar\/wp-content\/uploads\/2018\/06\/IMG_8934-150x150.jpg\" class=\"attachment-thumbnail size-thumbnail\" alt=\"\" srcset=\"https:\/\/www.legistdf.gob.ar\/wp-content\/uploads\/2018\/06\/IMG_8934-150x150.jpg 150w, https:\/\/www.legistdf.gob.ar\/wp-content\/uploads\/2018\/06\/IMG_8934-64x64.jpg 64w\" sizes=\"(max-width: 150px) 100vw, 150px\" data-attachment-id=\"8170\" data-permalink=\"https:\/\/www.legistdf.gob.ar\/index.php\/2018\/06\/26\/legislatura-destacaron-la-relacion-del-bim-5-con-los-riograndenses-en-nuevo-aniversario\/img_8934\/\" data-orig-file=\"https:\/\/www.legistdf.gob.ar\/wp-content\/uploads\/2018\/06\/IMG_8934.jpg\" data-orig-size=\"1000,667\" data-comments-opened=\"0\" data-image-meta=\"{&quot;aperture&quot;:&quot;2.8&quot;,&quot;credit&quot;:&quot;PrensaLegislativa2015&quot;,&quot;camera&quot;:&quot;Canon EOS 70D&quot;,&quot;caption&quot;:&quot;&quot;,&quot;created_timestamp&quot;:&quot;1529997122&quot;,&quot;copyright&quot;:&quot;&quot;,&quot;focal_length&quot;:&quot;24&quot;,&quot;iso&quot;:&quot;640&quot;,&quot;shutter_speed&quot;:&quot;0.01&quot;,&quot;title&quot;:&quot;&quot;,&quot;orientation&quot;:&quot;1&quot;}\" data-image-title=\"IMG_8934\" data-image-description=\"\" data-image-caption=\"\" data-medium-file=\"https:\/\/www.legistdf.gob.ar\/wp-content\/uploads\/2018\/06\/IMG_8934-300x200.jpg\" data-large-file=\"https:\/\/www.legistdf.gob.ar\/wp-content\/uploads\/2018\/06\/IMG_8934.jpg\" \/><\/a>\n\t\t\t<\/dt><\/dl><dl class='gallery-item'>\n\t\t\t<dt class='gallery-icon landscape'>\n\t\t\t\t<a href='https:\/\/www.legistdf.gob.ar\/index.php\/2018\/06\/26\/legislatura-destacaron-la-relacion-del-bim-5-con-los-riograndenses-en-nuevo-aniversario\/img_8995\/'><img loading=\"lazy\" decoding=\"async\" width=\"150\" height=\"150\" src=\"https:\/\/www.legistdf.gob.ar\/wp-content\/uploads\/2018\/06\/IMG_8995-150x150.jpg\" class=\"attachment-thumbnail size-thumbnail\" alt=\"\" srcset=\"https:\/\/www.legistdf.gob.ar\/wp-content\/uploads\/2018\/06\/IMG_8995-150x150.jpg 150w, https:\/\/www.legistdf.gob.ar\/wp-content\/uploads\/2018\/06\/IMG_8995-64x64.jpg 64w\" sizes=\"(max-width: 150px) 100vw, 150px\" data-attachment-id=\"8171\" data-permalink=\"https:\/\/www.legistdf.gob.ar\/index.php\/2018\/06\/26\/legislatura-destacaron-la-relacion-del-bim-5-con-los-riograndenses-en-nuevo-aniversario\/img_8995\/\" data-orig-file=\"https:\/\/www.legistdf.gob.ar\/wp-content\/uploads\/2018\/06\/IMG_8995.jpg\" data-orig-size=\"1000,667\" data-comments-opened=\"0\" data-image-meta=\"{&quot;aperture&quot;:&quot;4&quot;,&quot;credit&quot;:&quot;PrensaLegislativa2015&quot;,&quot;camera&quot;:&quot;Canon EOS 70D&quot;,&quot;caption&quot;:&quot;&quot;,&quot;created_timestamp&quot;:&quot;1529998951&quot;,&quot;copyright&quot;:&quot;&quot;,&quot;focal_length&quot;:&quot;15&quot;,&quot;iso&quot;:&quot;640&quot;,&quot;shutter_speed&quot;:&quot;0.01&quot;,&quot;title&quot;:&quot;&quot;,&quot;orientation&quot;:&quot;1&quot;}\" data-image-title=\"IMG_8995\" data-image-description=\"\" data-image-caption=\"\" data-medium-file=\"https:\/\/www.legistdf.gob.ar\/wp-content\/uploads\/2018\/06\/IMG_8995-300x200.jpg\" data-large-file=\"https:\/\/www.legistdf.gob.ar\/wp-content\/uploads\/2018\/06\/IMG_8995.jpg\" \/><\/a>\n\t\t\t<\/dt><\/dl><br style=\"clear: both\" \/><dl class='gallery-item'>\n\t\t\t<dt class='gallery-icon landscape'>\n\t\t\t\t<a href='https:\/\/www.legistdf.gob.ar\/index.php\/2018\/06\/26\/legislatura-destacaron-la-relacion-del-bim-5-con-los-riograndenses-en-nuevo-aniversario\/img_9006\/'><img loading=\"lazy\" decoding=\"async\" width=\"150\" height=\"150\" src=\"https:\/\/www.legistdf.gob.ar\/wp-content\/uploads\/2018\/06\/IMG_9006-150x150.jpg\" class=\"attachment-thumbnail size-thumbnail\" alt=\"\" srcset=\"https:\/\/www.legistdf.gob.ar\/wp-content\/uploads\/2018\/06\/IMG_9006-150x150.jpg 150w, https:\/\/www.legistdf.gob.ar\/wp-content\/uploads\/2018\/06\/IMG_9006-64x64.jpg 64w\" sizes=\"(max-width: 150px) 100vw, 150px\" data-attachment-id=\"8172\" data-permalink=\"https:\/\/www.legistdf.gob.ar\/index.php\/2018\/06\/26\/legislatura-destacaron-la-relacion-del-bim-5-con-los-riograndenses-en-nuevo-aniversario\/img_9006\/\" data-orig-file=\"https:\/\/www.legistdf.gob.ar\/wp-content\/uploads\/2018\/06\/IMG_9006.jpg\" data-orig-size=\"1000,667\" data-comments-opened=\"0\" data-image-meta=\"{&quot;aperture&quot;:&quot;3.5&quot;,&quot;credit&quot;:&quot;PrensaLegislativa2015&quot;,&quot;camera&quot;:&quot;Canon EOS 70D&quot;,&quot;caption&quot;:&quot;&quot;,&quot;created_timestamp&quot;:&quot;1529999135&quot;,&quot;copyright&quot;:&quot;&quot;,&quot;focal_length&quot;:&quot;11&quot;,&quot;iso&quot;:&quot;800&quot;,&quot;shutter_speed&quot;:&quot;0.01&quot;,&quot;title&quot;:&quot;&quot;,&quot;orientation&quot;:&quot;1&quot;}\" data-image-title=\"IMG_9006\" data-image-description=\"\" data-image-caption=\"\" data-medium-file=\"https:\/\/www.legistdf.gob.ar\/wp-content\/uploads\/2018\/06\/IMG_9006-300x200.jpg\" data-large-file=\"https:\/\/www.legistdf.gob.ar\/wp-content\/uploads\/2018\/06\/IMG_9006.jpg\" \/><\/a>\n\t\t\t<\/dt><\/dl>\n\t\t\t<br style='clear: both' \/>\n\t\t<\/div>\n\n","protected":false},"excerpt":{"rendered":"<p>&nbsp; R\u00edo Grande, martes 26 de junio de 2018.- El Batall\u00f3n de Infanter\u00eda de Marina N\u00b0 5 Escuela de R\u00edo Grande, conmemor\u00f3 71 a\u00f1os de vida al servicio de la patria y la comunidad de Tierra del Fuego, especialmente la de R\u00edo Grande. Con un acto en la plaza central del \u201cBIM\u201d, como lo llama [&hellip;]<\/p>\n","protected":false},"author":352,"featured_media":8166,"comment_status":"closed","ping_status":"open","sticky":false,"template":"","format":"standard","meta":{"jetpack_post_was_ever_published":false,"_jetpack_newsletter_access":"","_jetpack_dont_email_post_to_subs":false,"_jetpack_newsletter_tier_id":0,"footnotes":"","jetpack_publicize_message":"","jetpack_publicize_feature_enabled":true,"jetpack_social_post_already_shared":true,"jetpack_social_options":{"image_generator_settings":{"template":"highway","enabled":false}}},"categories":[1],"tags":[177,305,306,97,130,230],"jetpack_publicize_connections":[],"jetpack_sharing_enabled":true,"jetpack_featured_media_url":"https:\/\/www.legistdf.gob.ar\/wp-content\/uploads\/2018\/06\/IMG_8862.jpg","jetpack-related-posts":[],"_links":{"self":[{"href":"https:\/\/www.legistdf.gob.ar\/index.php\/wp-json\/wp\/v2\/posts\/8162"}],"collection":[{"href":"https:\/\/www.legistdf.gob.ar\/index.php\/wp-json\/wp\/v2\/posts"}],"about":[{"href":"https:\/\/www.legistdf.gob.ar\/index.php\/wp-json\/wp\/v2\/types\/post"}],"author":[{"embeddable":true,"href":"https:\/\/www.legistdf.gob.ar\/index.php\/wp-json\/wp\/v2\/users\/352"}],"replies":[{"embeddable":true,"href":"https:\/\/www.legistdf.gob.ar\/index.php\/wp-json\/wp\/v2\/comments?post=8162"}],"version-history":[{"count":3,"href":"https:\/\/www.legistdf.gob.ar\/index.php\/wp-json\/wp\/v2\/posts\/8162\/revisions"}],"predecessor-version":[{"id":8175,"href":"https:\/\/www.legistdf.gob.ar\/index.php\/wp-json\/wp\/v2\/posts\/8162\/revisions\/8175"}],"wp:featuredmedia":[{"embeddable":true,"href":"https:\/\/www.legistdf.gob.ar\/index.php\/wp-json\/wp\/v2\/media\/8166"}],"wp:attachment":[{"href":"https:\/\/www.legistdf.gob.ar\/index.php\/wp-json\/wp\/v2\/media?parent=8162"}],"wp:term":[{"taxonomy":"category","embeddable":true,"href":"https:\/\/www.legistdf.gob.ar\/index.php\/wp-json\/wp\/v2\/categories?post=8162"},{"taxonomy":"post_tag","embeddable":true,"href":"https:\/\/www.legistdf.gob.ar\/index.php\/wp-json\/wp\/v2\/tags?post=8162"}],"curies":[{"name":"wp","href":"https:\/\/api.w.org\/{rel}","templated":true}]}}