{"id":8200,"date":"2018-06-29T16:34:00","date_gmt":"2018-06-29T19:34:00","guid":{"rendered":"http:\/\/www.legistdf.gob.ar\/?p=8200"},"modified":"2018-07-02T21:28:09","modified_gmt":"2018-07-03T00:28:09","slug":"legislatura-sancionan-adhesion-al-regimen-de-responsabilidad-fiscal-y-buenas-practicas-de-gobierno","status":"publish","type":"post","link":"https:\/\/www.legistdf.gob.ar\/index.php\/2018\/06\/29\/legislatura-sancionan-adhesion-al-regimen-de-responsabilidad-fiscal-y-buenas-practicas-de-gobierno\/","title":{"rendered":"LEGISLATURA: Sancionan adhesi\u00f3n al r\u00e9gimen de responsabilidad fiscal y buenas pr\u00e1cticas de gobierno  \u00a0"},"content":{"rendered":"<p>&nbsp;<\/p>\n<p><strong>Ushuaia, viernes 29 de junio de 2018.- La Legislatura sancion\u00f3 \u2013en sesi\u00f3n especial- el proyecto de adhesi\u00f3n a la Ley nacional N\u00ba 27.428 de R\u00e9gimen Federal de Responsabilidad Fiscal y Buenas pr\u00e1cticas de Gobierno. Con la totalidad de los Parlamentarios presentes y con la presidencia del vicegobernador, Juan Carlos Arcando. El bloque del Movimiento Popular Fueguino no acompa\u00f1\u00f3 la propuesta.<\/strong><\/p>\n<p>&nbsp;<\/p>\n<p>Original del asunto N\u00ba 247\/18, el mensaje N\u00ba 09\/18 del Poder Ejecutivo propon\u00eda \u201cmantener los preceptos esenciales marcados por la Ley Nacional N\u00b0 25.917 y su modificatoria Ley Nacional N\u00b0 27.428 tanto en el \u00e1mbito de la t\u00e9cnica de elaboraci\u00f3n y ejecuci\u00f3n del presupuesto, como en el de coordinaci\u00f3n a trav\u00e9s del Consejo Provincial de Responsabilidad Fiscal\u201d.\u00a0\u00a0Cabe recordar que Tierra del Fuego \u201cadhiri\u00f3 oportunamente por Ley Provincial N\u00b0\u00a0694\u201d\u00a0de 2006.<\/p>\n<p>&nbsp;<\/p>\n<p>Entre otras medidas, a las que adhiri\u00f3 la Provincia, se encuentra la disposici\u00f3n de que la Ley de Presupuesto contendr\u00e1 \u201cla autorizaci\u00f3n de la totalidad de los gastos y la previsi\u00f3n de la totalidad de los recursos, de car\u00e1cter ordinario y extraordinario, afectados o no, de todos los organismos centralizados, descentralizados, de las instituciones de la seguridad social y los flujos financieros de los fondos fiduciarios\u201d. Tambi\u00e9n establece que se informar\u00e1 sobre las previsiones correspondientes a todos los entes aut\u00e1rquicos, los institutos, las empresas y sociedades del Estado del Sector P\u00fablico no Financiero, entre otras consideraciones.<\/p>\n<p>&nbsp;<\/p>\n<p>Una vez aprobado o prorrogado, se deber\u00e1 publicar en la p\u00e1gina web el Presupuesto Anual y las proyecciones del Presupuesto Plurianual, luego de presentadas a la Legislaturas y la Cuenta Anual de Inversi\u00f3n. En otro art\u00edculo de la normativa nacional, se desprende que se \u201ccalcular\u00e1n par\u00e1metros e indicadores homog\u00e9neos de gesti\u00f3n p\u00fablica que midan la eficiencia y eficacia en materia de recaudaci\u00f3n y la eficiencia en materia de gasto p\u00fablico. Estos datos deber\u00e1n ser aprobados por el Consejo Federal de Responsabilidad Fiscal.<\/p>\n<p>&nbsp;<\/p>\n<p>Entre los Parlamentarios que fundamentaron, lo hicieron el titular de la bancada del FPV \u2013 PJ, legislador Federico Bilota; el referente de la UCR \u2013 Cambiemos, legislador Oscar Rubinos. Luego con la prensa, la titular de la bancada del MPF, legisladora M\u00f3nica Urquiza hizo lo propio.<\/p>\n<p>&nbsp;<\/p>\n<p>Federico Bilota dijo que el asunto que se trat\u00f3 hoy en sesi\u00f3n especial \u201ctiene consonancia, por una parte, con el acuerdo de Consenso Fiscal que suscribi\u00f3 Tierra del Fuego junto a otras provincias del pa\u00eds\u201d en 2017. Dijo que se trata de un consenso ratificado por el Parlamento fueguino \u2013mediante Ley provincial N\u00ba 1195- y tambi\u00e9n por los concejos deliberantes de Ushuaia, Tolhuin y R\u00edo Grande.<\/p>\n<p>&nbsp;<\/p>\n<p>Record\u00f3 que ese documento \u201cestablece obligaciones, pautas y metas\u201d hacia quienes son parte de ese consenso. Adem\u00e1s, detall\u00f3 los distintos aspectos m\u00e1s relevantes del texto.<\/p>\n<p>Esta ley \u201cviene a reformar con nuevas pautas, metas y par\u00e1metros, en materia de responsabilidad fiscal que fueron establecidas por al Ley nacional N\u00ba 25.917\u201d, dijo y record\u00f3 que la normativa fue adherida tambi\u00e9n por la Provincia con posteriores modificaciones.<\/p>\n<p>&nbsp;<\/p>\n<p>Calific\u00f3 de \u201ccoherencia\u201d la adhesi\u00f3n a este proyecto por \u201cel lineamiento que ha tenido la Tierra del Fuego, con las distintas Legislaturas que le ha tocado tratar\u201d las distintas iniciativas en este sentido. \u201cTener una homogeneidad en cuanto al tratamiento fiscal de las cuentas p\u00fablicas y de la administraci\u00f3n en general\u201d. Calific\u00f3 como una normativa \u201cimportante\u201d, ya que establece pautas que la Provincia cumplir\u00e1, cerr\u00f3 en sesi\u00f3n.<\/p>\n<p>&nbsp;<\/p>\n<p>En tanto, la legisladora M\u00f3nica Urquiza se\u00f1al\u00f3 que su bloque no acompa\u00f1\u00f3 el proyecto porque sostiene que \u201ccercena recursos para la Provincia\u201d. Entendi\u00f3 que esta situaci\u00f3n, pone un \u201ccorset\u201d y cuestion\u00f3 las declaraciones del \u201coficialismo que se queja sobre el recorte de recursos para Tierra del Fuego, el ajuste y la situaci\u00f3n econ\u00f3mica nacional\u201d y con la normativa sancionada se limita.<\/p>\n<p>&nbsp;<\/p>\n<p>En otro orden, se\u00f1al\u00f3 que hay puntos en el texto \u201cque no se pueden cumplir y no se adhiere al art\u00edculo que determina que las cuotas no se pueden exceder en un 15% de los recursos\u201d, cuando el articulado de la Constituci\u00f3n fueguina \u201cestablece un m\u00e1ximo del 25%\u201d, declar\u00f3 este mediod\u00eda. Tambi\u00e9n record\u00f3, que la misma posici\u00f3n asumi\u00f3 su bancada \u201ccuando no aprobamos el Pacto Fiscal\u201d, cerr\u00f3.<\/p>\n\n\t\t<style type=\"text\/css\">\n\t\t\t#gallery-1 {\n\t\t\t\tmargin: auto;\n\t\t\t}\n\t\t\t#gallery-1 .gallery-item {\n\t\t\t\tfloat: left;\n\t\t\t\tmargin-top: 10px;\n\t\t\t\ttext-align: center;\n\t\t\t\twidth: 50%;\n\t\t\t}\n\t\t\t#gallery-1 img {\n\t\t\t\tborder: 2px solid #cfcfcf;\n\t\t\t}\n\t\t\t#gallery-1 .gallery-caption {\n\t\t\t\tmargin-left: 0;\n\t\t\t}\n\t\t\t\/* see gallery_shortcode() in wp-includes\/media.php *\/\n\t\t<\/style>\n\t\t<div data-carousel-extra='{\"blog_id\":1,\"permalink\":\"https:\\\/\\\/www.legistdf.gob.ar\\\/index.php\\\/2018\\\/06\\\/29\\\/legislatura-sancionan-adhesion-al-regimen-de-responsabilidad-fiscal-y-buenas-practicas-de-gobierno\\\/\"}' id='gallery-1' class='gallery galleryid-8200 gallery-columns-2 gallery-size-thumbnail'><dl class='gallery-item'>\n\t\t\t<dt class='gallery-icon landscape'>\n\t\t\t\t<a href='https:\/\/www.legistdf.gob.ar\/index.php\/2018\/06\/29\/legislatura-sancionan-adhesion-al-regimen-de-responsabilidad-fiscal-y-buenas-practicas-de-gobierno\/img_9248\/'><img loading=\"lazy\" decoding=\"async\" width=\"150\" height=\"150\" src=\"https:\/\/www.legistdf.gob.ar\/wp-content\/uploads\/2018\/06\/IMG_9248-150x150.jpg\" class=\"attachment-thumbnail size-thumbnail\" alt=\"\" srcset=\"https:\/\/www.legistdf.gob.ar\/wp-content\/uploads\/2018\/06\/IMG_9248-150x150.jpg 150w, https:\/\/www.legistdf.gob.ar\/wp-content\/uploads\/2018\/06\/IMG_9248-64x64.jpg 64w\" sizes=\"(max-width: 150px) 100vw, 150px\" data-attachment-id=\"8201\" data-permalink=\"https:\/\/www.legistdf.gob.ar\/index.php\/2018\/06\/29\/legislatura-sancionan-adhesion-al-regimen-de-responsabilidad-fiscal-y-buenas-practicas-de-gobierno\/img_9248\/\" data-orig-file=\"https:\/\/www.legistdf.gob.ar\/wp-content\/uploads\/2018\/06\/IMG_9248.jpg\" data-orig-size=\"1000,667\" data-comments-opened=\"0\" data-image-meta=\"{&quot;aperture&quot;:&quot;8&quot;,&quot;credit&quot;:&quot;PrensaLegislativa2015&quot;,&quot;camera&quot;:&quot;Canon EOS 70D&quot;,&quot;caption&quot;:&quot;&quot;,&quot;created_timestamp&quot;:&quot;1530246241&quot;,&quot;copyright&quot;:&quot;&quot;,&quot;focal_length&quot;:&quot;55&quot;,&quot;iso&quot;:&quot;2000&quot;,&quot;shutter_speed&quot;:&quot;0.004&quot;,&quot;title&quot;:&quot;&quot;,&quot;orientation&quot;:&quot;0&quot;}\" data-image-title=\"IMG_9248\" data-image-description=\"\" data-image-caption=\"\" data-medium-file=\"https:\/\/www.legistdf.gob.ar\/wp-content\/uploads\/2018\/06\/IMG_9248-300x200.jpg\" data-large-file=\"https:\/\/www.legistdf.gob.ar\/wp-content\/uploads\/2018\/06\/IMG_9248.jpg\" \/><\/a>\n\t\t\t<\/dt><\/dl><dl class='gallery-item'>\n\t\t\t<dt class='gallery-icon landscape'>\n\t\t\t\t<a href='https:\/\/www.legistdf.gob.ar\/index.php\/2018\/06\/29\/legislatura-sancionan-adhesion-al-regimen-de-responsabilidad-fiscal-y-buenas-practicas-de-gobierno\/img_9257-2\/'><img loading=\"lazy\" decoding=\"async\" width=\"150\" height=\"150\" src=\"https:\/\/www.legistdf.gob.ar\/wp-content\/uploads\/2018\/06\/IMG_9257-1-150x150.jpg\" class=\"attachment-thumbnail size-thumbnail\" alt=\"\" srcset=\"https:\/\/www.legistdf.gob.ar\/wp-content\/uploads\/2018\/06\/IMG_9257-1-150x150.jpg 150w, https:\/\/www.legistdf.gob.ar\/wp-content\/uploads\/2018\/06\/IMG_9257-1-64x64.jpg 64w\" sizes=\"(max-width: 150px) 100vw, 150px\" data-attachment-id=\"8202\" data-permalink=\"https:\/\/www.legistdf.gob.ar\/index.php\/2018\/06\/29\/legislatura-sancionan-adhesion-al-regimen-de-responsabilidad-fiscal-y-buenas-practicas-de-gobierno\/img_9257-2\/\" data-orig-file=\"https:\/\/www.legistdf.gob.ar\/wp-content\/uploads\/2018\/06\/IMG_9257-1.jpg\" data-orig-size=\"1000,563\" data-comments-opened=\"0\" data-image-meta=\"{&quot;aperture&quot;:&quot;8&quot;,&quot;credit&quot;:&quot;PrensaLegislativa2015&quot;,&quot;camera&quot;:&quot;Canon EOS 70D&quot;,&quot;caption&quot;:&quot;&quot;,&quot;created_timestamp&quot;:&quot;1530246304&quot;,&quot;copyright&quot;:&quot;&quot;,&quot;focal_length&quot;:&quot;11&quot;,&quot;iso&quot;:&quot;2000&quot;,&quot;shutter_speed&quot;:&quot;0.004&quot;,&quot;title&quot;:&quot;&quot;,&quot;orientation&quot;:&quot;0&quot;}\" data-image-title=\"IMG_9257\" data-image-description=\"\" data-image-caption=\"\" data-medium-file=\"https:\/\/www.legistdf.gob.ar\/wp-content\/uploads\/2018\/06\/IMG_9257-1-300x169.jpg\" data-large-file=\"https:\/\/www.legistdf.gob.ar\/wp-content\/uploads\/2018\/06\/IMG_9257-1.jpg\" \/><\/a>\n\t\t\t<\/dt><\/dl><br style=\"clear: both\" \/>\n\t\t<\/div>\n\n<p>Galer\u00eda:\u00a0<a href=\"https:\/\/flic.kr\/s\/aHsmnpZfa7\">https:\/\/flic.kr\/s\/aHsmnpZfa7<\/a><\/p>\n<p>&nbsp;<\/p>\n","protected":false},"excerpt":{"rendered":"<p>&nbsp; Ushuaia, viernes 29 de junio de 2018.- La Legislatura sancion\u00f3 \u2013en sesi\u00f3n especial- el proyecto de adhesi\u00f3n a la Ley nacional N\u00ba 27.428 de R\u00e9gimen Federal de Responsabilidad Fiscal y Buenas pr\u00e1cticas de Gobierno. Con la totalidad de los Parlamentarios presentes y con la presidencia del vicegobernador, Juan Carlos Arcando. El bloque del Movimiento [&hellip;]<\/p>\n","protected":false},"author":352,"featured_media":8196,"comment_status":"closed","ping_status":"open","sticky":false,"template":"","format":"standard","meta":{"jetpack_post_was_ever_published":false,"_jetpack_newsletter_access":"","_jetpack_dont_email_post_to_subs":false,"_jetpack_newsletter_tier_id":0,"footnotes":"","jetpack_publicize_message":"","jetpack_publicize_feature_enabled":true,"jetpack_social_post_already_shared":true,"jetpack_social_options":{"image_generator_settings":{"template":"highway","enabled":false}}},"categories":[1],"tags":[314,315,122,97,308,144,313,241],"jetpack_publicize_connections":[],"jetpack_sharing_enabled":true,"jetpack_featured_media_url":"https:\/\/www.legistdf.gob.ar\/wp-content\/uploads\/2018\/06\/IMG_9257.jpg","jetpack-related-posts":[],"_links":{"self":[{"href":"https:\/\/www.legistdf.gob.ar\/index.php\/wp-json\/wp\/v2\/posts\/8200"}],"collection":[{"href":"https:\/\/www.legistdf.gob.ar\/index.php\/wp-json\/wp\/v2\/posts"}],"about":[{"href":"https:\/\/www.legistdf.gob.ar\/index.php\/wp-json\/wp\/v2\/types\/post"}],"author":[{"embeddable":true,"href":"https:\/\/www.legistdf.gob.ar\/index.php\/wp-json\/wp\/v2\/users\/352"}],"replies":[{"embeddable":true,"href":"https:\/\/www.legistdf.gob.ar\/index.php\/wp-json\/wp\/v2\/comments?post=8200"}],"version-history":[{"count":2,"href":"https:\/\/www.legistdf.gob.ar\/index.php\/wp-json\/wp\/v2\/posts\/8200\/revisions"}],"predecessor-version":[{"id":8250,"href":"https:\/\/www.legistdf.gob.ar\/index.php\/wp-json\/wp\/v2\/posts\/8200\/revisions\/8250"}],"wp:featuredmedia":[{"embeddable":true,"href":"https:\/\/www.legistdf.gob.ar\/index.php\/wp-json\/wp\/v2\/media\/8196"}],"wp:attachment":[{"href":"https:\/\/www.legistdf.gob.ar\/index.php\/wp-json\/wp\/v2\/media?parent=8200"}],"wp:term":[{"taxonomy":"category","embeddable":true,"href":"https:\/\/www.legistdf.gob.ar\/index.php\/wp-json\/wp\/v2\/categories?post=8200"},{"taxonomy":"post_tag","embeddable":true,"href":"https:\/\/www.legistdf.gob.ar\/index.php\/wp-json\/wp\/v2\/tags?post=8200"}],"curies":[{"name":"wp","href":"https:\/\/api.w.org\/{rel}","templated":true}]}}