{"id":8503,"date":"2018-07-16T18:34:49","date_gmt":"2018-07-16T21:34:49","guid":{"rendered":"http:\/\/www.legistdf.gob.ar\/?p=8503"},"modified":"2018-07-16T18:34:49","modified_gmt":"2018-07-16T21:34:49","slug":"energia-tolhuin-suma-una-nueva-central-termoelectrica","status":"publish","type":"post","link":"https:\/\/www.legistdf.gob.ar\/index.php\/2018\/07\/16\/energia-tolhuin-suma-una-nueva-central-termoelectrica\/","title":{"rendered":"ENERG\u00cdA: Tolhuin suma una nueva central termoel\u00e9ctrica"},"content":{"rendered":"<p><strong>Tolhuin, lunes 16 de julio de 2018.- Se recibi\u00f3 en la usina de Tolhuin, la central termoel\u00e9ctrica que se complementar\u00e1 a la ya existente. Durante el acto, presidido por la Gobernadora se present\u00f3 la central que demand\u00f3 una inversi\u00f3n de 23 millones de pesos y que se logr\u00f3 a trav\u00e9s de la Ley que determina la emergencia el\u00e9ctrica para ese municipio. Participaron la vicepresidenta 1\u00aa de la C\u00e1mara en ejercicio del Poder Legislativo, Myriam Mart\u00ednez y los legisladores Andrea Freites y Daniel Harrington.<\/strong><\/p>\n<p>&nbsp;<\/p>\n<p>La gobernadora Dra. Rosana Bertone destac\u00f3 la participaci\u00f3n de la Legislatura de Tierra del Fuego \u201cque nos dio la oportunidad de que, con la emergencia se pudiese adquirir este equipamiento muy importante\u201d, dijo hoy en conferencia de prensa. Record\u00f3 que la operaci\u00f3n financiera se concret\u00f3 en diciembre pasado y \u201choy lleg\u00f3 el equipo y se iniciar\u00e1 la instalaci\u00f3n\u201d.<\/p>\n<p>&nbsp;<\/p>\n<p>Dijo que la mejora llegar\u00e1 a las viviendas particulares y para el sector productivo como f\u00e1bricas y aserraderos, \u201cque quieren y necesitan energ\u00eda. La energ\u00eda siempre es crecimiento\u201d y evalu\u00f3 que Tolhuin est\u00e1 creciendo. \u201cEstamos valorizando el interconectado el\u00e9ctrico provincial\u201d, sostuvo.<\/p>\n<p>&nbsp;<\/p>\n<p>Myriam Mart\u00ednez, se\u00f1al\u00f3 en di\u00e1logo con Prensa Legislativa, que la mejora que experimentar\u00e1 la ciudad en materia energ\u00e9tica se complementa con el trabajo legislativo. \u201cLa Comisi\u00f3n Especial de Energ\u00eda hace un seguimiento pormenorizado de las labores para subsanar la cuesti\u00f3n energ\u00e9tica\u201d.<\/p>\n<p>&nbsp;<\/p>\n<p>En tanto, el titular de la Direcci\u00f3n Provincial de Energ\u00eda (DPE), Alejandro Ledesma se\u00f1al\u00f3 que se trata de una de las obras pendientes para ese municipio y que se registraban \u201ccomplicaciones con la generaci\u00f3n de energ\u00eda\u201d, lo que se experimenta sobre todo, los fines de semana.<\/p>\n<p>&nbsp;<\/p>\n<p>La incorporaci\u00f3n del nuevo grupo generador asegura la provisi\u00f3n de energ\u00eda el\u00e9ctrica con un horizonte de 5 a\u00f1os, lo que mejorar\u00e1 adem\u00e1s la calidad y confiabilidad del servicio. Ello, debido al sostenido aumento de usuarios y el crecimiento tanto del parque industrial como de la extensi\u00f3n geogr\u00e1fica de las diferentes l\u00edneas de media tensi\u00f3n que se han ejecutado en el \u00faltimo tiempo.<\/p>\n<p>&nbsp;<\/p>\n<p>\u201cTenemos unos 45 d\u00edas para que est\u00e9 conectado y con posterioridad enviaremos el que est\u00e1 actualmente en uso, al service\u201d, detall\u00f3 Ledesma esta tarde. Entendi\u00f3 que con la nueva adquisici\u00f3n, se solucionar\u00e1n los problemas en el suministro del servicio, \u201cestamos duplicando la generaci\u00f3n de base\u201d, se\u00f1al\u00f3.<\/p>\n<p>&nbsp;<\/p>\n<p>En la actualidad, en Tolhuin se utiliza un equipo de 1,7 mW y se suma otro con la misma capacidad de generaci\u00f3n el\u00e9ctrica. En temporada invernal, los tolhuinenses consumen cerca de 2,1 mW de energ\u00eda, \u201cel problema que ten\u00edamos es que, para sacar de funcionamiento el equipo actual y enviarlo al service, necesit\u00e1bamos otro\u201d, cerr\u00f3.<\/p>\n<p>&nbsp;<\/p>\n<p>Por su parte, el legislador Daniel Harrington dijo que la inversi\u00f3n era necesaria para la ciudad mediterr\u00e1nea de Tierra del Fuego. \u201cSe va a duplicar la capacidad de generaci\u00f3n el\u00e9ctrica de la usina\u201d y agreg\u00f3 que va a permitir la extensi\u00f3n de redes locales.<\/p>\n<p>&nbsp;<\/p>\n<p>Consultado sobre las pr\u00f3ximas acciones en materia de inversiones, Harrington detall\u00f3 la inclusi\u00f3n de nuevas redes a barrios y \u201cestimo que ser\u00e1 al nuevo parque industrial\u201d, cerr\u00f3.<\/p>\n<p>En tanto la legisladora Andrea Freites salud\u00f3 la nueva incorporaci\u00f3n de la herramienta y consider\u00f3 que beneficiar\u00e1 a la industria tolhuinense y permitir\u00e1 el desarrollo de m\u00e1s centros productivos.<\/p>\n<p>&nbsp;<\/p>\n<p>M\u00e1s im\u00e1genes:\u00a0<a href=\"https:\/\/flic.kr\/s\/aHsmoromA3\">https:\/\/flic.kr\/s\/aHsmoromA3<\/a><\/p>\n<p>&nbsp;<\/p>\n\n\t\t<style type=\"text\/css\">\n\t\t\t#gallery-1 {\n\t\t\t\tmargin: auto;\n\t\t\t}\n\t\t\t#gallery-1 .gallery-item {\n\t\t\t\tfloat: left;\n\t\t\t\tmargin-top: 10px;\n\t\t\t\ttext-align: center;\n\t\t\t\twidth: 33%;\n\t\t\t}\n\t\t\t#gallery-1 img {\n\t\t\t\tborder: 2px solid #cfcfcf;\n\t\t\t}\n\t\t\t#gallery-1 .gallery-caption {\n\t\t\t\tmargin-left: 0;\n\t\t\t}\n\t\t\t\/* see gallery_shortcode() in wp-includes\/media.php *\/\n\t\t<\/style>\n\t\t<div data-carousel-extra='{\"blog_id\":1,\"permalink\":\"https:\\\/\\\/www.legistdf.gob.ar\\\/index.php\\\/2018\\\/07\\\/16\\\/energia-tolhuin-suma-una-nueva-central-termoelectrica\\\/\"}' id='gallery-1' class='gallery galleryid-8503 gallery-columns-3 gallery-size-thumbnail'><dl class='gallery-item'>\n\t\t\t<dt class='gallery-icon landscape'>\n\t\t\t\t<a href='https:\/\/www.legistdf.gob.ar\/index.php\/2018\/07\/16\/energia-tolhuin-suma-una-nueva-central-termoelectrica\/img_1473-2\/'><img loading=\"lazy\" decoding=\"async\" width=\"150\" height=\"150\" src=\"https:\/\/www.legistdf.gob.ar\/wp-content\/uploads\/2018\/07\/IMG_1473-150x150.jpg\" class=\"attachment-thumbnail size-thumbnail\" alt=\"\" srcset=\"https:\/\/www.legistdf.gob.ar\/wp-content\/uploads\/2018\/07\/IMG_1473-150x150.jpg 150w, https:\/\/www.legistdf.gob.ar\/wp-content\/uploads\/2018\/07\/IMG_1473-64x64.jpg 64w\" sizes=\"(max-width: 150px) 100vw, 150px\" data-attachment-id=\"8508\" data-permalink=\"https:\/\/www.legistdf.gob.ar\/index.php\/2018\/07\/16\/energia-tolhuin-suma-una-nueva-central-termoelectrica\/img_1473-2\/\" data-orig-file=\"https:\/\/www.legistdf.gob.ar\/wp-content\/uploads\/2018\/07\/IMG_1473.jpg\" data-orig-size=\"1000,667\" data-comments-opened=\"0\" data-image-meta=\"{&quot;aperture&quot;:&quot;0&quot;,&quot;credit&quot;:&quot;&quot;,&quot;camera&quot;:&quot;&quot;,&quot;caption&quot;:&quot;&quot;,&quot;created_timestamp&quot;:&quot;0&quot;,&quot;copyright&quot;:&quot;&quot;,&quot;focal_length&quot;:&quot;0&quot;,&quot;iso&quot;:&quot;0&quot;,&quot;shutter_speed&quot;:&quot;0&quot;,&quot;title&quot;:&quot;&quot;,&quot;orientation&quot;:&quot;0&quot;}\" data-image-title=\"IMG_1473\" data-image-description=\"\" data-image-caption=\"\" data-medium-file=\"https:\/\/www.legistdf.gob.ar\/wp-content\/uploads\/2018\/07\/IMG_1473-300x200.jpg\" data-large-file=\"https:\/\/www.legistdf.gob.ar\/wp-content\/uploads\/2018\/07\/IMG_1473.jpg\" \/><\/a>\n\t\t\t<\/dt><\/dl><dl class='gallery-item'>\n\t\t\t<dt class='gallery-icon landscape'>\n\t\t\t\t<a href='https:\/\/www.legistdf.gob.ar\/index.php\/2018\/07\/16\/energia-tolhuin-suma-una-nueva-central-termoelectrica\/img_1464\/'><img loading=\"lazy\" decoding=\"async\" width=\"150\" height=\"150\" src=\"https:\/\/www.legistdf.gob.ar\/wp-content\/uploads\/2018\/07\/IMG_1464-150x150.jpg\" class=\"attachment-thumbnail size-thumbnail\" alt=\"\" srcset=\"https:\/\/www.legistdf.gob.ar\/wp-content\/uploads\/2018\/07\/IMG_1464-150x150.jpg 150w, https:\/\/www.legistdf.gob.ar\/wp-content\/uploads\/2018\/07\/IMG_1464-64x64.jpg 64w\" sizes=\"(max-width: 150px) 100vw, 150px\" data-attachment-id=\"8509\" data-permalink=\"https:\/\/www.legistdf.gob.ar\/index.php\/2018\/07\/16\/energia-tolhuin-suma-una-nueva-central-termoelectrica\/img_1464\/\" data-orig-file=\"https:\/\/www.legistdf.gob.ar\/wp-content\/uploads\/2018\/07\/IMG_1464.jpg\" data-orig-size=\"1000,667\" data-comments-opened=\"0\" data-image-meta=\"{&quot;aperture&quot;:&quot;0&quot;,&quot;credit&quot;:&quot;&quot;,&quot;camera&quot;:&quot;&quot;,&quot;caption&quot;:&quot;&quot;,&quot;created_timestamp&quot;:&quot;0&quot;,&quot;copyright&quot;:&quot;&quot;,&quot;focal_length&quot;:&quot;0&quot;,&quot;iso&quot;:&quot;0&quot;,&quot;shutter_speed&quot;:&quot;0&quot;,&quot;title&quot;:&quot;&quot;,&quot;orientation&quot;:&quot;0&quot;}\" data-image-title=\"IMG_1464\" data-image-description=\"\" data-image-caption=\"\" data-medium-file=\"https:\/\/www.legistdf.gob.ar\/wp-content\/uploads\/2018\/07\/IMG_1464-300x200.jpg\" data-large-file=\"https:\/\/www.legistdf.gob.ar\/wp-content\/uploads\/2018\/07\/IMG_1464.jpg\" \/><\/a>\n\t\t\t<\/dt><\/dl><dl class='gallery-item'>\n\t\t\t<dt class='gallery-icon landscape'>\n\t\t\t\t<a href='https:\/\/www.legistdf.gob.ar\/index.php\/2018\/07\/16\/energia-tolhuin-suma-una-nueva-central-termoelectrica\/img_1473-3\/'><img loading=\"lazy\" decoding=\"async\" width=\"150\" height=\"150\" src=\"https:\/\/www.legistdf.gob.ar\/wp-content\/uploads\/2018\/07\/IMG_1473-1-150x150.jpg\" class=\"attachment-thumbnail size-thumbnail\" alt=\"\" srcset=\"https:\/\/www.legistdf.gob.ar\/wp-content\/uploads\/2018\/07\/IMG_1473-1-150x150.jpg 150w, https:\/\/www.legistdf.gob.ar\/wp-content\/uploads\/2018\/07\/IMG_1473-1-64x64.jpg 64w\" sizes=\"(max-width: 150px) 100vw, 150px\" data-attachment-id=\"8510\" data-permalink=\"https:\/\/www.legistdf.gob.ar\/index.php\/2018\/07\/16\/energia-tolhuin-suma-una-nueva-central-termoelectrica\/img_1473-3\/\" data-orig-file=\"https:\/\/www.legistdf.gob.ar\/wp-content\/uploads\/2018\/07\/IMG_1473-1.jpg\" data-orig-size=\"1000,667\" data-comments-opened=\"0\" data-image-meta=\"{&quot;aperture&quot;:&quot;0&quot;,&quot;credit&quot;:&quot;&quot;,&quot;camera&quot;:&quot;&quot;,&quot;caption&quot;:&quot;&quot;,&quot;created_timestamp&quot;:&quot;0&quot;,&quot;copyright&quot;:&quot;&quot;,&quot;focal_length&quot;:&quot;0&quot;,&quot;iso&quot;:&quot;0&quot;,&quot;shutter_speed&quot;:&quot;0&quot;,&quot;title&quot;:&quot;&quot;,&quot;orientation&quot;:&quot;0&quot;}\" data-image-title=\"IMG_1473\" data-image-description=\"\" data-image-caption=\"\" data-medium-file=\"https:\/\/www.legistdf.gob.ar\/wp-content\/uploads\/2018\/07\/IMG_1473-1-300x200.jpg\" data-large-file=\"https:\/\/www.legistdf.gob.ar\/wp-content\/uploads\/2018\/07\/IMG_1473-1.jpg\" \/><\/a>\n\t\t\t<\/dt><\/dl><br style=\"clear: both\" \/><dl class='gallery-item'>\n\t\t\t<dt class='gallery-icon landscape'>\n\t\t\t\t<a href='https:\/\/www.legistdf.gob.ar\/index.php\/2018\/07\/16\/energia-tolhuin-suma-una-nueva-central-termoelectrica\/img_1531\/'><img loading=\"lazy\" decoding=\"async\" width=\"150\" height=\"150\" src=\"https:\/\/www.legistdf.gob.ar\/wp-content\/uploads\/2018\/07\/IMG_1531-150x150.jpg\" class=\"attachment-thumbnail size-thumbnail\" alt=\"\" srcset=\"https:\/\/www.legistdf.gob.ar\/wp-content\/uploads\/2018\/07\/IMG_1531-150x150.jpg 150w, https:\/\/www.legistdf.gob.ar\/wp-content\/uploads\/2018\/07\/IMG_1531-64x64.jpg 64w\" sizes=\"(max-width: 150px) 100vw, 150px\" data-attachment-id=\"8511\" data-permalink=\"https:\/\/www.legistdf.gob.ar\/index.php\/2018\/07\/16\/energia-tolhuin-suma-una-nueva-central-termoelectrica\/img_1531\/\" data-orig-file=\"https:\/\/www.legistdf.gob.ar\/wp-content\/uploads\/2018\/07\/IMG_1531.jpg\" data-orig-size=\"1000,667\" data-comments-opened=\"0\" data-image-meta=\"{&quot;aperture&quot;:&quot;0&quot;,&quot;credit&quot;:&quot;&quot;,&quot;camera&quot;:&quot;&quot;,&quot;caption&quot;:&quot;&quot;,&quot;created_timestamp&quot;:&quot;0&quot;,&quot;copyright&quot;:&quot;&quot;,&quot;focal_length&quot;:&quot;0&quot;,&quot;iso&quot;:&quot;0&quot;,&quot;shutter_speed&quot;:&quot;0&quot;,&quot;title&quot;:&quot;&quot;,&quot;orientation&quot;:&quot;0&quot;}\" data-image-title=\"IMG_1531\" data-image-description=\"\" data-image-caption=\"\" data-medium-file=\"https:\/\/www.legistdf.gob.ar\/wp-content\/uploads\/2018\/07\/IMG_1531-300x200.jpg\" data-large-file=\"https:\/\/www.legistdf.gob.ar\/wp-content\/uploads\/2018\/07\/IMG_1531.jpg\" \/><\/a>\n\t\t\t<\/dt><\/dl><dl class='gallery-item'>\n\t\t\t<dt class='gallery-icon landscape'>\n\t\t\t\t<a href='https:\/\/www.legistdf.gob.ar\/index.php\/2018\/07\/16\/energia-tolhuin-suma-una-nueva-central-termoelectrica\/img_1542\/'><img loading=\"lazy\" decoding=\"async\" width=\"150\" height=\"150\" src=\"https:\/\/www.legistdf.gob.ar\/wp-content\/uploads\/2018\/07\/IMG_1542-150x150.jpg\" class=\"attachment-thumbnail size-thumbnail\" alt=\"\" srcset=\"https:\/\/www.legistdf.gob.ar\/wp-content\/uploads\/2018\/07\/IMG_1542-150x150.jpg 150w, https:\/\/www.legistdf.gob.ar\/wp-content\/uploads\/2018\/07\/IMG_1542-64x64.jpg 64w\" sizes=\"(max-width: 150px) 100vw, 150px\" data-attachment-id=\"8512\" data-permalink=\"https:\/\/www.legistdf.gob.ar\/index.php\/2018\/07\/16\/energia-tolhuin-suma-una-nueva-central-termoelectrica\/img_1542\/\" data-orig-file=\"https:\/\/www.legistdf.gob.ar\/wp-content\/uploads\/2018\/07\/IMG_1542.jpg\" data-orig-size=\"1000,667\" data-comments-opened=\"0\" data-image-meta=\"{&quot;aperture&quot;:&quot;0&quot;,&quot;credit&quot;:&quot;&quot;,&quot;camera&quot;:&quot;&quot;,&quot;caption&quot;:&quot;&quot;,&quot;created_timestamp&quot;:&quot;0&quot;,&quot;copyright&quot;:&quot;&quot;,&quot;focal_length&quot;:&quot;0&quot;,&quot;iso&quot;:&quot;0&quot;,&quot;shutter_speed&quot;:&quot;0&quot;,&quot;title&quot;:&quot;&quot;,&quot;orientation&quot;:&quot;0&quot;}\" data-image-title=\"IMG_1542\" data-image-description=\"\" data-image-caption=\"\" data-medium-file=\"https:\/\/www.legistdf.gob.ar\/wp-content\/uploads\/2018\/07\/IMG_1542-300x200.jpg\" data-large-file=\"https:\/\/www.legistdf.gob.ar\/wp-content\/uploads\/2018\/07\/IMG_1542.jpg\" \/><\/a>\n\t\t\t<\/dt><\/dl>\n\t\t\t<br style='clear: both' \/>\n\t\t<\/div>\n\n<p>&nbsp;<\/p>\n","protected":false},"excerpt":{"rendered":"<p>Tolhuin, lunes 16 de julio de 2018.- Se recibi\u00f3 en la usina de Tolhuin, la central termoel\u00e9ctrica que se complementar\u00e1 a la ya existente. Durante el acto, presidido por la Gobernadora se present\u00f3 la central que demand\u00f3 una inversi\u00f3n de 23 millones de pesos y que se logr\u00f3 a trav\u00e9s de la Ley que determina [&hellip;]<\/p>\n","protected":false},"author":352,"featured_media":8509,"comment_status":"closed","ping_status":"open","sticky":false,"template":"","format":"standard","meta":{"jetpack_post_was_ever_published":false,"_jetpack_newsletter_access":"","_jetpack_dont_email_post_to_subs":false,"_jetpack_newsletter_tier_id":0,"footnotes":"","jetpack_publicize_message":"","jetpack_publicize_feature_enabled":true,"jetpack_social_post_already_shared":true,"jetpack_social_options":{"image_generator_settings":{"template":"highway","enabled":false}}},"categories":[1],"tags":[81,180,359,203,82,79,182],"jetpack_publicize_connections":[],"jetpack_sharing_enabled":true,"jetpack_featured_media_url":"https:\/\/www.legistdf.gob.ar\/wp-content\/uploads\/2018\/07\/IMG_1464.jpg","jetpack-related-posts":[],"_links":{"self":[{"href":"https:\/\/www.legistdf.gob.ar\/index.php\/wp-json\/wp\/v2\/posts\/8503"}],"collection":[{"href":"https:\/\/www.legistdf.gob.ar\/index.php\/wp-json\/wp\/v2\/posts"}],"about":[{"href":"https:\/\/www.legistdf.gob.ar\/index.php\/wp-json\/wp\/v2\/types\/post"}],"author":[{"embeddable":true,"href":"https:\/\/www.legistdf.gob.ar\/index.php\/wp-json\/wp\/v2\/users\/352"}],"replies":[{"embeddable":true,"href":"https:\/\/www.legistdf.gob.ar\/index.php\/wp-json\/wp\/v2\/comments?post=8503"}],"version-history":[{"count":2,"href":"https:\/\/www.legistdf.gob.ar\/index.php\/wp-json\/wp\/v2\/posts\/8503\/revisions"}],"predecessor-version":[{"id":8513,"href":"https:\/\/www.legistdf.gob.ar\/index.php\/wp-json\/wp\/v2\/posts\/8503\/revisions\/8513"}],"wp:featuredmedia":[{"embeddable":true,"href":"https:\/\/www.legistdf.gob.ar\/index.php\/wp-json\/wp\/v2\/media\/8509"}],"wp:attachment":[{"href":"https:\/\/www.legistdf.gob.ar\/index.php\/wp-json\/wp\/v2\/media?parent=8503"}],"wp:term":[{"taxonomy":"category","embeddable":true,"href":"https:\/\/www.legistdf.gob.ar\/index.php\/wp-json\/wp\/v2\/categories?post=8503"},{"taxonomy":"post_tag","embeddable":true,"href":"https:\/\/www.legistdf.gob.ar\/index.php\/wp-json\/wp\/v2\/tags?post=8503"}],"curies":[{"name":"wp","href":"https:\/\/api.w.org\/{rel}","templated":true}]}}